{"id":25949,"date":"2021-09-02T23:11:00","date_gmt":"2021-09-02T23:11:00","guid":{"rendered":"http:\/\/blogdoere.com.br\/?p=25949"},"modified":"2021-11-11T05:29:08","modified_gmt":"2021-11-11T05:29:08","slug":"ilheus-novo-hospital-materno-infantil-sera-administrado-pelo-governo-do-estado","status":"publish","type":"post","link":"https:\/\/blogdoere.com.br\/?p=25949","title":{"rendered":"ILH\u00c9US: NOVO HOSPITAL MATERNO-INFANTIL SER\u00c1 ADMINISTRADO PELO GOVERNO DO ESTADO."},"content":{"rendered":"<div style=\"clear: both; text-align: center;\"><a href=\"https:\/\/blogdoere.com.br\/wp-content\/uploads\/2021\/09\/Materno-Infantil_Ilheus-555x369-1.jpeg\" style=\"margin-left: 1em; margin-right: 1em;\"><img decoding=\"async\" border=\"0\" data-original-height=\"369\" data-original-width=\"555\" height=\"213\" src=\"https:\/\/blogdoere.com.br\/wp-content\/uploads\/2021\/09\/Materno-Infantil_Ilheus-555x369-1-300x199.jpeg\" width=\"320\" \/><\/a><\/div>\n<p><\/p>\n<p dir=\"ltr\" style=\"line-height: 1.7999999999999998; margin-bottom: 0.0pt; margin-top: 0.0pt; text-align: justify;\"><span style=\"font-family: Arial; font-size: 11pt; font-variant-east-asian: normal; font-variant-numeric: normal; vertical-align: baseline; white-space: pre-wrap;\">Refer\u00eancia para toda a regi\u00e3o sul em cirurgia pedi\u00e1trica e parto de alto risco, o Hospital Materno Infantil localizado no munic\u00edpio de Ilh\u00e9us, ser\u00e1 gerido de forma direta e exclusiva pelo Governo do Estado. A unidade ser\u00e1 inaugurada em breve pelo governador Rui Costa.<\/span><\/p>\n<p><\/p>\n<p dir=\"ltr\" style=\"line-height: 1.7999999999999998; margin-bottom: 0.0pt; margin-top: 0.0pt; text-align: justify;\"><span style=\"font-family: Arial; font-size: 11pt; font-variant-east-asian: normal; font-variant-numeric: normal; vertical-align: baseline; white-space: pre-wrap;\">Um acordo firmado em 2019 previa que, ap\u00f3s a conclus\u00e3o das obras que tiveram um investimento de R$ 40 milh\u00f5es, a unidade passaria a ser administrada pelo munic\u00edpio de Ilh\u00e9us. Por\u00e9m, an\u00e1lises dos custos de viabiliza\u00e7\u00e3o do processo apontaram que a gest\u00e3o seria invi\u00e1vel.<\/span><\/p>\n<p><\/p>\n<p dir=\"ltr\" style=\"line-height: 1.7999999999999998; margin-bottom: 0.0pt; margin-top: 0.0pt; text-align: justify;\"><span style=\"font-family: Arial; font-size: 11pt; font-variant-east-asian: normal; font-variant-numeric: normal; vertical-align: baseline; white-space: pre-wrap;\">Diante disso, de forma pactuada, o contrato de cess\u00e3o foi suspenso, retomando a gest\u00e3o e administra\u00e7\u00e3o completa do hospital para o Governo do Estado. Ainda de acordo com a decis\u00e3o, os servidores da Secretaria de Sa\u00fade do Estado da Bahia (Sesab) cedidos ao munic\u00edpio de Ilh\u00e9us ser\u00e3o reincorporados ao quadro estadual e realocados para atuar na unidade.<\/span><\/p>\n<p><\/p>\n<p dir=\"ltr\" style=\"line-height: 1.7999999999999998; margin-bottom: 0.0pt; margin-top: 0.0pt; text-align: justify;\"><span style=\"font-family: Arial; font-size: 11pt; font-variant-east-asian: normal; font-variant-numeric: normal; vertical-align: baseline; white-space: pre-wrap;\">Polo de Ensino<\/span><\/p>\n<p><\/p>\n<p dir=\"ltr\" style=\"line-height: 1.7999999999999998; margin-bottom: 0.0pt; margin-top: 0.0pt; text-align: justify;\"><span style=\"font-family: Arial; font-size: 11pt; font-variant-east-asian: normal; font-variant-numeric: normal; vertical-align: baseline; white-space: pre-wrap;\">Com 105 leitos, unidades de Terapia Intensiva (UTIs) neonatal e pedi\u00e1trica, al\u00e9m de centro cir\u00fargico e obst\u00e9trico, o Hospital Materno infantil de Ilh\u00e9us funcionar\u00e1 ainda como um polo de desenvolvimento de ensino, reunindo forma\u00e7\u00e3o acad\u00eamica, pesquisa e produ\u00e7\u00e3o de conhecimento cient\u00edfico e tecnol\u00f3gico em sa\u00fade.<\/span><\/p>\n<p dir=\"ltr\" style=\"line-height: 1.7999999999999998; margin-bottom: 0.0pt; margin-top: 0.0pt; text-align: justify;\"><span style=\"font-family: Arial; font-size: 11pt; font-variant-east-asian: normal; font-variant-numeric: normal; vertical-align: baseline; white-space: pre-wrap;\">Informa\u00e7\u00f5es da Sesab<\/span><\/p>\n<p><\/p>\n","protected":false},"excerpt":{"rendered":"<p>Refer\u00eancia para toda a regi\u00e3o sul em cirurgia pedi\u00e1trica e parto de alto risco, o Hospital Materno Infantil localizado no munic\u00edpio de Ilh\u00e9us, ser\u00e1 gerido de forma direta e exclusiva&#8230;<\/p>\n","protected":false},"author":2,"featured_media":26984,"comment_status":"open","ping_status":"open","sticky":false,"template":"","format":"standard","meta":{"_editorskit_title_hidden":false,"_editorskit_reading_time":0,"_editorskit_is_block_options_detached":false,"_editorskit_block_options_position":"{}","om_disable_all_campaigns":false,"_mi_skip_tracking":false,"_kad_post_transparent":"","_kad_post_title":"","_kad_post_layout":"","_kad_post_sidebar_id":"","_kad_post_content_style":"","_kad_post_vertical_padding":"","_kad_post_feature":"","_kad_post_feature_position":"","_kad_post_header":false,"_kad_post_footer":false,"footnotes":""},"categories":[57],"tags":[],"class_list":["post-25949","post","type-post","status-publish","format-standard","has-post-thumbnail","hentry","category-negocios"],"yoast_head":"<!-- This site is optimized with the Yoast SEO plugin v20.5 - https:\/\/yoast.com\/wordpress\/plugins\/seo\/ -->\n<title>ILH\u00c9US: NOVO HOSPITAL MATERNO-INFANTIL SER\u00c1 ADMINISTRADO PELO GOVERNO DO ESTADO. - blog do er\u00ea<\/title>\n<meta name=\"robots\" content=\"index, follow, max-snippet:-1, max-image-preview:large, max-video-preview:-1\" \/>\n<link rel=\"canonical\" href=\"https:\/\/blogdoere.com.br\/?p=25949\" \/>\n<meta property=\"og:locale\" content=\"pt_PT\" \/>\n<meta property=\"og:type\" content=\"article\" \/>\n<meta property=\"og:title\" content=\"ILH\u00c9US: NOVO HOSPITAL MATERNO-INFANTIL SER\u00c1 ADMINISTRADO PELO GOVERNO DO ESTADO. - blog do er\u00ea\" \/>\n<meta property=\"og:description\" content=\"Refer\u00eancia para toda a regi\u00e3o sul em cirurgia pedi\u00e1trica e parto de alto risco, o Hospital Materno Infantil localizado no munic\u00edpio de Ilh\u00e9us, ser\u00e1 gerido de forma direta e exclusiva...\" \/>\n<meta property=\"og:url\" content=\"https:\/\/blogdoere.com.br\/?p=25949\" \/>\n<meta property=\"og:site_name\" content=\"blog do er\u00ea\" \/>\n<meta property=\"article:published_time\" content=\"2021-09-02T23:11:00+00:00\" \/>\n<meta property=\"article:modified_time\" content=\"2021-11-11T05:29:08+00:00\" \/>\n<meta property=\"og:image\" content=\"https:\/\/blogdoere.com.br\/wp-content\/uploads\/2021\/09\/Materno-Infantil_Ilheus-555x369-1.jpeg\" \/>\n\t<meta property=\"og:image:width\" content=\"555\" \/>\n\t<meta property=\"og:image:height\" content=\"369\" \/>\n\t<meta property=\"og:image:type\" content=\"image\/jpeg\" \/>\n<meta name=\"author\" content=\"Ere\" \/>\n<meta name=\"twitter:card\" content=\"summary_large_image\" \/>\n<meta name=\"twitter:label1\" content=\"Escrito por\" \/>\n\t<meta name=\"twitter:data1\" content=\"Ere\" \/>\n\t<meta name=\"twitter:label2\" content=\"Tempo estimado de leitura\" \/>\n\t<meta name=\"twitter:data2\" content=\"1 minuto\" \/>\n<script type=\"application\/ld+json\" class=\"yoast-schema-graph\">{\"@context\":\"https:\/\/schema.org\",\"@graph\":[{\"@type\":\"Article\",\"@id\":\"https:\/\/blogdoere.com.br\/?p=25949#article\",\"isPartOf\":{\"@id\":\"https:\/\/blogdoere.com.br\/?p=25949\"},\"author\":{\"name\":\"Ere\",\"@id\":\"https:\/\/blogdoere.com.br\/#\/schema\/person\/4b56ed2336cb28ae3415ce8ffe56742e\"},\"headline\":\"ILH\u00c9US: NOVO HOSPITAL MATERNO-INFANTIL SER\u00c1 ADMINISTRADO PELO GOVERNO DO ESTADO.\",\"datePublished\":\"2021-09-02T23:11:00+00:00\",\"dateModified\":\"2021-11-11T05:29:08+00:00\",\"mainEntityOfPage\":{\"@id\":\"https:\/\/blogdoere.com.br\/?p=25949\"},\"wordCount\":239,\"commentCount\":0,\"publisher\":{\"@id\":\"https:\/\/blogdoere.com.br\/#organization\"},\"articleSection\":[\"N\u00e9gocios\"],\"inLanguage\":\"pt-PT\",\"potentialAction\":[{\"@type\":\"CommentAction\",\"name\":\"Comment\",\"target\":[\"https:\/\/blogdoere.com.br\/?p=25949#respond\"]}]},{\"@type\":\"WebPage\",\"@id\":\"https:\/\/blogdoere.com.br\/?p=25949\",\"url\":\"https:\/\/blogdoere.com.br\/?p=25949\",\"name\":\"ILH\u00c9US: NOVO HOSPITAL MATERNO-INFANTIL SER\u00c1 ADMINISTRADO PELO GOVERNO DO ESTADO. - blog do er\u00ea\",\"isPartOf\":{\"@id\":\"https:\/\/blogdoere.com.br\/#website\"},\"datePublished\":\"2021-09-02T23:11:00+00:00\",\"dateModified\":\"2021-11-11T05:29:08+00:00\",\"breadcrumb\":{\"@id\":\"https:\/\/blogdoere.com.br\/?p=25949#breadcrumb\"},\"inLanguage\":\"pt-PT\",\"potentialAction\":[{\"@type\":\"ReadAction\",\"target\":[\"https:\/\/blogdoere.com.br\/?p=25949\"]}]},{\"@type\":\"BreadcrumbList\",\"@id\":\"https:\/\/blogdoere.com.br\/?p=25949#breadcrumb\",\"itemListElement\":[{\"@type\":\"ListItem\",\"position\":1,\"name\":\"In\u00edcio\",\"item\":\"https:\/\/blogdoere.com.br\/\"},{\"@type\":\"ListItem\",\"position\":2,\"name\":\"ILH\u00c9US: NOVO HOSPITAL MATERNO-INFANTIL SER\u00c1 ADMINISTRADO PELO GOVERNO DO ESTADO.\"}]},{\"@type\":\"WebSite\",\"@id\":\"https:\/\/blogdoere.com.br\/#website\",\"url\":\"https:\/\/blogdoere.com.br\/\",\"name\":\"blog do er\u00ea\",\"description\":\"\",\"publisher\":{\"@id\":\"https:\/\/blogdoere.com.br\/#organization\"},\"potentialAction\":[{\"@type\":\"SearchAction\",\"target\":{\"@type\":\"EntryPoint\",\"urlTemplate\":\"https:\/\/blogdoere.com.br\/?s={search_term_string}\"},\"query-input\":\"required name=search_term_string\"}],\"inLanguage\":\"pt-PT\"},{\"@type\":\"Organization\",\"@id\":\"https:\/\/blogdoere.com.br\/#organization\",\"name\":\"Blog do Er\u00ea\",\"url\":\"https:\/\/blogdoere.com.br\/\",\"logo\":{\"@type\":\"ImageObject\",\"inLanguage\":\"pt-PT\",\"@id\":\"https:\/\/blogdoere.com.br\/#\/schema\/logo\/image\/\",\"url\":\"https:\/\/blogdoere.com.br\/wp-content\/uploads\/2021\/11\/Logo-Ere-1.png\",\"contentUrl\":\"https:\/\/blogdoere.com.br\/wp-content\/uploads\/2021\/11\/Logo-Ere-1.png\",\"width\":1261,\"height\":1330,\"caption\":\"Blog do Er\u00ea\"},\"image\":{\"@id\":\"https:\/\/blogdoere.com.br\/#\/schema\/logo\/image\/\"}},{\"@type\":\"Person\",\"@id\":\"https:\/\/blogdoere.com.br\/#\/schema\/person\/4b56ed2336cb28ae3415ce8ffe56742e\",\"name\":\"Ere\",\"image\":{\"@type\":\"ImageObject\",\"inLanguage\":\"pt-PT\",\"@id\":\"https:\/\/blogdoere.com.br\/#\/schema\/person\/image\/\",\"url\":\"https:\/\/secure.gravatar.com\/avatar\/?s=96&d=mm&r=g\",\"contentUrl\":\"https:\/\/secure.gravatar.com\/avatar\/?s=96&d=mm&r=g\",\"caption\":\"Ere\"}}]}<\/script>\n<!-- \/ Yoast SEO plugin. -->","yoast_head_json":{"title":"ILH\u00c9US: NOVO HOSPITAL MATERNO-INFANTIL SER\u00c1 ADMINISTRADO PELO GOVERNO DO ESTADO. - blog do er\u00ea","robots":{"index":"index","follow":"follow","max-snippet":"max-snippet:-1","max-image-preview":"max-image-preview:large","max-video-preview":"max-video-preview:-1"},"canonical":"https:\/\/blogdoere.com.br\/?p=25949","og_locale":"pt_PT","og_type":"article","og_title":"ILH\u00c9US: NOVO HOSPITAL MATERNO-INFANTIL SER\u00c1 ADMINISTRADO PELO GOVERNO DO ESTADO. - blog do er\u00ea","og_description":"Refer\u00eancia para toda a regi\u00e3o sul em cirurgia pedi\u00e1trica e parto de alto risco, o Hospital Materno Infantil localizado no munic\u00edpio de Ilh\u00e9us, ser\u00e1 gerido de forma direta e exclusiva...","og_url":"https:\/\/blogdoere.com.br\/?p=25949","og_site_name":"blog do er\u00ea","article_published_time":"2021-09-02T23:11:00+00:00","article_modified_time":"2021-11-11T05:29:08+00:00","og_image":[{"width":555,"height":369,"url":"https:\/\/blogdoere.com.br\/wp-content\/uploads\/2021\/09\/Materno-Infantil_Ilheus-555x369-1.jpeg","type":"image\/jpeg"}],"author":"Ere","twitter_card":"summary_large_image","twitter_misc":{"Escrito por":"Ere","Tempo estimado de leitura":"1 minuto"},"schema":{"@context":"https:\/\/schema.org","@graph":[{"@type":"Article","@id":"https:\/\/blogdoere.com.br\/?p=25949#article","isPartOf":{"@id":"https:\/\/blogdoere.com.br\/?p=25949"},"author":{"name":"Ere","@id":"https:\/\/blogdoere.com.br\/#\/schema\/person\/4b56ed2336cb28ae3415ce8ffe56742e"},"headline":"ILH\u00c9US: NOVO HOSPITAL MATERNO-INFANTIL SER\u00c1 ADMINISTRADO PELO GOVERNO DO ESTADO.","datePublished":"2021-09-02T23:11:00+00:00","dateModified":"2021-11-11T05:29:08+00:00","mainEntityOfPage":{"@id":"https:\/\/blogdoere.com.br\/?p=25949"},"wordCount":239,"commentCount":0,"publisher":{"@id":"https:\/\/blogdoere.com.br\/#organization"},"articleSection":["N\u00e9gocios"],"inLanguage":"pt-PT","potentialAction":[{"@type":"CommentAction","name":"Comment","target":["https:\/\/blogdoere.com.br\/?p=25949#respond"]}]},{"@type":"WebPage","@id":"https:\/\/blogdoere.com.br\/?p=25949","url":"https:\/\/blogdoere.com.br\/?p=25949","name":"ILH\u00c9US: NOVO HOSPITAL MATERNO-INFANTIL SER\u00c1 ADMINISTRADO PELO GOVERNO DO ESTADO. - blog do er\u00ea","isPartOf":{"@id":"https:\/\/blogdoere.com.br\/#website"},"datePublished":"2021-09-02T23:11:00+00:00","dateModified":"2021-11-11T05:29:08+00:00","breadcrumb":{"@id":"https:\/\/blogdoere.com.br\/?p=25949#breadcrumb"},"inLanguage":"pt-PT","potentialAction":[{"@type":"ReadAction","target":["https:\/\/blogdoere.com.br\/?p=25949"]}]},{"@type":"BreadcrumbList","@id":"https:\/\/blogdoere.com.br\/?p=25949#breadcrumb","itemListElement":[{"@type":"ListItem","position":1,"name":"In\u00edcio","item":"https:\/\/blogdoere.com.br\/"},{"@type":"ListItem","position":2,"name":"ILH\u00c9US: NOVO HOSPITAL MATERNO-INFANTIL SER\u00c1 ADMINISTRADO PELO GOVERNO DO ESTADO."}]},{"@type":"WebSite","@id":"https:\/\/blogdoere.com.br\/#website","url":"https:\/\/blogdoere.com.br\/","name":"blog do er\u00ea","description":"","publisher":{"@id":"https:\/\/blogdoere.com.br\/#organization"},"potentialAction":[{"@type":"SearchAction","target":{"@type":"EntryPoint","urlTemplate":"https:\/\/blogdoere.com.br\/?s={search_term_string}"},"query-input":"required name=search_term_string"}],"inLanguage":"pt-PT"},{"@type":"Organization","@id":"https:\/\/blogdoere.com.br\/#organization","name":"Blog do Er\u00ea","url":"https:\/\/blogdoere.com.br\/","logo":{"@type":"ImageObject","inLanguage":"pt-PT","@id":"https:\/\/blogdoere.com.br\/#\/schema\/logo\/image\/","url":"https:\/\/blogdoere.com.br\/wp-content\/uploads\/2021\/11\/Logo-Ere-1.png","contentUrl":"https:\/\/blogdoere.com.br\/wp-content\/uploads\/2021\/11\/Logo-Ere-1.png","width":1261,"height":1330,"caption":"Blog do Er\u00ea"},"image":{"@id":"https:\/\/blogdoere.com.br\/#\/schema\/logo\/image\/"}},{"@type":"Person","@id":"https:\/\/blogdoere.com.br\/#\/schema\/person\/4b56ed2336cb28ae3415ce8ffe56742e","name":"Ere","image":{"@type":"ImageObject","inLanguage":"pt-PT","@id":"https:\/\/blogdoere.com.br\/#\/schema\/person\/image\/","url":"https:\/\/secure.gravatar.com\/avatar\/?s=96&d=mm&r=g","contentUrl":"https:\/\/secure.gravatar.com\/avatar\/?s=96&d=mm&r=g","caption":"Ere"}}]}},"featured_image_urls":{"full":["https:\/\/blogdoere.com.br\/wp-content\/uploads\/2021\/09\/Materno-Infantil_Ilheus-555x369-1.jpeg",555,369,false],"thumbnail":["https:\/\/blogdoere.com.br\/wp-content\/uploads\/2021\/09\/Materno-Infantil_Ilheus-555x369-1-150x150.jpeg",150,150,true],"medium":["https:\/\/blogdoere.com.br\/wp-content\/uploads\/2021\/09\/Materno-Infantil_Ilheus-555x369-1-300x199.jpeg",300,199,true],"medium_large":["https:\/\/blogdoere.com.br\/wp-content\/uploads\/2021\/09\/Materno-Infantil_Ilheus-555x369-1.jpeg",555,369,false],"large":["https:\/\/blogdoere.com.br\/wp-content\/uploads\/2021\/09\/Materno-Infantil_Ilheus-555x369-1.jpeg",555,369,false],"1536x1536":["https:\/\/blogdoere.com.br\/wp-content\/uploads\/2021\/09\/Materno-Infantil_Ilheus-555x369-1.jpeg",555,369,false],"2048x2048":["https:\/\/blogdoere.com.br\/wp-content\/uploads\/2021\/09\/Materno-Infantil_Ilheus-555x369-1.jpeg",555,369,false]},"author_info":{"display_name":"Ere","author_link":"https:\/\/blogdoere.com.br\/?author=2"},"category_info":"<a href=\"https:\/\/blogdoere.com.br\/?cat=57\" rel=\"category\">N\u00e9gocios<\/a>","tag_info":"N\u00e9gocios","comment_count":"0","_links":{"self":[{"href":"https:\/\/blogdoere.com.br\/index.php?rest_route=\/wp\/v2\/posts\/25949","targetHints":{"allow":["GET"]}}],"collection":[{"href":"https:\/\/blogdoere.com.br\/index.php?rest_route=\/wp\/v2\/posts"}],"about":[{"href":"https:\/\/blogdoere.com.br\/index.php?rest_route=\/wp\/v2\/types\/post"}],"author":[{"embeddable":true,"href":"https:\/\/blogdoere.com.br\/index.php?rest_route=\/wp\/v2\/users\/2"}],"replies":[{"embeddable":true,"href":"https:\/\/blogdoere.com.br\/index.php?rest_route=%2Fwp%2Fv2%2Fcomments&post=25949"}],"version-history":[{"count":2,"href":"https:\/\/blogdoere.com.br\/index.php?rest_route=\/wp\/v2\/posts\/25949\/revisions"}],"predecessor-version":[{"id":27054,"href":"https:\/\/blogdoere.com.br\/index.php?rest_route=\/wp\/v2\/posts\/25949\/revisions\/27054"}],"wp:featuredmedia":[{"embeddable":true,"href":"https:\/\/blogdoere.com.br\/index.php?rest_route=\/wp\/v2\/media\/26984"}],"wp:attachment":[{"href":"https:\/\/blogdoere.com.br\/index.php?rest_route=%2Fwp%2Fv2%2Fmedia&parent=25949"}],"wp:term":[{"taxonomy":"category","embeddable":true,"href":"https:\/\/blogdoere.com.br\/index.php?rest_route=%2Fwp%2Fv2%2Fcategories&post=25949"},{"taxonomy":"post_tag","embeddable":true,"href":"https:\/\/blogdoere.com.br\/index.php?rest_route=%2Fwp%2Fv2%2Ftags&post=25949"}],"curies":[{"name":"wp","href":"https:\/\/api.w.org\/{rel}","templated":true}]}}