{"id":25952,"date":"2021-08-16T11:40:00","date_gmt":"2021-08-16T11:40:00","guid":{"rendered":"http:\/\/blogdoere.com.br\/?p=25952"},"modified":"2021-11-11T05:29:46","modified_gmt":"2021-11-11T05:29:46","slug":"bahia-inicia-testes-de-cameras-acopladas-em-fardas-de-policiais","status":"publish","type":"post","link":"https:\/\/blogdoere.com.br\/?p=25952","title":{"rendered":"BAHIA INICIA TESTES DE C\u00c2MERAS ACOPLADAS EM FARDAS DE POLICIAIS."},"content":{"rendered":"<p style=\"text-align: justify;\"><span style=\"font-family: Arial;\"><\/span><\/p>\n<div style=\"clear: both; text-align: center;\"><span style=\"font-family: Arial;\"><a href=\"https:\/\/blogdoere.com.br\/wp-content\/uploads\/2021\/08\/IMAGEM_NOTICIA_5-1.jpg\" style=\"margin-left: 1em; margin-right: 1em;\"><img decoding=\"async\" border=\"0\" data-original-height=\"280\" data-original-width=\"380\" height=\"236\" src=\"https:\/\/blogdoere.com.br\/wp-content\/uploads\/2021\/08\/IMAGEM_NOTICIA_5-1-300x221.jpg\" width=\"320\" \/><\/a><\/span><\/div>\n<p><span style=\"font-family: Arial;\"><br \/><span style=\"white-space: pre-wrap;\"><br \/><\/span><\/span><\/p>\n<p style=\"text-align: justify;\"><span style=\"font-family: Arial;\"><span style=\"white-space: pre-wrap;\">Pelo menos quatro marcas de c\u00e2meras para serem utilizadas em fardas de  policiais come\u00e7ar\u00e3o a ser testadas pela Secretaria da Seguran\u00e7a P\u00fablica da Bahia, nesta semana. A medida acontece ap\u00f3s estudo e visita t\u00e9cnica realizados pela Superintend\u00eancia de Gest\u00e3o Tecnol\u00f3gica e Organizacional.<\/span><\/span><\/p>\n<p style=\"text-align: justify;\"><span style=\"font-family: Arial;\"><span style=\"white-space: pre-wrap;\">Os equipamentos filmar\u00e3o abordagens, flagrantes e situa\u00e7\u00f5es de confrontos envolvendo guarni\u00e7\u00f5es. Alguns estados, entre eles S\u00e3o Paulo, j\u00e1 utilizam a ferramenta.<\/span><\/span><\/p>\n<p style=\"text-align: justify;\"><span style=\"font-family: Arial;\"><span style=\"white-space: pre-wrap;\">O chefe da SSP da Bahia, Ricardo Mandarino, disse que as c\u00e2meras proteger\u00e3o tamb\u00e9m os cidad\u00e3os que sofrem com abuso de poder, racismo, homofobia, entre outros delitos praticados por uma parcela m\u00ednima de servidores p\u00fablicos. \u201cTemos sempre que evoluir. Os resultados alcan\u00e7ados por outros estados mostram que esse \u00e9 um caminho. Queremos tornar a pol\u00edcia baiana ainda mais cidad\u00e3\u201d, enfatizou o secret\u00e1rio.<\/span><\/span><\/p>\n<p style=\"text-align: justify;\"><span style=\"font-family: Arial;\"><span style=\"white-space: pre-wrap;\">Informa\u00e7\u00f5es F\u00e1bio Roberto Not\u00edcias<\/span><\/span><\/p>\n<p style=\"text-align: justify;\"><span style=\"font-family: Arial;\"><span style=\"white-space: pre-wrap;\"><br \/><\/span><\/span><\/p>\n","protected":false},"excerpt":{"rendered":"<p>Pelo menos quatro marcas de c\u00e2meras para serem utilizadas em fardas de policiais come\u00e7ar\u00e3o a ser testadas pela Secretaria da Seguran\u00e7a P\u00fablica da Bahia, nesta semana. A medida acontece ap\u00f3s&#8230;<\/p>\n","protected":false},"author":2,"featured_media":26990,"comment_status":"open","ping_status":"open","sticky":false,"template":"","format":"standard","meta":{"_editorskit_title_hidden":false,"_editorskit_reading_time":0,"_editorskit_is_block_options_detached":false,"_editorskit_block_options_position":"{}","om_disable_all_campaigns":false,"_mi_skip_tracking":false,"_kad_post_transparent":"","_kad_post_title":"","_kad_post_layout":"","_kad_post_sidebar_id":"","_kad_post_content_style":"","_kad_post_vertical_padding":"","_kad_post_feature":"","_kad_post_feature_position":"","_kad_post_header":false,"_kad_post_footer":false,"footnotes":""},"categories":[38],"tags":[],"class_list":["post-25952","post","type-post","status-publish","format-standard","has-post-thumbnail","hentry","category-tecnologia"],"yoast_head":"<!-- This site is optimized with the Yoast SEO plugin v20.5 - https:\/\/yoast.com\/wordpress\/plugins\/seo\/ -->\n<title>BAHIA INICIA TESTES DE C\u00c2MERAS ACOPLADAS EM FARDAS DE POLICIAIS. - blog do er\u00ea<\/title>\n<meta name=\"robots\" content=\"index, follow, max-snippet:-1, max-image-preview:large, max-video-preview:-1\" \/>\n<link rel=\"canonical\" href=\"https:\/\/blogdoere.com.br\/?p=25952\" \/>\n<meta property=\"og:locale\" content=\"pt_PT\" \/>\n<meta property=\"og:type\" content=\"article\" \/>\n<meta property=\"og:title\" content=\"BAHIA INICIA TESTES DE C\u00c2MERAS ACOPLADAS EM FARDAS DE POLICIAIS. - blog do er\u00ea\" \/>\n<meta property=\"og:description\" content=\"Pelo menos quatro marcas de c\u00e2meras para serem utilizadas em fardas de policiais come\u00e7ar\u00e3o a ser testadas pela Secretaria da Seguran\u00e7a P\u00fablica da Bahia, nesta semana. A medida acontece ap\u00f3s...\" \/>\n<meta property=\"og:url\" content=\"https:\/\/blogdoere.com.br\/?p=25952\" \/>\n<meta property=\"og:site_name\" content=\"blog do er\u00ea\" \/>\n<meta property=\"article:published_time\" content=\"2021-08-16T11:40:00+00:00\" \/>\n<meta property=\"article:modified_time\" content=\"2021-11-11T05:29:46+00:00\" \/>\n<meta property=\"og:image\" content=\"https:\/\/blogdoere.com.br\/wp-content\/uploads\/2021\/08\/IMAGEM_NOTICIA_5-1.jpg\" \/>\n\t<meta property=\"og:image:width\" content=\"380\" \/>\n\t<meta property=\"og:image:height\" content=\"280\" \/>\n\t<meta property=\"og:image:type\" content=\"image\/jpeg\" \/>\n<meta name=\"author\" content=\"Ere\" \/>\n<meta name=\"twitter:card\" content=\"summary_large_image\" \/>\n<meta name=\"twitter:label1\" content=\"Escrito por\" \/>\n\t<meta name=\"twitter:data1\" content=\"Ere\" \/>\n\t<meta name=\"twitter:label2\" content=\"Tempo estimado de leitura\" \/>\n\t<meta name=\"twitter:data2\" content=\"1 minuto\" \/>\n<script type=\"application\/ld+json\" class=\"yoast-schema-graph\">{\"@context\":\"https:\/\/schema.org\",\"@graph\":[{\"@type\":\"Article\",\"@id\":\"https:\/\/blogdoere.com.br\/?p=25952#article\",\"isPartOf\":{\"@id\":\"https:\/\/blogdoere.com.br\/?p=25952\"},\"author\":{\"name\":\"Ere\",\"@id\":\"https:\/\/blogdoere.com.br\/#\/schema\/person\/4b56ed2336cb28ae3415ce8ffe56742e\"},\"headline\":\"BAHIA INICIA TESTES DE C\u00c2MERAS ACOPLADAS EM FARDAS DE POLICIAIS.\",\"datePublished\":\"2021-08-16T11:40:00+00:00\",\"dateModified\":\"2021-11-11T05:29:46+00:00\",\"mainEntityOfPage\":{\"@id\":\"https:\/\/blogdoere.com.br\/?p=25952\"},\"wordCount\":165,\"commentCount\":0,\"publisher\":{\"@id\":\"https:\/\/blogdoere.com.br\/#organization\"},\"articleSection\":[\"Tecnologia\"],\"inLanguage\":\"pt-PT\",\"potentialAction\":[{\"@type\":\"CommentAction\",\"name\":\"Comment\",\"target\":[\"https:\/\/blogdoere.com.br\/?p=25952#respond\"]}]},{\"@type\":\"WebPage\",\"@id\":\"https:\/\/blogdoere.com.br\/?p=25952\",\"url\":\"https:\/\/blogdoere.com.br\/?p=25952\",\"name\":\"BAHIA INICIA TESTES DE C\u00c2MERAS ACOPLADAS EM FARDAS DE POLICIAIS. - blog do er\u00ea\",\"isPartOf\":{\"@id\":\"https:\/\/blogdoere.com.br\/#website\"},\"datePublished\":\"2021-08-16T11:40:00+00:00\",\"dateModified\":\"2021-11-11T05:29:46+00:00\",\"breadcrumb\":{\"@id\":\"https:\/\/blogdoere.com.br\/?p=25952#breadcrumb\"},\"inLanguage\":\"pt-PT\",\"potentialAction\":[{\"@type\":\"ReadAction\",\"target\":[\"https:\/\/blogdoere.com.br\/?p=25952\"]}]},{\"@type\":\"BreadcrumbList\",\"@id\":\"https:\/\/blogdoere.com.br\/?p=25952#breadcrumb\",\"itemListElement\":[{\"@type\":\"ListItem\",\"position\":1,\"name\":\"In\u00edcio\",\"item\":\"https:\/\/blogdoere.com.br\/\"},{\"@type\":\"ListItem\",\"position\":2,\"name\":\"BAHIA INICIA TESTES DE C\u00c2MERAS ACOPLADAS EM FARDAS DE POLICIAIS.\"}]},{\"@type\":\"WebSite\",\"@id\":\"https:\/\/blogdoere.com.br\/#website\",\"url\":\"https:\/\/blogdoere.com.br\/\",\"name\":\"blog do er\u00ea\",\"description\":\"\",\"publisher\":{\"@id\":\"https:\/\/blogdoere.com.br\/#organization\"},\"potentialAction\":[{\"@type\":\"SearchAction\",\"target\":{\"@type\":\"EntryPoint\",\"urlTemplate\":\"https:\/\/blogdoere.com.br\/?s={search_term_string}\"},\"query-input\":\"required name=search_term_string\"}],\"inLanguage\":\"pt-PT\"},{\"@type\":\"Organization\",\"@id\":\"https:\/\/blogdoere.com.br\/#organization\",\"name\":\"Blog do Er\u00ea\",\"url\":\"https:\/\/blogdoere.com.br\/\",\"logo\":{\"@type\":\"ImageObject\",\"inLanguage\":\"pt-PT\",\"@id\":\"https:\/\/blogdoere.com.br\/#\/schema\/logo\/image\/\",\"url\":\"https:\/\/blogdoere.com.br\/wp-content\/uploads\/2021\/11\/Logo-Ere-1.png\",\"contentUrl\":\"https:\/\/blogdoere.com.br\/wp-content\/uploads\/2021\/11\/Logo-Ere-1.png\",\"width\":1261,\"height\":1330,\"caption\":\"Blog do Er\u00ea\"},\"image\":{\"@id\":\"https:\/\/blogdoere.com.br\/#\/schema\/logo\/image\/\"}},{\"@type\":\"Person\",\"@id\":\"https:\/\/blogdoere.com.br\/#\/schema\/person\/4b56ed2336cb28ae3415ce8ffe56742e\",\"name\":\"Ere\",\"image\":{\"@type\":\"ImageObject\",\"inLanguage\":\"pt-PT\",\"@id\":\"https:\/\/blogdoere.com.br\/#\/schema\/person\/image\/\",\"url\":\"https:\/\/secure.gravatar.com\/avatar\/?s=96&d=mm&r=g\",\"contentUrl\":\"https:\/\/secure.gravatar.com\/avatar\/?s=96&d=mm&r=g\",\"caption\":\"Ere\"}}]}<\/script>\n<!-- \/ Yoast SEO plugin. -->","yoast_head_json":{"title":"BAHIA INICIA TESTES DE C\u00c2MERAS ACOPLADAS EM FARDAS DE POLICIAIS. - blog do er\u00ea","robots":{"index":"index","follow":"follow","max-snippet":"max-snippet:-1","max-image-preview":"max-image-preview:large","max-video-preview":"max-video-preview:-1"},"canonical":"https:\/\/blogdoere.com.br\/?p=25952","og_locale":"pt_PT","og_type":"article","og_title":"BAHIA INICIA TESTES DE C\u00c2MERAS ACOPLADAS EM FARDAS DE POLICIAIS. - blog do er\u00ea","og_description":"Pelo menos quatro marcas de c\u00e2meras para serem utilizadas em fardas de policiais come\u00e7ar\u00e3o a ser testadas pela Secretaria da Seguran\u00e7a P\u00fablica da Bahia, nesta semana. A medida acontece ap\u00f3s...","og_url":"https:\/\/blogdoere.com.br\/?p=25952","og_site_name":"blog do er\u00ea","article_published_time":"2021-08-16T11:40:00+00:00","article_modified_time":"2021-11-11T05:29:46+00:00","og_image":[{"width":380,"height":280,"url":"https:\/\/blogdoere.com.br\/wp-content\/uploads\/2021\/08\/IMAGEM_NOTICIA_5-1.jpg","type":"image\/jpeg"}],"author":"Ere","twitter_card":"summary_large_image","twitter_misc":{"Escrito por":"Ere","Tempo estimado de leitura":"1 minuto"},"schema":{"@context":"https:\/\/schema.org","@graph":[{"@type":"Article","@id":"https:\/\/blogdoere.com.br\/?p=25952#article","isPartOf":{"@id":"https:\/\/blogdoere.com.br\/?p=25952"},"author":{"name":"Ere","@id":"https:\/\/blogdoere.com.br\/#\/schema\/person\/4b56ed2336cb28ae3415ce8ffe56742e"},"headline":"BAHIA INICIA TESTES DE C\u00c2MERAS ACOPLADAS EM FARDAS DE POLICIAIS.","datePublished":"2021-08-16T11:40:00+00:00","dateModified":"2021-11-11T05:29:46+00:00","mainEntityOfPage":{"@id":"https:\/\/blogdoere.com.br\/?p=25952"},"wordCount":165,"commentCount":0,"publisher":{"@id":"https:\/\/blogdoere.com.br\/#organization"},"articleSection":["Tecnologia"],"inLanguage":"pt-PT","potentialAction":[{"@type":"CommentAction","name":"Comment","target":["https:\/\/blogdoere.com.br\/?p=25952#respond"]}]},{"@type":"WebPage","@id":"https:\/\/blogdoere.com.br\/?p=25952","url":"https:\/\/blogdoere.com.br\/?p=25952","name":"BAHIA INICIA TESTES DE C\u00c2MERAS ACOPLADAS EM FARDAS DE POLICIAIS. - blog do er\u00ea","isPartOf":{"@id":"https:\/\/blogdoere.com.br\/#website"},"datePublished":"2021-08-16T11:40:00+00:00","dateModified":"2021-11-11T05:29:46+00:00","breadcrumb":{"@id":"https:\/\/blogdoere.com.br\/?p=25952#breadcrumb"},"inLanguage":"pt-PT","potentialAction":[{"@type":"ReadAction","target":["https:\/\/blogdoere.com.br\/?p=25952"]}]},{"@type":"BreadcrumbList","@id":"https:\/\/blogdoere.com.br\/?p=25952#breadcrumb","itemListElement":[{"@type":"ListItem","position":1,"name":"In\u00edcio","item":"https:\/\/blogdoere.com.br\/"},{"@type":"ListItem","position":2,"name":"BAHIA INICIA TESTES DE C\u00c2MERAS ACOPLADAS EM FARDAS DE POLICIAIS."}]},{"@type":"WebSite","@id":"https:\/\/blogdoere.com.br\/#website","url":"https:\/\/blogdoere.com.br\/","name":"blog do er\u00ea","description":"","publisher":{"@id":"https:\/\/blogdoere.com.br\/#organization"},"potentialAction":[{"@type":"SearchAction","target":{"@type":"EntryPoint","urlTemplate":"https:\/\/blogdoere.com.br\/?s={search_term_string}"},"query-input":"required name=search_term_string"}],"inLanguage":"pt-PT"},{"@type":"Organization","@id":"https:\/\/blogdoere.com.br\/#organization","name":"Blog do Er\u00ea","url":"https:\/\/blogdoere.com.br\/","logo":{"@type":"ImageObject","inLanguage":"pt-PT","@id":"https:\/\/blogdoere.com.br\/#\/schema\/logo\/image\/","url":"https:\/\/blogdoere.com.br\/wp-content\/uploads\/2021\/11\/Logo-Ere-1.png","contentUrl":"https:\/\/blogdoere.com.br\/wp-content\/uploads\/2021\/11\/Logo-Ere-1.png","width":1261,"height":1330,"caption":"Blog do Er\u00ea"},"image":{"@id":"https:\/\/blogdoere.com.br\/#\/schema\/logo\/image\/"}},{"@type":"Person","@id":"https:\/\/blogdoere.com.br\/#\/schema\/person\/4b56ed2336cb28ae3415ce8ffe56742e","name":"Ere","image":{"@type":"ImageObject","inLanguage":"pt-PT","@id":"https:\/\/blogdoere.com.br\/#\/schema\/person\/image\/","url":"https:\/\/secure.gravatar.com\/avatar\/?s=96&d=mm&r=g","contentUrl":"https:\/\/secure.gravatar.com\/avatar\/?s=96&d=mm&r=g","caption":"Ere"}}]}},"featured_image_urls":{"full":["https:\/\/blogdoere.com.br\/wp-content\/uploads\/2021\/08\/IMAGEM_NOTICIA_5-1.jpg",380,280,false],"thumbnail":["https:\/\/blogdoere.com.br\/wp-content\/uploads\/2021\/08\/IMAGEM_NOTICIA_5-1-150x150.jpg",150,150,true],"medium":["https:\/\/blogdoere.com.br\/wp-content\/uploads\/2021\/08\/IMAGEM_NOTICIA_5-1-300x221.jpg",300,221,true],"medium_large":["https:\/\/blogdoere.com.br\/wp-content\/uploads\/2021\/08\/IMAGEM_NOTICIA_5-1.jpg",380,280,false],"large":["https:\/\/blogdoere.com.br\/wp-content\/uploads\/2021\/08\/IMAGEM_NOTICIA_5-1.jpg",380,280,false],"1536x1536":["https:\/\/blogdoere.com.br\/wp-content\/uploads\/2021\/08\/IMAGEM_NOTICIA_5-1.jpg",380,280,false],"2048x2048":["https:\/\/blogdoere.com.br\/wp-content\/uploads\/2021\/08\/IMAGEM_NOTICIA_5-1.jpg",380,280,false]},"author_info":{"display_name":"Ere","author_link":"https:\/\/blogdoere.com.br\/?author=2"},"category_info":"<a href=\"https:\/\/blogdoere.com.br\/?cat=38\" rel=\"category\">Tecnologia<\/a>","tag_info":"Tecnologia","comment_count":"0","_links":{"self":[{"href":"https:\/\/blogdoere.com.br\/index.php?rest_route=\/wp\/v2\/posts\/25952","targetHints":{"allow":["GET"]}}],"collection":[{"href":"https:\/\/blogdoere.com.br\/index.php?rest_route=\/wp\/v2\/posts"}],"about":[{"href":"https:\/\/blogdoere.com.br\/index.php?rest_route=\/wp\/v2\/types\/post"}],"author":[{"embeddable":true,"href":"https:\/\/blogdoere.com.br\/index.php?rest_route=\/wp\/v2\/users\/2"}],"replies":[{"embeddable":true,"href":"https:\/\/blogdoere.com.br\/index.php?rest_route=%2Fwp%2Fv2%2Fcomments&post=25952"}],"version-history":[{"count":2,"href":"https:\/\/blogdoere.com.br\/index.php?rest_route=\/wp\/v2\/posts\/25952\/revisions"}],"predecessor-version":[{"id":27203,"href":"https:\/\/blogdoere.com.br\/index.php?rest_route=\/wp\/v2\/posts\/25952\/revisions\/27203"}],"wp:featuredmedia":[{"embeddable":true,"href":"https:\/\/blogdoere.com.br\/index.php?rest_route=\/wp\/v2\/media\/26990"}],"wp:attachment":[{"href":"https:\/\/blogdoere.com.br\/index.php?rest_route=%2Fwp%2Fv2%2Fmedia&parent=25952"}],"wp:term":[{"taxonomy":"category","embeddable":true,"href":"https:\/\/blogdoere.com.br\/index.php?rest_route=%2Fwp%2Fv2%2Fcategories&post=25952"},{"taxonomy":"post_tag","embeddable":true,"href":"https:\/\/blogdoere.com.br\/index.php?rest_route=%2Fwp%2Fv2%2Ftags&post=25952"}],"curies":[{"name":"wp","href":"https:\/\/api.w.org\/{rel}","templated":true}]}}