{"id":25953,"date":"2021-08-15T14:19:00","date_gmt":"2021-08-15T14:19:00","guid":{"rendered":"http:\/\/blogdoere.com.br\/?p=25953"},"modified":"2021-11-11T05:30:14","modified_gmt":"2021-11-11T05:30:14","slug":"itajuipe-vereador-raul-estrela-faz-aniversario-com-live-solidaria","status":"publish","type":"post","link":"https:\/\/blogdoere.com.br\/?p=25953","title":{"rendered":"ITAJU\u00cdPE: VEREADOR RAUL ESTRELA FAZ ANIVERS\u00c1RIO COM  LIVE SOLID\u00c1RIA"},"content":{"rendered":"<div style=\"clear: both; text-align: center;\"><a href=\"https:\/\/blogdoere.com.br\/wp-content\/uploads\/2021\/08\/FOTO_20210815_091421.jpg\" style=\"margin-left: 1em; margin-right: 1em;\"><img decoding=\"async\" border=\"0\" data-original-height=\"358\" data-original-width=\"635\" height=\"180\" src=\"https:\/\/blogdoere.com.br\/wp-content\/uploads\/2021\/08\/FOTO_20210815_091421-300x169.jpg\" width=\"320\" \/><\/a><\/div>\n<p style=\"text-align: justify;\">Ontem, 14 de agosto, o vereador e core\u00f3grafo Raul Estrela comemorou seus 30 anos com brilho solid\u00e1rio. Cumprindo todos os protocolos da vigil\u00e2ncia sanit\u00e1ria devido a pandemia, o aniversariante resolveu&nbsp; realizar &#8220;30 Anos de Glam&#8221;, uma live show solid\u00e1ria que, ao inv\u00e9s de receber presentes, pediu doa\u00e7\u00e3o de alimentos para distribuir para fam\u00edlias em vulnerabilidade social do munic\u00edpio. A live solid\u00e1ria, que tamb\u00e9m recebeu doa\u00e7\u00f5es atrav\u00e9s do pix, teve a abertura com os cantores da&nbsp; igreja matriz do Sagrado Cora\u00e7\u00e3o de Jesus Jaine, Jorge Maicon e Joabson,&nbsp; com apresenta\u00e7\u00e3o coreogr\u00e1fica de Brenda Moura, Cosme e Laura Moreira do Studio de Dan\u00e7a Raul Estrela.&nbsp; <\/p>\n<div style=\"clear: both; text-align: center;\"><a href=\"https:\/\/blogdoere.com.br\/wp-content\/uploads\/2021\/08\/FOTO_20210815_091501.jpg\" style=\"margin-left: 1em; margin-right: 1em;\"><img decoding=\"async\" border=\"0\" data-original-height=\"334\" data-original-width=\"654\" height=\"163\" src=\"https:\/\/blogdoere.com.br\/wp-content\/uploads\/2021\/08\/FOTO_20210815_091501-300x153.jpg\" width=\"320\" \/><\/a><\/div>\n<p><\/p>\n<div style=\"text-align: justify;\">Na sequ\u00eancia, passaram pelo palco virtual, a cantora Lala Show, Sinho Ferrary, Ot\u00e1vio Mateus, Cl\u00e1udia Ferreira e Tom Oliveira \u2013 a digital influencer Thain\u00e1 Del Rei e o Youtuber Juninho Espoliano tamb\u00e9m marcaram presen\u00e7a.&nbsp; Ao lado da matriarca da fam\u00edlia v\u00f3 Ilza, de 88 anos, e amigos,&nbsp; &nbsp; &nbsp;o aniversariante celebrou a vida&nbsp; e agradeceu as doa\u00e7\u00f5es dos internautas e&nbsp; os mais de cinquenta patrocinadores da live e do&nbsp; &nbsp;seu projeto social que disp\u00f5e de aula de bal\u00e9 gratuito com ajuda do com\u00e9rcio local para cem crian\u00e7as no munic\u00edpio.<\/div><\/p>\n","protected":false},"excerpt":{"rendered":"<p>Ontem, 14 de agosto, o vereador e core\u00f3grafo Raul Estrela comemorou seus 30 anos com brilho solid\u00e1rio. Cumprindo todos os protocolos da vigil\u00e2ncia sanit\u00e1ria devido a pandemia, o aniversariante resolveu&nbsp;&#8230;<\/p>\n","protected":false},"author":2,"featured_media":26992,"comment_status":"open","ping_status":"open","sticky":false,"template":"","format":"standard","meta":{"_editorskit_title_hidden":false,"_editorskit_reading_time":0,"_editorskit_is_block_options_detached":false,"_editorskit_block_options_position":"{}","om_disable_all_campaigns":false,"_mi_skip_tracking":false,"_kad_post_transparent":"","_kad_post_title":"","_kad_post_layout":"","_kad_post_sidebar_id":"","_kad_post_content_style":"","_kad_post_vertical_padding":"","_kad_post_feature":"","_kad_post_feature_position":"","_kad_post_header":false,"_kad_post_footer":false,"footnotes":""},"categories":[32],"tags":[],"class_list":["post-25953","post","type-post","status-publish","format-standard","has-post-thumbnail","hentry","category-politica"],"yoast_head":"<!-- This site is optimized with the Yoast SEO plugin v20.5 - https:\/\/yoast.com\/wordpress\/plugins\/seo\/ -->\n<title>ITAJU\u00cdPE: VEREADOR RAUL ESTRELA FAZ ANIVERS\u00c1RIO COM LIVE SOLID\u00c1RIA - blog do er\u00ea<\/title>\n<meta name=\"robots\" content=\"index, follow, max-snippet:-1, max-image-preview:large, max-video-preview:-1\" \/>\n<link rel=\"canonical\" href=\"https:\/\/blogdoere.com.br\/?p=25953\" \/>\n<meta property=\"og:locale\" content=\"pt_PT\" \/>\n<meta property=\"og:type\" content=\"article\" \/>\n<meta property=\"og:title\" content=\"ITAJU\u00cdPE: VEREADOR RAUL ESTRELA FAZ ANIVERS\u00c1RIO COM LIVE SOLID\u00c1RIA - blog do er\u00ea\" \/>\n<meta property=\"og:description\" content=\"Ontem, 14 de agosto, o vereador e core\u00f3grafo Raul Estrela comemorou seus 30 anos com brilho solid\u00e1rio. Cumprindo todos os protocolos da vigil\u00e2ncia sanit\u00e1ria devido a pandemia, o aniversariante resolveu&nbsp;...\" \/>\n<meta property=\"og:url\" content=\"https:\/\/blogdoere.com.br\/?p=25953\" \/>\n<meta property=\"og:site_name\" content=\"blog do er\u00ea\" \/>\n<meta property=\"article:published_time\" content=\"2021-08-15T14:19:00+00:00\" \/>\n<meta property=\"article:modified_time\" content=\"2021-11-11T05:30:14+00:00\" \/>\n<meta property=\"og:image\" content=\"https:\/\/blogdoere.com.br\/wp-content\/uploads\/2021\/08\/FOTO_20210815_091421.jpg\" \/>\n\t<meta property=\"og:image:width\" content=\"635\" \/>\n\t<meta property=\"og:image:height\" content=\"358\" \/>\n\t<meta property=\"og:image:type\" content=\"image\/jpeg\" \/>\n<meta name=\"author\" content=\"Ere\" \/>\n<meta name=\"twitter:card\" content=\"summary_large_image\" \/>\n<meta name=\"twitter:label1\" content=\"Escrito por\" \/>\n\t<meta name=\"twitter:data1\" content=\"Ere\" \/>\n\t<meta name=\"twitter:label2\" content=\"Tempo estimado de leitura\" \/>\n\t<meta name=\"twitter:data2\" content=\"1 minuto\" \/>\n<script type=\"application\/ld+json\" class=\"yoast-schema-graph\">{\"@context\":\"https:\/\/schema.org\",\"@graph\":[{\"@type\":\"Article\",\"@id\":\"https:\/\/blogdoere.com.br\/?p=25953#article\",\"isPartOf\":{\"@id\":\"https:\/\/blogdoere.com.br\/?p=25953\"},\"author\":{\"name\":\"Ere\",\"@id\":\"https:\/\/blogdoere.com.br\/#\/schema\/person\/4b56ed2336cb28ae3415ce8ffe56742e\"},\"headline\":\"ITAJU\u00cdPE: VEREADOR RAUL ESTRELA FAZ ANIVERS\u00c1RIO COM LIVE SOLID\u00c1RIA\",\"datePublished\":\"2021-08-15T14:19:00+00:00\",\"dateModified\":\"2021-11-11T05:30:14+00:00\",\"mainEntityOfPage\":{\"@id\":\"https:\/\/blogdoere.com.br\/?p=25953\"},\"wordCount\":238,\"commentCount\":0,\"publisher\":{\"@id\":\"https:\/\/blogdoere.com.br\/#organization\"},\"articleSection\":[\"Pol\u00edtica\"],\"inLanguage\":\"pt-PT\",\"potentialAction\":[{\"@type\":\"CommentAction\",\"name\":\"Comment\",\"target\":[\"https:\/\/blogdoere.com.br\/?p=25953#respond\"]}]},{\"@type\":\"WebPage\",\"@id\":\"https:\/\/blogdoere.com.br\/?p=25953\",\"url\":\"https:\/\/blogdoere.com.br\/?p=25953\",\"name\":\"ITAJU\u00cdPE: VEREADOR RAUL ESTRELA FAZ ANIVERS\u00c1RIO COM LIVE SOLID\u00c1RIA - blog do er\u00ea\",\"isPartOf\":{\"@id\":\"https:\/\/blogdoere.com.br\/#website\"},\"datePublished\":\"2021-08-15T14:19:00+00:00\",\"dateModified\":\"2021-11-11T05:30:14+00:00\",\"breadcrumb\":{\"@id\":\"https:\/\/blogdoere.com.br\/?p=25953#breadcrumb\"},\"inLanguage\":\"pt-PT\",\"potentialAction\":[{\"@type\":\"ReadAction\",\"target\":[\"https:\/\/blogdoere.com.br\/?p=25953\"]}]},{\"@type\":\"BreadcrumbList\",\"@id\":\"https:\/\/blogdoere.com.br\/?p=25953#breadcrumb\",\"itemListElement\":[{\"@type\":\"ListItem\",\"position\":1,\"name\":\"In\u00edcio\",\"item\":\"https:\/\/blogdoere.com.br\/\"},{\"@type\":\"ListItem\",\"position\":2,\"name\":\"ITAJU\u00cdPE: VEREADOR RAUL ESTRELA FAZ ANIVERS\u00c1RIO COM LIVE SOLID\u00c1RIA\"}]},{\"@type\":\"WebSite\",\"@id\":\"https:\/\/blogdoere.com.br\/#website\",\"url\":\"https:\/\/blogdoere.com.br\/\",\"name\":\"blog do er\u00ea\",\"description\":\"\",\"publisher\":{\"@id\":\"https:\/\/blogdoere.com.br\/#organization\"},\"potentialAction\":[{\"@type\":\"SearchAction\",\"target\":{\"@type\":\"EntryPoint\",\"urlTemplate\":\"https:\/\/blogdoere.com.br\/?s={search_term_string}\"},\"query-input\":\"required name=search_term_string\"}],\"inLanguage\":\"pt-PT\"},{\"@type\":\"Organization\",\"@id\":\"https:\/\/blogdoere.com.br\/#organization\",\"name\":\"Blog do Er\u00ea\",\"url\":\"https:\/\/blogdoere.com.br\/\",\"logo\":{\"@type\":\"ImageObject\",\"inLanguage\":\"pt-PT\",\"@id\":\"https:\/\/blogdoere.com.br\/#\/schema\/logo\/image\/\",\"url\":\"https:\/\/blogdoere.com.br\/wp-content\/uploads\/2021\/11\/Logo-Ere-1.png\",\"contentUrl\":\"https:\/\/blogdoere.com.br\/wp-content\/uploads\/2021\/11\/Logo-Ere-1.png\",\"width\":1261,\"height\":1330,\"caption\":\"Blog do Er\u00ea\"},\"image\":{\"@id\":\"https:\/\/blogdoere.com.br\/#\/schema\/logo\/image\/\"}},{\"@type\":\"Person\",\"@id\":\"https:\/\/blogdoere.com.br\/#\/schema\/person\/4b56ed2336cb28ae3415ce8ffe56742e\",\"name\":\"Ere\",\"image\":{\"@type\":\"ImageObject\",\"inLanguage\":\"pt-PT\",\"@id\":\"https:\/\/blogdoere.com.br\/#\/schema\/person\/image\/\",\"url\":\"https:\/\/secure.gravatar.com\/avatar\/?s=96&d=mm&r=g\",\"contentUrl\":\"https:\/\/secure.gravatar.com\/avatar\/?s=96&d=mm&r=g\",\"caption\":\"Ere\"}}]}<\/script>\n<!-- \/ Yoast SEO plugin. -->","yoast_head_json":{"title":"ITAJU\u00cdPE: VEREADOR RAUL ESTRELA FAZ ANIVERS\u00c1RIO COM LIVE SOLID\u00c1RIA - blog do er\u00ea","robots":{"index":"index","follow":"follow","max-snippet":"max-snippet:-1","max-image-preview":"max-image-preview:large","max-video-preview":"max-video-preview:-1"},"canonical":"https:\/\/blogdoere.com.br\/?p=25953","og_locale":"pt_PT","og_type":"article","og_title":"ITAJU\u00cdPE: VEREADOR RAUL ESTRELA FAZ ANIVERS\u00c1RIO COM LIVE SOLID\u00c1RIA - blog do er\u00ea","og_description":"Ontem, 14 de agosto, o vereador e core\u00f3grafo Raul Estrela comemorou seus 30 anos com brilho solid\u00e1rio. Cumprindo todos os protocolos da vigil\u00e2ncia sanit\u00e1ria devido a pandemia, o aniversariante resolveu&nbsp;...","og_url":"https:\/\/blogdoere.com.br\/?p=25953","og_site_name":"blog do er\u00ea","article_published_time":"2021-08-15T14:19:00+00:00","article_modified_time":"2021-11-11T05:30:14+00:00","og_image":[{"width":635,"height":358,"url":"https:\/\/blogdoere.com.br\/wp-content\/uploads\/2021\/08\/FOTO_20210815_091421.jpg","type":"image\/jpeg"}],"author":"Ere","twitter_card":"summary_large_image","twitter_misc":{"Escrito por":"Ere","Tempo estimado de leitura":"1 minuto"},"schema":{"@context":"https:\/\/schema.org","@graph":[{"@type":"Article","@id":"https:\/\/blogdoere.com.br\/?p=25953#article","isPartOf":{"@id":"https:\/\/blogdoere.com.br\/?p=25953"},"author":{"name":"Ere","@id":"https:\/\/blogdoere.com.br\/#\/schema\/person\/4b56ed2336cb28ae3415ce8ffe56742e"},"headline":"ITAJU\u00cdPE: VEREADOR RAUL ESTRELA FAZ ANIVERS\u00c1RIO COM LIVE SOLID\u00c1RIA","datePublished":"2021-08-15T14:19:00+00:00","dateModified":"2021-11-11T05:30:14+00:00","mainEntityOfPage":{"@id":"https:\/\/blogdoere.com.br\/?p=25953"},"wordCount":238,"commentCount":0,"publisher":{"@id":"https:\/\/blogdoere.com.br\/#organization"},"articleSection":["Pol\u00edtica"],"inLanguage":"pt-PT","potentialAction":[{"@type":"CommentAction","name":"Comment","target":["https:\/\/blogdoere.com.br\/?p=25953#respond"]}]},{"@type":"WebPage","@id":"https:\/\/blogdoere.com.br\/?p=25953","url":"https:\/\/blogdoere.com.br\/?p=25953","name":"ITAJU\u00cdPE: VEREADOR RAUL ESTRELA FAZ ANIVERS\u00c1RIO COM LIVE SOLID\u00c1RIA - blog do er\u00ea","isPartOf":{"@id":"https:\/\/blogdoere.com.br\/#website"},"datePublished":"2021-08-15T14:19:00+00:00","dateModified":"2021-11-11T05:30:14+00:00","breadcrumb":{"@id":"https:\/\/blogdoere.com.br\/?p=25953#breadcrumb"},"inLanguage":"pt-PT","potentialAction":[{"@type":"ReadAction","target":["https:\/\/blogdoere.com.br\/?p=25953"]}]},{"@type":"BreadcrumbList","@id":"https:\/\/blogdoere.com.br\/?p=25953#breadcrumb","itemListElement":[{"@type":"ListItem","position":1,"name":"In\u00edcio","item":"https:\/\/blogdoere.com.br\/"},{"@type":"ListItem","position":2,"name":"ITAJU\u00cdPE: VEREADOR RAUL ESTRELA FAZ ANIVERS\u00c1RIO COM LIVE SOLID\u00c1RIA"}]},{"@type":"WebSite","@id":"https:\/\/blogdoere.com.br\/#website","url":"https:\/\/blogdoere.com.br\/","name":"blog do er\u00ea","description":"","publisher":{"@id":"https:\/\/blogdoere.com.br\/#organization"},"potentialAction":[{"@type":"SearchAction","target":{"@type":"EntryPoint","urlTemplate":"https:\/\/blogdoere.com.br\/?s={search_term_string}"},"query-input":"required name=search_term_string"}],"inLanguage":"pt-PT"},{"@type":"Organization","@id":"https:\/\/blogdoere.com.br\/#organization","name":"Blog do Er\u00ea","url":"https:\/\/blogdoere.com.br\/","logo":{"@type":"ImageObject","inLanguage":"pt-PT","@id":"https:\/\/blogdoere.com.br\/#\/schema\/logo\/image\/","url":"https:\/\/blogdoere.com.br\/wp-content\/uploads\/2021\/11\/Logo-Ere-1.png","contentUrl":"https:\/\/blogdoere.com.br\/wp-content\/uploads\/2021\/11\/Logo-Ere-1.png","width":1261,"height":1330,"caption":"Blog do Er\u00ea"},"image":{"@id":"https:\/\/blogdoere.com.br\/#\/schema\/logo\/image\/"}},{"@type":"Person","@id":"https:\/\/blogdoere.com.br\/#\/schema\/person\/4b56ed2336cb28ae3415ce8ffe56742e","name":"Ere","image":{"@type":"ImageObject","inLanguage":"pt-PT","@id":"https:\/\/blogdoere.com.br\/#\/schema\/person\/image\/","url":"https:\/\/secure.gravatar.com\/avatar\/?s=96&d=mm&r=g","contentUrl":"https:\/\/secure.gravatar.com\/avatar\/?s=96&d=mm&r=g","caption":"Ere"}}]}},"featured_image_urls":{"full":["https:\/\/blogdoere.com.br\/wp-content\/uploads\/2021\/08\/FOTO_20210815_091421.jpg",635,358,false],"thumbnail":["https:\/\/blogdoere.com.br\/wp-content\/uploads\/2021\/08\/FOTO_20210815_091421-150x150.jpg",150,150,true],"medium":["https:\/\/blogdoere.com.br\/wp-content\/uploads\/2021\/08\/FOTO_20210815_091421-300x169.jpg",300,169,true],"medium_large":["https:\/\/blogdoere.com.br\/wp-content\/uploads\/2021\/08\/FOTO_20210815_091421.jpg",635,358,false],"large":["https:\/\/blogdoere.com.br\/wp-content\/uploads\/2021\/08\/FOTO_20210815_091421.jpg",635,358,false],"1536x1536":["https:\/\/blogdoere.com.br\/wp-content\/uploads\/2021\/08\/FOTO_20210815_091421.jpg",635,358,false],"2048x2048":["https:\/\/blogdoere.com.br\/wp-content\/uploads\/2021\/08\/FOTO_20210815_091421.jpg",635,358,false]},"author_info":{"display_name":"Ere","author_link":"https:\/\/blogdoere.com.br\/?author=2"},"category_info":"<a href=\"https:\/\/blogdoere.com.br\/?cat=32\" rel=\"category\">Pol\u00edtica<\/a>","tag_info":"Pol\u00edtica","comment_count":"0","_links":{"self":[{"href":"https:\/\/blogdoere.com.br\/index.php?rest_route=\/wp\/v2\/posts\/25953","targetHints":{"allow":["GET"]}}],"collection":[{"href":"https:\/\/blogdoere.com.br\/index.php?rest_route=\/wp\/v2\/posts"}],"about":[{"href":"https:\/\/blogdoere.com.br\/index.php?rest_route=\/wp\/v2\/types\/post"}],"author":[{"embeddable":true,"href":"https:\/\/blogdoere.com.br\/index.php?rest_route=\/wp\/v2\/users\/2"}],"replies":[{"embeddable":true,"href":"https:\/\/blogdoere.com.br\/index.php?rest_route=%2Fwp%2Fv2%2Fcomments&post=25953"}],"version-history":[{"count":2,"href":"https:\/\/blogdoere.com.br\/index.php?rest_route=\/wp\/v2\/posts\/25953\/revisions"}],"predecessor-version":[{"id":27057,"href":"https:\/\/blogdoere.com.br\/index.php?rest_route=\/wp\/v2\/posts\/25953\/revisions\/27057"}],"wp:featuredmedia":[{"embeddable":true,"href":"https:\/\/blogdoere.com.br\/index.php?rest_route=\/wp\/v2\/media\/26992"}],"wp:attachment":[{"href":"https:\/\/blogdoere.com.br\/index.php?rest_route=%2Fwp%2Fv2%2Fmedia&parent=25953"}],"wp:term":[{"taxonomy":"category","embeddable":true,"href":"https:\/\/blogdoere.com.br\/index.php?rest_route=%2Fwp%2Fv2%2Fcategories&post=25953"},{"taxonomy":"post_tag","embeddable":true,"href":"https:\/\/blogdoere.com.br\/index.php?rest_route=%2Fwp%2Fv2%2Ftags&post=25953"}],"curies":[{"name":"wp","href":"https:\/\/api.w.org\/{rel}","templated":true}]}}