{"id":25957,"date":"2021-07-28T16:45:00","date_gmt":"2021-07-28T16:45:00","guid":{"rendered":"http:\/\/blogdoere.com.br\/?p=25957"},"modified":"2021-11-11T05:31:38","modified_gmt":"2021-11-11T05:31:38","slug":"itabuna-presidente-da-amurc-reforca-o-apoio-da-instituicao-em-inauguracao-da-nova-sede-da-ufsb","status":"publish","type":"post","link":"https:\/\/blogdoere.com.br\/?p=25957","title":{"rendered":"ITABUNA: PRESIDENTE DA AMURC REFOR\u00c7A O APOIO DA INSTITUI\u00c7\u00c3O EM INAUGURA\u00c7\u00c3O DA NOVA SEDE DA UFSB"},"content":{"rendered":"<p>&nbsp;<\/p>\n<div style=\"clear: both; text-align: center;\"><a href=\"https:\/\/blogdoere.com.br\/wp-content\/uploads\/2021\/07\/IMG-20210728-WA0228.jpg\" style=\"margin-left: 1em; margin-right: 1em;\"><img decoding=\"async\" border=\"0\" data-original-height=\"718\" data-original-width=\"1280\" src=\"https:\/\/blogdoere.com.br\/wp-content\/uploads\/2021\/07\/IMG-20210728-WA0228-300x168.jpg\" width=\"320\" \/><\/a><\/div>\n<p><\/p>\n<p style=\"text-align: justify;\">O presidente da Amurc e prefeito de Itaju\u00edpe, Marcone Amaral participou da cerim\u00f4nia de inaugura\u00e7\u00e3o da nova sede da reitoria da Universidade Federal do Sul da Bahia &#8211; UFSB, nesta quarta-feira, 28, data em que marca tamb\u00e9m, o anivers\u00e1rio de 111 anos de emancipa\u00e7\u00e3o de Itabuna. O evento contou com a participa\u00e7\u00e3o da comunidade acad\u00eamica regional, autoridades pol\u00edticas locais, regionais, estaduais e federais.<\/p>\n<p style=\"text-align: justify;\">Durante a sua fala, Marcone parabenizou a cidade de Itabuna pelos 111 anos de emancipa\u00e7\u00e3o e o prefeito Augusto Castro, que juntamente com sua equipe de trabalho, tem levado esperan\u00e7a aos munic\u00edpios menores para uma regi\u00e3o mais fortalecida. \u201cN\u00f3s, das cidades menores, precisamos tanto de Itabuna, e hoje, a sua gest\u00e3o nos traz uma esperan\u00e7a muito grande\u201d, destacou o gestor.<\/p>\n<p style=\"text-align: justify;\">A reitora Joana Ang\u00e9lica Guimar\u00e3es e o presidente Marcone relembraram que a Amurc foi a primeira sede da UFSB no in\u00edcio da sua cria\u00e7\u00e3o, em 2013, para depois ser instalada no bairro Ferradas, em Itabuna.<\/p>\n<div style=\"clear: both; text-align: center;\"><a href=\"https:\/\/blogdoere.com.br\/wp-content\/uploads\/2021\/07\/IMG-20210728-WA0227.jpg\" style=\"margin-left: 1em; margin-right: 1em;\"><img decoding=\"async\" border=\"0\" data-original-height=\"720\" data-original-width=\"1280\" src=\"https:\/\/blogdoere.com.br\/wp-content\/uploads\/2021\/07\/IMG-20210728-WA0227-300x169.jpg\" width=\"320\" \/><\/a><\/div>\n<p><\/p>\n<p style=\"text-align: justify;\">Marcone ainda destacou a atua\u00e7\u00e3o da reitora Joana, natural da cidade de Itaju\u00edpe, e que, segundo ele, tem \u201cabra\u00e7ado\u201d a regi\u00e3o, atrav\u00e9s da universidade, promovendo di\u00e1logo com todos os munic\u00edpios, visando o avan\u00e7o regional.&nbsp;<\/p>\n<p style=\"text-align: justify;\">\u201cSomos gratos pelo seu trabalho, que se reflete nos benef\u00edcios que a universidade tem trazido para todos n\u00f3s. Me coloco \u00e0 disposi\u00e7\u00e3o, como presidente, para trabalhar em prol da regi\u00e3o\u201d, concluiu.&nbsp;<\/p>\n<p style=\"text-align: justify;\">Por: Ascom da AMURC.&nbsp;<\/p>\n","protected":false},"excerpt":{"rendered":"<p>&nbsp; O presidente da Amurc e prefeito de Itaju\u00edpe, Marcone Amaral participou da cerim\u00f4nia de inaugura\u00e7\u00e3o da nova sede da reitoria da Universidade Federal do Sul da Bahia &#8211; UFSB,&#8230;<\/p>\n","protected":false},"author":2,"featured_media":27002,"comment_status":"open","ping_status":"open","sticky":false,"template":"","format":"standard","meta":{"_editorskit_title_hidden":false,"_editorskit_reading_time":0,"_editorskit_is_block_options_detached":false,"_editorskit_block_options_position":"{}","om_disable_all_campaigns":false,"_mi_skip_tracking":false,"_kad_post_transparent":"","_kad_post_title":"","_kad_post_layout":"","_kad_post_sidebar_id":"","_kad_post_content_style":"","_kad_post_vertical_padding":"","_kad_post_feature":"","_kad_post_feature_position":"","_kad_post_header":false,"_kad_post_footer":false,"footnotes":""},"categories":[60],"tags":[],"class_list":["post-25957","post","type-post","status-publish","format-standard","has-post-thumbnail","hentry","category-uncategorized"],"yoast_head":"<!-- This site is optimized with the Yoast SEO plugin v20.5 - https:\/\/yoast.com\/wordpress\/plugins\/seo\/ -->\n<title>ITABUNA: PRESIDENTE DA AMURC REFOR\u00c7A O APOIO DA INSTITUI\u00c7\u00c3O EM INAUGURA\u00c7\u00c3O DA NOVA SEDE DA UFSB - blog do er\u00ea<\/title>\n<meta name=\"robots\" content=\"index, follow, max-snippet:-1, max-image-preview:large, max-video-preview:-1\" \/>\n<link rel=\"canonical\" href=\"https:\/\/blogdoere.com.br\/?p=25957\" \/>\n<meta property=\"og:locale\" content=\"pt_PT\" \/>\n<meta property=\"og:type\" content=\"article\" \/>\n<meta property=\"og:title\" content=\"ITABUNA: PRESIDENTE DA AMURC REFOR\u00c7A O APOIO DA INSTITUI\u00c7\u00c3O EM INAUGURA\u00c7\u00c3O DA NOVA SEDE DA UFSB - blog do er\u00ea\" \/>\n<meta property=\"og:description\" content=\"&nbsp; O presidente da Amurc e prefeito de Itaju\u00edpe, Marcone Amaral participou da cerim\u00f4nia de inaugura\u00e7\u00e3o da nova sede da reitoria da Universidade Federal do Sul da Bahia &#8211; UFSB,...\" \/>\n<meta property=\"og:url\" content=\"https:\/\/blogdoere.com.br\/?p=25957\" \/>\n<meta property=\"og:site_name\" content=\"blog do er\u00ea\" \/>\n<meta property=\"article:published_time\" content=\"2021-07-28T16:45:00+00:00\" \/>\n<meta property=\"article:modified_time\" content=\"2021-11-11T05:31:38+00:00\" \/>\n<meta property=\"og:image\" content=\"https:\/\/blogdoere.com.br\/wp-content\/uploads\/2021\/07\/IMG-20210728-WA0228.jpg\" \/>\n\t<meta property=\"og:image:width\" content=\"1024\" \/>\n\t<meta property=\"og:image:height\" content=\"574\" \/>\n\t<meta property=\"og:image:type\" content=\"image\/jpeg\" \/>\n<meta name=\"author\" content=\"Ere\" \/>\n<meta name=\"twitter:card\" content=\"summary_large_image\" \/>\n<meta name=\"twitter:label1\" content=\"Escrito por\" \/>\n\t<meta name=\"twitter:data1\" content=\"Ere\" \/>\n\t<meta name=\"twitter:label2\" content=\"Tempo estimado de leitura\" \/>\n\t<meta name=\"twitter:data2\" content=\"1 minuto\" \/>\n<script type=\"application\/ld+json\" class=\"yoast-schema-graph\">{\"@context\":\"https:\/\/schema.org\",\"@graph\":[{\"@type\":\"Article\",\"@id\":\"https:\/\/blogdoere.com.br\/?p=25957#article\",\"isPartOf\":{\"@id\":\"https:\/\/blogdoere.com.br\/?p=25957\"},\"author\":{\"name\":\"Ere\",\"@id\":\"https:\/\/blogdoere.com.br\/#\/schema\/person\/4b56ed2336cb28ae3415ce8ffe56742e\"},\"headline\":\"ITABUNA: PRESIDENTE DA AMURC REFOR\u00c7A O APOIO DA INSTITUI\u00c7\u00c3O EM INAUGURA\u00c7\u00c3O DA NOVA SEDE DA UFSB\",\"datePublished\":\"2021-07-28T16:45:00+00:00\",\"dateModified\":\"2021-11-11T05:31:38+00:00\",\"mainEntityOfPage\":{\"@id\":\"https:\/\/blogdoere.com.br\/?p=25957\"},\"wordCount\":277,\"commentCount\":0,\"publisher\":{\"@id\":\"https:\/\/blogdoere.com.br\/#organization\"},\"articleSection\":[\"Outros\"],\"inLanguage\":\"pt-PT\",\"potentialAction\":[{\"@type\":\"CommentAction\",\"name\":\"Comment\",\"target\":[\"https:\/\/blogdoere.com.br\/?p=25957#respond\"]}]},{\"@type\":\"WebPage\",\"@id\":\"https:\/\/blogdoere.com.br\/?p=25957\",\"url\":\"https:\/\/blogdoere.com.br\/?p=25957\",\"name\":\"ITABUNA: PRESIDENTE DA AMURC REFOR\u00c7A O APOIO DA INSTITUI\u00c7\u00c3O EM INAUGURA\u00c7\u00c3O DA NOVA SEDE DA UFSB - blog do er\u00ea\",\"isPartOf\":{\"@id\":\"https:\/\/blogdoere.com.br\/#website\"},\"datePublished\":\"2021-07-28T16:45:00+00:00\",\"dateModified\":\"2021-11-11T05:31:38+00:00\",\"breadcrumb\":{\"@id\":\"https:\/\/blogdoere.com.br\/?p=25957#breadcrumb\"},\"inLanguage\":\"pt-PT\",\"potentialAction\":[{\"@type\":\"ReadAction\",\"target\":[\"https:\/\/blogdoere.com.br\/?p=25957\"]}]},{\"@type\":\"BreadcrumbList\",\"@id\":\"https:\/\/blogdoere.com.br\/?p=25957#breadcrumb\",\"itemListElement\":[{\"@type\":\"ListItem\",\"position\":1,\"name\":\"In\u00edcio\",\"item\":\"https:\/\/blogdoere.com.br\/\"},{\"@type\":\"ListItem\",\"position\":2,\"name\":\"ITABUNA: PRESIDENTE DA AMURC REFOR\u00c7A O APOIO DA INSTITUI\u00c7\u00c3O EM INAUGURA\u00c7\u00c3O DA NOVA SEDE DA UFSB\"}]},{\"@type\":\"WebSite\",\"@id\":\"https:\/\/blogdoere.com.br\/#website\",\"url\":\"https:\/\/blogdoere.com.br\/\",\"name\":\"blog do er\u00ea\",\"description\":\"\",\"publisher\":{\"@id\":\"https:\/\/blogdoere.com.br\/#organization\"},\"potentialAction\":[{\"@type\":\"SearchAction\",\"target\":{\"@type\":\"EntryPoint\",\"urlTemplate\":\"https:\/\/blogdoere.com.br\/?s={search_term_string}\"},\"query-input\":\"required name=search_term_string\"}],\"inLanguage\":\"pt-PT\"},{\"@type\":\"Organization\",\"@id\":\"https:\/\/blogdoere.com.br\/#organization\",\"name\":\"Blog do Er\u00ea\",\"url\":\"https:\/\/blogdoere.com.br\/\",\"logo\":{\"@type\":\"ImageObject\",\"inLanguage\":\"pt-PT\",\"@id\":\"https:\/\/blogdoere.com.br\/#\/schema\/logo\/image\/\",\"url\":\"https:\/\/blogdoere.com.br\/wp-content\/uploads\/2021\/11\/Logo-Ere-1.png\",\"contentUrl\":\"https:\/\/blogdoere.com.br\/wp-content\/uploads\/2021\/11\/Logo-Ere-1.png\",\"width\":1261,\"height\":1330,\"caption\":\"Blog do Er\u00ea\"},\"image\":{\"@id\":\"https:\/\/blogdoere.com.br\/#\/schema\/logo\/image\/\"}},{\"@type\":\"Person\",\"@id\":\"https:\/\/blogdoere.com.br\/#\/schema\/person\/4b56ed2336cb28ae3415ce8ffe56742e\",\"name\":\"Ere\",\"image\":{\"@type\":\"ImageObject\",\"inLanguage\":\"pt-PT\",\"@id\":\"https:\/\/blogdoere.com.br\/#\/schema\/person\/image\/\",\"url\":\"https:\/\/secure.gravatar.com\/avatar\/?s=96&d=mm&r=g\",\"contentUrl\":\"https:\/\/secure.gravatar.com\/avatar\/?s=96&d=mm&r=g\",\"caption\":\"Ere\"}}]}<\/script>\n<!-- \/ Yoast SEO plugin. -->","yoast_head_json":{"title":"ITABUNA: PRESIDENTE DA AMURC REFOR\u00c7A O APOIO DA INSTITUI\u00c7\u00c3O EM INAUGURA\u00c7\u00c3O DA NOVA SEDE DA UFSB - blog do er\u00ea","robots":{"index":"index","follow":"follow","max-snippet":"max-snippet:-1","max-image-preview":"max-image-preview:large","max-video-preview":"max-video-preview:-1"},"canonical":"https:\/\/blogdoere.com.br\/?p=25957","og_locale":"pt_PT","og_type":"article","og_title":"ITABUNA: PRESIDENTE DA AMURC REFOR\u00c7A O APOIO DA INSTITUI\u00c7\u00c3O EM INAUGURA\u00c7\u00c3O DA NOVA SEDE DA UFSB - blog do er\u00ea","og_description":"&nbsp; O presidente da Amurc e prefeito de Itaju\u00edpe, Marcone Amaral participou da cerim\u00f4nia de inaugura\u00e7\u00e3o da nova sede da reitoria da Universidade Federal do Sul da Bahia &#8211; UFSB,...","og_url":"https:\/\/blogdoere.com.br\/?p=25957","og_site_name":"blog do er\u00ea","article_published_time":"2021-07-28T16:45:00+00:00","article_modified_time":"2021-11-11T05:31:38+00:00","og_image":[{"width":1024,"height":574,"url":"https:\/\/blogdoere.com.br\/wp-content\/uploads\/2021\/07\/IMG-20210728-WA0228.jpg","type":"image\/jpeg"}],"author":"Ere","twitter_card":"summary_large_image","twitter_misc":{"Escrito por":"Ere","Tempo estimado de leitura":"1 minuto"},"schema":{"@context":"https:\/\/schema.org","@graph":[{"@type":"Article","@id":"https:\/\/blogdoere.com.br\/?p=25957#article","isPartOf":{"@id":"https:\/\/blogdoere.com.br\/?p=25957"},"author":{"name":"Ere","@id":"https:\/\/blogdoere.com.br\/#\/schema\/person\/4b56ed2336cb28ae3415ce8ffe56742e"},"headline":"ITABUNA: PRESIDENTE DA AMURC REFOR\u00c7A O APOIO DA INSTITUI\u00c7\u00c3O EM INAUGURA\u00c7\u00c3O DA NOVA SEDE DA UFSB","datePublished":"2021-07-28T16:45:00+00:00","dateModified":"2021-11-11T05:31:38+00:00","mainEntityOfPage":{"@id":"https:\/\/blogdoere.com.br\/?p=25957"},"wordCount":277,"commentCount":0,"publisher":{"@id":"https:\/\/blogdoere.com.br\/#organization"},"articleSection":["Outros"],"inLanguage":"pt-PT","potentialAction":[{"@type":"CommentAction","name":"Comment","target":["https:\/\/blogdoere.com.br\/?p=25957#respond"]}]},{"@type":"WebPage","@id":"https:\/\/blogdoere.com.br\/?p=25957","url":"https:\/\/blogdoere.com.br\/?p=25957","name":"ITABUNA: PRESIDENTE DA AMURC REFOR\u00c7A O APOIO DA INSTITUI\u00c7\u00c3O EM INAUGURA\u00c7\u00c3O DA NOVA SEDE DA UFSB - blog do er\u00ea","isPartOf":{"@id":"https:\/\/blogdoere.com.br\/#website"},"datePublished":"2021-07-28T16:45:00+00:00","dateModified":"2021-11-11T05:31:38+00:00","breadcrumb":{"@id":"https:\/\/blogdoere.com.br\/?p=25957#breadcrumb"},"inLanguage":"pt-PT","potentialAction":[{"@type":"ReadAction","target":["https:\/\/blogdoere.com.br\/?p=25957"]}]},{"@type":"BreadcrumbList","@id":"https:\/\/blogdoere.com.br\/?p=25957#breadcrumb","itemListElement":[{"@type":"ListItem","position":1,"name":"In\u00edcio","item":"https:\/\/blogdoere.com.br\/"},{"@type":"ListItem","position":2,"name":"ITABUNA: PRESIDENTE DA AMURC REFOR\u00c7A O APOIO DA INSTITUI\u00c7\u00c3O EM INAUGURA\u00c7\u00c3O DA NOVA SEDE DA UFSB"}]},{"@type":"WebSite","@id":"https:\/\/blogdoere.com.br\/#website","url":"https:\/\/blogdoere.com.br\/","name":"blog do er\u00ea","description":"","publisher":{"@id":"https:\/\/blogdoere.com.br\/#organization"},"potentialAction":[{"@type":"SearchAction","target":{"@type":"EntryPoint","urlTemplate":"https:\/\/blogdoere.com.br\/?s={search_term_string}"},"query-input":"required name=search_term_string"}],"inLanguage":"pt-PT"},{"@type":"Organization","@id":"https:\/\/blogdoere.com.br\/#organization","name":"Blog do Er\u00ea","url":"https:\/\/blogdoere.com.br\/","logo":{"@type":"ImageObject","inLanguage":"pt-PT","@id":"https:\/\/blogdoere.com.br\/#\/schema\/logo\/image\/","url":"https:\/\/blogdoere.com.br\/wp-content\/uploads\/2021\/11\/Logo-Ere-1.png","contentUrl":"https:\/\/blogdoere.com.br\/wp-content\/uploads\/2021\/11\/Logo-Ere-1.png","width":1261,"height":1330,"caption":"Blog do Er\u00ea"},"image":{"@id":"https:\/\/blogdoere.com.br\/#\/schema\/logo\/image\/"}},{"@type":"Person","@id":"https:\/\/blogdoere.com.br\/#\/schema\/person\/4b56ed2336cb28ae3415ce8ffe56742e","name":"Ere","image":{"@type":"ImageObject","inLanguage":"pt-PT","@id":"https:\/\/blogdoere.com.br\/#\/schema\/person\/image\/","url":"https:\/\/secure.gravatar.com\/avatar\/?s=96&d=mm&r=g","contentUrl":"https:\/\/secure.gravatar.com\/avatar\/?s=96&d=mm&r=g","caption":"Ere"}}]}},"featured_image_urls":{"full":["https:\/\/blogdoere.com.br\/wp-content\/uploads\/2021\/07\/IMG-20210728-WA0228.jpg",1024,574,false],"thumbnail":["https:\/\/blogdoere.com.br\/wp-content\/uploads\/2021\/07\/IMG-20210728-WA0228-150x150.jpg",150,150,true],"medium":["https:\/\/blogdoere.com.br\/wp-content\/uploads\/2021\/07\/IMG-20210728-WA0228-300x168.jpg",300,168,true],"medium_large":["https:\/\/blogdoere.com.br\/wp-content\/uploads\/2021\/07\/IMG-20210728-WA0228-768x431.jpg",768,431,true],"large":["https:\/\/blogdoere.com.br\/wp-content\/uploads\/2021\/07\/IMG-20210728-WA0228.jpg",1024,574,false],"1536x1536":["https:\/\/blogdoere.com.br\/wp-content\/uploads\/2021\/07\/IMG-20210728-WA0228.jpg",1024,574,false],"2048x2048":["https:\/\/blogdoere.com.br\/wp-content\/uploads\/2021\/07\/IMG-20210728-WA0228.jpg",1024,574,false]},"author_info":{"display_name":"Ere","author_link":"https:\/\/blogdoere.com.br\/?author=2"},"category_info":"<a href=\"https:\/\/blogdoere.com.br\/?cat=60\" rel=\"category\">Outros<\/a>","tag_info":"Outros","comment_count":"0","_links":{"self":[{"href":"https:\/\/blogdoere.com.br\/index.php?rest_route=\/wp\/v2\/posts\/25957","targetHints":{"allow":["GET"]}}],"collection":[{"href":"https:\/\/blogdoere.com.br\/index.php?rest_route=\/wp\/v2\/posts"}],"about":[{"href":"https:\/\/blogdoere.com.br\/index.php?rest_route=\/wp\/v2\/types\/post"}],"author":[{"embeddable":true,"href":"https:\/\/blogdoere.com.br\/index.php?rest_route=\/wp\/v2\/users\/2"}],"replies":[{"embeddable":true,"href":"https:\/\/blogdoere.com.br\/index.php?rest_route=%2Fwp%2Fv2%2Fcomments&post=25957"}],"version-history":[{"count":2,"href":"https:\/\/blogdoere.com.br\/index.php?rest_route=\/wp\/v2\/posts\/25957\/revisions"}],"predecessor-version":[{"id":27208,"href":"https:\/\/blogdoere.com.br\/index.php?rest_route=\/wp\/v2\/posts\/25957\/revisions\/27208"}],"wp:featuredmedia":[{"embeddable":true,"href":"https:\/\/blogdoere.com.br\/index.php?rest_route=\/wp\/v2\/media\/27002"}],"wp:attachment":[{"href":"https:\/\/blogdoere.com.br\/index.php?rest_route=%2Fwp%2Fv2%2Fmedia&parent=25957"}],"wp:term":[{"taxonomy":"category","embeddable":true,"href":"https:\/\/blogdoere.com.br\/index.php?rest_route=%2Fwp%2Fv2%2Fcategories&post=25957"},{"taxonomy":"post_tag","embeddable":true,"href":"https:\/\/blogdoere.com.br\/index.php?rest_route=%2Fwp%2Fv2%2Ftags&post=25957"}],"curies":[{"name":"wp","href":"https:\/\/api.w.org\/{rel}","templated":true}]}}