{"id":25958,"date":"2021-07-15T16:23:00","date_gmt":"2021-07-15T16:23:00","guid":{"rendered":"http:\/\/blogdoere.com.br\/?p=25958"},"modified":"2021-11-11T05:32:45","modified_gmt":"2021-11-11T05:32:45","slug":"itajuipe-prefeito-marcone-assina-ordem-de-servico-do-pedro-melo","status":"publish","type":"post","link":"https:\/\/blogdoere.com.br\/?p=25958","title":{"rendered":"ITAJU\u00cdPE: PREFEITO MARCONE ASSINA ORDEM DE SERVI\u00c7O DO PEDRO MELO."},"content":{"rendered":"<div style=\"clear: both; text-align: justify;\"><a href=\"https:\/\/blogdoere.com.br\/wp-content\/uploads\/2021\/07\/IMG_20210715_102937122.jpg\" style=\"margin-left: 1em; margin-right: 1em;\"><img decoding=\"async\" border=\"0\" data-original-height=\"1536\" data-original-width=\"2048\" src=\"https:\/\/blogdoere.com.br\/wp-content\/uploads\/2021\/07\/IMG_20210715_102937122-300x225.jpg\" width=\"320\" \/><\/a><\/div>\n<p style=\"text-align: justify;\">Nesta manh\u00e3 de quinta-feira, 15 de julho, o prefeito Marcone (PSD), acompanhado do vice-prefeito L\u00e9o da Capoeira e demais equipe de governo, assinou ordem de servi\u00e7o para reforma do Col\u00e9gio Municipal Pedro Alves de Melo no distrito de Bandeira do Almada. Em sua fala para a comunidade, o gestor  informou que toda a estrutura do pr\u00e9dio, constru\u00eddo h\u00e1 seis d\u00e9cadas, passar\u00e1 por reforma total. <\/p>\n<div style=\"clear: both; text-align: center;\"><a href=\"https:\/\/blogdoere.com.br\/wp-content\/uploads\/2021\/07\/IMG_20210715_095108012.jpg\" style=\"margin-left: 1em; margin-right: 1em;\"><img decoding=\"async\" border=\"0\" data-original-height=\"1536\" data-original-width=\"2048\" src=\"https:\/\/blogdoere.com.br\/wp-content\/uploads\/2021\/07\/IMG_20210715_095108012-300x225.jpg\" width=\"320\" \/><\/a><\/div>\n<p><\/p>\n<div style=\"text-align: justify;\">Na oportunidade, agradeceu a parceria com os vereadores e toda equipe gestora destacando a presteza do trabalho  da secret\u00e1ria de educa\u00e7\u00e3o Maria de Lourdes e a diretora do col\u00e9gio Adriana Batista.  A obra ter\u00e1 investimento com recursos pr\u00f3prios de R$ 205 mil reais e vai contemplar alunos do ensino fundamental.<\/div><\/p>\n","protected":false},"excerpt":{"rendered":"<p>Nesta manh\u00e3 de quinta-feira, 15 de julho, o prefeito Marcone (PSD), acompanhado do vice-prefeito L\u00e9o da Capoeira e demais equipe de governo, assinou ordem de servi\u00e7o para reforma do Col\u00e9gio&#8230;<\/p>\n","protected":false},"author":2,"featured_media":27005,"comment_status":"open","ping_status":"open","sticky":false,"template":"","format":"standard","meta":{"_editorskit_title_hidden":false,"_editorskit_reading_time":0,"_editorskit_is_block_options_detached":false,"_editorskit_block_options_position":"{}","om_disable_all_campaigns":false,"_mi_skip_tracking":false,"_kad_post_transparent":"","_kad_post_title":"","_kad_post_layout":"","_kad_post_sidebar_id":"","_kad_post_content_style":"","_kad_post_vertical_padding":"","_kad_post_feature":"","_kad_post_feature_position":"","_kad_post_header":false,"_kad_post_footer":false,"footnotes":""},"categories":[32],"tags":[],"class_list":["post-25958","post","type-post","status-publish","format-standard","has-post-thumbnail","hentry","category-politica"],"yoast_head":"<!-- This site is optimized with the Yoast SEO plugin v20.5 - https:\/\/yoast.com\/wordpress\/plugins\/seo\/ -->\n<title>ITAJU\u00cdPE: PREFEITO MARCONE ASSINA ORDEM DE SERVI\u00c7O DO PEDRO MELO. - blog do er\u00ea<\/title>\n<meta name=\"robots\" content=\"index, follow, max-snippet:-1, max-image-preview:large, max-video-preview:-1\" \/>\n<link rel=\"canonical\" href=\"https:\/\/blogdoere.com.br\/?p=25958\" \/>\n<meta property=\"og:locale\" content=\"pt_PT\" \/>\n<meta property=\"og:type\" content=\"article\" \/>\n<meta property=\"og:title\" content=\"ITAJU\u00cdPE: PREFEITO MARCONE ASSINA ORDEM DE SERVI\u00c7O DO PEDRO MELO. - blog do er\u00ea\" \/>\n<meta property=\"og:description\" content=\"Nesta manh\u00e3 de quinta-feira, 15 de julho, o prefeito Marcone (PSD), acompanhado do vice-prefeito L\u00e9o da Capoeira e demais equipe de governo, assinou ordem de servi\u00e7o para reforma do Col\u00e9gio...\" \/>\n<meta property=\"og:url\" content=\"https:\/\/blogdoere.com.br\/?p=25958\" \/>\n<meta property=\"og:site_name\" content=\"blog do er\u00ea\" \/>\n<meta property=\"article:published_time\" content=\"2021-07-15T16:23:00+00:00\" \/>\n<meta property=\"article:modified_time\" content=\"2021-11-11T05:32:45+00:00\" \/>\n<meta property=\"og:image\" content=\"https:\/\/blogdoere.com.br\/wp-content\/uploads\/2021\/07\/IMG_20210715_102937122.jpg\" \/>\n\t<meta property=\"og:image:width\" content=\"1024\" \/>\n\t<meta property=\"og:image:height\" content=\"768\" \/>\n\t<meta property=\"og:image:type\" content=\"image\/jpeg\" \/>\n<meta name=\"author\" content=\"Ere\" \/>\n<meta name=\"twitter:card\" content=\"summary_large_image\" \/>\n<meta name=\"twitter:label1\" content=\"Escrito por\" \/>\n\t<meta name=\"twitter:data1\" content=\"Ere\" \/>\n\t<meta name=\"twitter:label2\" content=\"Tempo estimado de leitura\" \/>\n\t<meta name=\"twitter:data2\" content=\"1 minuto\" \/>\n<script type=\"application\/ld+json\" class=\"yoast-schema-graph\">{\"@context\":\"https:\/\/schema.org\",\"@graph\":[{\"@type\":\"Article\",\"@id\":\"https:\/\/blogdoere.com.br\/?p=25958#article\",\"isPartOf\":{\"@id\":\"https:\/\/blogdoere.com.br\/?p=25958\"},\"author\":{\"name\":\"Ere\",\"@id\":\"https:\/\/blogdoere.com.br\/#\/schema\/person\/4b56ed2336cb28ae3415ce8ffe56742e\"},\"headline\":\"ITAJU\u00cdPE: PREFEITO MARCONE ASSINA ORDEM DE SERVI\u00c7O DO PEDRO MELO.\",\"datePublished\":\"2021-07-15T16:23:00+00:00\",\"dateModified\":\"2021-11-11T05:32:45+00:00\",\"mainEntityOfPage\":{\"@id\":\"https:\/\/blogdoere.com.br\/?p=25958\"},\"wordCount\":134,\"commentCount\":0,\"publisher\":{\"@id\":\"https:\/\/blogdoere.com.br\/#organization\"},\"articleSection\":[\"Pol\u00edtica\"],\"inLanguage\":\"pt-PT\",\"potentialAction\":[{\"@type\":\"CommentAction\",\"name\":\"Comment\",\"target\":[\"https:\/\/blogdoere.com.br\/?p=25958#respond\"]}]},{\"@type\":\"WebPage\",\"@id\":\"https:\/\/blogdoere.com.br\/?p=25958\",\"url\":\"https:\/\/blogdoere.com.br\/?p=25958\",\"name\":\"ITAJU\u00cdPE: PREFEITO MARCONE ASSINA ORDEM DE SERVI\u00c7O DO PEDRO MELO. - blog do er\u00ea\",\"isPartOf\":{\"@id\":\"https:\/\/blogdoere.com.br\/#website\"},\"datePublished\":\"2021-07-15T16:23:00+00:00\",\"dateModified\":\"2021-11-11T05:32:45+00:00\",\"breadcrumb\":{\"@id\":\"https:\/\/blogdoere.com.br\/?p=25958#breadcrumb\"},\"inLanguage\":\"pt-PT\",\"potentialAction\":[{\"@type\":\"ReadAction\",\"target\":[\"https:\/\/blogdoere.com.br\/?p=25958\"]}]},{\"@type\":\"BreadcrumbList\",\"@id\":\"https:\/\/blogdoere.com.br\/?p=25958#breadcrumb\",\"itemListElement\":[{\"@type\":\"ListItem\",\"position\":1,\"name\":\"In\u00edcio\",\"item\":\"https:\/\/blogdoere.com.br\/\"},{\"@type\":\"ListItem\",\"position\":2,\"name\":\"ITAJU\u00cdPE: PREFEITO MARCONE ASSINA ORDEM DE SERVI\u00c7O DO PEDRO MELO.\"}]},{\"@type\":\"WebSite\",\"@id\":\"https:\/\/blogdoere.com.br\/#website\",\"url\":\"https:\/\/blogdoere.com.br\/\",\"name\":\"blog do er\u00ea\",\"description\":\"\",\"publisher\":{\"@id\":\"https:\/\/blogdoere.com.br\/#organization\"},\"potentialAction\":[{\"@type\":\"SearchAction\",\"target\":{\"@type\":\"EntryPoint\",\"urlTemplate\":\"https:\/\/blogdoere.com.br\/?s={search_term_string}\"},\"query-input\":\"required name=search_term_string\"}],\"inLanguage\":\"pt-PT\"},{\"@type\":\"Organization\",\"@id\":\"https:\/\/blogdoere.com.br\/#organization\",\"name\":\"Blog do Er\u00ea\",\"url\":\"https:\/\/blogdoere.com.br\/\",\"logo\":{\"@type\":\"ImageObject\",\"inLanguage\":\"pt-PT\",\"@id\":\"https:\/\/blogdoere.com.br\/#\/schema\/logo\/image\/\",\"url\":\"https:\/\/blogdoere.com.br\/wp-content\/uploads\/2021\/11\/Logo-Ere-1.png\",\"contentUrl\":\"https:\/\/blogdoere.com.br\/wp-content\/uploads\/2021\/11\/Logo-Ere-1.png\",\"width\":1261,\"height\":1330,\"caption\":\"Blog do Er\u00ea\"},\"image\":{\"@id\":\"https:\/\/blogdoere.com.br\/#\/schema\/logo\/image\/\"}},{\"@type\":\"Person\",\"@id\":\"https:\/\/blogdoere.com.br\/#\/schema\/person\/4b56ed2336cb28ae3415ce8ffe56742e\",\"name\":\"Ere\",\"image\":{\"@type\":\"ImageObject\",\"inLanguage\":\"pt-PT\",\"@id\":\"https:\/\/blogdoere.com.br\/#\/schema\/person\/image\/\",\"url\":\"https:\/\/secure.gravatar.com\/avatar\/?s=96&d=mm&r=g\",\"contentUrl\":\"https:\/\/secure.gravatar.com\/avatar\/?s=96&d=mm&r=g\",\"caption\":\"Ere\"}}]}<\/script>\n<!-- \/ Yoast SEO plugin. -->","yoast_head_json":{"title":"ITAJU\u00cdPE: PREFEITO MARCONE ASSINA ORDEM DE SERVI\u00c7O DO PEDRO MELO. - blog do er\u00ea","robots":{"index":"index","follow":"follow","max-snippet":"max-snippet:-1","max-image-preview":"max-image-preview:large","max-video-preview":"max-video-preview:-1"},"canonical":"https:\/\/blogdoere.com.br\/?p=25958","og_locale":"pt_PT","og_type":"article","og_title":"ITAJU\u00cdPE: PREFEITO MARCONE ASSINA ORDEM DE SERVI\u00c7O DO PEDRO MELO. - blog do er\u00ea","og_description":"Nesta manh\u00e3 de quinta-feira, 15 de julho, o prefeito Marcone (PSD), acompanhado do vice-prefeito L\u00e9o da Capoeira e demais equipe de governo, assinou ordem de servi\u00e7o para reforma do Col\u00e9gio...","og_url":"https:\/\/blogdoere.com.br\/?p=25958","og_site_name":"blog do er\u00ea","article_published_time":"2021-07-15T16:23:00+00:00","article_modified_time":"2021-11-11T05:32:45+00:00","og_image":[{"width":1024,"height":768,"url":"https:\/\/blogdoere.com.br\/wp-content\/uploads\/2021\/07\/IMG_20210715_102937122.jpg","type":"image\/jpeg"}],"author":"Ere","twitter_card":"summary_large_image","twitter_misc":{"Escrito por":"Ere","Tempo estimado de leitura":"1 minuto"},"schema":{"@context":"https:\/\/schema.org","@graph":[{"@type":"Article","@id":"https:\/\/blogdoere.com.br\/?p=25958#article","isPartOf":{"@id":"https:\/\/blogdoere.com.br\/?p=25958"},"author":{"name":"Ere","@id":"https:\/\/blogdoere.com.br\/#\/schema\/person\/4b56ed2336cb28ae3415ce8ffe56742e"},"headline":"ITAJU\u00cdPE: PREFEITO MARCONE ASSINA ORDEM DE SERVI\u00c7O DO PEDRO MELO.","datePublished":"2021-07-15T16:23:00+00:00","dateModified":"2021-11-11T05:32:45+00:00","mainEntityOfPage":{"@id":"https:\/\/blogdoere.com.br\/?p=25958"},"wordCount":134,"commentCount":0,"publisher":{"@id":"https:\/\/blogdoere.com.br\/#organization"},"articleSection":["Pol\u00edtica"],"inLanguage":"pt-PT","potentialAction":[{"@type":"CommentAction","name":"Comment","target":["https:\/\/blogdoere.com.br\/?p=25958#respond"]}]},{"@type":"WebPage","@id":"https:\/\/blogdoere.com.br\/?p=25958","url":"https:\/\/blogdoere.com.br\/?p=25958","name":"ITAJU\u00cdPE: PREFEITO MARCONE ASSINA ORDEM DE SERVI\u00c7O DO PEDRO MELO. - blog do er\u00ea","isPartOf":{"@id":"https:\/\/blogdoere.com.br\/#website"},"datePublished":"2021-07-15T16:23:00+00:00","dateModified":"2021-11-11T05:32:45+00:00","breadcrumb":{"@id":"https:\/\/blogdoere.com.br\/?p=25958#breadcrumb"},"inLanguage":"pt-PT","potentialAction":[{"@type":"ReadAction","target":["https:\/\/blogdoere.com.br\/?p=25958"]}]},{"@type":"BreadcrumbList","@id":"https:\/\/blogdoere.com.br\/?p=25958#breadcrumb","itemListElement":[{"@type":"ListItem","position":1,"name":"In\u00edcio","item":"https:\/\/blogdoere.com.br\/"},{"@type":"ListItem","position":2,"name":"ITAJU\u00cdPE: PREFEITO MARCONE ASSINA ORDEM DE SERVI\u00c7O DO PEDRO MELO."}]},{"@type":"WebSite","@id":"https:\/\/blogdoere.com.br\/#website","url":"https:\/\/blogdoere.com.br\/","name":"blog do er\u00ea","description":"","publisher":{"@id":"https:\/\/blogdoere.com.br\/#organization"},"potentialAction":[{"@type":"SearchAction","target":{"@type":"EntryPoint","urlTemplate":"https:\/\/blogdoere.com.br\/?s={search_term_string}"},"query-input":"required name=search_term_string"}],"inLanguage":"pt-PT"},{"@type":"Organization","@id":"https:\/\/blogdoere.com.br\/#organization","name":"Blog do Er\u00ea","url":"https:\/\/blogdoere.com.br\/","logo":{"@type":"ImageObject","inLanguage":"pt-PT","@id":"https:\/\/blogdoere.com.br\/#\/schema\/logo\/image\/","url":"https:\/\/blogdoere.com.br\/wp-content\/uploads\/2021\/11\/Logo-Ere-1.png","contentUrl":"https:\/\/blogdoere.com.br\/wp-content\/uploads\/2021\/11\/Logo-Ere-1.png","width":1261,"height":1330,"caption":"Blog do Er\u00ea"},"image":{"@id":"https:\/\/blogdoere.com.br\/#\/schema\/logo\/image\/"}},{"@type":"Person","@id":"https:\/\/blogdoere.com.br\/#\/schema\/person\/4b56ed2336cb28ae3415ce8ffe56742e","name":"Ere","image":{"@type":"ImageObject","inLanguage":"pt-PT","@id":"https:\/\/blogdoere.com.br\/#\/schema\/person\/image\/","url":"https:\/\/secure.gravatar.com\/avatar\/?s=96&d=mm&r=g","contentUrl":"https:\/\/secure.gravatar.com\/avatar\/?s=96&d=mm&r=g","caption":"Ere"}}]}},"featured_image_urls":{"full":["https:\/\/blogdoere.com.br\/wp-content\/uploads\/2021\/07\/IMG_20210715_102937122.jpg",1024,768,false],"thumbnail":["https:\/\/blogdoere.com.br\/wp-content\/uploads\/2021\/07\/IMG_20210715_102937122-150x150.jpg",150,150,true],"medium":["https:\/\/blogdoere.com.br\/wp-content\/uploads\/2021\/07\/IMG_20210715_102937122-300x225.jpg",300,225,true],"medium_large":["https:\/\/blogdoere.com.br\/wp-content\/uploads\/2021\/07\/IMG_20210715_102937122-768x576.jpg",768,576,true],"large":["https:\/\/blogdoere.com.br\/wp-content\/uploads\/2021\/07\/IMG_20210715_102937122.jpg",1024,768,false],"1536x1536":["https:\/\/blogdoere.com.br\/wp-content\/uploads\/2021\/07\/IMG_20210715_102937122.jpg",1024,768,false],"2048x2048":["https:\/\/blogdoere.com.br\/wp-content\/uploads\/2021\/07\/IMG_20210715_102937122.jpg",1024,768,false]},"author_info":{"display_name":"Ere","author_link":"https:\/\/blogdoere.com.br\/?author=2"},"category_info":"<a href=\"https:\/\/blogdoere.com.br\/?cat=32\" rel=\"category\">Pol\u00edtica<\/a>","tag_info":"Pol\u00edtica","comment_count":"0","_links":{"self":[{"href":"https:\/\/blogdoere.com.br\/index.php?rest_route=\/wp\/v2\/posts\/25958","targetHints":{"allow":["GET"]}}],"collection":[{"href":"https:\/\/blogdoere.com.br\/index.php?rest_route=\/wp\/v2\/posts"}],"about":[{"href":"https:\/\/blogdoere.com.br\/index.php?rest_route=\/wp\/v2\/types\/post"}],"author":[{"embeddable":true,"href":"https:\/\/blogdoere.com.br\/index.php?rest_route=\/wp\/v2\/users\/2"}],"replies":[{"embeddable":true,"href":"https:\/\/blogdoere.com.br\/index.php?rest_route=%2Fwp%2Fv2%2Fcomments&post=25958"}],"version-history":[{"count":2,"href":"https:\/\/blogdoere.com.br\/index.php?rest_route=\/wp\/v2\/posts\/25958\/revisions"}],"predecessor-version":[{"id":27209,"href":"https:\/\/blogdoere.com.br\/index.php?rest_route=\/wp\/v2\/posts\/25958\/revisions\/27209"}],"wp:featuredmedia":[{"embeddable":true,"href":"https:\/\/blogdoere.com.br\/index.php?rest_route=\/wp\/v2\/media\/27005"}],"wp:attachment":[{"href":"https:\/\/blogdoere.com.br\/index.php?rest_route=%2Fwp%2Fv2%2Fmedia&parent=25958"}],"wp:term":[{"taxonomy":"category","embeddable":true,"href":"https:\/\/blogdoere.com.br\/index.php?rest_route=%2Fwp%2Fv2%2Fcategories&post=25958"},{"taxonomy":"post_tag","embeddable":true,"href":"https:\/\/blogdoere.com.br\/index.php?rest_route=%2Fwp%2Fv2%2Ftags&post=25958"}],"curies":[{"name":"wp","href":"https:\/\/api.w.org\/{rel}","templated":true}]}}