{"id":25959,"date":"2021-06-12T01:21:00","date_gmt":"2021-06-12T01:21:00","guid":{"rendered":"http:\/\/blogdoere.com.br\/?p=25959"},"modified":"2021-11-11T05:39:21","modified_gmt":"2021-11-11T05:39:21","slug":"itajuipe-prefeitura-realiza-nos-dias-23-e-24-live-forro-na-estacao","status":"publish","type":"post","link":"https:\/\/blogdoere.com.br\/?p=25959","title":{"rendered":"ITAJU\u00cdPE: PREFEITURA REALIZA NOS DIAS 23 E 24 LIVE FORR\u00d3 NA ESTA\u00c7\u00c3O."},"content":{"rendered":"<div style=\"clear: both; text-align: center;\"><a href=\"https:\/\/blogdoere.com.br\/wp-content\/uploads\/2021\/06\/IMG-20210611-WA0298.jpg\" style=\"margin-left: 1em; margin-right: 1em;\"><img decoding=\"async\" border=\"0\" data-original-height=\"853\" data-original-width=\"1280\" src=\"https:\/\/blogdoere.com.br\/wp-content\/uploads\/2021\/06\/IMG-20210611-WA0298-300x200.jpg\" width=\"320\" \/><\/a><\/div>\n<p style=\"text-align: justify;\"><\/p>\n<p style=\"text-align: justify;\">A Prefeitura Municipal de Itaju\u00edpe, atrav\u00e9s da Secretaria e Diretoria de Cultura, realizar\u00e1 nos dias 23 e 24 de junho, a Live Forr\u00f3 na Esta\u00e7\u00e3o. Al\u00e9m de promover a cultura das festas juninas, tradicionais no munic\u00edpio, a live tem por objetivo movimentar o setor cultural da m\u00fasica, um dos primeiros a parar desde o in\u00edcio da pandemia.<\/p>\n<p style=\"text-align: justify;\">A live tamb\u00e9m celebra a cultura e a hist\u00f3ria do munic\u00edpio, apresentando ao p\u00fablico regional a antiga esta\u00e7\u00e3o de trem, importante no desenvolvimento econ\u00f4mico da regi\u00e3o e que hoje leva o nome de Casa da Cultura Junot Matos de Santana, espa\u00e7o totalmente restaurado desde 2020, e mais um equipamento cultural \u00e0 disposi\u00e7\u00e3o da popula\u00e7\u00e3o itajuipense desde ent\u00e3o.<\/p>\n<p style=\"text-align: justify;\">Com todas as medidas e protocolos de seguran\u00e7a verificados pelas equipes de sa\u00fade, o evento acontecer\u00e1 de modo virtual, das 18h at\u00e9 \u00e0s 23 horas, dos dias 23 e 24 de junho, em transmiss\u00e3o a ser realizada pela Rede Portal. Com a participa\u00e7\u00e3o dos m\u00fasicos locais, a live especial ter\u00e1 como tema o forr\u00f3 tipicamente junino. Esta ser\u00e1 uma oportunidade para ficar em casa, valorizando os m\u00fasicos de Itaju\u00edpe, promovendo a cultura e respeitando a recomenda\u00e7\u00e3o de n\u00e3o aglomerar diante da pandemia ainda em curso.<\/p>\n<p style=\"text-align: justify;\">Para a Diretora de Cultura, Silmara Oliveira \u201cEsta \u00e9 uma a\u00e7\u00e3o que foca na ajuda e na valoriza\u00e7\u00e3o do setor cultural da m\u00fasica. Com esta transmiss\u00e3o, Itaju\u00edpe mantem a tradi\u00e7\u00e3o das festas juninas e, atrav\u00e9s da Casa da Cultura Junot Matos de Santana, promove um evento essencial para os artistas que est\u00e3o h\u00e1 tanto tempo sem trabalho pela suspens\u00e3o dos eventos culturais desde o in\u00edcio da pandemia\u201d, declarou.<\/p>\n<p style=\"text-align: justify;\">Diretoria de Comunica\u00e7\u00e3o Social de Itaju\u00edpe<\/p>\n<p style=\"text-align: justify;\">Por: Simone Santos<\/p>\n","protected":false},"excerpt":{"rendered":"<p>A Prefeitura Municipal de Itaju\u00edpe, atrav\u00e9s da Secretaria e Diretoria de Cultura, realizar\u00e1 nos dias 23 e 24 de junho, a Live Forr\u00f3 na Esta\u00e7\u00e3o. Al\u00e9m de promover a cultura&#8230;<\/p>\n","protected":false},"author":2,"featured_media":27008,"comment_status":"open","ping_status":"open","sticky":false,"template":"","format":"standard","meta":{"_editorskit_title_hidden":false,"_editorskit_reading_time":0,"_editorskit_is_block_options_detached":false,"_editorskit_block_options_position":"{}","om_disable_all_campaigns":false,"_mi_skip_tracking":false,"_kad_post_transparent":"","_kad_post_title":"","_kad_post_layout":"","_kad_post_sidebar_id":"","_kad_post_content_style":"","_kad_post_vertical_padding":"","_kad_post_feature":"","_kad_post_feature_position":"","_kad_post_header":false,"_kad_post_footer":false,"footnotes":""},"categories":[37,59],"tags":[],"class_list":["post-25959","post","type-post","status-publish","format-standard","has-post-thumbnail","hentry","category-cultura","category-musica"],"yoast_head":"<!-- This site is optimized with the Yoast SEO plugin v20.5 - https:\/\/yoast.com\/wordpress\/plugins\/seo\/ -->\n<title>ITAJU\u00cdPE: PREFEITURA REALIZA NOS DIAS 23 E 24 LIVE FORR\u00d3 NA ESTA\u00c7\u00c3O. - blog do er\u00ea<\/title>\n<meta name=\"robots\" content=\"index, follow, max-snippet:-1, max-image-preview:large, max-video-preview:-1\" \/>\n<link rel=\"canonical\" href=\"https:\/\/blogdoere.com.br\/?p=25959\" \/>\n<meta property=\"og:locale\" content=\"pt_PT\" \/>\n<meta property=\"og:type\" content=\"article\" \/>\n<meta property=\"og:title\" content=\"ITAJU\u00cdPE: PREFEITURA REALIZA NOS DIAS 23 E 24 LIVE FORR\u00d3 NA ESTA\u00c7\u00c3O. - blog do er\u00ea\" \/>\n<meta property=\"og:description\" content=\"A Prefeitura Municipal de Itaju\u00edpe, atrav\u00e9s da Secretaria e Diretoria de Cultura, realizar\u00e1 nos dias 23 e 24 de junho, a Live Forr\u00f3 na Esta\u00e7\u00e3o. Al\u00e9m de promover a cultura...\" \/>\n<meta property=\"og:url\" content=\"https:\/\/blogdoere.com.br\/?p=25959\" \/>\n<meta property=\"og:site_name\" content=\"blog do er\u00ea\" \/>\n<meta property=\"article:published_time\" content=\"2021-06-12T01:21:00+00:00\" \/>\n<meta property=\"article:modified_time\" content=\"2021-11-11T05:39:21+00:00\" \/>\n<meta property=\"og:image\" content=\"https:\/\/blogdoere.com.br\/wp-content\/uploads\/2021\/06\/IMG-20210611-WA0298.jpg\" \/>\n\t<meta property=\"og:image:width\" content=\"1024\" \/>\n\t<meta property=\"og:image:height\" content=\"682\" \/>\n\t<meta property=\"og:image:type\" content=\"image\/jpeg\" \/>\n<meta name=\"author\" content=\"Ere\" \/>\n<meta name=\"twitter:card\" content=\"summary_large_image\" \/>\n<meta name=\"twitter:label1\" content=\"Escrito por\" \/>\n\t<meta name=\"twitter:data1\" content=\"Ere\" \/>\n\t<meta name=\"twitter:label2\" content=\"Tempo estimado de leitura\" \/>\n\t<meta name=\"twitter:data2\" content=\"2 minutos\" \/>\n<script type=\"application\/ld+json\" class=\"yoast-schema-graph\">{\"@context\":\"https:\/\/schema.org\",\"@graph\":[{\"@type\":\"Article\",\"@id\":\"https:\/\/blogdoere.com.br\/?p=25959#article\",\"isPartOf\":{\"@id\":\"https:\/\/blogdoere.com.br\/?p=25959\"},\"author\":{\"name\":\"Ere\",\"@id\":\"https:\/\/blogdoere.com.br\/#\/schema\/person\/4b56ed2336cb28ae3415ce8ffe56742e\"},\"headline\":\"ITAJU\u00cdPE: PREFEITURA REALIZA NOS DIAS 23 E 24 LIVE FORR\u00d3 NA ESTA\u00c7\u00c3O.\",\"datePublished\":\"2021-06-12T01:21:00+00:00\",\"dateModified\":\"2021-11-11T05:39:21+00:00\",\"mainEntityOfPage\":{\"@id\":\"https:\/\/blogdoere.com.br\/?p=25959\"},\"wordCount\":319,\"commentCount\":0,\"publisher\":{\"@id\":\"https:\/\/blogdoere.com.br\/#organization\"},\"articleSection\":[\"Cultura\",\"M\u00fasica\"],\"inLanguage\":\"pt-PT\",\"potentialAction\":[{\"@type\":\"CommentAction\",\"name\":\"Comment\",\"target\":[\"https:\/\/blogdoere.com.br\/?p=25959#respond\"]}]},{\"@type\":\"WebPage\",\"@id\":\"https:\/\/blogdoere.com.br\/?p=25959\",\"url\":\"https:\/\/blogdoere.com.br\/?p=25959\",\"name\":\"ITAJU\u00cdPE: PREFEITURA REALIZA NOS DIAS 23 E 24 LIVE FORR\u00d3 NA ESTA\u00c7\u00c3O. - blog do er\u00ea\",\"isPartOf\":{\"@id\":\"https:\/\/blogdoere.com.br\/#website\"},\"datePublished\":\"2021-06-12T01:21:00+00:00\",\"dateModified\":\"2021-11-11T05:39:21+00:00\",\"breadcrumb\":{\"@id\":\"https:\/\/blogdoere.com.br\/?p=25959#breadcrumb\"},\"inLanguage\":\"pt-PT\",\"potentialAction\":[{\"@type\":\"ReadAction\",\"target\":[\"https:\/\/blogdoere.com.br\/?p=25959\"]}]},{\"@type\":\"BreadcrumbList\",\"@id\":\"https:\/\/blogdoere.com.br\/?p=25959#breadcrumb\",\"itemListElement\":[{\"@type\":\"ListItem\",\"position\":1,\"name\":\"In\u00edcio\",\"item\":\"https:\/\/blogdoere.com.br\/\"},{\"@type\":\"ListItem\",\"position\":2,\"name\":\"ITAJU\u00cdPE: PREFEITURA REALIZA NOS DIAS 23 E 24 LIVE FORR\u00d3 NA ESTA\u00c7\u00c3O.\"}]},{\"@type\":\"WebSite\",\"@id\":\"https:\/\/blogdoere.com.br\/#website\",\"url\":\"https:\/\/blogdoere.com.br\/\",\"name\":\"blog do er\u00ea\",\"description\":\"\",\"publisher\":{\"@id\":\"https:\/\/blogdoere.com.br\/#organization\"},\"potentialAction\":[{\"@type\":\"SearchAction\",\"target\":{\"@type\":\"EntryPoint\",\"urlTemplate\":\"https:\/\/blogdoere.com.br\/?s={search_term_string}\"},\"query-input\":\"required name=search_term_string\"}],\"inLanguage\":\"pt-PT\"},{\"@type\":\"Organization\",\"@id\":\"https:\/\/blogdoere.com.br\/#organization\",\"name\":\"Blog do Er\u00ea\",\"url\":\"https:\/\/blogdoere.com.br\/\",\"logo\":{\"@type\":\"ImageObject\",\"inLanguage\":\"pt-PT\",\"@id\":\"https:\/\/blogdoere.com.br\/#\/schema\/logo\/image\/\",\"url\":\"https:\/\/blogdoere.com.br\/wp-content\/uploads\/2021\/11\/Logo-Ere-1.png\",\"contentUrl\":\"https:\/\/blogdoere.com.br\/wp-content\/uploads\/2021\/11\/Logo-Ere-1.png\",\"width\":1261,\"height\":1330,\"caption\":\"Blog do Er\u00ea\"},\"image\":{\"@id\":\"https:\/\/blogdoere.com.br\/#\/schema\/logo\/image\/\"}},{\"@type\":\"Person\",\"@id\":\"https:\/\/blogdoere.com.br\/#\/schema\/person\/4b56ed2336cb28ae3415ce8ffe56742e\",\"name\":\"Ere\",\"image\":{\"@type\":\"ImageObject\",\"inLanguage\":\"pt-PT\",\"@id\":\"https:\/\/blogdoere.com.br\/#\/schema\/person\/image\/\",\"url\":\"https:\/\/secure.gravatar.com\/avatar\/?s=96&d=mm&r=g\",\"contentUrl\":\"https:\/\/secure.gravatar.com\/avatar\/?s=96&d=mm&r=g\",\"caption\":\"Ere\"}}]}<\/script>\n<!-- \/ Yoast SEO plugin. -->","yoast_head_json":{"title":"ITAJU\u00cdPE: PREFEITURA REALIZA NOS DIAS 23 E 24 LIVE FORR\u00d3 NA ESTA\u00c7\u00c3O. - blog do er\u00ea","robots":{"index":"index","follow":"follow","max-snippet":"max-snippet:-1","max-image-preview":"max-image-preview:large","max-video-preview":"max-video-preview:-1"},"canonical":"https:\/\/blogdoere.com.br\/?p=25959","og_locale":"pt_PT","og_type":"article","og_title":"ITAJU\u00cdPE: PREFEITURA REALIZA NOS DIAS 23 E 24 LIVE FORR\u00d3 NA ESTA\u00c7\u00c3O. - blog do er\u00ea","og_description":"A Prefeitura Municipal de Itaju\u00edpe, atrav\u00e9s da Secretaria e Diretoria de Cultura, realizar\u00e1 nos dias 23 e 24 de junho, a Live Forr\u00f3 na Esta\u00e7\u00e3o. Al\u00e9m de promover a cultura...","og_url":"https:\/\/blogdoere.com.br\/?p=25959","og_site_name":"blog do er\u00ea","article_published_time":"2021-06-12T01:21:00+00:00","article_modified_time":"2021-11-11T05:39:21+00:00","og_image":[{"width":1024,"height":682,"url":"https:\/\/blogdoere.com.br\/wp-content\/uploads\/2021\/06\/IMG-20210611-WA0298.jpg","type":"image\/jpeg"}],"author":"Ere","twitter_card":"summary_large_image","twitter_misc":{"Escrito por":"Ere","Tempo estimado de leitura":"2 minutos"},"schema":{"@context":"https:\/\/schema.org","@graph":[{"@type":"Article","@id":"https:\/\/blogdoere.com.br\/?p=25959#article","isPartOf":{"@id":"https:\/\/blogdoere.com.br\/?p=25959"},"author":{"name":"Ere","@id":"https:\/\/blogdoere.com.br\/#\/schema\/person\/4b56ed2336cb28ae3415ce8ffe56742e"},"headline":"ITAJU\u00cdPE: PREFEITURA REALIZA NOS DIAS 23 E 24 LIVE FORR\u00d3 NA ESTA\u00c7\u00c3O.","datePublished":"2021-06-12T01:21:00+00:00","dateModified":"2021-11-11T05:39:21+00:00","mainEntityOfPage":{"@id":"https:\/\/blogdoere.com.br\/?p=25959"},"wordCount":319,"commentCount":0,"publisher":{"@id":"https:\/\/blogdoere.com.br\/#organization"},"articleSection":["Cultura","M\u00fasica"],"inLanguage":"pt-PT","potentialAction":[{"@type":"CommentAction","name":"Comment","target":["https:\/\/blogdoere.com.br\/?p=25959#respond"]}]},{"@type":"WebPage","@id":"https:\/\/blogdoere.com.br\/?p=25959","url":"https:\/\/blogdoere.com.br\/?p=25959","name":"ITAJU\u00cdPE: PREFEITURA REALIZA NOS DIAS 23 E 24 LIVE FORR\u00d3 NA ESTA\u00c7\u00c3O. - blog do er\u00ea","isPartOf":{"@id":"https:\/\/blogdoere.com.br\/#website"},"datePublished":"2021-06-12T01:21:00+00:00","dateModified":"2021-11-11T05:39:21+00:00","breadcrumb":{"@id":"https:\/\/blogdoere.com.br\/?p=25959#breadcrumb"},"inLanguage":"pt-PT","potentialAction":[{"@type":"ReadAction","target":["https:\/\/blogdoere.com.br\/?p=25959"]}]},{"@type":"BreadcrumbList","@id":"https:\/\/blogdoere.com.br\/?p=25959#breadcrumb","itemListElement":[{"@type":"ListItem","position":1,"name":"In\u00edcio","item":"https:\/\/blogdoere.com.br\/"},{"@type":"ListItem","position":2,"name":"ITAJU\u00cdPE: PREFEITURA REALIZA NOS DIAS 23 E 24 LIVE FORR\u00d3 NA ESTA\u00c7\u00c3O."}]},{"@type":"WebSite","@id":"https:\/\/blogdoere.com.br\/#website","url":"https:\/\/blogdoere.com.br\/","name":"blog do er\u00ea","description":"","publisher":{"@id":"https:\/\/blogdoere.com.br\/#organization"},"potentialAction":[{"@type":"SearchAction","target":{"@type":"EntryPoint","urlTemplate":"https:\/\/blogdoere.com.br\/?s={search_term_string}"},"query-input":"required name=search_term_string"}],"inLanguage":"pt-PT"},{"@type":"Organization","@id":"https:\/\/blogdoere.com.br\/#organization","name":"Blog do Er\u00ea","url":"https:\/\/blogdoere.com.br\/","logo":{"@type":"ImageObject","inLanguage":"pt-PT","@id":"https:\/\/blogdoere.com.br\/#\/schema\/logo\/image\/","url":"https:\/\/blogdoere.com.br\/wp-content\/uploads\/2021\/11\/Logo-Ere-1.png","contentUrl":"https:\/\/blogdoere.com.br\/wp-content\/uploads\/2021\/11\/Logo-Ere-1.png","width":1261,"height":1330,"caption":"Blog do Er\u00ea"},"image":{"@id":"https:\/\/blogdoere.com.br\/#\/schema\/logo\/image\/"}},{"@type":"Person","@id":"https:\/\/blogdoere.com.br\/#\/schema\/person\/4b56ed2336cb28ae3415ce8ffe56742e","name":"Ere","image":{"@type":"ImageObject","inLanguage":"pt-PT","@id":"https:\/\/blogdoere.com.br\/#\/schema\/person\/image\/","url":"https:\/\/secure.gravatar.com\/avatar\/?s=96&d=mm&r=g","contentUrl":"https:\/\/secure.gravatar.com\/avatar\/?s=96&d=mm&r=g","caption":"Ere"}}]}},"featured_image_urls":{"full":["https:\/\/blogdoere.com.br\/wp-content\/uploads\/2021\/06\/IMG-20210611-WA0298.jpg",1024,682,false],"thumbnail":["https:\/\/blogdoere.com.br\/wp-content\/uploads\/2021\/06\/IMG-20210611-WA0298-150x150.jpg",150,150,true],"medium":["https:\/\/blogdoere.com.br\/wp-content\/uploads\/2021\/06\/IMG-20210611-WA0298-300x200.jpg",300,200,true],"medium_large":["https:\/\/blogdoere.com.br\/wp-content\/uploads\/2021\/06\/IMG-20210611-WA0298-768x512.jpg",768,512,true],"large":["https:\/\/blogdoere.com.br\/wp-content\/uploads\/2021\/06\/IMG-20210611-WA0298.jpg",1024,682,false],"1536x1536":["https:\/\/blogdoere.com.br\/wp-content\/uploads\/2021\/06\/IMG-20210611-WA0298.jpg",1024,682,false],"2048x2048":["https:\/\/blogdoere.com.br\/wp-content\/uploads\/2021\/06\/IMG-20210611-WA0298.jpg",1024,682,false]},"author_info":{"display_name":"Ere","author_link":"https:\/\/blogdoere.com.br\/?author=2"},"category_info":"<a href=\"https:\/\/blogdoere.com.br\/?cat=37\" rel=\"category\">Cultura<\/a> <a href=\"https:\/\/blogdoere.com.br\/?cat=59\" rel=\"category\">M\u00fasica<\/a>","tag_info":"M\u00fasica","comment_count":"0","_links":{"self":[{"href":"https:\/\/blogdoere.com.br\/index.php?rest_route=\/wp\/v2\/posts\/25959","targetHints":{"allow":["GET"]}}],"collection":[{"href":"https:\/\/blogdoere.com.br\/index.php?rest_route=\/wp\/v2\/posts"}],"about":[{"href":"https:\/\/blogdoere.com.br\/index.php?rest_route=\/wp\/v2\/types\/post"}],"author":[{"embeddable":true,"href":"https:\/\/blogdoere.com.br\/index.php?rest_route=\/wp\/v2\/users\/2"}],"replies":[{"embeddable":true,"href":"https:\/\/blogdoere.com.br\/index.php?rest_route=%2Fwp%2Fv2%2Fcomments&post=25959"}],"version-history":[{"count":2,"href":"https:\/\/blogdoere.com.br\/index.php?rest_route=\/wp\/v2\/posts\/25959\/revisions"}],"predecessor-version":[{"id":27213,"href":"https:\/\/blogdoere.com.br\/index.php?rest_route=\/wp\/v2\/posts\/25959\/revisions\/27213"}],"wp:featuredmedia":[{"embeddable":true,"href":"https:\/\/blogdoere.com.br\/index.php?rest_route=\/wp\/v2\/media\/27008"}],"wp:attachment":[{"href":"https:\/\/blogdoere.com.br\/index.php?rest_route=%2Fwp%2Fv2%2Fmedia&parent=25959"}],"wp:term":[{"taxonomy":"category","embeddable":true,"href":"https:\/\/blogdoere.com.br\/index.php?rest_route=%2Fwp%2Fv2%2Fcategories&post=25959"},{"taxonomy":"post_tag","embeddable":true,"href":"https:\/\/blogdoere.com.br\/index.php?rest_route=%2Fwp%2Fv2%2Ftags&post=25959"}],"curies":[{"name":"wp","href":"https:\/\/api.w.org\/{rel}","templated":true}]}}