{"id":25960,"date":"2021-06-11T22:51:00","date_gmt":"2021-06-11T22:51:00","guid":{"rendered":"http:\/\/blogdoere.com.br\/?p=25960"},"modified":"2021-11-11T05:33:01","modified_gmt":"2021-11-11T05:33:01","slug":"bahia-dirigente-da-abi-esta-preocupado-com-violencia-contra-jornalistas","status":"publish","type":"post","link":"https:\/\/blogdoere.com.br\/?p=25960","title":{"rendered":"BAHIA: DIRIGENTE DA ABI EST\u00c1 PREOCUPADO COM VIOL\u00caNCIA CONTRA JORNALISTAS"},"content":{"rendered":"<div style=\"clear: both; text-align: center;\"><a href=\"https:\/\/blogdoere.com.br\/wp-content\/uploads\/2021\/06\/FOTO_20210611_194726.jpg\" style=\"margin-left: 1em; margin-right: 1em;\"><img decoding=\"async\" border=\"0\" data-original-height=\"384\" data-original-width=\"661\" src=\"https:\/\/blogdoere.com.br\/wp-content\/uploads\/2021\/06\/FOTO_20210611_194726-300x174.jpg\" width=\"320\" \/><\/a><\/div>\n<p><\/p>\n<p>&nbsp;NOTA \u00c0 IMPRENSA<\/p>\n<p>Salvador, 10 de Junho de 2021.<\/p>\n<p style=\"text-align: justify;\">Por interm\u00e9dio dessa carta aberta \u00e0 imprensa e a toda a sociedade civil, motivado pela preocupa\u00e7\u00e3o com a crescente escalada de viol\u00eancia contra jornalistas em todo o estado da Bahia, eu, Fabio Costa Pinto, jornalista, s\u00f3cio efetivo da Associa\u00e7\u00e3o Brasileira de Imprensa \u2013 ABI, e membro do GT \u2013 Imprensa Brasil, pela democracia e dignidade, representando aqui milhares de profissionais da comunica\u00e7\u00e3o em toda a Bahia, venho reivindicar solu\u00e7\u00f5es junto \u00e0s autoridades governamentais, representantes da Seguran\u00e7a P\u00fablica e do Poder Judici\u00e1rio para esse grave problema que tem atingido toda a nossa categoria.<\/p>\n<p style=\"text-align: justify;\">Solicitamos a apura\u00e7\u00e3o, investiga\u00e7\u00e3o, justi\u00e7a e prote\u00e7\u00e3o aos jornalistas atingidos por amea\u00e7as, agress\u00f5es, persegui\u00e7\u00f5es, ass\u00e9dio moral, assassinatos e crescentes ataques milicianos durante o exerc\u00edcio da profiss\u00e3o em nosso estado. Tais crimes n\u00e3o atingem apenas a vida profissional, mas tamb\u00e9m pessoal e familiar dos jornalistas. Cria seq\u00fcelas f\u00edsicas e emocionais graves.&nbsp;<\/p>\n<p style=\"text-align: justify;\">\u00c9 papel do jornalista questionar, mostrar os dois lados da not\u00edcia e denunciar as mazelas da sociedade, sem ser punido por exercer seu of\u00edcio com \u00e9tica. Como afirma o presidente nacional da Associa\u00e7\u00e3o Brasileira de imprensa, Pag\u00ea: &#8220;A democracia pressup\u00f5e o direito de cr\u00edtica e \u00e9 a obriga\u00e7\u00e3o das autoridades a garantia do exerc\u00edcio desse direito. \u00c9 preciso dar um basta nesse comportamento criminoso, cujo crescimento nos \u00faltimos tr\u00eas anos tem sido alarmantes na Bahia, desde a elei\u00e7\u00e3o do presidente Jair Messias Bolsonaro, em 2019.<\/p>\n<p style=\"text-align: justify;\">Casos como o da rep\u00f3rter Driele Veiga, da TV Aratu, chamada de &#8220;idiota&#8221; pelo presidente da Rep\u00fablica depois de ser questionado sobre a postagem da foto com a mensagem &#8220;CPF Cancelado&#8221; em meio a tantas mortes por covid no Brasil ,em 26 de abril 2021, durante evento de entrega de parte da duplica\u00e7\u00e3o da BR-101, entre Feira de Santana (BA) e a divisa  com o estado de Sergipe .&nbsp;<\/p>\n<p style=\"text-align: justify;\">A fot\u00f3grafa Paula Fr\u00f3es, do Jornal Correio, foi agredida verbalmente em 14 de mar\u00e7o 2021 durante cobertura de manifesta\u00e7\u00e3o contra as medidas de distanciamento. O caso ocorreu no bairro da Mouraria, em Salvador. Enquanto registrava imagens do evento, a rep\u00f3rter foi chamada de &#8220;palha\u00e7a&#8221; e &#8220;vagabunda&#8221;, entre outras ofensas, e foi cercada pelos manifestantes, simpatizantes ao governo de Bolsonaro, que queriam o fim do distanciamento social.&nbsp;<\/p>\n<p style=\"text-align: justify;\">Os dois casos est\u00e3o registrados no boletim de abril da Comiss\u00e3o de Defesa da Liberdade de Imprensa e dos Direitos Humanos da ABI Brasil. \u00c9 preciso cobrar do Presidente da Rep\u00fablica que n\u00e3o apenas pare de estimular as viol\u00eancias contra jornalistas, como as condene de forma explicita.<\/p>\n<p style=\"text-align: justify;\">Cobramos apura\u00e7\u00e3o e Justi\u00e7a \u00e0s persegui\u00e7\u00f5es e amea\u00e7as contra o rep\u00f3rter Bruno Wendel, do Correio, ap\u00f3s publica\u00e7\u00e3o de reportagem envolvendo um policial militar suspeito de participa\u00e7\u00e3o miliciana em extors\u00f5es e assassinatos no dia 16 de maio de 2021. O soldado foi morto durante uma opera\u00e7\u00e3o que mirava grupos de mil\u00edcia de exterm\u00ednio. Bruno recebeu quatro mensagens enviadas para seu celular, com insultos, o chamando de vagabundo. Uma liga\u00e7\u00e3o telef\u00f4nica com amea\u00e7a de morte: &#8220;O que come\u00e7ou com sangue n\u00e3o precisa terminar com sangue&#8221;. E uma manifesta\u00e7\u00e3o assinada pela 59\u00aa Companhia Independente de Pol\u00edcia Militar (Vila de Abrantes), classificando as informa\u00e7\u00f5es da mat\u00e9ria como inver\u00eddicas, mentirosas e sem credibilidade. Reivindicamos retrata\u00e7\u00e3o por entendermos serem essas a\u00e7\u00f5es absurdas e desrespeitosas, na tentativa de intimidar o trabalho da Imprensa.&nbsp;<\/p>\n<p style=\"text-align: justify;\">Reivindicamos investiga\u00e7\u00e3o, prote\u00e7\u00e3o e justi\u00e7a contra as intimida\u00e7\u00f5es, persegui\u00e7\u00f5es e amea\u00e7as de morte \u00e0 jornalista investigativa, especialista em seguran\u00e7a p\u00fablica e ci\u00eancias pol\u00edticas, Milmara Nogueira e sua fam\u00edlia. Atuante e estudiosa no combate ao crime organizado e mil\u00edcias no estado, Milmara vem denunciando, desde 2018, o crescimento de organiza\u00e7\u00f5es criminosas oriundas do eixo Rio\/S\u00e3o Paulo na Bahia e em todos os estados do nordeste e a\u00e7\u00f5es milicianas de grupos de exterm\u00ednio no setor imobili\u00e1rio, grilagem de terras, expuls\u00e3o de moradores de aluguel e propriet\u00e1rios de suas resid\u00eancias. Situa\u00e7\u00e3o que se agravou coincidentemente desde a ascens\u00e3o do Presidente Bolsonaro ao poder em 2019. Nos \u00faltimos dois meses a jornalista sofreu duas Fake News, anunciando sua morte. A \u00faltima delas, no dia 7 de abril, (em que se comemora o Dia dos Jornalistas), cerca de vinte dias antes do desembarque do Sr. Presidente \u00e0 Bahia, no m\u00eas passado. O que consideramos como um recado para toda a nossa classe. No \u00faltimo domingo, 06 de junho de 2021, ocorreram mais ataques virtuais. Quem fazia buscas ao nome da colega encontrava diversas mat\u00e9rias que em nada tinham a ver com a jornalista, nem foram escritas por ela, mas constavam vincula\u00e7\u00e3o ao seu nome como: &#8220;Os transtornos mentais enfrentados pelo soldado Wesley&#8221;, morto pelo Bope no Farol da Barra em mar\u00e7o deste ano e &#8220;Mulher presa por receber coca\u00edna em casa atrav\u00e9s dos correios&#8221;. Todas do mesmo site de onde se originou a Fake News com a morte da jornalista. O que soou como intimida\u00e7\u00e3o e amea\u00e7a \u00e0 vida e ao car\u00e1ter da colega. Exigimos a apura\u00e7\u00e3o precisa desses tipos de crimes cibern\u00e9ticos contra jornalistas.<\/p>\n<p style=\"text-align: justify;\">Cobramos resposta ao assassinato do produtor da Record, TV Itapoan, Jos\u00e9 Bonfim Pitangueira, morto com 11 tiros, a caminho do trabalho na manha do dia 09 de abril de 2021. At\u00e9 o momento os executores e mandantes n\u00e3o foram presos. O ataque ocorreu na rua onde Jos\u00e9 morava, no bairro da Federa\u00e7\u00e3o, em Salvador. Testemunhas relataram que ao menos tr\u00eas atiradores estavam dentro de um carro branco e fugiram logo ap\u00f3s o crime, por volta das 8 horas da manh\u00e3. At\u00e9 o momento nem mandantes, nem executores foram presos.<\/p>\n<p style=\"text-align: justify;\">Solicitamos a imediata apura\u00e7\u00e3o \u00e0 viol\u00eancia contra o radialista e jornalista Davi Alves, da R\u00e1dio Alvorada FM, no munic\u00edpio de Jeremoabo\/BA, em setembro de 2020. Davi realizava mat\u00e9ria sobre o uso de material da administra\u00e7\u00e3o municipal, em obra particular, quando foi agredido f\u00edsica e verbalmente, por funcion\u00e1rios e pelo secret\u00e1rio de Infraestrutura, Jo\u00e3o Batista Andrade, durante gest\u00e3o do prefeito Derisvaldo dos Santos (PP). Um ano ap\u00f3s o crime, nenhuma resposta foi dada.&nbsp;<\/p>\n<p style=\"text-align: justify;\">Cobramos a elucida\u00e7\u00e3o do crime cometido contra o radialista Weverton Rabelo Fr\u00f3es, conhecido como Toninho Locutor, de 32 anos, no dia 4 de abril deste ano. Ele foi morto a tiros em frente \u00e0 casa onde morava, em Planaltino, centro sul da Bahia, na regi\u00e3o de Fazenda Guariba, zona rural da cidade. Segundo informa\u00e7\u00f5es da Pol\u00edcia Civil, um homem chegou ao local em uma motocicleta, disparou contra ele e fugiu em seguida. Toninho Locutor tinha um quadro de humor em uma r\u00e1dio na cidade de Planaltino e fazia criticas \u00e0 gest\u00e3o municipal do ent\u00e3o prefeito Romi (PL). At\u00e9 o momento, nem executores, nem mandantes foram presos.<\/p>\n<p style=\"text-align: justify;\">Pedimos a apura\u00e7\u00e3o com rigor da morte do jornalista e radialista Geolino Lopes Xavier, de 44 anos, conhecido como Gel Lopes, morto a tiros, no centro de Teixeira de Freitas, extremo-sul da Bahia, no dia 27 de fevereiro de 2014, por homens n\u00e3o identificados. A v\u00edtima era um dos diretores do portal N3 e foi morta no interior de seu ve\u00edculo. Radialista, apresentador de TV, ex-vereador do munic\u00edpio de Teixeira de Freitas, entre 2004 a 2008, Gel era, na \u00e9poca, pr\u00e9-candidato a deputado federal pelo PL. O filho de Gel, o tamb\u00e9m jornalista Joris Bento Xavier, lamenta a lentid\u00e3o na elucida\u00e7\u00e3o do crime.<\/p>\n<p style=\"text-align: justify;\">Exatos 23 anos ap\u00f3s o assassinato do jornalista Manoel Leal de Oliveira, ocorrido em 14 de janeiro de 1998, os mandantes do crime continuam impunes. Tr\u00eas pessoas foram acusadas pelo assassinato. Apenas o ex-policial Mozart Brasil foi condenado , em setembro de 2003, a 18 anos de pris\u00e3o. De 2003 at\u00e9 fevereiro de 2007, ap\u00f3s a condena\u00e7\u00e3o, ele continuou trabalhando normalmente na Secretaria de Seguran\u00e7a P\u00fablica, em Salvador, gra\u00e7as a um Habeas Corpus concedido, em uma v\u00e9spera de Natal. Manoel Leal de Oliveira era editor e fundador do jornal A Regi\u00e3o. Foi assassinado ap\u00f3s detalhar no jornal irregularidades cometidas por integrantes da administra\u00e7\u00e3o municipal durante o governo do ent\u00e3o prefeito Fernando Gomes de Oliveira, em Itabuna, sua da Bahia. Existe um pedido de reabertura do inqu\u00e9rito para investigar os mandantes, que est\u00e1 h\u00e1 anos no TJ da Bahia. \u00c9 preciso agilizar e priorizar este tipo de a\u00e7\u00e3o. Porque como afirma o filho do jornalista, o tamb\u00e9m jornalista Marcel Leal, &#8220;a morte de um jornalista \u00e9 a morte da liberdade de informa\u00e7\u00e3o de um pa\u00eds&#8221;. Nos anos 90, 10 jornalistas foram assassinados na Bahia em 10 anos.<\/p>\n<p style=\"text-align: justify;\">Tamb\u00e9m, por meio deste documento democr\u00e1tico, alertamos e viemos denunciar sobre a urg\u00eancia em combater o crescimento acelerado de grupos milicianos em territ\u00f3rio baiano, com a\u00e7\u00f5es de fiscaliza\u00e7\u00e3o das atua\u00e7\u00f5es das pol\u00edcias e corregedorias das pol\u00edcias.<\/p>\n<p style=\"text-align: justify;\">Vem sendo denunciada, por diversos setores da sociedade, em documentos sigilosos, a exist\u00eancia da atua\u00e7\u00e3o de milicianos, na Bahia, desde 2003, e esse modelo empresarial de grilagem de terras; expuls\u00e3o de moradores de aluguel; dom\u00ednios de bairros inteiros, para explora\u00e7\u00e3o imobili\u00e1ria; crescimento alarmante de grupos de extors\u00e3o e exterm\u00ednio nos bairros mais pobres, al\u00e9m de alian\u00e7as ao crime organizado terem sido ampliadas logo ap\u00f3s a elei\u00e7\u00e3o do presidente Jair Bolsonaro, em 2019. O modelo miliciano carioca chegou \u00e0 Bahia, depois da vinda, para o estado, de milicianos como Adriano da N\u00f3brega (morto na Bahia em 2020).<\/p>\n<p style=\"text-align: justify;\">Em novembro do ano passado, numa atua\u00e7\u00e3o conjunta das pol\u00edcias Civil e Militar da Bahia e do Rio de Janeiro, foi preso, no sul da Bahia, outro miliciano carioca, o policial militar Rodrigo Silva das Neves, acusado de ser um dos assassinos de Fernando Ign\u00e1cio de Miranda, genro do bicheiro Castor de Andrade.<\/p>\n<p style=\"text-align: justify;\">S\u00f3 este ano foram presos cerca de 20 integrantes das for\u00e7as de seguran\u00e7a, associados com crimes, fato constatado atrav\u00e9s de estat\u00edsticas, por \u00f3rg\u00e3os diversos, em contato com jornalistas e pesquisadores da Seguran\u00e7a P\u00fablica no Estado.<\/p>\n<p style=\"text-align: justify;\">No \u00faltimo dia 5 de maio, a Pol\u00edcia Militar prendeu tr\u00eas ex-agentes penitenci\u00e1rios, suspeitos da tentativa de seq\u00fcestro a um empres\u00e1rio de Cruz das Almas, cidade da regi\u00e3o do Rec\u00f4ncavo Baiano.<\/p>\n<p style=\"text-align: justify;\">No dia 17 de abril, um ex-policial civil foi preso por envolvimento com uma quadrilha de traficantes da Boca do Rio, em Salvador\/BA. Ainda no m\u00eas de abril, dois policiais civis foram presos pelo Grupo de Atua\u00e7\u00e3o Especial de Combate \u00e0s Organiza\u00e7\u00f5es Criminosas e Investiga\u00e7\u00f5es Criminais \u2013 Gaeco, por associa\u00e7\u00e3o com plantadores de maconha, na regi\u00e3o da Chapada Diamantina.<\/p>\n<p style=\"text-align: justify;\">Em fevereiro deste ano, sete policiais militares e um policial civil foram presos por integrar uma mil\u00edcia que praticava diversos crimes de homic\u00eddio e intimida\u00e7\u00e3o coletiva, em munic\u00edpios no sul e sudoeste da Bahia, como Vit\u00f3ria da Conquista, Teixeira de Freitas, Porto Seguro, Itabuna, Ilh\u00e9us e Itacar\u00e9.<\/p>\n<p style=\"text-align: justify;\">Por fim, reivindicamos a\u00e7\u00f5es en\u00e9rgicas e acompanhamento minucioso sobre as investiga\u00e7\u00f5es nos epis\u00f3dios de tortura e morte dos jovens Bruno e Yan Barros, tio e sobrinho, respectivamente, entregues a supostos &#8220;traficantes&#8221; e assassinados no dia 26 de abril, depois de supostamente terem furtado carne, no supermercado Atakarejo, no bairro do Nordeste de Amaralina, em Salvador\/BA.<\/p>\n<p style=\"text-align: justify;\">Protocolamos na tarde do dia  25\/05\/2021, uma Carta de Reivindica\u00e7\u00f5es, nas comiss\u00f5es de Direitos Humanos e Seguran\u00e7a P\u00fablica, e a de Constitui\u00e7ao e Justi\u00e7a da Assembleia Legislativa do Estado \u2013 Alba, da Bahia. Estamos aguardando pronunciamneto dos senhores deputados.&nbsp;<\/p>\n<p style=\"text-align: justify;\">Reafirmamos, portanto, o nosso apoio a esta luta, \u00e1rdua e democr\u00e1tica, nos colocando \u00e0 disposi\u00e7\u00e3o para buscar solu\u00e7\u00f5es. Assim como acreditamos que unidos podemos encontrar um caminho de seguran\u00e7a, solidariedade, uni\u00e3o e justi\u00e7a para todos os baianos.<\/p>\n<p style=\"text-align: justify;\">Cordial abra\u00e7o,&nbsp;<\/p>\n<p style=\"text-align: justify;\">Fabio Costa Pinto, jornalista, s\u00f3cio efetivo da Associa\u00e7\u00e3o Brasileira de Imprensa \u2013 ABI e Representante na Bahia.&nbsp;<\/p>\n<p style=\"text-align: justify;\">Filiado a FENAJ e ao Sinjorba.<\/p>\n","protected":false},"excerpt":{"rendered":"<p>&nbsp;NOTA \u00c0 IMPRENSA Salvador, 10 de Junho de 2021. Por interm\u00e9dio dessa carta aberta \u00e0 imprensa e a toda a sociedade civil, motivado pela preocupa\u00e7\u00e3o com a crescente escalada de&#8230;<\/p>\n","protected":false},"author":2,"featured_media":27010,"comment_status":"open","ping_status":"open","sticky":false,"template":"","format":"standard","meta":{"_editorskit_title_hidden":false,"_editorskit_reading_time":0,"_editorskit_is_block_options_detached":false,"_editorskit_block_options_position":"{}","om_disable_all_campaigns":false,"_mi_skip_tracking":false,"_kad_post_transparent":"","_kad_post_title":"","_kad_post_layout":"","_kad_post_sidebar_id":"","_kad_post_content_style":"","_kad_post_vertical_padding":"","_kad_post_feature":"","_kad_post_feature_position":"","_kad_post_header":false,"_kad_post_footer":false,"footnotes":""},"categories":[60],"tags":[],"class_list":["post-25960","post","type-post","status-publish","format-standard","has-post-thumbnail","hentry","category-uncategorized"],"yoast_head":"<!-- This site is optimized with the Yoast SEO plugin v20.5 - https:\/\/yoast.com\/wordpress\/plugins\/seo\/ -->\n<title>BAHIA: DIRIGENTE DA ABI EST\u00c1 PREOCUPADO COM VIOL\u00caNCIA CONTRA JORNALISTAS - blog do er\u00ea<\/title>\n<meta name=\"robots\" content=\"index, follow, max-snippet:-1, max-image-preview:large, max-video-preview:-1\" \/>\n<link rel=\"canonical\" href=\"https:\/\/blogdoere.com.br\/?p=25960\" \/>\n<meta property=\"og:locale\" content=\"pt_PT\" \/>\n<meta property=\"og:type\" content=\"article\" \/>\n<meta property=\"og:title\" content=\"BAHIA: DIRIGENTE DA ABI EST\u00c1 PREOCUPADO COM VIOL\u00caNCIA CONTRA JORNALISTAS - blog do er\u00ea\" \/>\n<meta property=\"og:description\" content=\"&nbsp;NOTA \u00c0 IMPRENSA Salvador, 10 de Junho de 2021. Por interm\u00e9dio dessa carta aberta \u00e0 imprensa e a toda a sociedade civil, motivado pela preocupa\u00e7\u00e3o com a crescente escalada de...\" \/>\n<meta property=\"og:url\" content=\"https:\/\/blogdoere.com.br\/?p=25960\" \/>\n<meta property=\"og:site_name\" content=\"blog do er\u00ea\" \/>\n<meta property=\"article:published_time\" content=\"2021-06-11T22:51:00+00:00\" \/>\n<meta property=\"article:modified_time\" content=\"2021-11-11T05:33:01+00:00\" \/>\n<meta property=\"og:image\" content=\"https:\/\/blogdoere.com.br\/wp-content\/uploads\/2021\/06\/FOTO_20210611_194726.jpg\" \/>\n\t<meta property=\"og:image:width\" content=\"661\" \/>\n\t<meta property=\"og:image:height\" content=\"384\" \/>\n\t<meta property=\"og:image:type\" content=\"image\/jpeg\" \/>\n<meta name=\"author\" content=\"Ere\" \/>\n<meta name=\"twitter:card\" content=\"summary_large_image\" \/>\n<meta name=\"twitter:label1\" content=\"Escrito por\" \/>\n\t<meta name=\"twitter:data1\" content=\"Ere\" \/>\n\t<meta name=\"twitter:label2\" content=\"Tempo estimado de leitura\" \/>\n\t<meta name=\"twitter:data2\" content=\"10 minutos\" \/>\n<script type=\"application\/ld+json\" class=\"yoast-schema-graph\">{\"@context\":\"https:\/\/schema.org\",\"@graph\":[{\"@type\":\"Article\",\"@id\":\"https:\/\/blogdoere.com.br\/?p=25960#article\",\"isPartOf\":{\"@id\":\"https:\/\/blogdoere.com.br\/?p=25960\"},\"author\":{\"name\":\"Ere\",\"@id\":\"https:\/\/blogdoere.com.br\/#\/schema\/person\/4b56ed2336cb28ae3415ce8ffe56742e\"},\"headline\":\"BAHIA: DIRIGENTE DA ABI EST\u00c1 PREOCUPADO COM VIOL\u00caNCIA CONTRA JORNALISTAS\",\"datePublished\":\"2021-06-11T22:51:00+00:00\",\"dateModified\":\"2021-11-11T05:33:01+00:00\",\"mainEntityOfPage\":{\"@id\":\"https:\/\/blogdoere.com.br\/?p=25960\"},\"wordCount\":2064,\"commentCount\":0,\"publisher\":{\"@id\":\"https:\/\/blogdoere.com.br\/#organization\"},\"articleSection\":[\"Outros\"],\"inLanguage\":\"pt-PT\",\"potentialAction\":[{\"@type\":\"CommentAction\",\"name\":\"Comment\",\"target\":[\"https:\/\/blogdoere.com.br\/?p=25960#respond\"]}]},{\"@type\":\"WebPage\",\"@id\":\"https:\/\/blogdoere.com.br\/?p=25960\",\"url\":\"https:\/\/blogdoere.com.br\/?p=25960\",\"name\":\"BAHIA: DIRIGENTE DA ABI EST\u00c1 PREOCUPADO COM VIOL\u00caNCIA CONTRA JORNALISTAS - blog do er\u00ea\",\"isPartOf\":{\"@id\":\"https:\/\/blogdoere.com.br\/#website\"},\"datePublished\":\"2021-06-11T22:51:00+00:00\",\"dateModified\":\"2021-11-11T05:33:01+00:00\",\"breadcrumb\":{\"@id\":\"https:\/\/blogdoere.com.br\/?p=25960#breadcrumb\"},\"inLanguage\":\"pt-PT\",\"potentialAction\":[{\"@type\":\"ReadAction\",\"target\":[\"https:\/\/blogdoere.com.br\/?p=25960\"]}]},{\"@type\":\"BreadcrumbList\",\"@id\":\"https:\/\/blogdoere.com.br\/?p=25960#breadcrumb\",\"itemListElement\":[{\"@type\":\"ListItem\",\"position\":1,\"name\":\"In\u00edcio\",\"item\":\"https:\/\/blogdoere.com.br\/\"},{\"@type\":\"ListItem\",\"position\":2,\"name\":\"BAHIA: DIRIGENTE DA ABI EST\u00c1 PREOCUPADO COM VIOL\u00caNCIA CONTRA JORNALISTAS\"}]},{\"@type\":\"WebSite\",\"@id\":\"https:\/\/blogdoere.com.br\/#website\",\"url\":\"https:\/\/blogdoere.com.br\/\",\"name\":\"blog do er\u00ea\",\"description\":\"\",\"publisher\":{\"@id\":\"https:\/\/blogdoere.com.br\/#organization\"},\"potentialAction\":[{\"@type\":\"SearchAction\",\"target\":{\"@type\":\"EntryPoint\",\"urlTemplate\":\"https:\/\/blogdoere.com.br\/?s={search_term_string}\"},\"query-input\":\"required name=search_term_string\"}],\"inLanguage\":\"pt-PT\"},{\"@type\":\"Organization\",\"@id\":\"https:\/\/blogdoere.com.br\/#organization\",\"name\":\"Blog do Er\u00ea\",\"url\":\"https:\/\/blogdoere.com.br\/\",\"logo\":{\"@type\":\"ImageObject\",\"inLanguage\":\"pt-PT\",\"@id\":\"https:\/\/blogdoere.com.br\/#\/schema\/logo\/image\/\",\"url\":\"https:\/\/blogdoere.com.br\/wp-content\/uploads\/2021\/11\/Logo-Ere-1.png\",\"contentUrl\":\"https:\/\/blogdoere.com.br\/wp-content\/uploads\/2021\/11\/Logo-Ere-1.png\",\"width\":1261,\"height\":1330,\"caption\":\"Blog do Er\u00ea\"},\"image\":{\"@id\":\"https:\/\/blogdoere.com.br\/#\/schema\/logo\/image\/\"}},{\"@type\":\"Person\",\"@id\":\"https:\/\/blogdoere.com.br\/#\/schema\/person\/4b56ed2336cb28ae3415ce8ffe56742e\",\"name\":\"Ere\",\"image\":{\"@type\":\"ImageObject\",\"inLanguage\":\"pt-PT\",\"@id\":\"https:\/\/blogdoere.com.br\/#\/schema\/person\/image\/\",\"url\":\"https:\/\/secure.gravatar.com\/avatar\/?s=96&d=mm&r=g\",\"contentUrl\":\"https:\/\/secure.gravatar.com\/avatar\/?s=96&d=mm&r=g\",\"caption\":\"Ere\"}}]}<\/script>\n<!-- \/ Yoast SEO plugin. -->","yoast_head_json":{"title":"BAHIA: DIRIGENTE DA ABI EST\u00c1 PREOCUPADO COM VIOL\u00caNCIA CONTRA JORNALISTAS - blog do er\u00ea","robots":{"index":"index","follow":"follow","max-snippet":"max-snippet:-1","max-image-preview":"max-image-preview:large","max-video-preview":"max-video-preview:-1"},"canonical":"https:\/\/blogdoere.com.br\/?p=25960","og_locale":"pt_PT","og_type":"article","og_title":"BAHIA: DIRIGENTE DA ABI EST\u00c1 PREOCUPADO COM VIOL\u00caNCIA CONTRA JORNALISTAS - blog do er\u00ea","og_description":"&nbsp;NOTA \u00c0 IMPRENSA Salvador, 10 de Junho de 2021. Por interm\u00e9dio dessa carta aberta \u00e0 imprensa e a toda a sociedade civil, motivado pela preocupa\u00e7\u00e3o com a crescente escalada de...","og_url":"https:\/\/blogdoere.com.br\/?p=25960","og_site_name":"blog do er\u00ea","article_published_time":"2021-06-11T22:51:00+00:00","article_modified_time":"2021-11-11T05:33:01+00:00","og_image":[{"width":661,"height":384,"url":"https:\/\/blogdoere.com.br\/wp-content\/uploads\/2021\/06\/FOTO_20210611_194726.jpg","type":"image\/jpeg"}],"author":"Ere","twitter_card":"summary_large_image","twitter_misc":{"Escrito por":"Ere","Tempo estimado de leitura":"10 minutos"},"schema":{"@context":"https:\/\/schema.org","@graph":[{"@type":"Article","@id":"https:\/\/blogdoere.com.br\/?p=25960#article","isPartOf":{"@id":"https:\/\/blogdoere.com.br\/?p=25960"},"author":{"name":"Ere","@id":"https:\/\/blogdoere.com.br\/#\/schema\/person\/4b56ed2336cb28ae3415ce8ffe56742e"},"headline":"BAHIA: DIRIGENTE DA ABI EST\u00c1 PREOCUPADO COM VIOL\u00caNCIA CONTRA JORNALISTAS","datePublished":"2021-06-11T22:51:00+00:00","dateModified":"2021-11-11T05:33:01+00:00","mainEntityOfPage":{"@id":"https:\/\/blogdoere.com.br\/?p=25960"},"wordCount":2064,"commentCount":0,"publisher":{"@id":"https:\/\/blogdoere.com.br\/#organization"},"articleSection":["Outros"],"inLanguage":"pt-PT","potentialAction":[{"@type":"CommentAction","name":"Comment","target":["https:\/\/blogdoere.com.br\/?p=25960#respond"]}]},{"@type":"WebPage","@id":"https:\/\/blogdoere.com.br\/?p=25960","url":"https:\/\/blogdoere.com.br\/?p=25960","name":"BAHIA: DIRIGENTE DA ABI EST\u00c1 PREOCUPADO COM VIOL\u00caNCIA CONTRA JORNALISTAS - blog do er\u00ea","isPartOf":{"@id":"https:\/\/blogdoere.com.br\/#website"},"datePublished":"2021-06-11T22:51:00+00:00","dateModified":"2021-11-11T05:33:01+00:00","breadcrumb":{"@id":"https:\/\/blogdoere.com.br\/?p=25960#breadcrumb"},"inLanguage":"pt-PT","potentialAction":[{"@type":"ReadAction","target":["https:\/\/blogdoere.com.br\/?p=25960"]}]},{"@type":"BreadcrumbList","@id":"https:\/\/blogdoere.com.br\/?p=25960#breadcrumb","itemListElement":[{"@type":"ListItem","position":1,"name":"In\u00edcio","item":"https:\/\/blogdoere.com.br\/"},{"@type":"ListItem","position":2,"name":"BAHIA: DIRIGENTE DA ABI EST\u00c1 PREOCUPADO COM VIOL\u00caNCIA CONTRA JORNALISTAS"}]},{"@type":"WebSite","@id":"https:\/\/blogdoere.com.br\/#website","url":"https:\/\/blogdoere.com.br\/","name":"blog do er\u00ea","description":"","publisher":{"@id":"https:\/\/blogdoere.com.br\/#organization"},"potentialAction":[{"@type":"SearchAction","target":{"@type":"EntryPoint","urlTemplate":"https:\/\/blogdoere.com.br\/?s={search_term_string}"},"query-input":"required name=search_term_string"}],"inLanguage":"pt-PT"},{"@type":"Organization","@id":"https:\/\/blogdoere.com.br\/#organization","name":"Blog do Er\u00ea","url":"https:\/\/blogdoere.com.br\/","logo":{"@type":"ImageObject","inLanguage":"pt-PT","@id":"https:\/\/blogdoere.com.br\/#\/schema\/logo\/image\/","url":"https:\/\/blogdoere.com.br\/wp-content\/uploads\/2021\/11\/Logo-Ere-1.png","contentUrl":"https:\/\/blogdoere.com.br\/wp-content\/uploads\/2021\/11\/Logo-Ere-1.png","width":1261,"height":1330,"caption":"Blog do Er\u00ea"},"image":{"@id":"https:\/\/blogdoere.com.br\/#\/schema\/logo\/image\/"}},{"@type":"Person","@id":"https:\/\/blogdoere.com.br\/#\/schema\/person\/4b56ed2336cb28ae3415ce8ffe56742e","name":"Ere","image":{"@type":"ImageObject","inLanguage":"pt-PT","@id":"https:\/\/blogdoere.com.br\/#\/schema\/person\/image\/","url":"https:\/\/secure.gravatar.com\/avatar\/?s=96&d=mm&r=g","contentUrl":"https:\/\/secure.gravatar.com\/avatar\/?s=96&d=mm&r=g","caption":"Ere"}}]}},"featured_image_urls":{"full":["https:\/\/blogdoere.com.br\/wp-content\/uploads\/2021\/06\/FOTO_20210611_194726.jpg",661,384,false],"thumbnail":["https:\/\/blogdoere.com.br\/wp-content\/uploads\/2021\/06\/FOTO_20210611_194726-150x150.jpg",150,150,true],"medium":["https:\/\/blogdoere.com.br\/wp-content\/uploads\/2021\/06\/FOTO_20210611_194726-300x174.jpg",300,174,true],"medium_large":["https:\/\/blogdoere.com.br\/wp-content\/uploads\/2021\/06\/FOTO_20210611_194726.jpg",661,384,false],"large":["https:\/\/blogdoere.com.br\/wp-content\/uploads\/2021\/06\/FOTO_20210611_194726.jpg",661,384,false],"1536x1536":["https:\/\/blogdoere.com.br\/wp-content\/uploads\/2021\/06\/FOTO_20210611_194726.jpg",661,384,false],"2048x2048":["https:\/\/blogdoere.com.br\/wp-content\/uploads\/2021\/06\/FOTO_20210611_194726.jpg",661,384,false]},"author_info":{"display_name":"Ere","author_link":"https:\/\/blogdoere.com.br\/?author=2"},"category_info":"<a href=\"https:\/\/blogdoere.com.br\/?cat=60\" rel=\"category\">Outros<\/a>","tag_info":"Outros","comment_count":"0","_links":{"self":[{"href":"https:\/\/blogdoere.com.br\/index.php?rest_route=\/wp\/v2\/posts\/25960","targetHints":{"allow":["GET"]}}],"collection":[{"href":"https:\/\/blogdoere.com.br\/index.php?rest_route=\/wp\/v2\/posts"}],"about":[{"href":"https:\/\/blogdoere.com.br\/index.php?rest_route=\/wp\/v2\/types\/post"}],"author":[{"embeddable":true,"href":"https:\/\/blogdoere.com.br\/index.php?rest_route=\/wp\/v2\/users\/2"}],"replies":[{"embeddable":true,"href":"https:\/\/blogdoere.com.br\/index.php?rest_route=%2Fwp%2Fv2%2Fcomments&post=25960"}],"version-history":[{"count":2,"href":"https:\/\/blogdoere.com.br\/index.php?rest_route=\/wp\/v2\/posts\/25960\/revisions"}],"predecessor-version":[{"id":27210,"href":"https:\/\/blogdoere.com.br\/index.php?rest_route=\/wp\/v2\/posts\/25960\/revisions\/27210"}],"wp:featuredmedia":[{"embeddable":true,"href":"https:\/\/blogdoere.com.br\/index.php?rest_route=\/wp\/v2\/media\/27010"}],"wp:attachment":[{"href":"https:\/\/blogdoere.com.br\/index.php?rest_route=%2Fwp%2Fv2%2Fmedia&parent=25960"}],"wp:term":[{"taxonomy":"category","embeddable":true,"href":"https:\/\/blogdoere.com.br\/index.php?rest_route=%2Fwp%2Fv2%2Fcategories&post=25960"},{"taxonomy":"post_tag","embeddable":true,"href":"https:\/\/blogdoere.com.br\/index.php?rest_route=%2Fwp%2Fv2%2Ftags&post=25960"}],"curies":[{"name":"wp","href":"https:\/\/api.w.org\/{rel}","templated":true}]}}