{"id":25962,"date":"2021-05-19T11:47:00","date_gmt":"2021-05-19T11:47:00","guid":{"rendered":"http:\/\/blogdoere.com.br\/?p=25962"},"modified":"2021-11-11T16:26:55","modified_gmt":"2021-11-11T16:26:55","slug":"presidente-da-amurc-vai-defender-o-retorno-das-cirurgicas-eletivas","status":"publish","type":"post","link":"https:\/\/blogdoere.com.br\/?p=25962","title":{"rendered":"PRESIDENTE DA AMURC  VAI DEFENDER O RETORNO DAS CIR\u00daRGICAS ELETIVAS."},"content":{"rendered":"<div style=\"clear: both; text-align: center;\"><a href=\"https:\/\/blogdoere.com.br\/wp-content\/uploads\/2021\/05\/FOTO_20210519_084646.jpg\" style=\"margin-left: 1em; margin-right: 1em;\"><img decoding=\"async\" border=\"0\" data-original-height=\"447\" data-original-width=\"654\" src=\"https:\/\/blogdoere.com.br\/wp-content\/uploads\/2021\/05\/FOTO_20210519_084646-300x205.jpg\" width=\"320\" \/><\/a><\/div>\n<p><span style=\"text-align: justify;\"><\/p>\n<div style=\"text-align: justify;\">Vereadores do munic\u00edpio de Coaraci e o vice-prefeito do munic\u00edpio, Milton Dias estiveram na Amurc nesta ter\u00e7a-feira, 18, apresentando a demanda da popula\u00e7\u00e3o sobre o retorno das cirurgias eletivas. Segundo o presidente da Amurc, Marcone Amaral, o assunto ser\u00e1 pauta de reuni\u00e3o da entidade, no sentido de ampliar a tem\u00e1tica entre os gestores e encaminhar o pedido \u00e0 Secretara de Sa\u00fade do Estado.<\/div>\n<p><\/span><\/p>\n<div style=\"text-align: justify;\"><\/div>\n<p><span style=\"text-align: justify;\"><\/p>\n<div style=\"text-align: justify;\">Os vereadores Jos\u00e9 Vanderlino, N\u00fabia Silva, R\u00fabia Soraia Nascimento, Nabson G\u00f3es e Givanildo Santana apresentaram ao presidente, o abaixo assinado feito durante uma sess\u00e3o na C\u00e2mara de Vereadores de Coaraci. No documento, eles sinalizam a necessidade de retorno das cirurgias eletivas, tendo em vista a grande quantidade de pessoas \u00e0 espera por procedimentos de urg\u00eancia.&nbsp;<\/div>\n<p><\/span><\/p>\n<div style=\"text-align: justify;\"><\/div>\n<p style=\"text-align: justify;\">De acordo com Marcone, a tem\u00e1tica \u201cser\u00e1, inicialmente, debatida com os gestores associados, durante a reuni\u00e3o ordin\u00e1ria da entidade. Em seguida, haver\u00e1 o encaminhamento de um pedido ao Secret\u00e1rio de Sa\u00fade do Estado para que haja uma aten\u00e7\u00e3o maior e as cirurgias retornem \u00e0 normalidade\u201d.<\/p>\n","protected":false},"excerpt":{"rendered":"<p>Vereadores do munic\u00edpio de Coaraci e o vice-prefeito do munic\u00edpio, Milton Dias estiveram na Amurc nesta ter\u00e7a-feira, 18, apresentando a demanda da popula\u00e7\u00e3o sobre o retorno das cirurgias eletivas. Segundo&#8230;<\/p>\n","protected":false},"author":2,"featured_media":27014,"comment_status":"open","ping_status":"open","sticky":false,"template":"","format":"standard","meta":{"_editorskit_title_hidden":false,"_editorskit_reading_time":0,"_editorskit_is_block_options_detached":false,"_editorskit_block_options_position":"{}","om_disable_all_campaigns":false,"_mi_skip_tracking":false,"_kad_post_transparent":"","_kad_post_title":"","_kad_post_layout":"","_kad_post_sidebar_id":"","_kad_post_content_style":"","_kad_post_vertical_padding":"","_kad_post_feature":"","_kad_post_feature_position":"","_kad_post_header":false,"_kad_post_footer":false,"footnotes":""},"categories":[33],"tags":[],"class_list":["post-25962","post","type-post","status-publish","format-standard","has-post-thumbnail","hentry","category-saude"],"yoast_head":"<!-- This site is optimized with the Yoast SEO plugin v20.5 - https:\/\/yoast.com\/wordpress\/plugins\/seo\/ -->\n<title>PRESIDENTE DA AMURC VAI DEFENDER O RETORNO DAS CIR\u00daRGICAS ELETIVAS. - blog do er\u00ea<\/title>\n<meta name=\"robots\" content=\"index, follow, max-snippet:-1, max-image-preview:large, max-video-preview:-1\" \/>\n<link rel=\"canonical\" href=\"https:\/\/blogdoere.com.br\/?p=25962\" \/>\n<meta property=\"og:locale\" content=\"pt_PT\" \/>\n<meta property=\"og:type\" content=\"article\" \/>\n<meta property=\"og:title\" content=\"PRESIDENTE DA AMURC VAI DEFENDER O RETORNO DAS CIR\u00daRGICAS ELETIVAS. - blog do er\u00ea\" \/>\n<meta property=\"og:description\" content=\"Vereadores do munic\u00edpio de Coaraci e o vice-prefeito do munic\u00edpio, Milton Dias estiveram na Amurc nesta ter\u00e7a-feira, 18, apresentando a demanda da popula\u00e7\u00e3o sobre o retorno das cirurgias eletivas. Segundo...\" \/>\n<meta property=\"og:url\" content=\"https:\/\/blogdoere.com.br\/?p=25962\" \/>\n<meta property=\"og:site_name\" content=\"blog do er\u00ea\" \/>\n<meta property=\"article:published_time\" content=\"2021-05-19T11:47:00+00:00\" \/>\n<meta property=\"article:modified_time\" content=\"2021-11-11T16:26:55+00:00\" \/>\n<meta property=\"og:image\" content=\"https:\/\/blogdoere.com.br\/wp-content\/uploads\/2021\/05\/FOTO_20210519_084646.jpg\" \/>\n\t<meta property=\"og:image:width\" content=\"654\" \/>\n\t<meta property=\"og:image:height\" content=\"447\" \/>\n\t<meta property=\"og:image:type\" content=\"image\/jpeg\" \/>\n<meta name=\"author\" content=\"Ere\" \/>\n<meta name=\"twitter:card\" content=\"summary_large_image\" \/>\n<meta name=\"twitter:label1\" content=\"Escrito por\" \/>\n\t<meta name=\"twitter:data1\" content=\"Ere\" \/>\n\t<meta name=\"twitter:label2\" content=\"Tempo estimado de leitura\" \/>\n\t<meta name=\"twitter:data2\" content=\"1 minuto\" \/>\n<script type=\"application\/ld+json\" class=\"yoast-schema-graph\">{\"@context\":\"https:\/\/schema.org\",\"@graph\":[{\"@type\":\"Article\",\"@id\":\"https:\/\/blogdoere.com.br\/?p=25962#article\",\"isPartOf\":{\"@id\":\"https:\/\/blogdoere.com.br\/?p=25962\"},\"author\":{\"name\":\"Ere\",\"@id\":\"https:\/\/blogdoere.com.br\/#\/schema\/person\/4b56ed2336cb28ae3415ce8ffe56742e\"},\"headline\":\"PRESIDENTE DA AMURC VAI DEFENDER O RETORNO DAS CIR\u00daRGICAS ELETIVAS.\",\"datePublished\":\"2021-05-19T11:47:00+00:00\",\"dateModified\":\"2021-11-11T16:26:55+00:00\",\"mainEntityOfPage\":{\"@id\":\"https:\/\/blogdoere.com.br\/?p=25962\"},\"wordCount\":190,\"commentCount\":0,\"publisher\":{\"@id\":\"https:\/\/blogdoere.com.br\/#organization\"},\"articleSection\":[\"S\u00e1ude\"],\"inLanguage\":\"pt-PT\",\"potentialAction\":[{\"@type\":\"CommentAction\",\"name\":\"Comment\",\"target\":[\"https:\/\/blogdoere.com.br\/?p=25962#respond\"]}]},{\"@type\":\"WebPage\",\"@id\":\"https:\/\/blogdoere.com.br\/?p=25962\",\"url\":\"https:\/\/blogdoere.com.br\/?p=25962\",\"name\":\"PRESIDENTE DA AMURC VAI DEFENDER O RETORNO DAS CIR\u00daRGICAS ELETIVAS. - blog do er\u00ea\",\"isPartOf\":{\"@id\":\"https:\/\/blogdoere.com.br\/#website\"},\"datePublished\":\"2021-05-19T11:47:00+00:00\",\"dateModified\":\"2021-11-11T16:26:55+00:00\",\"breadcrumb\":{\"@id\":\"https:\/\/blogdoere.com.br\/?p=25962#breadcrumb\"},\"inLanguage\":\"pt-PT\",\"potentialAction\":[{\"@type\":\"ReadAction\",\"target\":[\"https:\/\/blogdoere.com.br\/?p=25962\"]}]},{\"@type\":\"BreadcrumbList\",\"@id\":\"https:\/\/blogdoere.com.br\/?p=25962#breadcrumb\",\"itemListElement\":[{\"@type\":\"ListItem\",\"position\":1,\"name\":\"In\u00edcio\",\"item\":\"https:\/\/blogdoere.com.br\/\"},{\"@type\":\"ListItem\",\"position\":2,\"name\":\"PRESIDENTE DA AMURC VAI DEFENDER O RETORNO DAS CIR\u00daRGICAS ELETIVAS.\"}]},{\"@type\":\"WebSite\",\"@id\":\"https:\/\/blogdoere.com.br\/#website\",\"url\":\"https:\/\/blogdoere.com.br\/\",\"name\":\"blog do er\u00ea\",\"description\":\"\",\"publisher\":{\"@id\":\"https:\/\/blogdoere.com.br\/#organization\"},\"potentialAction\":[{\"@type\":\"SearchAction\",\"target\":{\"@type\":\"EntryPoint\",\"urlTemplate\":\"https:\/\/blogdoere.com.br\/?s={search_term_string}\"},\"query-input\":\"required name=search_term_string\"}],\"inLanguage\":\"pt-PT\"},{\"@type\":\"Organization\",\"@id\":\"https:\/\/blogdoere.com.br\/#organization\",\"name\":\"Blog do Er\u00ea\",\"url\":\"https:\/\/blogdoere.com.br\/\",\"logo\":{\"@type\":\"ImageObject\",\"inLanguage\":\"pt-PT\",\"@id\":\"https:\/\/blogdoere.com.br\/#\/schema\/logo\/image\/\",\"url\":\"https:\/\/blogdoere.com.br\/wp-content\/uploads\/2021\/11\/Logo-Ere-1.png\",\"contentUrl\":\"https:\/\/blogdoere.com.br\/wp-content\/uploads\/2021\/11\/Logo-Ere-1.png\",\"width\":1261,\"height\":1330,\"caption\":\"Blog do Er\u00ea\"},\"image\":{\"@id\":\"https:\/\/blogdoere.com.br\/#\/schema\/logo\/image\/\"}},{\"@type\":\"Person\",\"@id\":\"https:\/\/blogdoere.com.br\/#\/schema\/person\/4b56ed2336cb28ae3415ce8ffe56742e\",\"name\":\"Ere\",\"image\":{\"@type\":\"ImageObject\",\"inLanguage\":\"pt-PT\",\"@id\":\"https:\/\/blogdoere.com.br\/#\/schema\/person\/image\/\",\"url\":\"https:\/\/secure.gravatar.com\/avatar\/?s=96&d=mm&r=g\",\"contentUrl\":\"https:\/\/secure.gravatar.com\/avatar\/?s=96&d=mm&r=g\",\"caption\":\"Ere\"}}]}<\/script>\n<!-- \/ Yoast SEO plugin. -->","yoast_head_json":{"title":"PRESIDENTE DA AMURC VAI DEFENDER O RETORNO DAS CIR\u00daRGICAS ELETIVAS. - blog do er\u00ea","robots":{"index":"index","follow":"follow","max-snippet":"max-snippet:-1","max-image-preview":"max-image-preview:large","max-video-preview":"max-video-preview:-1"},"canonical":"https:\/\/blogdoere.com.br\/?p=25962","og_locale":"pt_PT","og_type":"article","og_title":"PRESIDENTE DA AMURC VAI DEFENDER O RETORNO DAS CIR\u00daRGICAS ELETIVAS. - blog do er\u00ea","og_description":"Vereadores do munic\u00edpio de Coaraci e o vice-prefeito do munic\u00edpio, Milton Dias estiveram na Amurc nesta ter\u00e7a-feira, 18, apresentando a demanda da popula\u00e7\u00e3o sobre o retorno das cirurgias eletivas. Segundo...","og_url":"https:\/\/blogdoere.com.br\/?p=25962","og_site_name":"blog do er\u00ea","article_published_time":"2021-05-19T11:47:00+00:00","article_modified_time":"2021-11-11T16:26:55+00:00","og_image":[{"width":654,"height":447,"url":"https:\/\/blogdoere.com.br\/wp-content\/uploads\/2021\/05\/FOTO_20210519_084646.jpg","type":"image\/jpeg"}],"author":"Ere","twitter_card":"summary_large_image","twitter_misc":{"Escrito por":"Ere","Tempo estimado de leitura":"1 minuto"},"schema":{"@context":"https:\/\/schema.org","@graph":[{"@type":"Article","@id":"https:\/\/blogdoere.com.br\/?p=25962#article","isPartOf":{"@id":"https:\/\/blogdoere.com.br\/?p=25962"},"author":{"name":"Ere","@id":"https:\/\/blogdoere.com.br\/#\/schema\/person\/4b56ed2336cb28ae3415ce8ffe56742e"},"headline":"PRESIDENTE DA AMURC VAI DEFENDER O RETORNO DAS CIR\u00daRGICAS ELETIVAS.","datePublished":"2021-05-19T11:47:00+00:00","dateModified":"2021-11-11T16:26:55+00:00","mainEntityOfPage":{"@id":"https:\/\/blogdoere.com.br\/?p=25962"},"wordCount":190,"commentCount":0,"publisher":{"@id":"https:\/\/blogdoere.com.br\/#organization"},"articleSection":["S\u00e1ude"],"inLanguage":"pt-PT","potentialAction":[{"@type":"CommentAction","name":"Comment","target":["https:\/\/blogdoere.com.br\/?p=25962#respond"]}]},{"@type":"WebPage","@id":"https:\/\/blogdoere.com.br\/?p=25962","url":"https:\/\/blogdoere.com.br\/?p=25962","name":"PRESIDENTE DA AMURC VAI DEFENDER O RETORNO DAS CIR\u00daRGICAS ELETIVAS. - blog do er\u00ea","isPartOf":{"@id":"https:\/\/blogdoere.com.br\/#website"},"datePublished":"2021-05-19T11:47:00+00:00","dateModified":"2021-11-11T16:26:55+00:00","breadcrumb":{"@id":"https:\/\/blogdoere.com.br\/?p=25962#breadcrumb"},"inLanguage":"pt-PT","potentialAction":[{"@type":"ReadAction","target":["https:\/\/blogdoere.com.br\/?p=25962"]}]},{"@type":"BreadcrumbList","@id":"https:\/\/blogdoere.com.br\/?p=25962#breadcrumb","itemListElement":[{"@type":"ListItem","position":1,"name":"In\u00edcio","item":"https:\/\/blogdoere.com.br\/"},{"@type":"ListItem","position":2,"name":"PRESIDENTE DA AMURC VAI DEFENDER O RETORNO DAS CIR\u00daRGICAS ELETIVAS."}]},{"@type":"WebSite","@id":"https:\/\/blogdoere.com.br\/#website","url":"https:\/\/blogdoere.com.br\/","name":"blog do er\u00ea","description":"","publisher":{"@id":"https:\/\/blogdoere.com.br\/#organization"},"potentialAction":[{"@type":"SearchAction","target":{"@type":"EntryPoint","urlTemplate":"https:\/\/blogdoere.com.br\/?s={search_term_string}"},"query-input":"required name=search_term_string"}],"inLanguage":"pt-PT"},{"@type":"Organization","@id":"https:\/\/blogdoere.com.br\/#organization","name":"Blog do Er\u00ea","url":"https:\/\/blogdoere.com.br\/","logo":{"@type":"ImageObject","inLanguage":"pt-PT","@id":"https:\/\/blogdoere.com.br\/#\/schema\/logo\/image\/","url":"https:\/\/blogdoere.com.br\/wp-content\/uploads\/2021\/11\/Logo-Ere-1.png","contentUrl":"https:\/\/blogdoere.com.br\/wp-content\/uploads\/2021\/11\/Logo-Ere-1.png","width":1261,"height":1330,"caption":"Blog do Er\u00ea"},"image":{"@id":"https:\/\/blogdoere.com.br\/#\/schema\/logo\/image\/"}},{"@type":"Person","@id":"https:\/\/blogdoere.com.br\/#\/schema\/person\/4b56ed2336cb28ae3415ce8ffe56742e","name":"Ere","image":{"@type":"ImageObject","inLanguage":"pt-PT","@id":"https:\/\/blogdoere.com.br\/#\/schema\/person\/image\/","url":"https:\/\/secure.gravatar.com\/avatar\/?s=96&d=mm&r=g","contentUrl":"https:\/\/secure.gravatar.com\/avatar\/?s=96&d=mm&r=g","caption":"Ere"}}]}},"featured_image_urls":{"full":["https:\/\/blogdoere.com.br\/wp-content\/uploads\/2021\/05\/FOTO_20210519_084646.jpg",654,447,false],"thumbnail":["https:\/\/blogdoere.com.br\/wp-content\/uploads\/2021\/05\/FOTO_20210519_084646-150x150.jpg",150,150,true],"medium":["https:\/\/blogdoere.com.br\/wp-content\/uploads\/2021\/05\/FOTO_20210519_084646-300x205.jpg",300,205,true],"medium_large":["https:\/\/blogdoere.com.br\/wp-content\/uploads\/2021\/05\/FOTO_20210519_084646.jpg",654,447,false],"large":["https:\/\/blogdoere.com.br\/wp-content\/uploads\/2021\/05\/FOTO_20210519_084646.jpg",654,447,false],"1536x1536":["https:\/\/blogdoere.com.br\/wp-content\/uploads\/2021\/05\/FOTO_20210519_084646.jpg",654,447,false],"2048x2048":["https:\/\/blogdoere.com.br\/wp-content\/uploads\/2021\/05\/FOTO_20210519_084646.jpg",654,447,false]},"author_info":{"display_name":"Ere","author_link":"https:\/\/blogdoere.com.br\/?author=2"},"category_info":"<a href=\"https:\/\/blogdoere.com.br\/?cat=33\" rel=\"category\">S\u00e1ude<\/a>","tag_info":"S\u00e1ude","comment_count":"0","_links":{"self":[{"href":"https:\/\/blogdoere.com.br\/index.php?rest_route=\/wp\/v2\/posts\/25962","targetHints":{"allow":["GET"]}}],"collection":[{"href":"https:\/\/blogdoere.com.br\/index.php?rest_route=\/wp\/v2\/posts"}],"about":[{"href":"https:\/\/blogdoere.com.br\/index.php?rest_route=\/wp\/v2\/types\/post"}],"author":[{"embeddable":true,"href":"https:\/\/blogdoere.com.br\/index.php?rest_route=\/wp\/v2\/users\/2"}],"replies":[{"embeddable":true,"href":"https:\/\/blogdoere.com.br\/index.php?rest_route=%2Fwp%2Fv2%2Fcomments&post=25962"}],"version-history":[{"count":2,"href":"https:\/\/blogdoere.com.br\/index.php?rest_route=\/wp\/v2\/posts\/25962\/revisions"}],"predecessor-version":[{"id":27224,"href":"https:\/\/blogdoere.com.br\/index.php?rest_route=\/wp\/v2\/posts\/25962\/revisions\/27224"}],"wp:featuredmedia":[{"embeddable":true,"href":"https:\/\/blogdoere.com.br\/index.php?rest_route=\/wp\/v2\/media\/27014"}],"wp:attachment":[{"href":"https:\/\/blogdoere.com.br\/index.php?rest_route=%2Fwp%2Fv2%2Fmedia&parent=25962"}],"wp:term":[{"taxonomy":"category","embeddable":true,"href":"https:\/\/blogdoere.com.br\/index.php?rest_route=%2Fwp%2Fv2%2Fcategories&post=25962"},{"taxonomy":"post_tag","embeddable":true,"href":"https:\/\/blogdoere.com.br\/index.php?rest_route=%2Fwp%2Fv2%2Ftags&post=25962"}],"curies":[{"name":"wp","href":"https:\/\/api.w.org\/{rel}","templated":true}]}}