{"id":25968,"date":"2021-04-23T01:33:00","date_gmt":"2021-04-23T01:33:00","guid":{"rendered":"http:\/\/blogdoere.com.br\/?p=25968"},"modified":"2021-11-08T02:11:56","modified_gmt":"2021-11-08T02:11:56","slug":"itajuipe-camara-realiza-audiencia-para-discutir-seguranca-publica","status":"publish","type":"post","link":"https:\/\/blogdoere.com.br\/?p=25968","title":{"rendered":"ITAJU\u00cdPE: C\u00c2MARA REALIZA AUDI\u00caNCIA PARA DISCUTIR SEGURAN\u00c7A P\u00daBLICA."},"content":{"rendered":"<p style=\"text-align: justify;\">\n<div style=\"clear: both; text-align: center;\"><a style=\"margin-left: 1em; margin-right: 1em;\" href=\"https:\/\/1.bp.blogspot.com\/-sEcw56QiSLg\/YIIju5V3IMI\/AAAAAAAAU6Q\/sC5vVyrMgAk5rKM6AnqFFssGRzE4-hYKACLcBGAsYHQ\/s2048\/IMG_20210422_121434020.jpg\"><img decoding=\"async\" src=\"https:\/\/1.bp.blogspot.com\/-sEcw56QiSLg\/YIIju5V3IMI\/AAAAAAAAU6Q\/sC5vVyrMgAk5rKM6AnqFFssGRzE4-hYKACLcBGAsYHQ\/w323-h167\/IMG_20210422_121434020.jpg\" width=\"323\" height=\"167\" border=\"0\" data-original-height=\"1536\" data-original-width=\"2048\" \/><\/a><\/div>\n<p style=\"text-align: justify;\">A C\u00e2mara de Vereadores de Itaju\u00edpe realizou nesta quinta-feira, 22 de abril, uma audi\u00eancia p\u00fablica para discutir com autoridades e popula\u00e7\u00e3o a seguran\u00e7a p\u00fablica no munic\u00edpio. O ato foi um um requerimento da presidente do Legislativo, Lusiane Maia (PSD), que teve aprova\u00e7\u00e3o de todos os vereadores. Na oportunidade participou representando o Poder Executivo Matheus Fran\u00e7a; a Pol\u00edcia Militar, Sub Tenente Machado, o Delegado Marlos Macedo, o Coordenador da Guarda Municipal, Josenito Santos, e a Coordenadora do Conselho Tutelar, Joelma Cust\u00f3dio.<\/p>\n<p style=\"text-align: justify;\">Tamb\u00e9m estiveram presentes os vereadores Raul Estrela, Mateus Mattos, Ivan J\u00fanior, Joacy Caires, Jos\u00e9lia Ribeiro, F\u00e1bio Almeida, Crispim Nunes e Roney Adriel representantes dos distritos, e de entidades como Comit\u00ea da Paz e Alian\u00e7a dos Artistas, al\u00e9m de grupos de Jovens, como o EJC.<\/p>\n<p style=\"text-align: justify;\">Na ocasi\u00e3o, foram discutidos diversos assuntos, entre eles a import\u00e2ncia do videomonitoramento nas principais vias, bem como as rondas nos distritos e zona rural, e o elevado n\u00famero de casos de maus tratos aos animais. Tamb\u00e9m foram pontuadas quest\u00f5es sobre a necessidade de investimentos voltados \u00e0s \u00e1reas da educa\u00e7\u00e3o como ferramentas de preven\u00e7\u00e3o \u00e0 criminalidade.<\/p>\n<p style=\"text-align: justify;\">\n","protected":false},"excerpt":{"rendered":"<p>A C\u00e2mara de Vereadores de Itaju\u00edpe realizou nesta quinta-feira, 22 de abril, uma audi\u00eancia p\u00fablica para discutir com autoridades e popula\u00e7\u00e3o a seguran\u00e7a p\u00fablica no munic\u00edpio. O ato foi um&#8230;<\/p>\n","protected":false},"author":2,"featured_media":27165,"comment_status":"open","ping_status":"open","sticky":false,"template":"","format":"standard","meta":{"_editorskit_title_hidden":false,"_editorskit_reading_time":0,"_editorskit_is_block_options_detached":false,"_editorskit_block_options_position":"{}","om_disable_all_campaigns":false,"_mi_skip_tracking":false,"_kad_post_transparent":"","_kad_post_title":"","_kad_post_layout":"","_kad_post_sidebar_id":"","_kad_post_content_style":"","_kad_post_vertical_padding":"","_kad_post_feature":"","_kad_post_feature_position":"","_kad_post_header":false,"_kad_post_footer":false,"footnotes":""},"categories":[1],"tags":[],"class_list":["post-25968","post","type-post","status-publish","format-standard","has-post-thumbnail","hentry","category-destaques"],"yoast_head":"<!-- This site is optimized with the Yoast SEO plugin v20.5 - https:\/\/yoast.com\/wordpress\/plugins\/seo\/ -->\n<title>ITAJU\u00cdPE: C\u00c2MARA REALIZA AUDI\u00caNCIA PARA DISCUTIR SEGURAN\u00c7A P\u00daBLICA. - blog do er\u00ea<\/title>\n<meta name=\"robots\" content=\"index, follow, max-snippet:-1, max-image-preview:large, max-video-preview:-1\" \/>\n<link rel=\"canonical\" href=\"https:\/\/blogdoere.com.br\/?p=25968\" \/>\n<meta property=\"og:locale\" content=\"pt_PT\" \/>\n<meta property=\"og:type\" content=\"article\" \/>\n<meta property=\"og:title\" content=\"ITAJU\u00cdPE: C\u00c2MARA REALIZA AUDI\u00caNCIA PARA DISCUTIR SEGURAN\u00c7A P\u00daBLICA. - blog do er\u00ea\" \/>\n<meta property=\"og:description\" content=\"A C\u00e2mara de Vereadores de Itaju\u00edpe realizou nesta quinta-feira, 22 de abril, uma audi\u00eancia p\u00fablica para discutir com autoridades e popula\u00e7\u00e3o a seguran\u00e7a p\u00fablica no munic\u00edpio. O ato foi um...\" \/>\n<meta property=\"og:url\" content=\"https:\/\/blogdoere.com.br\/?p=25968\" \/>\n<meta property=\"og:site_name\" content=\"blog do er\u00ea\" \/>\n<meta property=\"article:published_time\" content=\"2021-04-23T01:33:00+00:00\" \/>\n<meta property=\"article:modified_time\" content=\"2021-11-08T02:11:56+00:00\" \/>\n<meta property=\"og:image\" content=\"https:\/\/blogdoere.com.br\/wp-content\/uploads\/2021\/04\/IMG_20210422_121434020.jpg\" \/>\n\t<meta property=\"og:image:width\" content=\"223\" \/>\n\t<meta property=\"og:image:height\" content=\"167\" \/>\n\t<meta property=\"og:image:type\" content=\"image\/jpeg\" \/>\n<meta name=\"author\" content=\"Ere\" \/>\n<meta name=\"twitter:card\" content=\"summary_large_image\" \/>\n<meta name=\"twitter:label1\" content=\"Escrito por\" \/>\n\t<meta name=\"twitter:data1\" content=\"Ere\" \/>\n\t<meta name=\"twitter:label2\" content=\"Tempo estimado de leitura\" \/>\n\t<meta name=\"twitter:data2\" content=\"1 minuto\" \/>\n<script type=\"application\/ld+json\" class=\"yoast-schema-graph\">{\"@context\":\"https:\/\/schema.org\",\"@graph\":[{\"@type\":\"Article\",\"@id\":\"https:\/\/blogdoere.com.br\/?p=25968#article\",\"isPartOf\":{\"@id\":\"https:\/\/blogdoere.com.br\/?p=25968\"},\"author\":{\"name\":\"Ere\",\"@id\":\"https:\/\/blogdoere.com.br\/#\/schema\/person\/4b56ed2336cb28ae3415ce8ffe56742e\"},\"headline\":\"ITAJU\u00cdPE: C\u00c2MARA REALIZA AUDI\u00caNCIA PARA DISCUTIR SEGURAN\u00c7A P\u00daBLICA.\",\"datePublished\":\"2021-04-23T01:33:00+00:00\",\"dateModified\":\"2021-11-08T02:11:56+00:00\",\"mainEntityOfPage\":{\"@id\":\"https:\/\/blogdoere.com.br\/?p=25968\"},\"wordCount\":215,\"commentCount\":0,\"publisher\":{\"@id\":\"https:\/\/blogdoere.com.br\/#organization\"},\"articleSection\":[\"Destaques\"],\"inLanguage\":\"pt-PT\",\"potentialAction\":[{\"@type\":\"CommentAction\",\"name\":\"Comment\",\"target\":[\"https:\/\/blogdoere.com.br\/?p=25968#respond\"]}]},{\"@type\":\"WebPage\",\"@id\":\"https:\/\/blogdoere.com.br\/?p=25968\",\"url\":\"https:\/\/blogdoere.com.br\/?p=25968\",\"name\":\"ITAJU\u00cdPE: C\u00c2MARA REALIZA AUDI\u00caNCIA PARA DISCUTIR SEGURAN\u00c7A P\u00daBLICA. - blog do er\u00ea\",\"isPartOf\":{\"@id\":\"https:\/\/blogdoere.com.br\/#website\"},\"datePublished\":\"2021-04-23T01:33:00+00:00\",\"dateModified\":\"2021-11-08T02:11:56+00:00\",\"breadcrumb\":{\"@id\":\"https:\/\/blogdoere.com.br\/?p=25968#breadcrumb\"},\"inLanguage\":\"pt-PT\",\"potentialAction\":[{\"@type\":\"ReadAction\",\"target\":[\"https:\/\/blogdoere.com.br\/?p=25968\"]}]},{\"@type\":\"BreadcrumbList\",\"@id\":\"https:\/\/blogdoere.com.br\/?p=25968#breadcrumb\",\"itemListElement\":[{\"@type\":\"ListItem\",\"position\":1,\"name\":\"In\u00edcio\",\"item\":\"https:\/\/blogdoere.com.br\/\"},{\"@type\":\"ListItem\",\"position\":2,\"name\":\"ITAJU\u00cdPE: C\u00c2MARA REALIZA AUDI\u00caNCIA PARA DISCUTIR SEGURAN\u00c7A P\u00daBLICA.\"}]},{\"@type\":\"WebSite\",\"@id\":\"https:\/\/blogdoere.com.br\/#website\",\"url\":\"https:\/\/blogdoere.com.br\/\",\"name\":\"blog do er\u00ea\",\"description\":\"\",\"publisher\":{\"@id\":\"https:\/\/blogdoere.com.br\/#organization\"},\"potentialAction\":[{\"@type\":\"SearchAction\",\"target\":{\"@type\":\"EntryPoint\",\"urlTemplate\":\"https:\/\/blogdoere.com.br\/?s={search_term_string}\"},\"query-input\":\"required name=search_term_string\"}],\"inLanguage\":\"pt-PT\"},{\"@type\":\"Organization\",\"@id\":\"https:\/\/blogdoere.com.br\/#organization\",\"name\":\"Blog do Er\u00ea\",\"url\":\"https:\/\/blogdoere.com.br\/\",\"logo\":{\"@type\":\"ImageObject\",\"inLanguage\":\"pt-PT\",\"@id\":\"https:\/\/blogdoere.com.br\/#\/schema\/logo\/image\/\",\"url\":\"https:\/\/blogdoere.com.br\/wp-content\/uploads\/2021\/11\/Logo-Ere-1.png\",\"contentUrl\":\"https:\/\/blogdoere.com.br\/wp-content\/uploads\/2021\/11\/Logo-Ere-1.png\",\"width\":1261,\"height\":1330,\"caption\":\"Blog do Er\u00ea\"},\"image\":{\"@id\":\"https:\/\/blogdoere.com.br\/#\/schema\/logo\/image\/\"}},{\"@type\":\"Person\",\"@id\":\"https:\/\/blogdoere.com.br\/#\/schema\/person\/4b56ed2336cb28ae3415ce8ffe56742e\",\"name\":\"Ere\",\"image\":{\"@type\":\"ImageObject\",\"inLanguage\":\"pt-PT\",\"@id\":\"https:\/\/blogdoere.com.br\/#\/schema\/person\/image\/\",\"url\":\"https:\/\/secure.gravatar.com\/avatar\/?s=96&d=mm&r=g\",\"contentUrl\":\"https:\/\/secure.gravatar.com\/avatar\/?s=96&d=mm&r=g\",\"caption\":\"Ere\"}}]}<\/script>\n<!-- \/ Yoast SEO plugin. -->","yoast_head_json":{"title":"ITAJU\u00cdPE: C\u00c2MARA REALIZA AUDI\u00caNCIA PARA DISCUTIR SEGURAN\u00c7A P\u00daBLICA. - blog do er\u00ea","robots":{"index":"index","follow":"follow","max-snippet":"max-snippet:-1","max-image-preview":"max-image-preview:large","max-video-preview":"max-video-preview:-1"},"canonical":"https:\/\/blogdoere.com.br\/?p=25968","og_locale":"pt_PT","og_type":"article","og_title":"ITAJU\u00cdPE: C\u00c2MARA REALIZA AUDI\u00caNCIA PARA DISCUTIR SEGURAN\u00c7A P\u00daBLICA. - blog do er\u00ea","og_description":"A C\u00e2mara de Vereadores de Itaju\u00edpe realizou nesta quinta-feira, 22 de abril, uma audi\u00eancia p\u00fablica para discutir com autoridades e popula\u00e7\u00e3o a seguran\u00e7a p\u00fablica no munic\u00edpio. O ato foi um...","og_url":"https:\/\/blogdoere.com.br\/?p=25968","og_site_name":"blog do er\u00ea","article_published_time":"2021-04-23T01:33:00+00:00","article_modified_time":"2021-11-08T02:11:56+00:00","og_image":[{"width":223,"height":167,"url":"https:\/\/blogdoere.com.br\/wp-content\/uploads\/2021\/04\/IMG_20210422_121434020.jpg","type":"image\/jpeg"}],"author":"Ere","twitter_card":"summary_large_image","twitter_misc":{"Escrito por":"Ere","Tempo estimado de leitura":"1 minuto"},"schema":{"@context":"https:\/\/schema.org","@graph":[{"@type":"Article","@id":"https:\/\/blogdoere.com.br\/?p=25968#article","isPartOf":{"@id":"https:\/\/blogdoere.com.br\/?p=25968"},"author":{"name":"Ere","@id":"https:\/\/blogdoere.com.br\/#\/schema\/person\/4b56ed2336cb28ae3415ce8ffe56742e"},"headline":"ITAJU\u00cdPE: C\u00c2MARA REALIZA AUDI\u00caNCIA PARA DISCUTIR SEGURAN\u00c7A P\u00daBLICA.","datePublished":"2021-04-23T01:33:00+00:00","dateModified":"2021-11-08T02:11:56+00:00","mainEntityOfPage":{"@id":"https:\/\/blogdoere.com.br\/?p=25968"},"wordCount":215,"commentCount":0,"publisher":{"@id":"https:\/\/blogdoere.com.br\/#organization"},"articleSection":["Destaques"],"inLanguage":"pt-PT","potentialAction":[{"@type":"CommentAction","name":"Comment","target":["https:\/\/blogdoere.com.br\/?p=25968#respond"]}]},{"@type":"WebPage","@id":"https:\/\/blogdoere.com.br\/?p=25968","url":"https:\/\/blogdoere.com.br\/?p=25968","name":"ITAJU\u00cdPE: C\u00c2MARA REALIZA AUDI\u00caNCIA PARA DISCUTIR SEGURAN\u00c7A P\u00daBLICA. - blog do er\u00ea","isPartOf":{"@id":"https:\/\/blogdoere.com.br\/#website"},"datePublished":"2021-04-23T01:33:00+00:00","dateModified":"2021-11-08T02:11:56+00:00","breadcrumb":{"@id":"https:\/\/blogdoere.com.br\/?p=25968#breadcrumb"},"inLanguage":"pt-PT","potentialAction":[{"@type":"ReadAction","target":["https:\/\/blogdoere.com.br\/?p=25968"]}]},{"@type":"BreadcrumbList","@id":"https:\/\/blogdoere.com.br\/?p=25968#breadcrumb","itemListElement":[{"@type":"ListItem","position":1,"name":"In\u00edcio","item":"https:\/\/blogdoere.com.br\/"},{"@type":"ListItem","position":2,"name":"ITAJU\u00cdPE: C\u00c2MARA REALIZA AUDI\u00caNCIA PARA DISCUTIR SEGURAN\u00c7A P\u00daBLICA."}]},{"@type":"WebSite","@id":"https:\/\/blogdoere.com.br\/#website","url":"https:\/\/blogdoere.com.br\/","name":"blog do er\u00ea","description":"","publisher":{"@id":"https:\/\/blogdoere.com.br\/#organization"},"potentialAction":[{"@type":"SearchAction","target":{"@type":"EntryPoint","urlTemplate":"https:\/\/blogdoere.com.br\/?s={search_term_string}"},"query-input":"required name=search_term_string"}],"inLanguage":"pt-PT"},{"@type":"Organization","@id":"https:\/\/blogdoere.com.br\/#organization","name":"Blog do Er\u00ea","url":"https:\/\/blogdoere.com.br\/","logo":{"@type":"ImageObject","inLanguage":"pt-PT","@id":"https:\/\/blogdoere.com.br\/#\/schema\/logo\/image\/","url":"https:\/\/blogdoere.com.br\/wp-content\/uploads\/2021\/11\/Logo-Ere-1.png","contentUrl":"https:\/\/blogdoere.com.br\/wp-content\/uploads\/2021\/11\/Logo-Ere-1.png","width":1261,"height":1330,"caption":"Blog do Er\u00ea"},"image":{"@id":"https:\/\/blogdoere.com.br\/#\/schema\/logo\/image\/"}},{"@type":"Person","@id":"https:\/\/blogdoere.com.br\/#\/schema\/person\/4b56ed2336cb28ae3415ce8ffe56742e","name":"Ere","image":{"@type":"ImageObject","inLanguage":"pt-PT","@id":"https:\/\/blogdoere.com.br\/#\/schema\/person\/image\/","url":"https:\/\/secure.gravatar.com\/avatar\/?s=96&d=mm&r=g","contentUrl":"https:\/\/secure.gravatar.com\/avatar\/?s=96&d=mm&r=g","caption":"Ere"}}]}},"featured_image_urls":{"full":["https:\/\/blogdoere.com.br\/wp-content\/uploads\/2021\/04\/IMG_20210422_121434020.jpg",223,167,false],"thumbnail":["https:\/\/blogdoere.com.br\/wp-content\/uploads\/2021\/04\/IMG_20210422_121434020-150x150.jpg",150,150,true],"medium":["https:\/\/blogdoere.com.br\/wp-content\/uploads\/2021\/04\/IMG_20210422_121434020.jpg",223,167,false],"medium_large":["https:\/\/blogdoere.com.br\/wp-content\/uploads\/2021\/04\/IMG_20210422_121434020.jpg",223,167,false],"large":["https:\/\/blogdoere.com.br\/wp-content\/uploads\/2021\/04\/IMG_20210422_121434020.jpg",223,167,false],"1536x1536":["https:\/\/blogdoere.com.br\/wp-content\/uploads\/2021\/04\/IMG_20210422_121434020.jpg",223,167,false],"2048x2048":["https:\/\/blogdoere.com.br\/wp-content\/uploads\/2021\/04\/IMG_20210422_121434020.jpg",223,167,false]},"author_info":{"display_name":"Ere","author_link":"https:\/\/blogdoere.com.br\/?author=2"},"category_info":"<a href=\"https:\/\/blogdoere.com.br\/?cat=1\" rel=\"category\">Destaques<\/a>","tag_info":"Destaques","comment_count":"0","_links":{"self":[{"href":"https:\/\/blogdoere.com.br\/index.php?rest_route=\/wp\/v2\/posts\/25968","targetHints":{"allow":["GET"]}}],"collection":[{"href":"https:\/\/blogdoere.com.br\/index.php?rest_route=\/wp\/v2\/posts"}],"about":[{"href":"https:\/\/blogdoere.com.br\/index.php?rest_route=\/wp\/v2\/types\/post"}],"author":[{"embeddable":true,"href":"https:\/\/blogdoere.com.br\/index.php?rest_route=\/wp\/v2\/users\/2"}],"replies":[{"embeddable":true,"href":"https:\/\/blogdoere.com.br\/index.php?rest_route=%2Fwp%2Fv2%2Fcomments&post=25968"}],"version-history":[{"count":1,"href":"https:\/\/blogdoere.com.br\/index.php?rest_route=\/wp\/v2\/posts\/25968\/revisions"}],"predecessor-version":[{"id":27166,"href":"https:\/\/blogdoere.com.br\/index.php?rest_route=\/wp\/v2\/posts\/25968\/revisions\/27166"}],"wp:featuredmedia":[{"embeddable":true,"href":"https:\/\/blogdoere.com.br\/index.php?rest_route=\/wp\/v2\/media\/27165"}],"wp:attachment":[{"href":"https:\/\/blogdoere.com.br\/index.php?rest_route=%2Fwp%2Fv2%2Fmedia&parent=25968"}],"wp:term":[{"taxonomy":"category","embeddable":true,"href":"https:\/\/blogdoere.com.br\/index.php?rest_route=%2Fwp%2Fv2%2Fcategories&post=25968"},{"taxonomy":"post_tag","embeddable":true,"href":"https:\/\/blogdoere.com.br\/index.php?rest_route=%2Fwp%2Fv2%2Ftags&post=25968"}],"curies":[{"name":"wp","href":"https:\/\/api.w.org\/{rel}","templated":true}]}}