{"id":25977,"date":"2020-12-31T21:49:00","date_gmt":"2020-12-31T21:49:00","guid":{"rendered":"http:\/\/blogdoere.com.br\/?p=25977"},"modified":"2021-11-11T17:13:38","modified_gmt":"2021-11-11T17:13:38","slug":"itabuna-prefeito-augusto-castro-confirma-smith-e-valter-no-governo","status":"publish","type":"post","link":"https:\/\/blogdoere.com.br\/?p=25977","title":{"rendered":"ITABUNA: PREFEITO AUGUSTO CASTRO CONFIRMA SMITH E VALTER NO GOVERNO"},"content":{"rendered":"<div style=\"clear: both; text-align: center;\"><a style=\"margin-left: 1em; margin-right: 1em;\" href=\"https:\/\/1.bp.blogspot.com\/-B-tuUjifoUg\/X-5G21OtcYI\/AAAAAAAASe0\/BcXai-cs1Z8e2JG57snJtdes7tJi8t8CwCLcBGAsYHQ\/s1280\/WhatsApp%2BImage%2B2020-12-31%2Bat%2B18.44.38.jpg\"><img decoding=\"async\" src=\"https:\/\/1.bp.blogspot.com\/-B-tuUjifoUg\/X-5G21OtcYI\/AAAAAAAASe0\/BcXai-cs1Z8e2JG57snJtdes7tJi8t8CwCLcBGAsYHQ\/s320\/WhatsApp%2BImage%2B2020-12-31%2Bat%2B18.44.38.jpg\" width=\"320\" border=\"0\" data-original-height=\"717\" data-original-width=\"1280\" \/><\/a><\/div>\n<p style=\"text-align: justify;\">\n<p style=\"text-align: justify;\"><span style=\"color: black; font-size: 13.5pt; line-height: 107%;\">Nesta quinta-feira (31\/01), no Teatro Candinha Doria, em coletiva de imprensa, o prefeito eleito Augusto Castro (PSD) confirmou\u00a0os socialistas Moacir Smith Lima\u00a0para Secretaria Municipal de Agricultura e para administra\u00e7\u00e3o p\u00fablica indireta o professor universit\u00e1rio Valter Silva, na Marimbeta <a href=\"https:\/\/ipolitica.blog.br\/itabuna-augusto-castro-anuncia-oficialmente-seu-secretariado\/\" target=\"_blank\" rel=\"noopener\">leia mais aqui<\/a>. O ato contou com a presen\u00e7a do vereador eleito Ad\u00e3o Lima (PSB, foto centro). Com a vit\u00f3ria do vereador e composi\u00e7\u00e3o dos socialistas no governo o PSB abandona um jejum de oito anos sem mandato no Legislativo e participa\u00e7\u00e3o no Executivo. No munic\u00edpio, a legenda tem o comando do ex-deputado estadual, m\u00e9dico humanista Dr Renato Costa.<\/span><\/p>\n","protected":false},"excerpt":{"rendered":"<p>Nesta quinta-feira (31\/01), no Teatro Candinha Doria, em coletiva de imprensa, o prefeito eleito Augusto Castro (PSD) confirmou\u00a0os socialistas Moacir Smith Lima\u00a0para Secretaria Municipal de Agricultura e para administra\u00e7\u00e3o p\u00fablica&#8230;<\/p>\n","protected":false},"author":2,"featured_media":27247,"comment_status":"open","ping_status":"open","sticky":false,"template":"","format":"standard","meta":{"_editorskit_title_hidden":false,"_editorskit_reading_time":0,"_editorskit_is_block_options_detached":false,"_editorskit_block_options_position":"{}","om_disable_all_campaigns":false,"_mi_skip_tracking":false,"_kad_post_transparent":"","_kad_post_title":"","_kad_post_layout":"","_kad_post_sidebar_id":"","_kad_post_content_style":"","_kad_post_vertical_padding":"","_kad_post_feature":"","_kad_post_feature_position":"","_kad_post_header":false,"_kad_post_footer":false,"footnotes":""},"categories":[1],"tags":[],"class_list":["post-25977","post","type-post","status-publish","format-standard","has-post-thumbnail","hentry","category-destaques"],"yoast_head":"<!-- This site is optimized with the Yoast SEO plugin v20.5 - https:\/\/yoast.com\/wordpress\/plugins\/seo\/ -->\n<title>ITABUNA: PREFEITO AUGUSTO CASTRO CONFIRMA SMITH E VALTER NO GOVERNO - blog do er\u00ea<\/title>\n<meta name=\"robots\" content=\"index, follow, max-snippet:-1, max-image-preview:large, max-video-preview:-1\" \/>\n<link rel=\"canonical\" href=\"https:\/\/blogdoere.com.br\/?p=25977\" \/>\n<meta property=\"og:locale\" content=\"pt_PT\" \/>\n<meta property=\"og:type\" content=\"article\" \/>\n<meta property=\"og:title\" content=\"ITABUNA: PREFEITO AUGUSTO CASTRO CONFIRMA SMITH E VALTER NO GOVERNO - blog do er\u00ea\" \/>\n<meta property=\"og:description\" content=\"Nesta quinta-feira (31\/01), no Teatro Candinha Doria, em coletiva de imprensa, o prefeito eleito Augusto Castro (PSD) confirmou\u00a0os socialistas Moacir Smith Lima\u00a0para Secretaria Municipal de Agricultura e para administra\u00e7\u00e3o p\u00fablica...\" \/>\n<meta property=\"og:url\" content=\"https:\/\/blogdoere.com.br\/?p=25977\" \/>\n<meta property=\"og:site_name\" content=\"blog do er\u00ea\" \/>\n<meta property=\"article:published_time\" content=\"2020-12-31T21:49:00+00:00\" \/>\n<meta property=\"article:modified_time\" content=\"2021-11-11T17:13:38+00:00\" \/>\n<meta property=\"og:image\" content=\"https:\/\/blogdoere.com.br\/wp-content\/uploads\/2020\/12\/WhatsApp-Image-2020-12-31-at-18.44.38.jpg\" \/>\n\t<meta property=\"og:image:width\" content=\"320\" \/>\n\t<meta property=\"og:image:height\" content=\"179\" \/>\n\t<meta property=\"og:image:type\" content=\"image\/jpeg\" \/>\n<meta name=\"author\" content=\"Ere\" \/>\n<meta name=\"twitter:card\" content=\"summary_large_image\" \/>\n<meta name=\"twitter:label1\" content=\"Escrito por\" \/>\n\t<meta name=\"twitter:data1\" content=\"Ere\" \/>\n\t<meta name=\"twitter:label2\" content=\"Tempo estimado de leitura\" \/>\n\t<meta name=\"twitter:data2\" content=\"1 minuto\" \/>\n<script type=\"application\/ld+json\" class=\"yoast-schema-graph\">{\"@context\":\"https:\/\/schema.org\",\"@graph\":[{\"@type\":\"Article\",\"@id\":\"https:\/\/blogdoere.com.br\/?p=25977#article\",\"isPartOf\":{\"@id\":\"https:\/\/blogdoere.com.br\/?p=25977\"},\"author\":{\"name\":\"Ere\",\"@id\":\"https:\/\/blogdoere.com.br\/#\/schema\/person\/4b56ed2336cb28ae3415ce8ffe56742e\"},\"headline\":\"ITABUNA: PREFEITO AUGUSTO CASTRO CONFIRMA SMITH E VALTER NO GOVERNO\",\"datePublished\":\"2020-12-31T21:49:00+00:00\",\"dateModified\":\"2021-11-11T17:13:38+00:00\",\"mainEntityOfPage\":{\"@id\":\"https:\/\/blogdoere.com.br\/?p=25977\"},\"wordCount\":118,\"commentCount\":0,\"publisher\":{\"@id\":\"https:\/\/blogdoere.com.br\/#organization\"},\"articleSection\":[\"Destaques\"],\"inLanguage\":\"pt-PT\",\"potentialAction\":[{\"@type\":\"CommentAction\",\"name\":\"Comment\",\"target\":[\"https:\/\/blogdoere.com.br\/?p=25977#respond\"]}]},{\"@type\":\"WebPage\",\"@id\":\"https:\/\/blogdoere.com.br\/?p=25977\",\"url\":\"https:\/\/blogdoere.com.br\/?p=25977\",\"name\":\"ITABUNA: PREFEITO AUGUSTO CASTRO CONFIRMA SMITH E VALTER NO GOVERNO - blog do er\u00ea\",\"isPartOf\":{\"@id\":\"https:\/\/blogdoere.com.br\/#website\"},\"datePublished\":\"2020-12-31T21:49:00+00:00\",\"dateModified\":\"2021-11-11T17:13:38+00:00\",\"breadcrumb\":{\"@id\":\"https:\/\/blogdoere.com.br\/?p=25977#breadcrumb\"},\"inLanguage\":\"pt-PT\",\"potentialAction\":[{\"@type\":\"ReadAction\",\"target\":[\"https:\/\/blogdoere.com.br\/?p=25977\"]}]},{\"@type\":\"BreadcrumbList\",\"@id\":\"https:\/\/blogdoere.com.br\/?p=25977#breadcrumb\",\"itemListElement\":[{\"@type\":\"ListItem\",\"position\":1,\"name\":\"In\u00edcio\",\"item\":\"https:\/\/blogdoere.com.br\/\"},{\"@type\":\"ListItem\",\"position\":2,\"name\":\"ITABUNA: PREFEITO AUGUSTO CASTRO CONFIRMA SMITH E VALTER NO GOVERNO\"}]},{\"@type\":\"WebSite\",\"@id\":\"https:\/\/blogdoere.com.br\/#website\",\"url\":\"https:\/\/blogdoere.com.br\/\",\"name\":\"blog do er\u00ea\",\"description\":\"\",\"publisher\":{\"@id\":\"https:\/\/blogdoere.com.br\/#organization\"},\"potentialAction\":[{\"@type\":\"SearchAction\",\"target\":{\"@type\":\"EntryPoint\",\"urlTemplate\":\"https:\/\/blogdoere.com.br\/?s={search_term_string}\"},\"query-input\":\"required name=search_term_string\"}],\"inLanguage\":\"pt-PT\"},{\"@type\":\"Organization\",\"@id\":\"https:\/\/blogdoere.com.br\/#organization\",\"name\":\"Blog do Er\u00ea\",\"url\":\"https:\/\/blogdoere.com.br\/\",\"logo\":{\"@type\":\"ImageObject\",\"inLanguage\":\"pt-PT\",\"@id\":\"https:\/\/blogdoere.com.br\/#\/schema\/logo\/image\/\",\"url\":\"https:\/\/blogdoere.com.br\/wp-content\/uploads\/2021\/11\/Logo-Ere-1.png\",\"contentUrl\":\"https:\/\/blogdoere.com.br\/wp-content\/uploads\/2021\/11\/Logo-Ere-1.png\",\"width\":1261,\"height\":1330,\"caption\":\"Blog do Er\u00ea\"},\"image\":{\"@id\":\"https:\/\/blogdoere.com.br\/#\/schema\/logo\/image\/\"}},{\"@type\":\"Person\",\"@id\":\"https:\/\/blogdoere.com.br\/#\/schema\/person\/4b56ed2336cb28ae3415ce8ffe56742e\",\"name\":\"Ere\",\"image\":{\"@type\":\"ImageObject\",\"inLanguage\":\"pt-PT\",\"@id\":\"https:\/\/blogdoere.com.br\/#\/schema\/person\/image\/\",\"url\":\"https:\/\/secure.gravatar.com\/avatar\/?s=96&d=mm&r=g\",\"contentUrl\":\"https:\/\/secure.gravatar.com\/avatar\/?s=96&d=mm&r=g\",\"caption\":\"Ere\"}}]}<\/script>\n<!-- \/ Yoast SEO plugin. -->","yoast_head_json":{"title":"ITABUNA: PREFEITO AUGUSTO CASTRO CONFIRMA SMITH E VALTER NO GOVERNO - blog do er\u00ea","robots":{"index":"index","follow":"follow","max-snippet":"max-snippet:-1","max-image-preview":"max-image-preview:large","max-video-preview":"max-video-preview:-1"},"canonical":"https:\/\/blogdoere.com.br\/?p=25977","og_locale":"pt_PT","og_type":"article","og_title":"ITABUNA: PREFEITO AUGUSTO CASTRO CONFIRMA SMITH E VALTER NO GOVERNO - blog do er\u00ea","og_description":"Nesta quinta-feira (31\/01), no Teatro Candinha Doria, em coletiva de imprensa, o prefeito eleito Augusto Castro (PSD) confirmou\u00a0os socialistas Moacir Smith Lima\u00a0para Secretaria Municipal de Agricultura e para administra\u00e7\u00e3o p\u00fablica...","og_url":"https:\/\/blogdoere.com.br\/?p=25977","og_site_name":"blog do er\u00ea","article_published_time":"2020-12-31T21:49:00+00:00","article_modified_time":"2021-11-11T17:13:38+00:00","og_image":[{"width":320,"height":179,"url":"https:\/\/blogdoere.com.br\/wp-content\/uploads\/2020\/12\/WhatsApp-Image-2020-12-31-at-18.44.38.jpg","type":"image\/jpeg"}],"author":"Ere","twitter_card":"summary_large_image","twitter_misc":{"Escrito por":"Ere","Tempo estimado de leitura":"1 minuto"},"schema":{"@context":"https:\/\/schema.org","@graph":[{"@type":"Article","@id":"https:\/\/blogdoere.com.br\/?p=25977#article","isPartOf":{"@id":"https:\/\/blogdoere.com.br\/?p=25977"},"author":{"name":"Ere","@id":"https:\/\/blogdoere.com.br\/#\/schema\/person\/4b56ed2336cb28ae3415ce8ffe56742e"},"headline":"ITABUNA: PREFEITO AUGUSTO CASTRO CONFIRMA SMITH E VALTER NO GOVERNO","datePublished":"2020-12-31T21:49:00+00:00","dateModified":"2021-11-11T17:13:38+00:00","mainEntityOfPage":{"@id":"https:\/\/blogdoere.com.br\/?p=25977"},"wordCount":118,"commentCount":0,"publisher":{"@id":"https:\/\/blogdoere.com.br\/#organization"},"articleSection":["Destaques"],"inLanguage":"pt-PT","potentialAction":[{"@type":"CommentAction","name":"Comment","target":["https:\/\/blogdoere.com.br\/?p=25977#respond"]}]},{"@type":"WebPage","@id":"https:\/\/blogdoere.com.br\/?p=25977","url":"https:\/\/blogdoere.com.br\/?p=25977","name":"ITABUNA: PREFEITO AUGUSTO CASTRO CONFIRMA SMITH E VALTER NO GOVERNO - blog do er\u00ea","isPartOf":{"@id":"https:\/\/blogdoere.com.br\/#website"},"datePublished":"2020-12-31T21:49:00+00:00","dateModified":"2021-11-11T17:13:38+00:00","breadcrumb":{"@id":"https:\/\/blogdoere.com.br\/?p=25977#breadcrumb"},"inLanguage":"pt-PT","potentialAction":[{"@type":"ReadAction","target":["https:\/\/blogdoere.com.br\/?p=25977"]}]},{"@type":"BreadcrumbList","@id":"https:\/\/blogdoere.com.br\/?p=25977#breadcrumb","itemListElement":[{"@type":"ListItem","position":1,"name":"In\u00edcio","item":"https:\/\/blogdoere.com.br\/"},{"@type":"ListItem","position":2,"name":"ITABUNA: PREFEITO AUGUSTO CASTRO CONFIRMA SMITH E VALTER NO GOVERNO"}]},{"@type":"WebSite","@id":"https:\/\/blogdoere.com.br\/#website","url":"https:\/\/blogdoere.com.br\/","name":"blog do er\u00ea","description":"","publisher":{"@id":"https:\/\/blogdoere.com.br\/#organization"},"potentialAction":[{"@type":"SearchAction","target":{"@type":"EntryPoint","urlTemplate":"https:\/\/blogdoere.com.br\/?s={search_term_string}"},"query-input":"required name=search_term_string"}],"inLanguage":"pt-PT"},{"@type":"Organization","@id":"https:\/\/blogdoere.com.br\/#organization","name":"Blog do Er\u00ea","url":"https:\/\/blogdoere.com.br\/","logo":{"@type":"ImageObject","inLanguage":"pt-PT","@id":"https:\/\/blogdoere.com.br\/#\/schema\/logo\/image\/","url":"https:\/\/blogdoere.com.br\/wp-content\/uploads\/2021\/11\/Logo-Ere-1.png","contentUrl":"https:\/\/blogdoere.com.br\/wp-content\/uploads\/2021\/11\/Logo-Ere-1.png","width":1261,"height":1330,"caption":"Blog do Er\u00ea"},"image":{"@id":"https:\/\/blogdoere.com.br\/#\/schema\/logo\/image\/"}},{"@type":"Person","@id":"https:\/\/blogdoere.com.br\/#\/schema\/person\/4b56ed2336cb28ae3415ce8ffe56742e","name":"Ere","image":{"@type":"ImageObject","inLanguage":"pt-PT","@id":"https:\/\/blogdoere.com.br\/#\/schema\/person\/image\/","url":"https:\/\/secure.gravatar.com\/avatar\/?s=96&d=mm&r=g","contentUrl":"https:\/\/secure.gravatar.com\/avatar\/?s=96&d=mm&r=g","caption":"Ere"}}]}},"featured_image_urls":{"full":["https:\/\/blogdoere.com.br\/wp-content\/uploads\/2020\/12\/WhatsApp-Image-2020-12-31-at-18.44.38.jpg",320,179,false],"thumbnail":["https:\/\/blogdoere.com.br\/wp-content\/uploads\/2020\/12\/WhatsApp-Image-2020-12-31-at-18.44.38-150x150.jpg",150,150,true],"medium":["https:\/\/blogdoere.com.br\/wp-content\/uploads\/2020\/12\/WhatsApp-Image-2020-12-31-at-18.44.38-300x168.jpg",300,168,true],"medium_large":["https:\/\/blogdoere.com.br\/wp-content\/uploads\/2020\/12\/WhatsApp-Image-2020-12-31-at-18.44.38.jpg",320,179,false],"large":["https:\/\/blogdoere.com.br\/wp-content\/uploads\/2020\/12\/WhatsApp-Image-2020-12-31-at-18.44.38.jpg",320,179,false],"1536x1536":["https:\/\/blogdoere.com.br\/wp-content\/uploads\/2020\/12\/WhatsApp-Image-2020-12-31-at-18.44.38.jpg",320,179,false],"2048x2048":["https:\/\/blogdoere.com.br\/wp-content\/uploads\/2020\/12\/WhatsApp-Image-2020-12-31-at-18.44.38.jpg",320,179,false]},"author_info":{"display_name":"Ere","author_link":"https:\/\/blogdoere.com.br\/?author=2"},"category_info":"<a href=\"https:\/\/blogdoere.com.br\/?cat=1\" rel=\"category\">Destaques<\/a>","tag_info":"Destaques","comment_count":"0","_links":{"self":[{"href":"https:\/\/blogdoere.com.br\/index.php?rest_route=\/wp\/v2\/posts\/25977","targetHints":{"allow":["GET"]}}],"collection":[{"href":"https:\/\/blogdoere.com.br\/index.php?rest_route=\/wp\/v2\/posts"}],"about":[{"href":"https:\/\/blogdoere.com.br\/index.php?rest_route=\/wp\/v2\/types\/post"}],"author":[{"embeddable":true,"href":"https:\/\/blogdoere.com.br\/index.php?rest_route=\/wp\/v2\/users\/2"}],"replies":[{"embeddable":true,"href":"https:\/\/blogdoere.com.br\/index.php?rest_route=%2Fwp%2Fv2%2Fcomments&post=25977"}],"version-history":[{"count":1,"href":"https:\/\/blogdoere.com.br\/index.php?rest_route=\/wp\/v2\/posts\/25977\/revisions"}],"predecessor-version":[{"id":27248,"href":"https:\/\/blogdoere.com.br\/index.php?rest_route=\/wp\/v2\/posts\/25977\/revisions\/27248"}],"wp:featuredmedia":[{"embeddable":true,"href":"https:\/\/blogdoere.com.br\/index.php?rest_route=\/wp\/v2\/media\/27247"}],"wp:attachment":[{"href":"https:\/\/blogdoere.com.br\/index.php?rest_route=%2Fwp%2Fv2%2Fmedia&parent=25977"}],"wp:term":[{"taxonomy":"category","embeddable":true,"href":"https:\/\/blogdoere.com.br\/index.php?rest_route=%2Fwp%2Fv2%2Fcategories&post=25977"},{"taxonomy":"post_tag","embeddable":true,"href":"https:\/\/blogdoere.com.br\/index.php?rest_route=%2Fwp%2Fv2%2Ftags&post=25977"}],"curies":[{"name":"wp","href":"https:\/\/api.w.org\/{rel}","templated":true}]}}