{"id":25987,"date":"2020-07-13T01:19:00","date_gmt":"2020-07-13T01:19:00","guid":{"rendered":"http:\/\/blogdoere.com.br\/?p=25987"},"modified":"2021-11-11T17:31:51","modified_gmt":"2021-11-11T17:31:51","slug":"gongogi-jovens-aderem-a-pre-candidatura-do-padre-genario","status":"publish","type":"post","link":"https:\/\/blogdoere.com.br\/?p=25987","title":{"rendered":"GONGOGI: JOVENS ADEREM A PR\u00c9-CANDIDATURA DO PADRE GEN\u00c1RIO."},"content":{"rendered":"<div style=\"clear: both; text-align: center;\"><a style=\"margin-left: 1em; margin-right: 1em;\" href=\"https:\/\/1.bp.blogspot.com\/--PMTx7srfK4\/Xwu1ymoEeMI\/AAAAAAAAPCc\/Tqx03vOURlgiQVOPtweC4CeNfkS27S--QCLcBGAsYHQ\/s1600\/FOTO_20200712_215744.jpg\"><img decoding=\"async\" src=\"https:\/\/1.bp.blogspot.com\/--PMTx7srfK4\/Xwu1ymoEeMI\/AAAAAAAAPCc\/Tqx03vOURlgiQVOPtweC4CeNfkS27S--QCLcBGAsYHQ\/s320\/FOTO_20200712_215744.jpg\" width=\"320\" height=\"167\" border=\"0\" data-original-height=\"568\" data-original-width=\"1088\" \/><\/a><\/div>\n<div dir=\"ltr\" style=\"line-height: 1.7999999999999998; margin-bottom: 0pt; margin-top: 0pt; text-align: justify;\"><span style=\"font-family: 'arial'; font-size: 12pt; white-space: pre-wrap;\">A pr\u00e9-candidatura do padre Gen\u00e1rio dos Santos ontem (11\/07) recebeu\u00a0 refor\u00e7o, apoio de um grupo de jovens\u00a0 que n\u00e3o querem ver no poder Executivo os tradicionais pol\u00edticos.<\/span><\/div>\n<div style=\"clear: both; text-align: center;\"><a style=\"margin-left: 1em; margin-right: 1em;\" href=\"https:\/\/1.bp.blogspot.com\/-3PehjFeO5qA\/Xwu19VlI0RI\/AAAAAAAAPCg\/1fnh_-YiACcyo3X_hbVnDVhIh456ObgugCLcBGAsYHQ\/s1600\/FOTO_20200712_215659.jpg\"><img decoding=\"async\" src=\"https:\/\/1.bp.blogspot.com\/-3PehjFeO5qA\/Xwu19VlI0RI\/AAAAAAAAPCg\/1fnh_-YiACcyo3X_hbVnDVhIh456ObgugCLcBGAsYHQ\/s320\/FOTO_20200712_215659.jpg\" width=\"320\" height=\"142\" border=\"0\" data-original-height=\"521\" data-original-width=\"1172\" \/><\/a><\/div>\n<div dir=\"ltr\" style=\"line-height: 1.7999999999999998; margin-bottom: 0pt; margin-top: 0pt; text-align: justify;\"><span style=\"font-family: 'arial'; font-size: 12pt; vertical-align: baseline; white-space: pre-wrap;\"><span style=\"font-size: 12pt;\">Segundo uma fonte daquele munic\u00edpio, para evitar o retrocesso pol\u00edtico que envolve &#8220;pol\u00edticos fichas sujas outros sem responsabilidades&#8221;, os jovens se comprometeram\u00a0 com a pr\u00e9-candidatura do padre que tem como objetivo criar oportunidades no munic\u00edpio principalmente para a juventude.<\/span><\/span><\/div>\n","protected":false},"excerpt":{"rendered":"<p>A pr\u00e9-candidatura do padre Gen\u00e1rio dos Santos ontem (11\/07) recebeu\u00a0 refor\u00e7o, apoio de um grupo de jovens\u00a0 que n\u00e3o querem ver no poder Executivo os tradicionais pol\u00edticos. Segundo uma fonte&#8230;<\/p>\n","protected":false},"author":2,"featured_media":27271,"comment_status":"open","ping_status":"open","sticky":false,"template":"","format":"standard","meta":{"_editorskit_title_hidden":false,"_editorskit_reading_time":0,"_editorskit_is_block_options_detached":false,"_editorskit_block_options_position":"{}","om_disable_all_campaigns":false,"_mi_skip_tracking":false,"_kad_post_transparent":"","_kad_post_title":"","_kad_post_layout":"","_kad_post_sidebar_id":"","_kad_post_content_style":"","_kad_post_vertical_padding":"","_kad_post_feature":"","_kad_post_feature_position":"","_kad_post_header":false,"_kad_post_footer":false,"footnotes":""},"categories":[1],"tags":[],"class_list":["post-25987","post","type-post","status-publish","format-standard","has-post-thumbnail","hentry","category-destaques"],"yoast_head":"<!-- This site is optimized with the Yoast SEO plugin v20.5 - https:\/\/yoast.com\/wordpress\/plugins\/seo\/ -->\n<title>GONGOGI: JOVENS ADEREM A PR\u00c9-CANDIDATURA DO PADRE GEN\u00c1RIO. - blog do er\u00ea<\/title>\n<meta name=\"robots\" content=\"index, follow, max-snippet:-1, max-image-preview:large, max-video-preview:-1\" \/>\n<link rel=\"canonical\" href=\"https:\/\/blogdoere.com.br\/?p=25987\" \/>\n<meta property=\"og:locale\" content=\"pt_PT\" \/>\n<meta property=\"og:type\" content=\"article\" \/>\n<meta property=\"og:title\" content=\"GONGOGI: JOVENS ADEREM A PR\u00c9-CANDIDATURA DO PADRE GEN\u00c1RIO. - blog do er\u00ea\" \/>\n<meta property=\"og:description\" content=\"A pr\u00e9-candidatura do padre Gen\u00e1rio dos Santos ontem (11\/07) recebeu\u00a0 refor\u00e7o, apoio de um grupo de jovens\u00a0 que n\u00e3o querem ver no poder Executivo os tradicionais pol\u00edticos. Segundo uma fonte...\" \/>\n<meta property=\"og:url\" content=\"https:\/\/blogdoere.com.br\/?p=25987\" \/>\n<meta property=\"og:site_name\" content=\"blog do er\u00ea\" \/>\n<meta property=\"article:published_time\" content=\"2020-07-13T01:19:00+00:00\" \/>\n<meta property=\"article:modified_time\" content=\"2021-11-11T17:31:51+00:00\" \/>\n<meta property=\"og:image\" content=\"https:\/\/blogdoere.com.br\/wp-content\/uploads\/2020\/07\/FOTO_20200712_215744.jpg\" \/>\n\t<meta property=\"og:image:width\" content=\"320\" \/>\n\t<meta property=\"og:image:height\" content=\"167\" \/>\n\t<meta property=\"og:image:type\" content=\"image\/jpeg\" \/>\n<meta name=\"author\" content=\"Ere\" \/>\n<meta name=\"twitter:card\" content=\"summary_large_image\" \/>\n<meta name=\"twitter:label1\" content=\"Escrito por\" \/>\n\t<meta name=\"twitter:data1\" content=\"Ere\" \/>\n<script type=\"application\/ld+json\" class=\"yoast-schema-graph\">{\"@context\":\"https:\/\/schema.org\",\"@graph\":[{\"@type\":\"Article\",\"@id\":\"https:\/\/blogdoere.com.br\/?p=25987#article\",\"isPartOf\":{\"@id\":\"https:\/\/blogdoere.com.br\/?p=25987\"},\"author\":{\"name\":\"Ere\",\"@id\":\"https:\/\/blogdoere.com.br\/#\/schema\/person\/4b56ed2336cb28ae3415ce8ffe56742e\"},\"headline\":\"GONGOGI: JOVENS ADEREM A PR\u00c9-CANDIDATURA DO PADRE GEN\u00c1RIO.\",\"datePublished\":\"2020-07-13T01:19:00+00:00\",\"dateModified\":\"2021-11-11T17:31:51+00:00\",\"mainEntityOfPage\":{\"@id\":\"https:\/\/blogdoere.com.br\/?p=25987\"},\"wordCount\":85,\"commentCount\":1,\"publisher\":{\"@id\":\"https:\/\/blogdoere.com.br\/#organization\"},\"articleSection\":[\"Destaques\"],\"inLanguage\":\"pt-PT\",\"potentialAction\":[{\"@type\":\"CommentAction\",\"name\":\"Comment\",\"target\":[\"https:\/\/blogdoere.com.br\/?p=25987#respond\"]}]},{\"@type\":\"WebPage\",\"@id\":\"https:\/\/blogdoere.com.br\/?p=25987\",\"url\":\"https:\/\/blogdoere.com.br\/?p=25987\",\"name\":\"GONGOGI: JOVENS ADEREM A PR\u00c9-CANDIDATURA DO PADRE GEN\u00c1RIO. - blog do er\u00ea\",\"isPartOf\":{\"@id\":\"https:\/\/blogdoere.com.br\/#website\"},\"datePublished\":\"2020-07-13T01:19:00+00:00\",\"dateModified\":\"2021-11-11T17:31:51+00:00\",\"breadcrumb\":{\"@id\":\"https:\/\/blogdoere.com.br\/?p=25987#breadcrumb\"},\"inLanguage\":\"pt-PT\",\"potentialAction\":[{\"@type\":\"ReadAction\",\"target\":[\"https:\/\/blogdoere.com.br\/?p=25987\"]}]},{\"@type\":\"BreadcrumbList\",\"@id\":\"https:\/\/blogdoere.com.br\/?p=25987#breadcrumb\",\"itemListElement\":[{\"@type\":\"ListItem\",\"position\":1,\"name\":\"In\u00edcio\",\"item\":\"https:\/\/blogdoere.com.br\/\"},{\"@type\":\"ListItem\",\"position\":2,\"name\":\"GONGOGI: JOVENS ADEREM A PR\u00c9-CANDIDATURA DO PADRE GEN\u00c1RIO.\"}]},{\"@type\":\"WebSite\",\"@id\":\"https:\/\/blogdoere.com.br\/#website\",\"url\":\"https:\/\/blogdoere.com.br\/\",\"name\":\"blog do er\u00ea\",\"description\":\"\",\"publisher\":{\"@id\":\"https:\/\/blogdoere.com.br\/#organization\"},\"potentialAction\":[{\"@type\":\"SearchAction\",\"target\":{\"@type\":\"EntryPoint\",\"urlTemplate\":\"https:\/\/blogdoere.com.br\/?s={search_term_string}\"},\"query-input\":\"required name=search_term_string\"}],\"inLanguage\":\"pt-PT\"},{\"@type\":\"Organization\",\"@id\":\"https:\/\/blogdoere.com.br\/#organization\",\"name\":\"Blog do Er\u00ea\",\"url\":\"https:\/\/blogdoere.com.br\/\",\"logo\":{\"@type\":\"ImageObject\",\"inLanguage\":\"pt-PT\",\"@id\":\"https:\/\/blogdoere.com.br\/#\/schema\/logo\/image\/\",\"url\":\"https:\/\/blogdoere.com.br\/wp-content\/uploads\/2021\/11\/Logo-Ere-1.png\",\"contentUrl\":\"https:\/\/blogdoere.com.br\/wp-content\/uploads\/2021\/11\/Logo-Ere-1.png\",\"width\":1261,\"height\":1330,\"caption\":\"Blog do Er\u00ea\"},\"image\":{\"@id\":\"https:\/\/blogdoere.com.br\/#\/schema\/logo\/image\/\"}},{\"@type\":\"Person\",\"@id\":\"https:\/\/blogdoere.com.br\/#\/schema\/person\/4b56ed2336cb28ae3415ce8ffe56742e\",\"name\":\"Ere\",\"image\":{\"@type\":\"ImageObject\",\"inLanguage\":\"pt-PT\",\"@id\":\"https:\/\/blogdoere.com.br\/#\/schema\/person\/image\/\",\"url\":\"https:\/\/secure.gravatar.com\/avatar\/?s=96&d=mm&r=g\",\"contentUrl\":\"https:\/\/secure.gravatar.com\/avatar\/?s=96&d=mm&r=g\",\"caption\":\"Ere\"}}]}<\/script>\n<!-- \/ Yoast SEO plugin. -->","yoast_head_json":{"title":"GONGOGI: JOVENS ADEREM A PR\u00c9-CANDIDATURA DO PADRE GEN\u00c1RIO. - blog do er\u00ea","robots":{"index":"index","follow":"follow","max-snippet":"max-snippet:-1","max-image-preview":"max-image-preview:large","max-video-preview":"max-video-preview:-1"},"canonical":"https:\/\/blogdoere.com.br\/?p=25987","og_locale":"pt_PT","og_type":"article","og_title":"GONGOGI: JOVENS ADEREM A PR\u00c9-CANDIDATURA DO PADRE GEN\u00c1RIO. - blog do er\u00ea","og_description":"A pr\u00e9-candidatura do padre Gen\u00e1rio dos Santos ontem (11\/07) recebeu\u00a0 refor\u00e7o, apoio de um grupo de jovens\u00a0 que n\u00e3o querem ver no poder Executivo os tradicionais pol\u00edticos. Segundo uma fonte...","og_url":"https:\/\/blogdoere.com.br\/?p=25987","og_site_name":"blog do er\u00ea","article_published_time":"2020-07-13T01:19:00+00:00","article_modified_time":"2021-11-11T17:31:51+00:00","og_image":[{"width":320,"height":167,"url":"https:\/\/blogdoere.com.br\/wp-content\/uploads\/2020\/07\/FOTO_20200712_215744.jpg","type":"image\/jpeg"}],"author":"Ere","twitter_card":"summary_large_image","twitter_misc":{"Escrito por":"Ere"},"schema":{"@context":"https:\/\/schema.org","@graph":[{"@type":"Article","@id":"https:\/\/blogdoere.com.br\/?p=25987#article","isPartOf":{"@id":"https:\/\/blogdoere.com.br\/?p=25987"},"author":{"name":"Ere","@id":"https:\/\/blogdoere.com.br\/#\/schema\/person\/4b56ed2336cb28ae3415ce8ffe56742e"},"headline":"GONGOGI: JOVENS ADEREM A PR\u00c9-CANDIDATURA DO PADRE GEN\u00c1RIO.","datePublished":"2020-07-13T01:19:00+00:00","dateModified":"2021-11-11T17:31:51+00:00","mainEntityOfPage":{"@id":"https:\/\/blogdoere.com.br\/?p=25987"},"wordCount":85,"commentCount":1,"publisher":{"@id":"https:\/\/blogdoere.com.br\/#organization"},"articleSection":["Destaques"],"inLanguage":"pt-PT","potentialAction":[{"@type":"CommentAction","name":"Comment","target":["https:\/\/blogdoere.com.br\/?p=25987#respond"]}]},{"@type":"WebPage","@id":"https:\/\/blogdoere.com.br\/?p=25987","url":"https:\/\/blogdoere.com.br\/?p=25987","name":"GONGOGI: JOVENS ADEREM A PR\u00c9-CANDIDATURA DO PADRE GEN\u00c1RIO. - blog do er\u00ea","isPartOf":{"@id":"https:\/\/blogdoere.com.br\/#website"},"datePublished":"2020-07-13T01:19:00+00:00","dateModified":"2021-11-11T17:31:51+00:00","breadcrumb":{"@id":"https:\/\/blogdoere.com.br\/?p=25987#breadcrumb"},"inLanguage":"pt-PT","potentialAction":[{"@type":"ReadAction","target":["https:\/\/blogdoere.com.br\/?p=25987"]}]},{"@type":"BreadcrumbList","@id":"https:\/\/blogdoere.com.br\/?p=25987#breadcrumb","itemListElement":[{"@type":"ListItem","position":1,"name":"In\u00edcio","item":"https:\/\/blogdoere.com.br\/"},{"@type":"ListItem","position":2,"name":"GONGOGI: JOVENS ADEREM A PR\u00c9-CANDIDATURA DO PADRE GEN\u00c1RIO."}]},{"@type":"WebSite","@id":"https:\/\/blogdoere.com.br\/#website","url":"https:\/\/blogdoere.com.br\/","name":"blog do er\u00ea","description":"","publisher":{"@id":"https:\/\/blogdoere.com.br\/#organization"},"potentialAction":[{"@type":"SearchAction","target":{"@type":"EntryPoint","urlTemplate":"https:\/\/blogdoere.com.br\/?s={search_term_string}"},"query-input":"required name=search_term_string"}],"inLanguage":"pt-PT"},{"@type":"Organization","@id":"https:\/\/blogdoere.com.br\/#organization","name":"Blog do Er\u00ea","url":"https:\/\/blogdoere.com.br\/","logo":{"@type":"ImageObject","inLanguage":"pt-PT","@id":"https:\/\/blogdoere.com.br\/#\/schema\/logo\/image\/","url":"https:\/\/blogdoere.com.br\/wp-content\/uploads\/2021\/11\/Logo-Ere-1.png","contentUrl":"https:\/\/blogdoere.com.br\/wp-content\/uploads\/2021\/11\/Logo-Ere-1.png","width":1261,"height":1330,"caption":"Blog do Er\u00ea"},"image":{"@id":"https:\/\/blogdoere.com.br\/#\/schema\/logo\/image\/"}},{"@type":"Person","@id":"https:\/\/blogdoere.com.br\/#\/schema\/person\/4b56ed2336cb28ae3415ce8ffe56742e","name":"Ere","image":{"@type":"ImageObject","inLanguage":"pt-PT","@id":"https:\/\/blogdoere.com.br\/#\/schema\/person\/image\/","url":"https:\/\/secure.gravatar.com\/avatar\/?s=96&d=mm&r=g","contentUrl":"https:\/\/secure.gravatar.com\/avatar\/?s=96&d=mm&r=g","caption":"Ere"}}]}},"featured_image_urls":{"full":["https:\/\/blogdoere.com.br\/wp-content\/uploads\/2020\/07\/FOTO_20200712_215744.jpg",320,167,false],"thumbnail":["https:\/\/blogdoere.com.br\/wp-content\/uploads\/2020\/07\/FOTO_20200712_215744-150x150.jpg",150,150,true],"medium":["https:\/\/blogdoere.com.br\/wp-content\/uploads\/2020\/07\/FOTO_20200712_215744-300x157.jpg",300,157,true],"medium_large":["https:\/\/blogdoere.com.br\/wp-content\/uploads\/2020\/07\/FOTO_20200712_215744.jpg",320,167,false],"large":["https:\/\/blogdoere.com.br\/wp-content\/uploads\/2020\/07\/FOTO_20200712_215744.jpg",320,167,false],"1536x1536":["https:\/\/blogdoere.com.br\/wp-content\/uploads\/2020\/07\/FOTO_20200712_215744.jpg",320,167,false],"2048x2048":["https:\/\/blogdoere.com.br\/wp-content\/uploads\/2020\/07\/FOTO_20200712_215744.jpg",320,167,false]},"author_info":{"display_name":"Ere","author_link":"https:\/\/blogdoere.com.br\/?author=2"},"category_info":"<a href=\"https:\/\/blogdoere.com.br\/?cat=1\" rel=\"category\">Destaques<\/a>","tag_info":"Destaques","comment_count":"1","_links":{"self":[{"href":"https:\/\/blogdoere.com.br\/index.php?rest_route=\/wp\/v2\/posts\/25987","targetHints":{"allow":["GET"]}}],"collection":[{"href":"https:\/\/blogdoere.com.br\/index.php?rest_route=\/wp\/v2\/posts"}],"about":[{"href":"https:\/\/blogdoere.com.br\/index.php?rest_route=\/wp\/v2\/types\/post"}],"author":[{"embeddable":true,"href":"https:\/\/blogdoere.com.br\/index.php?rest_route=\/wp\/v2\/users\/2"}],"replies":[{"embeddable":true,"href":"https:\/\/blogdoere.com.br\/index.php?rest_route=%2Fwp%2Fv2%2Fcomments&post=25987"}],"version-history":[{"count":1,"href":"https:\/\/blogdoere.com.br\/index.php?rest_route=\/wp\/v2\/posts\/25987\/revisions"}],"predecessor-version":[{"id":27273,"href":"https:\/\/blogdoere.com.br\/index.php?rest_route=\/wp\/v2\/posts\/25987\/revisions\/27273"}],"wp:featuredmedia":[{"embeddable":true,"href":"https:\/\/blogdoere.com.br\/index.php?rest_route=\/wp\/v2\/media\/27271"}],"wp:attachment":[{"href":"https:\/\/blogdoere.com.br\/index.php?rest_route=%2Fwp%2Fv2%2Fmedia&parent=25987"}],"wp:term":[{"taxonomy":"category","embeddable":true,"href":"https:\/\/blogdoere.com.br\/index.php?rest_route=%2Fwp%2Fv2%2Fcategories&post=25987"},{"taxonomy":"post_tag","embeddable":true,"href":"https:\/\/blogdoere.com.br\/index.php?rest_route=%2Fwp%2Fv2%2Ftags&post=25987"}],"curies":[{"name":"wp","href":"https:\/\/api.w.org\/{rel}","templated":true}]}}