{"id":25991,"date":"2020-06-30T16:19:00","date_gmt":"2020-06-30T16:19:00","guid":{"rendered":"http:\/\/blogdoere.com.br\/?p=25991"},"modified":"2021-11-11T17:36:16","modified_gmt":"2021-11-11T17:36:16","slug":"ilheus-em-live-bebeto-afirma-pre-candidatura-a-prefeito","status":"publish","type":"post","link":"https:\/\/blogdoere.com.br\/?p=25991","title":{"rendered":"ILH\u00c9US: EM LIVE, BEBETO AFIRMA PR\u00c9-CANDIDATURA A PREFEITO."},"content":{"rendered":"<div style=\"clear: both; text-align: center;\"><a style=\"margin-left: 1em; margin-right: 1em;\" href=\"https:\/\/1.bp.blogspot.com\/-I2CMMNwYIQc\/XvtkyTBTC-I\/AAAAAAAAN-8\/_E8_iyWs-Ro4-jSu_BqEajuOE-XDnwSbACLcBGAsYHQ\/s1600\/FOTO_20200630_130815.jpg\"><img decoding=\"async\" src=\"https:\/\/1.bp.blogspot.com\/-I2CMMNwYIQc\/XvtkyTBTC-I\/AAAAAAAAN-8\/_E8_iyWs-Ro4-jSu_BqEajuOE-XDnwSbACLcBGAsYHQ\/s320\/FOTO_20200630_130815.jpg\" width=\"320\" height=\"312\" border=\"0\" data-original-height=\"716\" data-original-width=\"733\" \/><\/a><\/div>\n<div dir=\"ltr\" style=\"line-height: 1.7999999999999998; margin-bottom: 0pt; margin-top: 0pt; text-align: justify;\"><\/div>\n<div dir=\"ltr\" style=\"line-height: 1.7999999999999998; margin-bottom: 0pt; margin-top: 0pt; text-align: justify;\"><span style=\"font-family: 'arial'; font-size: 12pt; vertical-align: baseline; white-space: pre-wrap;\">Ontem 29\/06, em live, o ex-deputado Federal e Suplente de Senador,\u00a0 Bebeto Galv\u00e3o(PSB) afirmou sua pr\u00e9-canditatura\u00a0 a prefeito de Ilh\u00e9us.\u00a0 Segundo Bebeto,\u00a0 o partido est\u00e1 organizado numa nominata de pr\u00e9-candidatos a\u00a0 vereadores com nomes competitivos \u00a0 para disputar a elei\u00e7\u00e3o, e \u00a0 existe tamb\u00e9m ampla discuss\u00e3o\u00a0 com\u00a0 os pr\u00e9-candidatos a prefeitos dos\u00a0 partidos da base do governador Rui Costa (PT), para uma poss\u00edvel coaliz\u00e3o pol\u00edtica\u00a0 inclusive\u00a0 com a participa\u00e7\u00e3o do\u00a0 prefeito M\u00e1rio Alexandre (PSD).\u00a0 Para o experiente pol\u00edtico, quem quer apoio n\u00e3o deve negar apoio, seu compromisso \u00e9 com desenvolvimento sustent\u00e1vel do munic\u00edpio desta forma \u00e9 preciso pensar\u00a0 e colocar\u00a0em destaque\u00a0 o interesse da cidade que vem tendo investimento do governo do Estado.<\/span><\/div>\n","protected":false},"excerpt":{"rendered":"<p>Ontem 29\/06, em live, o ex-deputado Federal e Suplente de Senador,\u00a0 Bebeto Galv\u00e3o(PSB) afirmou sua pr\u00e9-canditatura\u00a0 a prefeito de Ilh\u00e9us.\u00a0 Segundo Bebeto,\u00a0 o partido est\u00e1 organizado numa nominata de pr\u00e9-candidatos&#8230;<\/p>\n","protected":false},"author":2,"featured_media":27281,"comment_status":"open","ping_status":"open","sticky":false,"template":"","format":"standard","meta":{"_editorskit_title_hidden":false,"_editorskit_reading_time":0,"_editorskit_is_block_options_detached":false,"_editorskit_block_options_position":"{}","om_disable_all_campaigns":false,"_mi_skip_tracking":false,"_kad_post_transparent":"","_kad_post_title":"","_kad_post_layout":"","_kad_post_sidebar_id":"","_kad_post_content_style":"","_kad_post_vertical_padding":"","_kad_post_feature":"","_kad_post_feature_position":"","_kad_post_header":false,"_kad_post_footer":false,"footnotes":""},"categories":[1],"tags":[],"class_list":["post-25991","post","type-post","status-publish","format-standard","has-post-thumbnail","hentry","category-destaques"],"yoast_head":"<!-- This site is optimized with the Yoast SEO plugin v20.5 - https:\/\/yoast.com\/wordpress\/plugins\/seo\/ -->\n<title>ILH\u00c9US: EM LIVE, BEBETO AFIRMA PR\u00c9-CANDIDATURA A PREFEITO. - blog do er\u00ea<\/title>\n<meta name=\"robots\" content=\"index, follow, max-snippet:-1, max-image-preview:large, max-video-preview:-1\" \/>\n<link rel=\"canonical\" href=\"https:\/\/blogdoere.com.br\/?p=25991\" \/>\n<meta property=\"og:locale\" content=\"pt_PT\" \/>\n<meta property=\"og:type\" content=\"article\" \/>\n<meta property=\"og:title\" content=\"ILH\u00c9US: EM LIVE, BEBETO AFIRMA PR\u00c9-CANDIDATURA A PREFEITO. - blog do er\u00ea\" \/>\n<meta property=\"og:description\" content=\"Ontem 29\/06, em live, o ex-deputado Federal e Suplente de Senador,\u00a0 Bebeto Galv\u00e3o(PSB) afirmou sua pr\u00e9-canditatura\u00a0 a prefeito de Ilh\u00e9us.\u00a0 Segundo Bebeto,\u00a0 o partido est\u00e1 organizado numa nominata de pr\u00e9-candidatos...\" \/>\n<meta property=\"og:url\" content=\"https:\/\/blogdoere.com.br\/?p=25991\" \/>\n<meta property=\"og:site_name\" content=\"blog do er\u00ea\" \/>\n<meta property=\"article:published_time\" content=\"2020-06-30T16:19:00+00:00\" \/>\n<meta property=\"article:modified_time\" content=\"2021-11-11T17:36:16+00:00\" \/>\n<meta property=\"og:image\" content=\"https:\/\/blogdoere.com.br\/wp-content\/uploads\/2020\/06\/FOTO_20200630_130815.jpg\" \/>\n\t<meta property=\"og:image:width\" content=\"320\" \/>\n\t<meta property=\"og:image:height\" content=\"312\" \/>\n\t<meta property=\"og:image:type\" content=\"image\/jpeg\" \/>\n<meta name=\"author\" content=\"Ere\" \/>\n<meta name=\"twitter:card\" content=\"summary_large_image\" \/>\n<meta name=\"twitter:label1\" content=\"Escrito por\" \/>\n\t<meta name=\"twitter:data1\" content=\"Ere\" \/>\n\t<meta name=\"twitter:label2\" content=\"Tempo estimado de leitura\" \/>\n\t<meta name=\"twitter:data2\" content=\"1 minuto\" \/>\n<script type=\"application\/ld+json\" class=\"yoast-schema-graph\">{\"@context\":\"https:\/\/schema.org\",\"@graph\":[{\"@type\":\"Article\",\"@id\":\"https:\/\/blogdoere.com.br\/?p=25991#article\",\"isPartOf\":{\"@id\":\"https:\/\/blogdoere.com.br\/?p=25991\"},\"author\":{\"name\":\"Ere\",\"@id\":\"https:\/\/blogdoere.com.br\/#\/schema\/person\/4b56ed2336cb28ae3415ce8ffe56742e\"},\"headline\":\"ILH\u00c9US: EM LIVE, BEBETO AFIRMA PR\u00c9-CANDIDATURA A PREFEITO.\",\"datePublished\":\"2020-06-30T16:19:00+00:00\",\"dateModified\":\"2021-11-11T17:36:16+00:00\",\"mainEntityOfPage\":{\"@id\":\"https:\/\/blogdoere.com.br\/?p=25991\"},\"wordCount\":137,\"commentCount\":0,\"publisher\":{\"@id\":\"https:\/\/blogdoere.com.br\/#organization\"},\"articleSection\":[\"Destaques\"],\"inLanguage\":\"pt-PT\",\"potentialAction\":[{\"@type\":\"CommentAction\",\"name\":\"Comment\",\"target\":[\"https:\/\/blogdoere.com.br\/?p=25991#respond\"]}]},{\"@type\":\"WebPage\",\"@id\":\"https:\/\/blogdoere.com.br\/?p=25991\",\"url\":\"https:\/\/blogdoere.com.br\/?p=25991\",\"name\":\"ILH\u00c9US: EM LIVE, BEBETO AFIRMA PR\u00c9-CANDIDATURA A PREFEITO. - blog do er\u00ea\",\"isPartOf\":{\"@id\":\"https:\/\/blogdoere.com.br\/#website\"},\"datePublished\":\"2020-06-30T16:19:00+00:00\",\"dateModified\":\"2021-11-11T17:36:16+00:00\",\"breadcrumb\":{\"@id\":\"https:\/\/blogdoere.com.br\/?p=25991#breadcrumb\"},\"inLanguage\":\"pt-PT\",\"potentialAction\":[{\"@type\":\"ReadAction\",\"target\":[\"https:\/\/blogdoere.com.br\/?p=25991\"]}]},{\"@type\":\"BreadcrumbList\",\"@id\":\"https:\/\/blogdoere.com.br\/?p=25991#breadcrumb\",\"itemListElement\":[{\"@type\":\"ListItem\",\"position\":1,\"name\":\"In\u00edcio\",\"item\":\"https:\/\/blogdoere.com.br\/\"},{\"@type\":\"ListItem\",\"position\":2,\"name\":\"ILH\u00c9US: EM LIVE, BEBETO AFIRMA PR\u00c9-CANDIDATURA A PREFEITO.\"}]},{\"@type\":\"WebSite\",\"@id\":\"https:\/\/blogdoere.com.br\/#website\",\"url\":\"https:\/\/blogdoere.com.br\/\",\"name\":\"blog do er\u00ea\",\"description\":\"\",\"publisher\":{\"@id\":\"https:\/\/blogdoere.com.br\/#organization\"},\"potentialAction\":[{\"@type\":\"SearchAction\",\"target\":{\"@type\":\"EntryPoint\",\"urlTemplate\":\"https:\/\/blogdoere.com.br\/?s={search_term_string}\"},\"query-input\":\"required name=search_term_string\"}],\"inLanguage\":\"pt-PT\"},{\"@type\":\"Organization\",\"@id\":\"https:\/\/blogdoere.com.br\/#organization\",\"name\":\"Blog do Er\u00ea\",\"url\":\"https:\/\/blogdoere.com.br\/\",\"logo\":{\"@type\":\"ImageObject\",\"inLanguage\":\"pt-PT\",\"@id\":\"https:\/\/blogdoere.com.br\/#\/schema\/logo\/image\/\",\"url\":\"https:\/\/blogdoere.com.br\/wp-content\/uploads\/2021\/11\/Logo-Ere-1.png\",\"contentUrl\":\"https:\/\/blogdoere.com.br\/wp-content\/uploads\/2021\/11\/Logo-Ere-1.png\",\"width\":1261,\"height\":1330,\"caption\":\"Blog do Er\u00ea\"},\"image\":{\"@id\":\"https:\/\/blogdoere.com.br\/#\/schema\/logo\/image\/\"}},{\"@type\":\"Person\",\"@id\":\"https:\/\/blogdoere.com.br\/#\/schema\/person\/4b56ed2336cb28ae3415ce8ffe56742e\",\"name\":\"Ere\",\"image\":{\"@type\":\"ImageObject\",\"inLanguage\":\"pt-PT\",\"@id\":\"https:\/\/blogdoere.com.br\/#\/schema\/person\/image\/\",\"url\":\"https:\/\/secure.gravatar.com\/avatar\/?s=96&d=mm&r=g\",\"contentUrl\":\"https:\/\/secure.gravatar.com\/avatar\/?s=96&d=mm&r=g\",\"caption\":\"Ere\"}}]}<\/script>\n<!-- \/ Yoast SEO plugin. -->","yoast_head_json":{"title":"ILH\u00c9US: EM LIVE, BEBETO AFIRMA PR\u00c9-CANDIDATURA A PREFEITO. - blog do er\u00ea","robots":{"index":"index","follow":"follow","max-snippet":"max-snippet:-1","max-image-preview":"max-image-preview:large","max-video-preview":"max-video-preview:-1"},"canonical":"https:\/\/blogdoere.com.br\/?p=25991","og_locale":"pt_PT","og_type":"article","og_title":"ILH\u00c9US: EM LIVE, BEBETO AFIRMA PR\u00c9-CANDIDATURA A PREFEITO. - blog do er\u00ea","og_description":"Ontem 29\/06, em live, o ex-deputado Federal e Suplente de Senador,\u00a0 Bebeto Galv\u00e3o(PSB) afirmou sua pr\u00e9-canditatura\u00a0 a prefeito de Ilh\u00e9us.\u00a0 Segundo Bebeto,\u00a0 o partido est\u00e1 organizado numa nominata de pr\u00e9-candidatos...","og_url":"https:\/\/blogdoere.com.br\/?p=25991","og_site_name":"blog do er\u00ea","article_published_time":"2020-06-30T16:19:00+00:00","article_modified_time":"2021-11-11T17:36:16+00:00","og_image":[{"width":320,"height":312,"url":"https:\/\/blogdoere.com.br\/wp-content\/uploads\/2020\/06\/FOTO_20200630_130815.jpg","type":"image\/jpeg"}],"author":"Ere","twitter_card":"summary_large_image","twitter_misc":{"Escrito por":"Ere","Tempo estimado de leitura":"1 minuto"},"schema":{"@context":"https:\/\/schema.org","@graph":[{"@type":"Article","@id":"https:\/\/blogdoere.com.br\/?p=25991#article","isPartOf":{"@id":"https:\/\/blogdoere.com.br\/?p=25991"},"author":{"name":"Ere","@id":"https:\/\/blogdoere.com.br\/#\/schema\/person\/4b56ed2336cb28ae3415ce8ffe56742e"},"headline":"ILH\u00c9US: EM LIVE, BEBETO AFIRMA PR\u00c9-CANDIDATURA A PREFEITO.","datePublished":"2020-06-30T16:19:00+00:00","dateModified":"2021-11-11T17:36:16+00:00","mainEntityOfPage":{"@id":"https:\/\/blogdoere.com.br\/?p=25991"},"wordCount":137,"commentCount":0,"publisher":{"@id":"https:\/\/blogdoere.com.br\/#organization"},"articleSection":["Destaques"],"inLanguage":"pt-PT","potentialAction":[{"@type":"CommentAction","name":"Comment","target":["https:\/\/blogdoere.com.br\/?p=25991#respond"]}]},{"@type":"WebPage","@id":"https:\/\/blogdoere.com.br\/?p=25991","url":"https:\/\/blogdoere.com.br\/?p=25991","name":"ILH\u00c9US: EM LIVE, BEBETO AFIRMA PR\u00c9-CANDIDATURA A PREFEITO. - blog do er\u00ea","isPartOf":{"@id":"https:\/\/blogdoere.com.br\/#website"},"datePublished":"2020-06-30T16:19:00+00:00","dateModified":"2021-11-11T17:36:16+00:00","breadcrumb":{"@id":"https:\/\/blogdoere.com.br\/?p=25991#breadcrumb"},"inLanguage":"pt-PT","potentialAction":[{"@type":"ReadAction","target":["https:\/\/blogdoere.com.br\/?p=25991"]}]},{"@type":"BreadcrumbList","@id":"https:\/\/blogdoere.com.br\/?p=25991#breadcrumb","itemListElement":[{"@type":"ListItem","position":1,"name":"In\u00edcio","item":"https:\/\/blogdoere.com.br\/"},{"@type":"ListItem","position":2,"name":"ILH\u00c9US: EM LIVE, BEBETO AFIRMA PR\u00c9-CANDIDATURA A PREFEITO."}]},{"@type":"WebSite","@id":"https:\/\/blogdoere.com.br\/#website","url":"https:\/\/blogdoere.com.br\/","name":"blog do er\u00ea","description":"","publisher":{"@id":"https:\/\/blogdoere.com.br\/#organization"},"potentialAction":[{"@type":"SearchAction","target":{"@type":"EntryPoint","urlTemplate":"https:\/\/blogdoere.com.br\/?s={search_term_string}"},"query-input":"required name=search_term_string"}],"inLanguage":"pt-PT"},{"@type":"Organization","@id":"https:\/\/blogdoere.com.br\/#organization","name":"Blog do Er\u00ea","url":"https:\/\/blogdoere.com.br\/","logo":{"@type":"ImageObject","inLanguage":"pt-PT","@id":"https:\/\/blogdoere.com.br\/#\/schema\/logo\/image\/","url":"https:\/\/blogdoere.com.br\/wp-content\/uploads\/2021\/11\/Logo-Ere-1.png","contentUrl":"https:\/\/blogdoere.com.br\/wp-content\/uploads\/2021\/11\/Logo-Ere-1.png","width":1261,"height":1330,"caption":"Blog do Er\u00ea"},"image":{"@id":"https:\/\/blogdoere.com.br\/#\/schema\/logo\/image\/"}},{"@type":"Person","@id":"https:\/\/blogdoere.com.br\/#\/schema\/person\/4b56ed2336cb28ae3415ce8ffe56742e","name":"Ere","image":{"@type":"ImageObject","inLanguage":"pt-PT","@id":"https:\/\/blogdoere.com.br\/#\/schema\/person\/image\/","url":"https:\/\/secure.gravatar.com\/avatar\/?s=96&d=mm&r=g","contentUrl":"https:\/\/secure.gravatar.com\/avatar\/?s=96&d=mm&r=g","caption":"Ere"}}]}},"featured_image_urls":{"full":["https:\/\/blogdoere.com.br\/wp-content\/uploads\/2020\/06\/FOTO_20200630_130815.jpg",320,312,false],"thumbnail":["https:\/\/blogdoere.com.br\/wp-content\/uploads\/2020\/06\/FOTO_20200630_130815-150x150.jpg",150,150,true],"medium":["https:\/\/blogdoere.com.br\/wp-content\/uploads\/2020\/06\/FOTO_20200630_130815-300x293.jpg",300,293,true],"medium_large":["https:\/\/blogdoere.com.br\/wp-content\/uploads\/2020\/06\/FOTO_20200630_130815.jpg",320,312,false],"large":["https:\/\/blogdoere.com.br\/wp-content\/uploads\/2020\/06\/FOTO_20200630_130815.jpg",320,312,false],"1536x1536":["https:\/\/blogdoere.com.br\/wp-content\/uploads\/2020\/06\/FOTO_20200630_130815.jpg",320,312,false],"2048x2048":["https:\/\/blogdoere.com.br\/wp-content\/uploads\/2020\/06\/FOTO_20200630_130815.jpg",320,312,false]},"author_info":{"display_name":"Ere","author_link":"https:\/\/blogdoere.com.br\/?author=2"},"category_info":"<a href=\"https:\/\/blogdoere.com.br\/?cat=1\" rel=\"category\">Destaques<\/a>","tag_info":"Destaques","comment_count":"0","_links":{"self":[{"href":"https:\/\/blogdoere.com.br\/index.php?rest_route=\/wp\/v2\/posts\/25991","targetHints":{"allow":["GET"]}}],"collection":[{"href":"https:\/\/blogdoere.com.br\/index.php?rest_route=\/wp\/v2\/posts"}],"about":[{"href":"https:\/\/blogdoere.com.br\/index.php?rest_route=\/wp\/v2\/types\/post"}],"author":[{"embeddable":true,"href":"https:\/\/blogdoere.com.br\/index.php?rest_route=\/wp\/v2\/users\/2"}],"replies":[{"embeddable":true,"href":"https:\/\/blogdoere.com.br\/index.php?rest_route=%2Fwp%2Fv2%2Fcomments&post=25991"}],"version-history":[{"count":1,"href":"https:\/\/blogdoere.com.br\/index.php?rest_route=\/wp\/v2\/posts\/25991\/revisions"}],"predecessor-version":[{"id":27282,"href":"https:\/\/blogdoere.com.br\/index.php?rest_route=\/wp\/v2\/posts\/25991\/revisions\/27282"}],"wp:featuredmedia":[{"embeddable":true,"href":"https:\/\/blogdoere.com.br\/index.php?rest_route=\/wp\/v2\/media\/27281"}],"wp:attachment":[{"href":"https:\/\/blogdoere.com.br\/index.php?rest_route=%2Fwp%2Fv2%2Fmedia&parent=25991"}],"wp:term":[{"taxonomy":"category","embeddable":true,"href":"https:\/\/blogdoere.com.br\/index.php?rest_route=%2Fwp%2Fv2%2Fcategories&post=25991"},{"taxonomy":"post_tag","embeddable":true,"href":"https:\/\/blogdoere.com.br\/index.php?rest_route=%2Fwp%2Fv2%2Ftags&post=25991"}],"curies":[{"name":"wp","href":"https:\/\/api.w.org\/{rel}","templated":true}]}}