{"id":25993,"date":"2020-06-18T23:14:00","date_gmt":"2020-06-18T23:14:00","guid":{"rendered":"http:\/\/blogdoere.com.br\/?p=25993"},"modified":"2021-11-11T17:37:17","modified_gmt":"2021-11-11T17:37:17","slug":"ilheus-prefeito-marao-tem-contas-rejeitadas","status":"publish","type":"post","link":"https:\/\/blogdoere.com.br\/?p=25993","title":{"rendered":"ILH\u00c9US: PREFEITO MAR\u00c3O TEM CONTAS REJEITADAS."},"content":{"rendered":"<div style=\"clear: both; text-align: center;\"><a style=\"margin-left: 1em; margin-right: 1em;\" href=\"https:\/\/1.bp.blogspot.com\/-9n06rvpe1XA\/Xuv1OP9jRSI\/AAAAAAAANG8\/xtbekzApNUQa9kq4k3pjyqXw_z02nXfjQCLcBGAsYHQ\/s1600\/Mar%25C3%25A3o-Foto-Pimenta.jpg\"><img decoding=\"async\" src=\"https:\/\/1.bp.blogspot.com\/-9n06rvpe1XA\/Xuv1OP9jRSI\/AAAAAAAANG8\/xtbekzApNUQa9kq4k3pjyqXw_z02nXfjQCLcBGAsYHQ\/s320\/Mar%25C3%25A3o-Foto-Pimenta.jpg\" width=\"320\" height=\"201\" border=\"0\" data-original-height=\"323\" data-original-width=\"512\" \/><\/a><\/div>\n<div dir=\"ltr\" style=\"line-height: 1.7999999999999998; margin-bottom: 0pt; margin-top: 0pt; text-align: justify;\"><span style=\"font-family: Arial; font-size: 12pt; font-variant-east-asian: normal; font-variant-numeric: normal; vertical-align: baseline; white-space: pre-wrap;\">O Tribunal de Contas dos Munic\u00edpios rejeitou, na sess\u00e3o desta quinta-feira (18\/06) realizada por meio eletr\u00f4nico, as contas do prefeito de Ilh\u00e9us, M\u00e1rio Alexandre Correa de Sousa (PSD), relativas ao exerc\u00edcio de 2018. O prefeito Mar\u00e3o extrapolou o limite m\u00e1ximo para despesas com pessoal, descumprindo a Lei de Responsabilidade Fiscal, e n\u00e3o reconduziu a D\u00edvida Consolidada L\u00edquida do munic\u00edpio ao limite legal estabelecido.<\/span><\/div>\n<div dir=\"ltr\" style=\"line-height: 1.7999999999999998; margin-bottom: 0pt; margin-top: 0pt; text-align: justify;\"><span style=\"font-family: Arial; font-size: 12pt; font-variant-east-asian: normal; font-variant-numeric: normal; vertical-align: baseline; white-space: pre-wrap;\">Os conselheiros do TCM votaram e aprovaram, por 5 votos a 1, a imputa\u00e7\u00e3o de multa no valor correspondente a 30% dos subs\u00eddios anuais do gestor \u2013 R$73.755,00 \u2013, em raz\u00e3o da n\u00e3o redu\u00e7\u00e3o da despesa total com pessoal ao limite de 54%. O relator, conselheiro Jos\u00e9 Alfredo, havia sugerido uma multa de apenas 12%, mas foi vencido pelos demais conselheiros presentes \u00e0 sess\u00e3o. O conselheiro Paolo Marconi, que abriu a diverg\u00eancia para aumentar o valor da multa, afirmou que o prefeito gastou com pessoal 58,54% da RCL \u2013 c\u00e1lculo sem a aplica\u00e7\u00e3o da Instru\u00e7\u00e3o 03 do TCM, como ele acha correto \u2013 e n\u00e3o 55,73%, n\u00famero que exclui gastos com servidores que trabalham na execu\u00e7\u00e3o de programas federais na \u00e1rea de sa\u00fade. A despesa total com pessoal da Prefeitura de Ilh\u00e9us alcan\u00e7ou o montante de R$206.468.932,05.<\/span><\/div>\n<div dir=\"ltr\" style=\"line-height: 1.7999999999999998; margin-bottom: 0pt; margin-top: 0pt; text-align: justify;\"><span style=\"font-family: Arial; font-size: 12pt; font-variant-east-asian: normal; font-variant-numeric: normal; vertical-align: baseline; white-space: pre-wrap;\">O prefeito M\u00e1rio Alexandre de Sousa ainda foi multado em R$8 mil pelas demais irregularidades identificadas durante a an\u00e1lise das contas. Tamb\u00e9m foi determinado o ressarcimento aos cofres municipais da quantia de R$362.973,91, com recursos pessoais, sendo R$201.344,94 referentes \u00e0 n\u00e3o apresenta\u00e7\u00e3o de processos de pagamento e R$161.628,97, pela aus\u00eancia de comprova\u00e7\u00e3o de despesa.<\/span><\/div>\n<div dir=\"ltr\" style=\"line-height: 1.7999999999999998; margin-bottom: 0pt; margin-top: 0pt; text-align: justify;\"><span style=\"font-family: Arial; font-size: 12pt; font-variant-east-asian: normal; font-variant-numeric: normal; vertical-align: baseline; white-space: pre-wrap;\">O munic\u00edpio apresentou, no exerc\u00edcio, um d\u00e9ficit or\u00e7ament\u00e1rio total de R$20.967.094,17, vez que foram arrecadados recursos no montante de R$373.366.906,43 e realizadas despesas no total de R$394.334.000,60. Al\u00e9m disso, os recursos deixados em caixa ao final do exerc\u00edcio n\u00e3o foram suficientes para cobrir as despesas inscritas em restos a pagar, contribuindo para o desequil\u00edbrio fiscal do munic\u00edpio. A relatoria advertiu o gestor quanto a necessidade de adotar provid\u00eancia, desde j\u00e1, objetivando a revers\u00e3o da situa\u00e7\u00e3o, tendo em vista o disposto no artigo 42 da LRF, na medida em que o seu descumprimento, no \u00faltimo ano do mandato, por si, repercute negativamente no m\u00e9rito das contas.<\/span><\/div>\n<div dir=\"ltr\" style=\"line-height: 1.7999999999999998; margin-bottom: 0pt; margin-top: 0pt; text-align: justify;\"><span style=\"font-family: Arial; font-size: 12pt; font-variant-east-asian: normal; font-variant-numeric: normal; vertical-align: baseline; white-space: pre-wrap;\">Em rela\u00e7\u00e3o \u00e0 D\u00edvida Consolidada L\u00edquida, o prefeito n\u00e3o conseguiu reduzir o endividamento do munic\u00edpio, que correspondeu a 136,50% da RCL, extrapolando, assim, o percentual m\u00e1ximo de 120% disposto na LRF e na Resolu\u00e7\u00e3o n\u00ba 40 do Senado Federal. O conselheiro Jos\u00e9 Alfredo Rocha Dias ressaltou que, embora houvesse a redu\u00e7\u00e3o do percentual de 178,20% \u2013 em 2017 \u2013 para 136,50% \u2013 em 2018 \u2013, ele ainda permaneceu acima do limite legal.<\/span><\/div>\n<div dir=\"ltr\" style=\"line-height: 1.7999999999999998; margin-bottom: 0pt; margin-top: 0pt; text-align: justify;\"><span style=\"font-family: Arial; font-size: 12pt; font-variant-east-asian: normal; font-variant-numeric: normal; vertical-align: baseline; white-space: pre-wrap;\">Sobre as obriga\u00e7\u00f5es constitucionais e legais, a administra\u00e7\u00e3o aplicou 25,60% dos recursos de impostos, provenientes de transfer\u00eancias, na manuten\u00e7\u00e3o e desenvolvimento do ensino, atendendo ao m\u00ednimo de 25%. Nas a\u00e7\u00f5es e servi\u00e7os p\u00fablicos de sa\u00fade foram investidos 16,04% da arrecada\u00e7\u00e3o espec\u00edfica, cumprindo o m\u00ednimo de 15%. E, em rela\u00e7\u00e3o \u00e0 aplica\u00e7\u00e3o dos recursos do Fundeb, a prefeitura aplicou 92,95% na remunera\u00e7\u00e3o dos profissionais do magist\u00e9rio, superior ao m\u00ednimo exigido de 60%. A relatoria recomendou ao gestor que aumente o percentual dos recursos do Fundeb investidos na qualifica\u00e7\u00e3o dos professores, na manuten\u00e7\u00e3o ou melhoria da rede escolar, na implanta\u00e7\u00e3o de \u00e1reas para a pr\u00e1tica de esportes, de ensino de inform\u00e1tica e outros, visando a melhoria da qualidade do ensino, que \u00e9 o objetivo primordial do Fundo.<\/span><\/div>\n<div dir=\"ltr\" style=\"line-height: 1.7999999999999998; margin-bottom: 0pt; margin-top: 0pt; text-align: justify;\"><span style=\"font-family: Arial; font-size: 12pt; font-variant-east-asian: normal; font-variant-numeric: normal; vertical-align: baseline; white-space: pre-wrap;\">Cabe recurso da decis\u00e3o.<\/span><\/div>\n<div dir=\"ltr\" style=\"line-height: 1.7999999999999998; margin-bottom: 0pt; margin-top: 0pt; text-align: justify;\"><span style=\"font-family: Arial; font-size: 12pt; font-variant-east-asian: normal; font-variant-numeric: normal; vertical-align: baseline; white-space: pre-wrap;\">\u00a0<\/span><\/div>\n<div dir=\"ltr\" style=\"line-height: 1.7999999999999998; margin-bottom: 0pt; margin-top: 0pt; text-align: justify;\"><span style=\"font-family: Arial; font-size: 12pt; font-variant-east-asian: normal; font-variant-numeric: normal; vertical-align: baseline; white-space: pre-wrap;\">Assessoria de Comunica\u00e7\u00e3o<\/span><\/div>\n<div dir=\"ltr\" style=\"line-height: 1.7999999999999998; margin-bottom: 0pt; margin-top: 0pt; text-align: justify;\"><span style=\"font-family: Arial; font-size: 12pt; font-variant-east-asian: normal; font-variant-numeric: normal; vertical-align: baseline; white-space: pre-wrap;\">Tribunal de Contas dos Munic\u00edpios do Estado da Bahia<\/span><\/div>\n","protected":false},"excerpt":{"rendered":"<p>O Tribunal de Contas dos Munic\u00edpios rejeitou, na sess\u00e3o desta quinta-feira (18\/06) realizada por meio eletr\u00f4nico, as contas do prefeito de Ilh\u00e9us, M\u00e1rio Alexandre Correa de Sousa (PSD), relativas ao&#8230;<\/p>\n","protected":false},"author":2,"featured_media":27286,"comment_status":"open","ping_status":"open","sticky":false,"template":"","format":"standard","meta":{"_editorskit_title_hidden":false,"_editorskit_reading_time":0,"_editorskit_is_block_options_detached":false,"_editorskit_block_options_position":"{}","om_disable_all_campaigns":false,"_mi_skip_tracking":false,"_kad_post_transparent":"","_kad_post_title":"","_kad_post_layout":"","_kad_post_sidebar_id":"","_kad_post_content_style":"","_kad_post_vertical_padding":"","_kad_post_feature":"","_kad_post_feature_position":"","_kad_post_header":false,"_kad_post_footer":false,"footnotes":""},"categories":[1],"tags":[],"class_list":["post-25993","post","type-post","status-publish","format-standard","has-post-thumbnail","hentry","category-destaques"],"yoast_head":"<!-- This site is optimized with the Yoast SEO plugin v20.5 - https:\/\/yoast.com\/wordpress\/plugins\/seo\/ -->\n<title>ILH\u00c9US: PREFEITO MAR\u00c3O TEM CONTAS REJEITADAS. - blog do er\u00ea<\/title>\n<meta name=\"robots\" content=\"index, follow, max-snippet:-1, max-image-preview:large, max-video-preview:-1\" \/>\n<link rel=\"canonical\" href=\"https:\/\/blogdoere.com.br\/?p=25993\" \/>\n<meta property=\"og:locale\" content=\"pt_PT\" \/>\n<meta property=\"og:type\" content=\"article\" \/>\n<meta property=\"og:title\" content=\"ILH\u00c9US: PREFEITO MAR\u00c3O TEM CONTAS REJEITADAS. - blog do er\u00ea\" \/>\n<meta property=\"og:description\" content=\"O Tribunal de Contas dos Munic\u00edpios rejeitou, na sess\u00e3o desta quinta-feira (18\/06) realizada por meio eletr\u00f4nico, as contas do prefeito de Ilh\u00e9us, M\u00e1rio Alexandre Correa de Sousa (PSD), relativas ao...\" \/>\n<meta property=\"og:url\" content=\"https:\/\/blogdoere.com.br\/?p=25993\" \/>\n<meta property=\"og:site_name\" content=\"blog do er\u00ea\" \/>\n<meta property=\"article:published_time\" content=\"2020-06-18T23:14:00+00:00\" \/>\n<meta property=\"article:modified_time\" content=\"2021-11-11T17:37:17+00:00\" \/>\n<meta property=\"og:image\" content=\"https:\/\/blogdoere.com.br\/wp-content\/uploads\/2020\/06\/Marao-Foto-Pimenta.jpg\" \/>\n\t<meta property=\"og:image:width\" content=\"320\" \/>\n\t<meta property=\"og:image:height\" content=\"202\" \/>\n\t<meta property=\"og:image:type\" content=\"image\/jpeg\" \/>\n<meta name=\"author\" content=\"Ere\" \/>\n<meta name=\"twitter:card\" content=\"summary_large_image\" \/>\n<meta name=\"twitter:label1\" content=\"Escrito por\" \/>\n\t<meta name=\"twitter:data1\" content=\"Ere\" \/>\n\t<meta name=\"twitter:label2\" content=\"Tempo estimado de leitura\" \/>\n\t<meta name=\"twitter:data2\" content=\"3 minutos\" \/>\n<script type=\"application\/ld+json\" class=\"yoast-schema-graph\">{\"@context\":\"https:\/\/schema.org\",\"@graph\":[{\"@type\":\"Article\",\"@id\":\"https:\/\/blogdoere.com.br\/?p=25993#article\",\"isPartOf\":{\"@id\":\"https:\/\/blogdoere.com.br\/?p=25993\"},\"author\":{\"name\":\"Ere\",\"@id\":\"https:\/\/blogdoere.com.br\/#\/schema\/person\/4b56ed2336cb28ae3415ce8ffe56742e\"},\"headline\":\"ILH\u00c9US: PREFEITO MAR\u00c3O TEM CONTAS REJEITADAS.\",\"datePublished\":\"2020-06-18T23:14:00+00:00\",\"dateModified\":\"2021-11-11T17:37:17+00:00\",\"mainEntityOfPage\":{\"@id\":\"https:\/\/blogdoere.com.br\/?p=25993\"},\"wordCount\":625,\"commentCount\":0,\"publisher\":{\"@id\":\"https:\/\/blogdoere.com.br\/#organization\"},\"articleSection\":[\"Destaques\"],\"inLanguage\":\"pt-PT\",\"potentialAction\":[{\"@type\":\"CommentAction\",\"name\":\"Comment\",\"target\":[\"https:\/\/blogdoere.com.br\/?p=25993#respond\"]}]},{\"@type\":\"WebPage\",\"@id\":\"https:\/\/blogdoere.com.br\/?p=25993\",\"url\":\"https:\/\/blogdoere.com.br\/?p=25993\",\"name\":\"ILH\u00c9US: PREFEITO MAR\u00c3O TEM CONTAS REJEITADAS. - blog do er\u00ea\",\"isPartOf\":{\"@id\":\"https:\/\/blogdoere.com.br\/#website\"},\"datePublished\":\"2020-06-18T23:14:00+00:00\",\"dateModified\":\"2021-11-11T17:37:17+00:00\",\"breadcrumb\":{\"@id\":\"https:\/\/blogdoere.com.br\/?p=25993#breadcrumb\"},\"inLanguage\":\"pt-PT\",\"potentialAction\":[{\"@type\":\"ReadAction\",\"target\":[\"https:\/\/blogdoere.com.br\/?p=25993\"]}]},{\"@type\":\"BreadcrumbList\",\"@id\":\"https:\/\/blogdoere.com.br\/?p=25993#breadcrumb\",\"itemListElement\":[{\"@type\":\"ListItem\",\"position\":1,\"name\":\"In\u00edcio\",\"item\":\"https:\/\/blogdoere.com.br\/\"},{\"@type\":\"ListItem\",\"position\":2,\"name\":\"ILH\u00c9US: PREFEITO MAR\u00c3O TEM CONTAS REJEITADAS.\"}]},{\"@type\":\"WebSite\",\"@id\":\"https:\/\/blogdoere.com.br\/#website\",\"url\":\"https:\/\/blogdoere.com.br\/\",\"name\":\"blog do er\u00ea\",\"description\":\"\",\"publisher\":{\"@id\":\"https:\/\/blogdoere.com.br\/#organization\"},\"potentialAction\":[{\"@type\":\"SearchAction\",\"target\":{\"@type\":\"EntryPoint\",\"urlTemplate\":\"https:\/\/blogdoere.com.br\/?s={search_term_string}\"},\"query-input\":\"required name=search_term_string\"}],\"inLanguage\":\"pt-PT\"},{\"@type\":\"Organization\",\"@id\":\"https:\/\/blogdoere.com.br\/#organization\",\"name\":\"Blog do Er\u00ea\",\"url\":\"https:\/\/blogdoere.com.br\/\",\"logo\":{\"@type\":\"ImageObject\",\"inLanguage\":\"pt-PT\",\"@id\":\"https:\/\/blogdoere.com.br\/#\/schema\/logo\/image\/\",\"url\":\"https:\/\/blogdoere.com.br\/wp-content\/uploads\/2021\/11\/Logo-Ere-1.png\",\"contentUrl\":\"https:\/\/blogdoere.com.br\/wp-content\/uploads\/2021\/11\/Logo-Ere-1.png\",\"width\":1261,\"height\":1330,\"caption\":\"Blog do Er\u00ea\"},\"image\":{\"@id\":\"https:\/\/blogdoere.com.br\/#\/schema\/logo\/image\/\"}},{\"@type\":\"Person\",\"@id\":\"https:\/\/blogdoere.com.br\/#\/schema\/person\/4b56ed2336cb28ae3415ce8ffe56742e\",\"name\":\"Ere\",\"image\":{\"@type\":\"ImageObject\",\"inLanguage\":\"pt-PT\",\"@id\":\"https:\/\/blogdoere.com.br\/#\/schema\/person\/image\/\",\"url\":\"https:\/\/secure.gravatar.com\/avatar\/?s=96&d=mm&r=g\",\"contentUrl\":\"https:\/\/secure.gravatar.com\/avatar\/?s=96&d=mm&r=g\",\"caption\":\"Ere\"}}]}<\/script>\n<!-- \/ Yoast SEO plugin. -->","yoast_head_json":{"title":"ILH\u00c9US: PREFEITO MAR\u00c3O TEM CONTAS REJEITADAS. - blog do er\u00ea","robots":{"index":"index","follow":"follow","max-snippet":"max-snippet:-1","max-image-preview":"max-image-preview:large","max-video-preview":"max-video-preview:-1"},"canonical":"https:\/\/blogdoere.com.br\/?p=25993","og_locale":"pt_PT","og_type":"article","og_title":"ILH\u00c9US: PREFEITO MAR\u00c3O TEM CONTAS REJEITADAS. - blog do er\u00ea","og_description":"O Tribunal de Contas dos Munic\u00edpios rejeitou, na sess\u00e3o desta quinta-feira (18\/06) realizada por meio eletr\u00f4nico, as contas do prefeito de Ilh\u00e9us, M\u00e1rio Alexandre Correa de Sousa (PSD), relativas ao...","og_url":"https:\/\/blogdoere.com.br\/?p=25993","og_site_name":"blog do er\u00ea","article_published_time":"2020-06-18T23:14:00+00:00","article_modified_time":"2021-11-11T17:37:17+00:00","og_image":[{"width":320,"height":202,"url":"https:\/\/blogdoere.com.br\/wp-content\/uploads\/2020\/06\/Marao-Foto-Pimenta.jpg","type":"image\/jpeg"}],"author":"Ere","twitter_card":"summary_large_image","twitter_misc":{"Escrito por":"Ere","Tempo estimado de leitura":"3 minutos"},"schema":{"@context":"https:\/\/schema.org","@graph":[{"@type":"Article","@id":"https:\/\/blogdoere.com.br\/?p=25993#article","isPartOf":{"@id":"https:\/\/blogdoere.com.br\/?p=25993"},"author":{"name":"Ere","@id":"https:\/\/blogdoere.com.br\/#\/schema\/person\/4b56ed2336cb28ae3415ce8ffe56742e"},"headline":"ILH\u00c9US: PREFEITO MAR\u00c3O TEM CONTAS REJEITADAS.","datePublished":"2020-06-18T23:14:00+00:00","dateModified":"2021-11-11T17:37:17+00:00","mainEntityOfPage":{"@id":"https:\/\/blogdoere.com.br\/?p=25993"},"wordCount":625,"commentCount":0,"publisher":{"@id":"https:\/\/blogdoere.com.br\/#organization"},"articleSection":["Destaques"],"inLanguage":"pt-PT","potentialAction":[{"@type":"CommentAction","name":"Comment","target":["https:\/\/blogdoere.com.br\/?p=25993#respond"]}]},{"@type":"WebPage","@id":"https:\/\/blogdoere.com.br\/?p=25993","url":"https:\/\/blogdoere.com.br\/?p=25993","name":"ILH\u00c9US: PREFEITO MAR\u00c3O TEM CONTAS REJEITADAS. - blog do er\u00ea","isPartOf":{"@id":"https:\/\/blogdoere.com.br\/#website"},"datePublished":"2020-06-18T23:14:00+00:00","dateModified":"2021-11-11T17:37:17+00:00","breadcrumb":{"@id":"https:\/\/blogdoere.com.br\/?p=25993#breadcrumb"},"inLanguage":"pt-PT","potentialAction":[{"@type":"ReadAction","target":["https:\/\/blogdoere.com.br\/?p=25993"]}]},{"@type":"BreadcrumbList","@id":"https:\/\/blogdoere.com.br\/?p=25993#breadcrumb","itemListElement":[{"@type":"ListItem","position":1,"name":"In\u00edcio","item":"https:\/\/blogdoere.com.br\/"},{"@type":"ListItem","position":2,"name":"ILH\u00c9US: PREFEITO MAR\u00c3O TEM CONTAS REJEITADAS."}]},{"@type":"WebSite","@id":"https:\/\/blogdoere.com.br\/#website","url":"https:\/\/blogdoere.com.br\/","name":"blog do er\u00ea","description":"","publisher":{"@id":"https:\/\/blogdoere.com.br\/#organization"},"potentialAction":[{"@type":"SearchAction","target":{"@type":"EntryPoint","urlTemplate":"https:\/\/blogdoere.com.br\/?s={search_term_string}"},"query-input":"required name=search_term_string"}],"inLanguage":"pt-PT"},{"@type":"Organization","@id":"https:\/\/blogdoere.com.br\/#organization","name":"Blog do Er\u00ea","url":"https:\/\/blogdoere.com.br\/","logo":{"@type":"ImageObject","inLanguage":"pt-PT","@id":"https:\/\/blogdoere.com.br\/#\/schema\/logo\/image\/","url":"https:\/\/blogdoere.com.br\/wp-content\/uploads\/2021\/11\/Logo-Ere-1.png","contentUrl":"https:\/\/blogdoere.com.br\/wp-content\/uploads\/2021\/11\/Logo-Ere-1.png","width":1261,"height":1330,"caption":"Blog do Er\u00ea"},"image":{"@id":"https:\/\/blogdoere.com.br\/#\/schema\/logo\/image\/"}},{"@type":"Person","@id":"https:\/\/blogdoere.com.br\/#\/schema\/person\/4b56ed2336cb28ae3415ce8ffe56742e","name":"Ere","image":{"@type":"ImageObject","inLanguage":"pt-PT","@id":"https:\/\/blogdoere.com.br\/#\/schema\/person\/image\/","url":"https:\/\/secure.gravatar.com\/avatar\/?s=96&d=mm&r=g","contentUrl":"https:\/\/secure.gravatar.com\/avatar\/?s=96&d=mm&r=g","caption":"Ere"}}]}},"featured_image_urls":{"full":["https:\/\/blogdoere.com.br\/wp-content\/uploads\/2020\/06\/Marao-Foto-Pimenta.jpg",320,202,false],"thumbnail":["https:\/\/blogdoere.com.br\/wp-content\/uploads\/2020\/06\/Marao-Foto-Pimenta-150x150.jpg",150,150,true],"medium":["https:\/\/blogdoere.com.br\/wp-content\/uploads\/2020\/06\/Marao-Foto-Pimenta-300x189.jpg",300,189,true],"medium_large":["https:\/\/blogdoere.com.br\/wp-content\/uploads\/2020\/06\/Marao-Foto-Pimenta.jpg",320,202,false],"large":["https:\/\/blogdoere.com.br\/wp-content\/uploads\/2020\/06\/Marao-Foto-Pimenta.jpg",320,202,false],"1536x1536":["https:\/\/blogdoere.com.br\/wp-content\/uploads\/2020\/06\/Marao-Foto-Pimenta.jpg",320,202,false],"2048x2048":["https:\/\/blogdoere.com.br\/wp-content\/uploads\/2020\/06\/Marao-Foto-Pimenta.jpg",320,202,false]},"author_info":{"display_name":"Ere","author_link":"https:\/\/blogdoere.com.br\/?author=2"},"category_info":"<a href=\"https:\/\/blogdoere.com.br\/?cat=1\" rel=\"category\">Destaques<\/a>","tag_info":"Destaques","comment_count":"0","_links":{"self":[{"href":"https:\/\/blogdoere.com.br\/index.php?rest_route=\/wp\/v2\/posts\/25993","targetHints":{"allow":["GET"]}}],"collection":[{"href":"https:\/\/blogdoere.com.br\/index.php?rest_route=\/wp\/v2\/posts"}],"about":[{"href":"https:\/\/blogdoere.com.br\/index.php?rest_route=\/wp\/v2\/types\/post"}],"author":[{"embeddable":true,"href":"https:\/\/blogdoere.com.br\/index.php?rest_route=\/wp\/v2\/users\/2"}],"replies":[{"embeddable":true,"href":"https:\/\/blogdoere.com.br\/index.php?rest_route=%2Fwp%2Fv2%2Fcomments&post=25993"}],"version-history":[{"count":2,"href":"https:\/\/blogdoere.com.br\/index.php?rest_route=\/wp\/v2\/posts\/25993\/revisions"}],"predecessor-version":[{"id":27287,"href":"https:\/\/blogdoere.com.br\/index.php?rest_route=\/wp\/v2\/posts\/25993\/revisions\/27287"}],"wp:featuredmedia":[{"embeddable":true,"href":"https:\/\/blogdoere.com.br\/index.php?rest_route=\/wp\/v2\/media\/27286"}],"wp:attachment":[{"href":"https:\/\/blogdoere.com.br\/index.php?rest_route=%2Fwp%2Fv2%2Fmedia&parent=25993"}],"wp:term":[{"taxonomy":"category","embeddable":true,"href":"https:\/\/blogdoere.com.br\/index.php?rest_route=%2Fwp%2Fv2%2Fcategories&post=25993"},{"taxonomy":"post_tag","embeddable":true,"href":"https:\/\/blogdoere.com.br\/index.php?rest_route=%2Fwp%2Fv2%2Ftags&post=25993"}],"curies":[{"name":"wp","href":"https:\/\/api.w.org\/{rel}","templated":true}]}}