{"id":25994,"date":"2020-06-18T02:02:00","date_gmt":"2020-06-18T02:02:00","guid":{"rendered":"http:\/\/blogdoere.com.br\/?p=25994"},"modified":"2021-11-11T17:39:29","modified_gmt":"2021-11-11T17:39:29","slug":"itajuipe-tcm-aprova-contas-do-vereador-gean","status":"publish","type":"post","link":"https:\/\/blogdoere.com.br\/?p=25994","title":{"rendered":"ITAJU\u00cdPE: TCM APROVA CONTAS  DO VEREADOR GEAN"},"content":{"rendered":"<div style=\"border: 0px; box-sizing: border-box; font-family: Calibri; font-size: 16px; font-stretch: inherit; font-variant-east-asian: inherit; font-variant-numeric: inherit; line-height: inherit; margin-bottom: 25px; outline-style: none; outline-width: 0px; padding: 0px; vertical-align: baseline;\" align=\"justify\"><span style=\"border: 0px; box-sizing: border-box; font: inherit; margin: 0px; outline-style: none; outline-width: 0px; padding: 0px; vertical-align: baseline;\"><span style=\"box-sizing: border-box; font-family: 'arial';\"><span style=\"border: 0px; box-sizing: border-box; font: inherit; margin: 0px; outline-style: none; outline-width: 0px; padding: 0px; vertical-align: baseline;\"><span style=\"border: 0px; box-sizing: border-box; font: inherit; margin: 0px; outline-style: none; outline-width: 0px; padding: 0px; vertical-align: baseline;\"><br \/>\n<\/span><\/span><\/span><\/span><\/p>\n<div style=\"clear: both; text-align: center;\"><a style=\"margin-left: 1em; margin-right: 1em;\" href=\"https:\/\/1.bp.blogspot.com\/-YOk4nI4OgBQ\/XurK9_uup4I\/AAAAAAAANEI\/02YvQ-hYR_A22KGqYXcxdhdpAxtWl55VQCLcBGAsYHQ\/s1600\/FOTO_20200617_230128.jpg\"><img decoding=\"async\" src=\"https:\/\/1.bp.blogspot.com\/-YOk4nI4OgBQ\/XurK9_uup4I\/AAAAAAAANEI\/02YvQ-hYR_A22KGqYXcxdhdpAxtWl55VQCLcBGAsYHQ\/s320\/FOTO_20200617_230128.jpg\" width=\"320\" height=\"223\" border=\"0\" data-original-height=\"267\" data-original-width=\"383\" \/><\/a><\/div>\n<p><span style=\"border: 0px; box-sizing: border-box; font: inherit; margin: 0px; outline-style: none; outline-width: 0px; padding: 0px; vertical-align: baseline;\"><span style=\"box-sizing: border-box; font-family: 'arial';\"><span style=\"border: 0px; box-sizing: border-box; font: inherit; margin: 0px; outline-style: none; outline-width: 0px; padding: 0px; vertical-align: baseline;\"><span style=\"border: 0px; box-sizing: border-box; font: inherit; margin: 0px; outline-style: none; outline-width: 0px; padding: 0px; vertical-align: baseline;\"><br \/>\n<\/span><\/span><\/span><\/span><span style=\"border: 0px; box-sizing: border-box; font: inherit; margin: 0px; outline-style: none; outline-width: 0px; padding: 0px; vertical-align: baseline;\"><span style=\"box-sizing: border-box; font-family: 'arial';\"><span style=\"border: 0px; box-sizing: border-box; font: inherit; margin: 0px; outline-style: none; outline-width: 0px; padding: 0px; vertical-align: baseline;\"><span style=\"border: 0px; box-sizing: border-box; font: inherit; margin: 0px; outline-style: none; outline-width: 0px; padding: 0px; vertical-align: baseline;\">Na sess\u00e3o desta ter\u00e7a-feira (09\/06),<span style=\"border: 0px; box-sizing: border-box; font: inherit; margin: 0px; padding: 0px; vertical-align: baseline;\">\u00a0<\/span><\/span><\/span><span style=\"border: 0px; box-sizing: border-box; font: inherit; margin: 0px; outline-style: none; outline-width: 0px; padding: 0px; vertical-align: baseline;\"><span style=\"border: 0px; box-sizing: border-box; font: inherit; margin: 0px; outline-style: none; outline-width: 0px; padding: 0px; vertical-align: baseline;\"><span style=\"box-sizing: border-box; color: #282828;\">realizada por meio eletr\u00f4nico,<\/span><\/span><\/span><span style=\"border: 0px; box-sizing: border-box; font: inherit; margin: 0px; outline-style: none; outline-width: 0px; padding: 0px; vertical-align: baseline;\"><span style=\"border: 0px; box-sizing: border-box; font: inherit; margin: 0px; outline-style: none; outline-width: 0px; padding: 0px; vertical-align: baseline;\"><span style=\"border: 0px; box-sizing: border-box; font: inherit; margin: 0px; padding: 0px; vertical-align: baseline;\">\u00a0<\/span>o Tribunal de Contas dos Munic\u00edpios concedeu provimento ao pedido de reconsidera\u00e7\u00e3o apresentado pelo presidente da C\u00e2mara de Vereadores de Itaju\u00edpe, Gean Marcio de Souza Silva, e emitiu nova decis\u00e3o, agora pela aprova\u00e7\u00e3o com ressalvas das contas referentes ao exerc\u00edcio de 2018. O conselheiro Raimundo Moreira, relator do parecer, manteve a multa imposta de R$1 mil.<\/span><\/span><\/span><\/span><\/p>\n<\/div>\n<div style=\"border: 0px; box-sizing: border-box; font-family: Calibri; font-size: 16px; font-stretch: inherit; font-variant-east-asian: inherit; font-variant-numeric: inherit; line-height: inherit; margin-bottom: 25px; outline-style: none; outline-width: 0px; padding: 0px; vertical-align: baseline;\" align=\"justify\"><span style=\"border: 0px; box-sizing: border-box; font: inherit; margin: 0px; outline-style: none; outline-width: 0px; padding: 0px; vertical-align: baseline;\"><span style=\"box-sizing: border-box; font-family: 'arial';\"><span style=\"border: 0px; box-sizing: border-box; font: inherit; margin: 0px; outline-style: none; outline-width: 0px; padding: 0px; vertical-align: baseline;\"><span style=\"border: 0px; box-sizing: border-box; font: inherit; margin: 0px; outline-style: none; outline-width: 0px; padding: 0px; vertical-align: baseline;\"><span style=\"box-sizing: border-box; color: #282828;\">A rejei\u00e7\u00e3o das contas, no primeiro julgamento, se deu porque o vereador Gean de Souza Silva n\u00e3o teria pago multas que foram aplicadas pelo TCM. No pedido de reconsidera\u00e7\u00e3o, no entanto, ele apresentou documentos de que o pagamento foi parcelado, e que, portanto, a irregularidade havia sido sanada.<\/span><\/span><\/span><span style=\"border: 0px; box-sizing: border-box; font: inherit; margin: 0px; outline-style: none; outline-width: 0px; padding: 0px; vertical-align: baseline;\"><span style=\"border: 0px; box-sizing: border-box; font: inherit; margin: 0px; outline-style: none; outline-width: 0px; padding: 0px; vertical-align: baseline;\"><span style=\"border: 0px; box-sizing: border-box; font: inherit; margin: 0px; padding: 0px; vertical-align: baseline;\">\u00a0<\/span>O conselheiro Paolo Marconi apresentou voto divergente pela manuten\u00e7\u00e3o da rejei\u00e7\u00e3o, em raz\u00e3o da quita\u00e7\u00e3o da multa em momento posterior \u00e0 decis\u00e3o, mas foi vencido pelos demais conselheiros.<\/span><\/span><\/span><\/span><\/div>\n<div style=\"border: 0px; box-sizing: border-box; font-family: Calibri; font-size: 16px; font-stretch: inherit; font-variant-east-asian: inherit; font-variant-numeric: inherit; line-height: inherit; margin-bottom: 25px; outline-style: none; outline-width: 0px; padding: 0px; vertical-align: baseline;\" align=\"justify\"><span style=\"border: 0px; box-sizing: border-box; font: inherit; margin: 0px; outline-style: none; outline-width: 0px; padding: 0px; vertical-align: baseline;\"><span style=\"border: 0px; box-sizing: border-box; font: inherit; margin: 0px; outline-style: none; outline-width: 0px; padding: 0px; vertical-align: baseline;\"><span style=\"box-sizing: border-box; font-family: 'arial';\">Segundo a relatoria, a multa, no entanto, foi mantida em raz\u00e3o de n\u00e3o terem sido sanadas as irregularidades consignadas no pronunciamento t\u00e9cnico, no que diz respeito a transpar\u00eancia p\u00fablica e a aus\u00eancia do relat\u00f3rio da Comiss\u00e3o de Transmiss\u00e3o de Governo, em descumprimento ao disposto no disposto na Resolu\u00e7\u00e3o TCM n\u00ba 1.311\/12.<\/span><\/span><\/span><\/div>\n<div style=\"border: 0px; box-sizing: border-box; font-family: Calibri; font-size: 16px; font-stretch: inherit; font-variant-east-asian: inherit; font-variant-numeric: inherit; line-height: inherit; margin-bottom: 25px; outline-style: none; outline-width: 0px; padding: 0px; vertical-align: baseline;\" align=\"justify\"><\/div>\n<div style=\"border: 0px; box-sizing: border-box; font-family: Calibri; font-size: 16px; font-stretch: inherit; font-variant-east-asian: inherit; font-variant-numeric: inherit; line-height: inherit; margin-bottom: 25px; outline-style: none; outline-width: 0px; padding: 0px; vertical-align: baseline;\" align=\"justify\">Fonte:<\/div>\n<div style=\"border: 0px; box-sizing: border-box; font-family: Calibri; font-size: 12pt; font-stretch: inherit; font-variant-east-asian: inherit; font-variant-numeric: inherit; line-height: inherit; margin: 0px; padding: 0px; vertical-align: baseline;\">Assessoria de Comunica\u00e7\u00e3o Tribunal\u00a0de Contas dos Munic\u00edpios do Estado da Bahia<\/div>\n","protected":false},"excerpt":{"rendered":"<p>Na sess\u00e3o desta ter\u00e7a-feira (09\/06),\u00a0realizada por meio eletr\u00f4nico,\u00a0o Tribunal de Contas dos Munic\u00edpios concedeu provimento ao pedido de reconsidera\u00e7\u00e3o apresentado pelo presidente da C\u00e2mara de Vereadores de Itaju\u00edpe, Gean Marcio&#8230;<\/p>\n","protected":false},"author":2,"featured_media":27288,"comment_status":"open","ping_status":"open","sticky":false,"template":"","format":"standard","meta":{"_editorskit_title_hidden":false,"_editorskit_reading_time":0,"_editorskit_is_block_options_detached":false,"_editorskit_block_options_position":"{}","om_disable_all_campaigns":false,"_mi_skip_tracking":false,"_kad_post_transparent":"","_kad_post_title":"","_kad_post_layout":"","_kad_post_sidebar_id":"","_kad_post_content_style":"","_kad_post_vertical_padding":"","_kad_post_feature":"","_kad_post_feature_position":"","_kad_post_header":false,"_kad_post_footer":false,"footnotes":""},"categories":[1],"tags":[],"class_list":["post-25994","post","type-post","status-publish","format-standard","has-post-thumbnail","hentry","category-destaques"],"yoast_head":"<!-- This site is optimized with the Yoast SEO plugin v20.5 - https:\/\/yoast.com\/wordpress\/plugins\/seo\/ -->\n<title>ITAJU\u00cdPE: TCM APROVA CONTAS DO VEREADOR GEAN - blog do er\u00ea<\/title>\n<meta name=\"robots\" content=\"index, follow, max-snippet:-1, max-image-preview:large, max-video-preview:-1\" \/>\n<link rel=\"canonical\" href=\"https:\/\/blogdoere.com.br\/?p=25994\" \/>\n<meta property=\"og:locale\" content=\"pt_PT\" \/>\n<meta property=\"og:type\" content=\"article\" \/>\n<meta property=\"og:title\" content=\"ITAJU\u00cdPE: TCM APROVA CONTAS DO VEREADOR GEAN - blog do er\u00ea\" \/>\n<meta property=\"og:description\" content=\"Na sess\u00e3o desta ter\u00e7a-feira (09\/06),\u00a0realizada por meio eletr\u00f4nico,\u00a0o Tribunal de Contas dos Munic\u00edpios concedeu provimento ao pedido de reconsidera\u00e7\u00e3o apresentado pelo presidente da C\u00e2mara de Vereadores de Itaju\u00edpe, Gean Marcio...\" \/>\n<meta property=\"og:url\" content=\"https:\/\/blogdoere.com.br\/?p=25994\" \/>\n<meta property=\"og:site_name\" content=\"blog do er\u00ea\" \/>\n<meta property=\"article:published_time\" content=\"2020-06-18T02:02:00+00:00\" \/>\n<meta property=\"article:modified_time\" content=\"2021-11-11T17:39:29+00:00\" \/>\n<meta property=\"og:image\" content=\"https:\/\/blogdoere.com.br\/wp-content\/uploads\/2020\/06\/FOTO_20200617_230128.jpg\" \/>\n\t<meta property=\"og:image:width\" content=\"320\" \/>\n\t<meta property=\"og:image:height\" content=\"223\" \/>\n\t<meta property=\"og:image:type\" content=\"image\/jpeg\" \/>\n<meta name=\"author\" content=\"Ere\" \/>\n<meta name=\"twitter:card\" content=\"summary_large_image\" \/>\n<meta name=\"twitter:label1\" content=\"Escrito por\" \/>\n\t<meta name=\"twitter:data1\" content=\"Ere\" \/>\n\t<meta name=\"twitter:label2\" content=\"Tempo estimado de leitura\" \/>\n\t<meta name=\"twitter:data2\" content=\"1 minuto\" \/>\n<script type=\"application\/ld+json\" class=\"yoast-schema-graph\">{\"@context\":\"https:\/\/schema.org\",\"@graph\":[{\"@type\":\"Article\",\"@id\":\"https:\/\/blogdoere.com.br\/?p=25994#article\",\"isPartOf\":{\"@id\":\"https:\/\/blogdoere.com.br\/?p=25994\"},\"author\":{\"name\":\"Ere\",\"@id\":\"https:\/\/blogdoere.com.br\/#\/schema\/person\/4b56ed2336cb28ae3415ce8ffe56742e\"},\"headline\":\"ITAJU\u00cdPE: TCM APROVA CONTAS DO VEREADOR GEAN\",\"datePublished\":\"2020-06-18T02:02:00+00:00\",\"dateModified\":\"2021-11-11T17:39:29+00:00\",\"mainEntityOfPage\":{\"@id\":\"https:\/\/blogdoere.com.br\/?p=25994\"},\"wordCount\":239,\"commentCount\":0,\"publisher\":{\"@id\":\"https:\/\/blogdoere.com.br\/#organization\"},\"articleSection\":[\"Destaques\"],\"inLanguage\":\"pt-PT\",\"potentialAction\":[{\"@type\":\"CommentAction\",\"name\":\"Comment\",\"target\":[\"https:\/\/blogdoere.com.br\/?p=25994#respond\"]}]},{\"@type\":\"WebPage\",\"@id\":\"https:\/\/blogdoere.com.br\/?p=25994\",\"url\":\"https:\/\/blogdoere.com.br\/?p=25994\",\"name\":\"ITAJU\u00cdPE: TCM APROVA CONTAS DO VEREADOR GEAN - blog do er\u00ea\",\"isPartOf\":{\"@id\":\"https:\/\/blogdoere.com.br\/#website\"},\"datePublished\":\"2020-06-18T02:02:00+00:00\",\"dateModified\":\"2021-11-11T17:39:29+00:00\",\"breadcrumb\":{\"@id\":\"https:\/\/blogdoere.com.br\/?p=25994#breadcrumb\"},\"inLanguage\":\"pt-PT\",\"potentialAction\":[{\"@type\":\"ReadAction\",\"target\":[\"https:\/\/blogdoere.com.br\/?p=25994\"]}]},{\"@type\":\"BreadcrumbList\",\"@id\":\"https:\/\/blogdoere.com.br\/?p=25994#breadcrumb\",\"itemListElement\":[{\"@type\":\"ListItem\",\"position\":1,\"name\":\"In\u00edcio\",\"item\":\"https:\/\/blogdoere.com.br\/\"},{\"@type\":\"ListItem\",\"position\":2,\"name\":\"ITAJU\u00cdPE: TCM APROVA CONTAS DO VEREADOR GEAN\"}]},{\"@type\":\"WebSite\",\"@id\":\"https:\/\/blogdoere.com.br\/#website\",\"url\":\"https:\/\/blogdoere.com.br\/\",\"name\":\"blog do er\u00ea\",\"description\":\"\",\"publisher\":{\"@id\":\"https:\/\/blogdoere.com.br\/#organization\"},\"potentialAction\":[{\"@type\":\"SearchAction\",\"target\":{\"@type\":\"EntryPoint\",\"urlTemplate\":\"https:\/\/blogdoere.com.br\/?s={search_term_string}\"},\"query-input\":\"required name=search_term_string\"}],\"inLanguage\":\"pt-PT\"},{\"@type\":\"Organization\",\"@id\":\"https:\/\/blogdoere.com.br\/#organization\",\"name\":\"Blog do Er\u00ea\",\"url\":\"https:\/\/blogdoere.com.br\/\",\"logo\":{\"@type\":\"ImageObject\",\"inLanguage\":\"pt-PT\",\"@id\":\"https:\/\/blogdoere.com.br\/#\/schema\/logo\/image\/\",\"url\":\"https:\/\/blogdoere.com.br\/wp-content\/uploads\/2021\/11\/Logo-Ere-1.png\",\"contentUrl\":\"https:\/\/blogdoere.com.br\/wp-content\/uploads\/2021\/11\/Logo-Ere-1.png\",\"width\":1261,\"height\":1330,\"caption\":\"Blog do Er\u00ea\"},\"image\":{\"@id\":\"https:\/\/blogdoere.com.br\/#\/schema\/logo\/image\/\"}},{\"@type\":\"Person\",\"@id\":\"https:\/\/blogdoere.com.br\/#\/schema\/person\/4b56ed2336cb28ae3415ce8ffe56742e\",\"name\":\"Ere\",\"image\":{\"@type\":\"ImageObject\",\"inLanguage\":\"pt-PT\",\"@id\":\"https:\/\/blogdoere.com.br\/#\/schema\/person\/image\/\",\"url\":\"https:\/\/secure.gravatar.com\/avatar\/?s=96&d=mm&r=g\",\"contentUrl\":\"https:\/\/secure.gravatar.com\/avatar\/?s=96&d=mm&r=g\",\"caption\":\"Ere\"}}]}<\/script>\n<!-- \/ Yoast SEO plugin. -->","yoast_head_json":{"title":"ITAJU\u00cdPE: TCM APROVA CONTAS DO VEREADOR GEAN - blog do er\u00ea","robots":{"index":"index","follow":"follow","max-snippet":"max-snippet:-1","max-image-preview":"max-image-preview:large","max-video-preview":"max-video-preview:-1"},"canonical":"https:\/\/blogdoere.com.br\/?p=25994","og_locale":"pt_PT","og_type":"article","og_title":"ITAJU\u00cdPE: TCM APROVA CONTAS DO VEREADOR GEAN - blog do er\u00ea","og_description":"Na sess\u00e3o desta ter\u00e7a-feira (09\/06),\u00a0realizada por meio eletr\u00f4nico,\u00a0o Tribunal de Contas dos Munic\u00edpios concedeu provimento ao pedido de reconsidera\u00e7\u00e3o apresentado pelo presidente da C\u00e2mara de Vereadores de Itaju\u00edpe, Gean Marcio...","og_url":"https:\/\/blogdoere.com.br\/?p=25994","og_site_name":"blog do er\u00ea","article_published_time":"2020-06-18T02:02:00+00:00","article_modified_time":"2021-11-11T17:39:29+00:00","og_image":[{"width":320,"height":223,"url":"https:\/\/blogdoere.com.br\/wp-content\/uploads\/2020\/06\/FOTO_20200617_230128.jpg","type":"image\/jpeg"}],"author":"Ere","twitter_card":"summary_large_image","twitter_misc":{"Escrito por":"Ere","Tempo estimado de leitura":"1 minuto"},"schema":{"@context":"https:\/\/schema.org","@graph":[{"@type":"Article","@id":"https:\/\/blogdoere.com.br\/?p=25994#article","isPartOf":{"@id":"https:\/\/blogdoere.com.br\/?p=25994"},"author":{"name":"Ere","@id":"https:\/\/blogdoere.com.br\/#\/schema\/person\/4b56ed2336cb28ae3415ce8ffe56742e"},"headline":"ITAJU\u00cdPE: TCM APROVA CONTAS DO VEREADOR GEAN","datePublished":"2020-06-18T02:02:00+00:00","dateModified":"2021-11-11T17:39:29+00:00","mainEntityOfPage":{"@id":"https:\/\/blogdoere.com.br\/?p=25994"},"wordCount":239,"commentCount":0,"publisher":{"@id":"https:\/\/blogdoere.com.br\/#organization"},"articleSection":["Destaques"],"inLanguage":"pt-PT","potentialAction":[{"@type":"CommentAction","name":"Comment","target":["https:\/\/blogdoere.com.br\/?p=25994#respond"]}]},{"@type":"WebPage","@id":"https:\/\/blogdoere.com.br\/?p=25994","url":"https:\/\/blogdoere.com.br\/?p=25994","name":"ITAJU\u00cdPE: TCM APROVA CONTAS DO VEREADOR GEAN - blog do er\u00ea","isPartOf":{"@id":"https:\/\/blogdoere.com.br\/#website"},"datePublished":"2020-06-18T02:02:00+00:00","dateModified":"2021-11-11T17:39:29+00:00","breadcrumb":{"@id":"https:\/\/blogdoere.com.br\/?p=25994#breadcrumb"},"inLanguage":"pt-PT","potentialAction":[{"@type":"ReadAction","target":["https:\/\/blogdoere.com.br\/?p=25994"]}]},{"@type":"BreadcrumbList","@id":"https:\/\/blogdoere.com.br\/?p=25994#breadcrumb","itemListElement":[{"@type":"ListItem","position":1,"name":"In\u00edcio","item":"https:\/\/blogdoere.com.br\/"},{"@type":"ListItem","position":2,"name":"ITAJU\u00cdPE: TCM APROVA CONTAS DO VEREADOR GEAN"}]},{"@type":"WebSite","@id":"https:\/\/blogdoere.com.br\/#website","url":"https:\/\/blogdoere.com.br\/","name":"blog do er\u00ea","description":"","publisher":{"@id":"https:\/\/blogdoere.com.br\/#organization"},"potentialAction":[{"@type":"SearchAction","target":{"@type":"EntryPoint","urlTemplate":"https:\/\/blogdoere.com.br\/?s={search_term_string}"},"query-input":"required name=search_term_string"}],"inLanguage":"pt-PT"},{"@type":"Organization","@id":"https:\/\/blogdoere.com.br\/#organization","name":"Blog do Er\u00ea","url":"https:\/\/blogdoere.com.br\/","logo":{"@type":"ImageObject","inLanguage":"pt-PT","@id":"https:\/\/blogdoere.com.br\/#\/schema\/logo\/image\/","url":"https:\/\/blogdoere.com.br\/wp-content\/uploads\/2021\/11\/Logo-Ere-1.png","contentUrl":"https:\/\/blogdoere.com.br\/wp-content\/uploads\/2021\/11\/Logo-Ere-1.png","width":1261,"height":1330,"caption":"Blog do Er\u00ea"},"image":{"@id":"https:\/\/blogdoere.com.br\/#\/schema\/logo\/image\/"}},{"@type":"Person","@id":"https:\/\/blogdoere.com.br\/#\/schema\/person\/4b56ed2336cb28ae3415ce8ffe56742e","name":"Ere","image":{"@type":"ImageObject","inLanguage":"pt-PT","@id":"https:\/\/blogdoere.com.br\/#\/schema\/person\/image\/","url":"https:\/\/secure.gravatar.com\/avatar\/?s=96&d=mm&r=g","contentUrl":"https:\/\/secure.gravatar.com\/avatar\/?s=96&d=mm&r=g","caption":"Ere"}}]}},"featured_image_urls":{"full":["https:\/\/blogdoere.com.br\/wp-content\/uploads\/2020\/06\/FOTO_20200617_230128.jpg",320,223,false],"thumbnail":["https:\/\/blogdoere.com.br\/wp-content\/uploads\/2020\/06\/FOTO_20200617_230128-150x150.jpg",150,150,true],"medium":["https:\/\/blogdoere.com.br\/wp-content\/uploads\/2020\/06\/FOTO_20200617_230128-300x209.jpg",300,209,true],"medium_large":["https:\/\/blogdoere.com.br\/wp-content\/uploads\/2020\/06\/FOTO_20200617_230128.jpg",320,223,false],"large":["https:\/\/blogdoere.com.br\/wp-content\/uploads\/2020\/06\/FOTO_20200617_230128.jpg",320,223,false],"1536x1536":["https:\/\/blogdoere.com.br\/wp-content\/uploads\/2020\/06\/FOTO_20200617_230128.jpg",320,223,false],"2048x2048":["https:\/\/blogdoere.com.br\/wp-content\/uploads\/2020\/06\/FOTO_20200617_230128.jpg",320,223,false]},"author_info":{"display_name":"Ere","author_link":"https:\/\/blogdoere.com.br\/?author=2"},"category_info":"<a href=\"https:\/\/blogdoere.com.br\/?cat=1\" rel=\"category\">Destaques<\/a>","tag_info":"Destaques","comment_count":"0","_links":{"self":[{"href":"https:\/\/blogdoere.com.br\/index.php?rest_route=\/wp\/v2\/posts\/25994","targetHints":{"allow":["GET"]}}],"collection":[{"href":"https:\/\/blogdoere.com.br\/index.php?rest_route=\/wp\/v2\/posts"}],"about":[{"href":"https:\/\/blogdoere.com.br\/index.php?rest_route=\/wp\/v2\/types\/post"}],"author":[{"embeddable":true,"href":"https:\/\/blogdoere.com.br\/index.php?rest_route=\/wp\/v2\/users\/2"}],"replies":[{"embeddable":true,"href":"https:\/\/blogdoere.com.br\/index.php?rest_route=%2Fwp%2Fv2%2Fcomments&post=25994"}],"version-history":[{"count":1,"href":"https:\/\/blogdoere.com.br\/index.php?rest_route=\/wp\/v2\/posts\/25994\/revisions"}],"predecessor-version":[{"id":27289,"href":"https:\/\/blogdoere.com.br\/index.php?rest_route=\/wp\/v2\/posts\/25994\/revisions\/27289"}],"wp:featuredmedia":[{"embeddable":true,"href":"https:\/\/blogdoere.com.br\/index.php?rest_route=\/wp\/v2\/media\/27288"}],"wp:attachment":[{"href":"https:\/\/blogdoere.com.br\/index.php?rest_route=%2Fwp%2Fv2%2Fmedia&parent=25994"}],"wp:term":[{"taxonomy":"category","embeddable":true,"href":"https:\/\/blogdoere.com.br\/index.php?rest_route=%2Fwp%2Fv2%2Fcategories&post=25994"},{"taxonomy":"post_tag","embeddable":true,"href":"https:\/\/blogdoere.com.br\/index.php?rest_route=%2Fwp%2Fv2%2Ftags&post=25994"}],"curies":[{"name":"wp","href":"https:\/\/api.w.org\/{rel}","templated":true}]}}