{"id":26001,"date":"2020-04-23T00:40:00","date_gmt":"2020-04-23T00:40:00","guid":{"rendered":"http:\/\/blogdoere.com.br\/?p=26001"},"modified":"2021-11-11T17:44:28","modified_gmt":"2021-11-11T17:44:28","slug":"itajuipe-prefeito-marcone-decreta-toque-de-recolher","status":"publish","type":"post","link":"https:\/\/blogdoere.com.br\/?p=26001","title":{"rendered":"ITAJU\u00cdPE: PREFEITO MARCONE DECRETA TOQUE DE RECOLHER."},"content":{"rendered":"<div style=\"clear: both; text-align: center;\"><a style=\"margin-left: 1em; margin-right: 1em;\" href=\"https:\/\/1.bp.blogspot.com\/-CXcOOrv-dCw\/XqDiPjC_FUI\/AAAAAAAAHUI\/hFb9Dgw0iw8luU3_x-gnOgwW56DkoTg6ACLcBGAsYHQ\/s1600\/FOTO_20200422_212710.jpg\"><img decoding=\"async\" src=\"https:\/\/1.bp.blogspot.com\/-CXcOOrv-dCw\/XqDiPjC_FUI\/AAAAAAAAHUI\/hFb9Dgw0iw8luU3_x-gnOgwW56DkoTg6ACLcBGAsYHQ\/s320\/FOTO_20200422_212710.jpg\" width=\"320\" height=\"203\" border=\"0\" data-original-height=\"377\" data-original-width=\"592\" \/><\/a><\/div>\n<div dir=\"ltr\" style=\"line-height: 1.8; margin-bottom: 0pt; margin-top: 0pt; text-align: justify;\"><\/div>\n<div dir=\"ltr\" style=\"line-height: 1.8; margin-bottom: 0pt; margin-top: 0pt; text-align: justify;\"><span style=\"font-family: 'arial'; font-size: 12pt; vertical-align: baseline; white-space: pre-wrap;\">O prefeito Marcone Amaral(PSD), anunciou\u00a0 ontem(21\/04), durante live &#8220;toque de recolher&#8221;. Segundo o prefeito n\u00e3o ser\u00e1 mais permitido\u00a0 moradores ficarem nas ruas nem na porta de suas casas das 20h \u00e0s 05h do dia seguinte. Segundo o prefeito o &#8220;toque de recolher&#8221; \u00e9 v\u00e1lido em todo territ\u00f3rio do munic\u00edpio para conten\u00e7\u00e3o do Covid-19, o novo coronav\u00edrus, que testou nesta quarta-feira (22), dez casos positivos. Para manter a ordem segundo o chefe do poder Executivo \u2013\u00a0 viaturas v\u00e3o fazer rondas neste per\u00edodo. A decis\u00e3o do prefeito divide opini\u00e3o na comunidade e redes sociais.\u00a0 <\/span><\/div>\n","protected":false},"excerpt":{"rendered":"<p>O prefeito Marcone Amaral(PSD), anunciou\u00a0 ontem(21\/04), durante live &#8220;toque de recolher&#8221;. Segundo o prefeito n\u00e3o ser\u00e1 mais permitido\u00a0 moradores ficarem nas ruas nem na porta de suas casas das 20h&#8230;<\/p>\n","protected":false},"author":2,"featured_media":27303,"comment_status":"open","ping_status":"open","sticky":false,"template":"","format":"standard","meta":{"_editorskit_title_hidden":false,"_editorskit_reading_time":0,"_editorskit_is_block_options_detached":false,"_editorskit_block_options_position":"{}","om_disable_all_campaigns":false,"_mi_skip_tracking":false,"_kad_post_transparent":"","_kad_post_title":"","_kad_post_layout":"","_kad_post_sidebar_id":"","_kad_post_content_style":"","_kad_post_vertical_padding":"","_kad_post_feature":"","_kad_post_feature_position":"","_kad_post_header":false,"_kad_post_footer":false,"footnotes":""},"categories":[1],"tags":[],"class_list":["post-26001","post","type-post","status-publish","format-standard","has-post-thumbnail","hentry","category-destaques"],"yoast_head":"<!-- This site is optimized with the Yoast SEO plugin v20.5 - https:\/\/yoast.com\/wordpress\/plugins\/seo\/ -->\n<title>ITAJU\u00cdPE: PREFEITO MARCONE DECRETA TOQUE DE RECOLHER. - blog do er\u00ea<\/title>\n<meta name=\"robots\" content=\"index, follow, max-snippet:-1, max-image-preview:large, max-video-preview:-1\" \/>\n<link rel=\"canonical\" href=\"https:\/\/blogdoere.com.br\/?p=26001\" \/>\n<meta property=\"og:locale\" content=\"pt_PT\" \/>\n<meta property=\"og:type\" content=\"article\" \/>\n<meta property=\"og:title\" content=\"ITAJU\u00cdPE: PREFEITO MARCONE DECRETA TOQUE DE RECOLHER. - blog do er\u00ea\" \/>\n<meta property=\"og:description\" content=\"O prefeito Marcone Amaral(PSD), anunciou\u00a0 ontem(21\/04), durante live &#8220;toque de recolher&#8221;. Segundo o prefeito n\u00e3o ser\u00e1 mais permitido\u00a0 moradores ficarem nas ruas nem na porta de suas casas das 20h...\" \/>\n<meta property=\"og:url\" content=\"https:\/\/blogdoere.com.br\/?p=26001\" \/>\n<meta property=\"og:site_name\" content=\"blog do er\u00ea\" \/>\n<meta property=\"article:published_time\" content=\"2020-04-23T00:40:00+00:00\" \/>\n<meta property=\"article:modified_time\" content=\"2021-11-11T17:44:28+00:00\" \/>\n<meta property=\"og:image\" content=\"https:\/\/blogdoere.com.br\/wp-content\/uploads\/2020\/04\/FOTO_20200422_212710.jpg\" \/>\n\t<meta property=\"og:image:width\" content=\"320\" \/>\n\t<meta property=\"og:image:height\" content=\"204\" \/>\n\t<meta property=\"og:image:type\" content=\"image\/jpeg\" \/>\n<meta name=\"author\" content=\"Ere\" \/>\n<meta name=\"twitter:card\" content=\"summary_large_image\" \/>\n<meta name=\"twitter:label1\" content=\"Escrito por\" \/>\n\t<meta name=\"twitter:data1\" content=\"Ere\" \/>\n\t<meta name=\"twitter:label2\" content=\"Tempo estimado de leitura\" \/>\n\t<meta name=\"twitter:data2\" content=\"1 minuto\" \/>\n<script type=\"application\/ld+json\" class=\"yoast-schema-graph\">{\"@context\":\"https:\/\/schema.org\",\"@graph\":[{\"@type\":\"Article\",\"@id\":\"https:\/\/blogdoere.com.br\/?p=26001#article\",\"isPartOf\":{\"@id\":\"https:\/\/blogdoere.com.br\/?p=26001\"},\"author\":{\"name\":\"Ere\",\"@id\":\"https:\/\/blogdoere.com.br\/#\/schema\/person\/4b56ed2336cb28ae3415ce8ffe56742e\"},\"headline\":\"ITAJU\u00cdPE: PREFEITO MARCONE DECRETA TOQUE DE RECOLHER.\",\"datePublished\":\"2020-04-23T00:40:00+00:00\",\"dateModified\":\"2021-11-11T17:44:28+00:00\",\"mainEntityOfPage\":{\"@id\":\"https:\/\/blogdoere.com.br\/?p=26001\"},\"wordCount\":108,\"commentCount\":1,\"publisher\":{\"@id\":\"https:\/\/blogdoere.com.br\/#organization\"},\"articleSection\":[\"Destaques\"],\"inLanguage\":\"pt-PT\",\"potentialAction\":[{\"@type\":\"CommentAction\",\"name\":\"Comment\",\"target\":[\"https:\/\/blogdoere.com.br\/?p=26001#respond\"]}]},{\"@type\":\"WebPage\",\"@id\":\"https:\/\/blogdoere.com.br\/?p=26001\",\"url\":\"https:\/\/blogdoere.com.br\/?p=26001\",\"name\":\"ITAJU\u00cdPE: PREFEITO MARCONE DECRETA TOQUE DE RECOLHER. - blog do er\u00ea\",\"isPartOf\":{\"@id\":\"https:\/\/blogdoere.com.br\/#website\"},\"datePublished\":\"2020-04-23T00:40:00+00:00\",\"dateModified\":\"2021-11-11T17:44:28+00:00\",\"breadcrumb\":{\"@id\":\"https:\/\/blogdoere.com.br\/?p=26001#breadcrumb\"},\"inLanguage\":\"pt-PT\",\"potentialAction\":[{\"@type\":\"ReadAction\",\"target\":[\"https:\/\/blogdoere.com.br\/?p=26001\"]}]},{\"@type\":\"BreadcrumbList\",\"@id\":\"https:\/\/blogdoere.com.br\/?p=26001#breadcrumb\",\"itemListElement\":[{\"@type\":\"ListItem\",\"position\":1,\"name\":\"In\u00edcio\",\"item\":\"https:\/\/blogdoere.com.br\/\"},{\"@type\":\"ListItem\",\"position\":2,\"name\":\"ITAJU\u00cdPE: PREFEITO MARCONE DECRETA TOQUE DE RECOLHER.\"}]},{\"@type\":\"WebSite\",\"@id\":\"https:\/\/blogdoere.com.br\/#website\",\"url\":\"https:\/\/blogdoere.com.br\/\",\"name\":\"blog do er\u00ea\",\"description\":\"\",\"publisher\":{\"@id\":\"https:\/\/blogdoere.com.br\/#organization\"},\"potentialAction\":[{\"@type\":\"SearchAction\",\"target\":{\"@type\":\"EntryPoint\",\"urlTemplate\":\"https:\/\/blogdoere.com.br\/?s={search_term_string}\"},\"query-input\":\"required name=search_term_string\"}],\"inLanguage\":\"pt-PT\"},{\"@type\":\"Organization\",\"@id\":\"https:\/\/blogdoere.com.br\/#organization\",\"name\":\"Blog do Er\u00ea\",\"url\":\"https:\/\/blogdoere.com.br\/\",\"logo\":{\"@type\":\"ImageObject\",\"inLanguage\":\"pt-PT\",\"@id\":\"https:\/\/blogdoere.com.br\/#\/schema\/logo\/image\/\",\"url\":\"https:\/\/blogdoere.com.br\/wp-content\/uploads\/2021\/11\/Logo-Ere-1.png\",\"contentUrl\":\"https:\/\/blogdoere.com.br\/wp-content\/uploads\/2021\/11\/Logo-Ere-1.png\",\"width\":1261,\"height\":1330,\"caption\":\"Blog do Er\u00ea\"},\"image\":{\"@id\":\"https:\/\/blogdoere.com.br\/#\/schema\/logo\/image\/\"}},{\"@type\":\"Person\",\"@id\":\"https:\/\/blogdoere.com.br\/#\/schema\/person\/4b56ed2336cb28ae3415ce8ffe56742e\",\"name\":\"Ere\",\"image\":{\"@type\":\"ImageObject\",\"inLanguage\":\"pt-PT\",\"@id\":\"https:\/\/blogdoere.com.br\/#\/schema\/person\/image\/\",\"url\":\"https:\/\/secure.gravatar.com\/avatar\/?s=96&d=mm&r=g\",\"contentUrl\":\"https:\/\/secure.gravatar.com\/avatar\/?s=96&d=mm&r=g\",\"caption\":\"Ere\"}}]}<\/script>\n<!-- \/ Yoast SEO plugin. -->","yoast_head_json":{"title":"ITAJU\u00cdPE: PREFEITO MARCONE DECRETA TOQUE DE RECOLHER. - blog do er\u00ea","robots":{"index":"index","follow":"follow","max-snippet":"max-snippet:-1","max-image-preview":"max-image-preview:large","max-video-preview":"max-video-preview:-1"},"canonical":"https:\/\/blogdoere.com.br\/?p=26001","og_locale":"pt_PT","og_type":"article","og_title":"ITAJU\u00cdPE: PREFEITO MARCONE DECRETA TOQUE DE RECOLHER. - blog do er\u00ea","og_description":"O prefeito Marcone Amaral(PSD), anunciou\u00a0 ontem(21\/04), durante live &#8220;toque de recolher&#8221;. Segundo o prefeito n\u00e3o ser\u00e1 mais permitido\u00a0 moradores ficarem nas ruas nem na porta de suas casas das 20h...","og_url":"https:\/\/blogdoere.com.br\/?p=26001","og_site_name":"blog do er\u00ea","article_published_time":"2020-04-23T00:40:00+00:00","article_modified_time":"2021-11-11T17:44:28+00:00","og_image":[{"width":320,"height":204,"url":"https:\/\/blogdoere.com.br\/wp-content\/uploads\/2020\/04\/FOTO_20200422_212710.jpg","type":"image\/jpeg"}],"author":"Ere","twitter_card":"summary_large_image","twitter_misc":{"Escrito por":"Ere","Tempo estimado de leitura":"1 minuto"},"schema":{"@context":"https:\/\/schema.org","@graph":[{"@type":"Article","@id":"https:\/\/blogdoere.com.br\/?p=26001#article","isPartOf":{"@id":"https:\/\/blogdoere.com.br\/?p=26001"},"author":{"name":"Ere","@id":"https:\/\/blogdoere.com.br\/#\/schema\/person\/4b56ed2336cb28ae3415ce8ffe56742e"},"headline":"ITAJU\u00cdPE: PREFEITO MARCONE DECRETA TOQUE DE RECOLHER.","datePublished":"2020-04-23T00:40:00+00:00","dateModified":"2021-11-11T17:44:28+00:00","mainEntityOfPage":{"@id":"https:\/\/blogdoere.com.br\/?p=26001"},"wordCount":108,"commentCount":1,"publisher":{"@id":"https:\/\/blogdoere.com.br\/#organization"},"articleSection":["Destaques"],"inLanguage":"pt-PT","potentialAction":[{"@type":"CommentAction","name":"Comment","target":["https:\/\/blogdoere.com.br\/?p=26001#respond"]}]},{"@type":"WebPage","@id":"https:\/\/blogdoere.com.br\/?p=26001","url":"https:\/\/blogdoere.com.br\/?p=26001","name":"ITAJU\u00cdPE: PREFEITO MARCONE DECRETA TOQUE DE RECOLHER. - blog do er\u00ea","isPartOf":{"@id":"https:\/\/blogdoere.com.br\/#website"},"datePublished":"2020-04-23T00:40:00+00:00","dateModified":"2021-11-11T17:44:28+00:00","breadcrumb":{"@id":"https:\/\/blogdoere.com.br\/?p=26001#breadcrumb"},"inLanguage":"pt-PT","potentialAction":[{"@type":"ReadAction","target":["https:\/\/blogdoere.com.br\/?p=26001"]}]},{"@type":"BreadcrumbList","@id":"https:\/\/blogdoere.com.br\/?p=26001#breadcrumb","itemListElement":[{"@type":"ListItem","position":1,"name":"In\u00edcio","item":"https:\/\/blogdoere.com.br\/"},{"@type":"ListItem","position":2,"name":"ITAJU\u00cdPE: PREFEITO MARCONE DECRETA TOQUE DE RECOLHER."}]},{"@type":"WebSite","@id":"https:\/\/blogdoere.com.br\/#website","url":"https:\/\/blogdoere.com.br\/","name":"blog do er\u00ea","description":"","publisher":{"@id":"https:\/\/blogdoere.com.br\/#organization"},"potentialAction":[{"@type":"SearchAction","target":{"@type":"EntryPoint","urlTemplate":"https:\/\/blogdoere.com.br\/?s={search_term_string}"},"query-input":"required name=search_term_string"}],"inLanguage":"pt-PT"},{"@type":"Organization","@id":"https:\/\/blogdoere.com.br\/#organization","name":"Blog do Er\u00ea","url":"https:\/\/blogdoere.com.br\/","logo":{"@type":"ImageObject","inLanguage":"pt-PT","@id":"https:\/\/blogdoere.com.br\/#\/schema\/logo\/image\/","url":"https:\/\/blogdoere.com.br\/wp-content\/uploads\/2021\/11\/Logo-Ere-1.png","contentUrl":"https:\/\/blogdoere.com.br\/wp-content\/uploads\/2021\/11\/Logo-Ere-1.png","width":1261,"height":1330,"caption":"Blog do Er\u00ea"},"image":{"@id":"https:\/\/blogdoere.com.br\/#\/schema\/logo\/image\/"}},{"@type":"Person","@id":"https:\/\/blogdoere.com.br\/#\/schema\/person\/4b56ed2336cb28ae3415ce8ffe56742e","name":"Ere","image":{"@type":"ImageObject","inLanguage":"pt-PT","@id":"https:\/\/blogdoere.com.br\/#\/schema\/person\/image\/","url":"https:\/\/secure.gravatar.com\/avatar\/?s=96&d=mm&r=g","contentUrl":"https:\/\/secure.gravatar.com\/avatar\/?s=96&d=mm&r=g","caption":"Ere"}}]}},"featured_image_urls":{"full":["https:\/\/blogdoere.com.br\/wp-content\/uploads\/2020\/04\/FOTO_20200422_212710.jpg",320,204,false],"thumbnail":["https:\/\/blogdoere.com.br\/wp-content\/uploads\/2020\/04\/FOTO_20200422_212710-150x150.jpg",150,150,true],"medium":["https:\/\/blogdoere.com.br\/wp-content\/uploads\/2020\/04\/FOTO_20200422_212710-300x191.jpg",300,191,true],"medium_large":["https:\/\/blogdoere.com.br\/wp-content\/uploads\/2020\/04\/FOTO_20200422_212710.jpg",320,204,false],"large":["https:\/\/blogdoere.com.br\/wp-content\/uploads\/2020\/04\/FOTO_20200422_212710.jpg",320,204,false],"1536x1536":["https:\/\/blogdoere.com.br\/wp-content\/uploads\/2020\/04\/FOTO_20200422_212710.jpg",320,204,false],"2048x2048":["https:\/\/blogdoere.com.br\/wp-content\/uploads\/2020\/04\/FOTO_20200422_212710.jpg",320,204,false]},"author_info":{"display_name":"Ere","author_link":"https:\/\/blogdoere.com.br\/?author=2"},"category_info":"<a href=\"https:\/\/blogdoere.com.br\/?cat=1\" rel=\"category\">Destaques<\/a>","tag_info":"Destaques","comment_count":"1","_links":{"self":[{"href":"https:\/\/blogdoere.com.br\/index.php?rest_route=\/wp\/v2\/posts\/26001","targetHints":{"allow":["GET"]}}],"collection":[{"href":"https:\/\/blogdoere.com.br\/index.php?rest_route=\/wp\/v2\/posts"}],"about":[{"href":"https:\/\/blogdoere.com.br\/index.php?rest_route=\/wp\/v2\/types\/post"}],"author":[{"embeddable":true,"href":"https:\/\/blogdoere.com.br\/index.php?rest_route=\/wp\/v2\/users\/2"}],"replies":[{"embeddable":true,"href":"https:\/\/blogdoere.com.br\/index.php?rest_route=%2Fwp%2Fv2%2Fcomments&post=26001"}],"version-history":[{"count":1,"href":"https:\/\/blogdoere.com.br\/index.php?rest_route=\/wp\/v2\/posts\/26001\/revisions"}],"predecessor-version":[{"id":27304,"href":"https:\/\/blogdoere.com.br\/index.php?rest_route=\/wp\/v2\/posts\/26001\/revisions\/27304"}],"wp:featuredmedia":[{"embeddable":true,"href":"https:\/\/blogdoere.com.br\/index.php?rest_route=\/wp\/v2\/media\/27303"}],"wp:attachment":[{"href":"https:\/\/blogdoere.com.br\/index.php?rest_route=%2Fwp%2Fv2%2Fmedia&parent=26001"}],"wp:term":[{"taxonomy":"category","embeddable":true,"href":"https:\/\/blogdoere.com.br\/index.php?rest_route=%2Fwp%2Fv2%2Fcategories&post=26001"},{"taxonomy":"post_tag","embeddable":true,"href":"https:\/\/blogdoere.com.br\/index.php?rest_route=%2Fwp%2Fv2%2Ftags&post=26001"}],"curies":[{"name":"wp","href":"https:\/\/api.w.org\/{rel}","templated":true}]}}