{"id":26002,"date":"2020-04-21T23:31:00","date_gmt":"2020-04-21T23:31:00","guid":{"rendered":"http:\/\/blogdoere.com.br\/?p=26002"},"modified":"2021-11-11T17:44:54","modified_gmt":"2021-11-11T17:44:54","slug":"pandemia-mostra-deficiencia-da-saude-e-gestao","status":"publish","type":"post","link":"https:\/\/blogdoere.com.br\/?p=26002","title":{"rendered":"PANDEMIA MOSTRA DEFICI\u00caNCIA DA SA\u00daDE E GEST\u00c3O."},"content":{"rendered":"<div style=\"clear: both; text-align: center;\"><a style=\"margin-left: 1em; margin-right: 1em;\" href=\"https:\/\/1.bp.blogspot.com\/-EcNrknrvJRA\/Xp9_VcR_prI\/AAAAAAAAHTk\/AucUoUcxBPcUeDYjNYSBnzHZZYYuuisyQCLcBGAsYHQ\/s1600\/%252B55%2B73%2B8174-1402%2B20191228_104906.jpg\"><img decoding=\"async\" src=\"https:\/\/1.bp.blogspot.com\/-EcNrknrvJRA\/Xp9_VcR_prI\/AAAAAAAAHTk\/AucUoUcxBPcUeDYjNYSBnzHZZYYuuisyQCLcBGAsYHQ\/s320\/%252B55%2B73%2B8174-1402%2B20191228_104906.jpg\" width=\"320\" height=\"320\" border=\"0\" data-original-height=\"640\" data-original-width=\"640\" \/><\/a><\/div>\n<div dir=\"ltr\" style=\"line-height: 1.7999999999999998; margin-bottom: 0pt; margin-top: 0pt; text-align: justify;\"><span style=\"font-family: 'arial'; font-size: 12pt; vertical-align: baseline; white-space: pre-wrap;\">A pandemia no Brasil tem sessenta dias, tempo o suficiente para todo sistema de sa\u00fade e gest\u00e3o mostrar sua defici\u00eancia. \u00a0 Sabemos que a situa\u00e7\u00e3o \u00e9 grave, n\u00e3o existe vacina nem rem\u00e9dio para combater o Covid-19. Segundo a maioria dos especialistas, a \u00fanica alternativa para o enfrentamento \u00e9 justamente, n\u00e3o enfrentar esse mal, ou seja, ficar em casa obedecendo ao isolamento social. A quarentena pode n\u00e3o ser a melhor alternativa, mas, diante de uma situa\u00e7\u00e3o pand\u00eamica onde os governos investem pouco em pesquisa e sa\u00fade, pode ser a sa\u00edda mais eficaz embora, para alguns, o isolamento social pode levar o pa\u00eds \u00e0 derrocada econ\u00f4mica. De certo modo isso pode acontecer mas, em primeiro lugar, deve-se pensar em salvar vidas humanas. A economia, embora seja importante, se recupera com medidas voltadas para o aquecimento do mercado e ind\u00fastria, por sinal, o governo federal est\u00e1 fazendo isso a passos de tartarugas com distribui\u00e7\u00e3o de renda direto para o cidad\u00e3o. Neste momento, quanto mais dinheiro na m\u00e3o de quem precisa, melhor. \u00c9 preciso liberar esse aux\u00edlio emergencial de forma mais r\u00e1pida, isso vai colocar comida na mesa de quem mais precisa e ao mesmo tempo fazer a catraca da economia girar.\u00a0 \u00c9 necess\u00e1rio ainda pensar em aux\u00edlio para o empreendedor e facilitar a linha de cr\u00e9dito para n\u00e3o deixar empresas quebrarem. O governo estadual precisa acelerar a implanta\u00e7\u00e3o de uma central de atendimento para acolher pacientes suspeitos de coronav\u00edrus na regi\u00e3o, isso deve ser para ontem \u2013 o que menos precisamos neste momento \u00e9 gastos com propaganda! Em Itajuipe, algumas medidas tomadas pelo prefeito Marcone v\u00eam sendo importantes, por\u00e9m, \u00e9 incompreens\u00edvel o funcionamento da barreira sanit\u00e1ria por doze horas. Se o intuito \u00e9 impedir entrada de pessoas com poss\u00edvel v\u00edrus n\u00e3o tem sentido funcionar por doze horas. No que concerne a suspens\u00e3o das atividades comerciais local, na minha modesta opini\u00e3o, precisa ser repensado. Sabemos que os grandes comerciantes considerados &#8220;servi\u00e7os essenciais&#8221; est\u00e3o liberados para abrir seus com\u00e9rcios obedecendo a decretos e orienta\u00e7\u00f5es da Organiza\u00e7\u00e3o Mundial da Sa\u00fade (OMS). Acontece que os pequenos comerciantes, aqueles que n\u00e3o t\u00eam na porta das suas lojas filas enormes, est\u00e3o pagando um pre\u00e7o alto \u2013 e isso n\u00e3o \u00e9 justo. Basta a Prefeitura orient\u00e1-los para os mesmos cuidados sanit\u00e1rios e permitir a abertura para que possam amenizar o preju\u00edzo. \u00a0 Acho praticamente imposs\u00edvel, v\u00e1rias pessoas sa\u00edrem de suas casas para irem numa loja, por exemplo, comprar roupas, um vestido ou um sapato para curtir numa festa (decreto pro\u00edbe). Com a importante campanha &#8220;fica em casa&#8221;, naturalmente essas pessoas, na sua maioria, estar\u00e3o em casa. Assim, com a barreira funcionando vinte quatro horas, seria mais f\u00e1cil impedir a entrada do v\u00edrus, podendo ent\u00e3o liberar o com\u00e9rcio local para funcionar com os cuidados sanit\u00e1rios. Compreendo a preocupa\u00e7\u00e3o do Prefeito, mas, n\u00e3o deve um gestor medir a popula\u00e7\u00e3o inteira com sua r\u00e9gua. Nem todos t\u00eam condi\u00e7\u00f5es econ\u00f4micas ou renda para suportar essa crise, assim, uma venda de um produto t\u00e3o essencial como um quilo de arroz ou qui\u00e7\u00e1 um saque na casa lot\u00e9rica, existe risco de contrair o v\u00edrus. Desse modo, o pequeno empreendedor julgado e condenado &#8220;n\u00e3o essencial&#8221; vem pagando um pre\u00e7o alto por ser pequeno. O que n\u00e3o parece essencial para uma pessoa pode ser essencial para outras, por exemplo, cortar cabelo, comprar uma torneira, imprimir um boleto, pagar uma d\u00edvida, etc. Um governo justo deve ser desigual para socorrer os desiguais. N\u00e3o deve o gestor tratar os problemas de forma horizontal, \u00e9 preciso reflex\u00e3o e di\u00e1logo para compreender e decidir de forma coerente. Para isso, basta o gestor analisar onde e como as nove pessoas foram infectadas; andar no com\u00e9rcio, ter sensibilidade, governar para todos ouvindo os segmentos sociais para n\u00e3o cometer injusti\u00e7as.\u00a0<\/span><\/div>\n<div dir=\"ltr\" style=\"line-height: 1.7999999999999998; margin-bottom: 0pt; margin-top: 0pt; text-align: justify;\"><span style=\"font-family: 'arial'; font-size: 12pt; vertical-align: baseline; white-space: pre-wrap;\">Por: Er\u00ea<\/span><\/div>\n<div dir=\"ltr\" style=\"line-height: 1.7999999999999998; margin-bottom: 0pt; margin-top: 0pt; text-align: justify;\"><\/div>\n","protected":false},"excerpt":{"rendered":"<p>A pandemia no Brasil tem sessenta dias, tempo o suficiente para todo sistema de sa\u00fade e gest\u00e3o mostrar sua defici\u00eancia. \u00a0 Sabemos que a situa\u00e7\u00e3o \u00e9 grave, n\u00e3o existe vacina&#8230;<\/p>\n","protected":false},"author":2,"featured_media":27305,"comment_status":"open","ping_status":"open","sticky":false,"template":"","format":"standard","meta":{"_editorskit_title_hidden":false,"_editorskit_reading_time":0,"_editorskit_is_block_options_detached":false,"_editorskit_block_options_position":"{}","om_disable_all_campaigns":false,"_mi_skip_tracking":false,"_kad_post_transparent":"","_kad_post_title":"","_kad_post_layout":"","_kad_post_sidebar_id":"","_kad_post_content_style":"","_kad_post_vertical_padding":"","_kad_post_feature":"","_kad_post_feature_position":"","_kad_post_header":false,"_kad_post_footer":false,"footnotes":""},"categories":[1],"tags":[],"class_list":["post-26002","post","type-post","status-publish","format-standard","has-post-thumbnail","hentry","category-destaques"],"yoast_head":"<!-- This site is optimized with the Yoast SEO plugin v20.5 - https:\/\/yoast.com\/wordpress\/plugins\/seo\/ -->\n<title>PANDEMIA MOSTRA DEFICI\u00caNCIA DA SA\u00daDE E GEST\u00c3O. - blog do er\u00ea<\/title>\n<meta name=\"robots\" content=\"index, follow, max-snippet:-1, max-image-preview:large, max-video-preview:-1\" \/>\n<link rel=\"canonical\" href=\"https:\/\/blogdoere.com.br\/?p=26002\" \/>\n<meta property=\"og:locale\" content=\"pt_PT\" \/>\n<meta property=\"og:type\" content=\"article\" \/>\n<meta property=\"og:title\" content=\"PANDEMIA MOSTRA DEFICI\u00caNCIA DA SA\u00daDE E GEST\u00c3O. - blog do er\u00ea\" \/>\n<meta property=\"og:description\" content=\"A pandemia no Brasil tem sessenta dias, tempo o suficiente para todo sistema de sa\u00fade e gest\u00e3o mostrar sua defici\u00eancia. \u00a0 Sabemos que a situa\u00e7\u00e3o \u00e9 grave, n\u00e3o existe vacina...\" \/>\n<meta property=\"og:url\" content=\"https:\/\/blogdoere.com.br\/?p=26002\" \/>\n<meta property=\"og:site_name\" content=\"blog do er\u00ea\" \/>\n<meta property=\"article:published_time\" content=\"2020-04-21T23:31:00+00:00\" \/>\n<meta property=\"article:modified_time\" content=\"2021-11-11T17:44:54+00:00\" \/>\n<meta property=\"og:image\" content=\"https:\/\/blogdoere.com.br\/wp-content\/uploads\/2020\/04\/55-73-8174-1402-20191228_104906.jpg\" \/>\n\t<meta property=\"og:image:width\" content=\"320\" \/>\n\t<meta property=\"og:image:height\" content=\"320\" \/>\n\t<meta property=\"og:image:type\" content=\"image\/jpeg\" \/>\n<meta name=\"author\" content=\"Ere\" \/>\n<meta name=\"twitter:card\" content=\"summary_large_image\" \/>\n<meta name=\"twitter:label1\" content=\"Escrito por\" \/>\n\t<meta name=\"twitter:data1\" content=\"Ere\" \/>\n\t<meta name=\"twitter:label2\" content=\"Tempo estimado de leitura\" \/>\n\t<meta name=\"twitter:data2\" content=\"3 minutos\" \/>\n<script type=\"application\/ld+json\" class=\"yoast-schema-graph\">{\"@context\":\"https:\/\/schema.org\",\"@graph\":[{\"@type\":\"Article\",\"@id\":\"https:\/\/blogdoere.com.br\/?p=26002#article\",\"isPartOf\":{\"@id\":\"https:\/\/blogdoere.com.br\/?p=26002\"},\"author\":{\"name\":\"Ere\",\"@id\":\"https:\/\/blogdoere.com.br\/#\/schema\/person\/4b56ed2336cb28ae3415ce8ffe56742e\"},\"headline\":\"PANDEMIA MOSTRA DEFICI\u00caNCIA DA SA\u00daDE E GEST\u00c3O.\",\"datePublished\":\"2020-04-21T23:31:00+00:00\",\"dateModified\":\"2021-11-11T17:44:54+00:00\",\"mainEntityOfPage\":{\"@id\":\"https:\/\/blogdoere.com.br\/?p=26002\"},\"wordCount\":693,\"commentCount\":0,\"publisher\":{\"@id\":\"https:\/\/blogdoere.com.br\/#organization\"},\"articleSection\":[\"Destaques\"],\"inLanguage\":\"pt-PT\",\"potentialAction\":[{\"@type\":\"CommentAction\",\"name\":\"Comment\",\"target\":[\"https:\/\/blogdoere.com.br\/?p=26002#respond\"]}]},{\"@type\":\"WebPage\",\"@id\":\"https:\/\/blogdoere.com.br\/?p=26002\",\"url\":\"https:\/\/blogdoere.com.br\/?p=26002\",\"name\":\"PANDEMIA MOSTRA DEFICI\u00caNCIA DA SA\u00daDE E GEST\u00c3O. - blog do er\u00ea\",\"isPartOf\":{\"@id\":\"https:\/\/blogdoere.com.br\/#website\"},\"datePublished\":\"2020-04-21T23:31:00+00:00\",\"dateModified\":\"2021-11-11T17:44:54+00:00\",\"breadcrumb\":{\"@id\":\"https:\/\/blogdoere.com.br\/?p=26002#breadcrumb\"},\"inLanguage\":\"pt-PT\",\"potentialAction\":[{\"@type\":\"ReadAction\",\"target\":[\"https:\/\/blogdoere.com.br\/?p=26002\"]}]},{\"@type\":\"BreadcrumbList\",\"@id\":\"https:\/\/blogdoere.com.br\/?p=26002#breadcrumb\",\"itemListElement\":[{\"@type\":\"ListItem\",\"position\":1,\"name\":\"In\u00edcio\",\"item\":\"https:\/\/blogdoere.com.br\/\"},{\"@type\":\"ListItem\",\"position\":2,\"name\":\"PANDEMIA MOSTRA DEFICI\u00caNCIA DA SA\u00daDE E GEST\u00c3O.\"}]},{\"@type\":\"WebSite\",\"@id\":\"https:\/\/blogdoere.com.br\/#website\",\"url\":\"https:\/\/blogdoere.com.br\/\",\"name\":\"blog do er\u00ea\",\"description\":\"\",\"publisher\":{\"@id\":\"https:\/\/blogdoere.com.br\/#organization\"},\"potentialAction\":[{\"@type\":\"SearchAction\",\"target\":{\"@type\":\"EntryPoint\",\"urlTemplate\":\"https:\/\/blogdoere.com.br\/?s={search_term_string}\"},\"query-input\":\"required name=search_term_string\"}],\"inLanguage\":\"pt-PT\"},{\"@type\":\"Organization\",\"@id\":\"https:\/\/blogdoere.com.br\/#organization\",\"name\":\"Blog do Er\u00ea\",\"url\":\"https:\/\/blogdoere.com.br\/\",\"logo\":{\"@type\":\"ImageObject\",\"inLanguage\":\"pt-PT\",\"@id\":\"https:\/\/blogdoere.com.br\/#\/schema\/logo\/image\/\",\"url\":\"https:\/\/blogdoere.com.br\/wp-content\/uploads\/2021\/11\/Logo-Ere-1.png\",\"contentUrl\":\"https:\/\/blogdoere.com.br\/wp-content\/uploads\/2021\/11\/Logo-Ere-1.png\",\"width\":1261,\"height\":1330,\"caption\":\"Blog do Er\u00ea\"},\"image\":{\"@id\":\"https:\/\/blogdoere.com.br\/#\/schema\/logo\/image\/\"}},{\"@type\":\"Person\",\"@id\":\"https:\/\/blogdoere.com.br\/#\/schema\/person\/4b56ed2336cb28ae3415ce8ffe56742e\",\"name\":\"Ere\",\"image\":{\"@type\":\"ImageObject\",\"inLanguage\":\"pt-PT\",\"@id\":\"https:\/\/blogdoere.com.br\/#\/schema\/person\/image\/\",\"url\":\"https:\/\/secure.gravatar.com\/avatar\/?s=96&d=mm&r=g\",\"contentUrl\":\"https:\/\/secure.gravatar.com\/avatar\/?s=96&d=mm&r=g\",\"caption\":\"Ere\"}}]}<\/script>\n<!-- \/ Yoast SEO plugin. -->","yoast_head_json":{"title":"PANDEMIA MOSTRA DEFICI\u00caNCIA DA SA\u00daDE E GEST\u00c3O. - blog do er\u00ea","robots":{"index":"index","follow":"follow","max-snippet":"max-snippet:-1","max-image-preview":"max-image-preview:large","max-video-preview":"max-video-preview:-1"},"canonical":"https:\/\/blogdoere.com.br\/?p=26002","og_locale":"pt_PT","og_type":"article","og_title":"PANDEMIA MOSTRA DEFICI\u00caNCIA DA SA\u00daDE E GEST\u00c3O. - blog do er\u00ea","og_description":"A pandemia no Brasil tem sessenta dias, tempo o suficiente para todo sistema de sa\u00fade e gest\u00e3o mostrar sua defici\u00eancia. \u00a0 Sabemos que a situa\u00e7\u00e3o \u00e9 grave, n\u00e3o existe vacina...","og_url":"https:\/\/blogdoere.com.br\/?p=26002","og_site_name":"blog do er\u00ea","article_published_time":"2020-04-21T23:31:00+00:00","article_modified_time":"2021-11-11T17:44:54+00:00","og_image":[{"width":320,"height":320,"url":"https:\/\/blogdoere.com.br\/wp-content\/uploads\/2020\/04\/55-73-8174-1402-20191228_104906.jpg","type":"image\/jpeg"}],"author":"Ere","twitter_card":"summary_large_image","twitter_misc":{"Escrito por":"Ere","Tempo estimado de leitura":"3 minutos"},"schema":{"@context":"https:\/\/schema.org","@graph":[{"@type":"Article","@id":"https:\/\/blogdoere.com.br\/?p=26002#article","isPartOf":{"@id":"https:\/\/blogdoere.com.br\/?p=26002"},"author":{"name":"Ere","@id":"https:\/\/blogdoere.com.br\/#\/schema\/person\/4b56ed2336cb28ae3415ce8ffe56742e"},"headline":"PANDEMIA MOSTRA DEFICI\u00caNCIA DA SA\u00daDE E GEST\u00c3O.","datePublished":"2020-04-21T23:31:00+00:00","dateModified":"2021-11-11T17:44:54+00:00","mainEntityOfPage":{"@id":"https:\/\/blogdoere.com.br\/?p=26002"},"wordCount":693,"commentCount":0,"publisher":{"@id":"https:\/\/blogdoere.com.br\/#organization"},"articleSection":["Destaques"],"inLanguage":"pt-PT","potentialAction":[{"@type":"CommentAction","name":"Comment","target":["https:\/\/blogdoere.com.br\/?p=26002#respond"]}]},{"@type":"WebPage","@id":"https:\/\/blogdoere.com.br\/?p=26002","url":"https:\/\/blogdoere.com.br\/?p=26002","name":"PANDEMIA MOSTRA DEFICI\u00caNCIA DA SA\u00daDE E GEST\u00c3O. - blog do er\u00ea","isPartOf":{"@id":"https:\/\/blogdoere.com.br\/#website"},"datePublished":"2020-04-21T23:31:00+00:00","dateModified":"2021-11-11T17:44:54+00:00","breadcrumb":{"@id":"https:\/\/blogdoere.com.br\/?p=26002#breadcrumb"},"inLanguage":"pt-PT","potentialAction":[{"@type":"ReadAction","target":["https:\/\/blogdoere.com.br\/?p=26002"]}]},{"@type":"BreadcrumbList","@id":"https:\/\/blogdoere.com.br\/?p=26002#breadcrumb","itemListElement":[{"@type":"ListItem","position":1,"name":"In\u00edcio","item":"https:\/\/blogdoere.com.br\/"},{"@type":"ListItem","position":2,"name":"PANDEMIA MOSTRA DEFICI\u00caNCIA DA SA\u00daDE E GEST\u00c3O."}]},{"@type":"WebSite","@id":"https:\/\/blogdoere.com.br\/#website","url":"https:\/\/blogdoere.com.br\/","name":"blog do er\u00ea","description":"","publisher":{"@id":"https:\/\/blogdoere.com.br\/#organization"},"potentialAction":[{"@type":"SearchAction","target":{"@type":"EntryPoint","urlTemplate":"https:\/\/blogdoere.com.br\/?s={search_term_string}"},"query-input":"required name=search_term_string"}],"inLanguage":"pt-PT"},{"@type":"Organization","@id":"https:\/\/blogdoere.com.br\/#organization","name":"Blog do Er\u00ea","url":"https:\/\/blogdoere.com.br\/","logo":{"@type":"ImageObject","inLanguage":"pt-PT","@id":"https:\/\/blogdoere.com.br\/#\/schema\/logo\/image\/","url":"https:\/\/blogdoere.com.br\/wp-content\/uploads\/2021\/11\/Logo-Ere-1.png","contentUrl":"https:\/\/blogdoere.com.br\/wp-content\/uploads\/2021\/11\/Logo-Ere-1.png","width":1261,"height":1330,"caption":"Blog do Er\u00ea"},"image":{"@id":"https:\/\/blogdoere.com.br\/#\/schema\/logo\/image\/"}},{"@type":"Person","@id":"https:\/\/blogdoere.com.br\/#\/schema\/person\/4b56ed2336cb28ae3415ce8ffe56742e","name":"Ere","image":{"@type":"ImageObject","inLanguage":"pt-PT","@id":"https:\/\/blogdoere.com.br\/#\/schema\/person\/image\/","url":"https:\/\/secure.gravatar.com\/avatar\/?s=96&d=mm&r=g","contentUrl":"https:\/\/secure.gravatar.com\/avatar\/?s=96&d=mm&r=g","caption":"Ere"}}]}},"featured_image_urls":{"full":["https:\/\/blogdoere.com.br\/wp-content\/uploads\/2020\/04\/55-73-8174-1402-20191228_104906.jpg",320,320,false],"thumbnail":["https:\/\/blogdoere.com.br\/wp-content\/uploads\/2020\/04\/55-73-8174-1402-20191228_104906-150x150.jpg",150,150,true],"medium":["https:\/\/blogdoere.com.br\/wp-content\/uploads\/2020\/04\/55-73-8174-1402-20191228_104906-300x300.jpg",300,300,true],"medium_large":["https:\/\/blogdoere.com.br\/wp-content\/uploads\/2020\/04\/55-73-8174-1402-20191228_104906.jpg",320,320,false],"large":["https:\/\/blogdoere.com.br\/wp-content\/uploads\/2020\/04\/55-73-8174-1402-20191228_104906.jpg",320,320,false],"1536x1536":["https:\/\/blogdoere.com.br\/wp-content\/uploads\/2020\/04\/55-73-8174-1402-20191228_104906.jpg",320,320,false],"2048x2048":["https:\/\/blogdoere.com.br\/wp-content\/uploads\/2020\/04\/55-73-8174-1402-20191228_104906.jpg",320,320,false]},"author_info":{"display_name":"Ere","author_link":"https:\/\/blogdoere.com.br\/?author=2"},"category_info":"<a href=\"https:\/\/blogdoere.com.br\/?cat=1\" rel=\"category\">Destaques<\/a>","tag_info":"Destaques","comment_count":"0","_links":{"self":[{"href":"https:\/\/blogdoere.com.br\/index.php?rest_route=\/wp\/v2\/posts\/26002","targetHints":{"allow":["GET"]}}],"collection":[{"href":"https:\/\/blogdoere.com.br\/index.php?rest_route=\/wp\/v2\/posts"}],"about":[{"href":"https:\/\/blogdoere.com.br\/index.php?rest_route=\/wp\/v2\/types\/post"}],"author":[{"embeddable":true,"href":"https:\/\/blogdoere.com.br\/index.php?rest_route=\/wp\/v2\/users\/2"}],"replies":[{"embeddable":true,"href":"https:\/\/blogdoere.com.br\/index.php?rest_route=%2Fwp%2Fv2%2Fcomments&post=26002"}],"version-history":[{"count":1,"href":"https:\/\/blogdoere.com.br\/index.php?rest_route=\/wp\/v2\/posts\/26002\/revisions"}],"predecessor-version":[{"id":27306,"href":"https:\/\/blogdoere.com.br\/index.php?rest_route=\/wp\/v2\/posts\/26002\/revisions\/27306"}],"wp:featuredmedia":[{"embeddable":true,"href":"https:\/\/blogdoere.com.br\/index.php?rest_route=\/wp\/v2\/media\/27305"}],"wp:attachment":[{"href":"https:\/\/blogdoere.com.br\/index.php?rest_route=%2Fwp%2Fv2%2Fmedia&parent=26002"}],"wp:term":[{"taxonomy":"category","embeddable":true,"href":"https:\/\/blogdoere.com.br\/index.php?rest_route=%2Fwp%2Fv2%2Fcategories&post=26002"},{"taxonomy":"post_tag","embeddable":true,"href":"https:\/\/blogdoere.com.br\/index.php?rest_route=%2Fwp%2Fv2%2Ftags&post=26002"}],"curies":[{"name":"wp","href":"https:\/\/api.w.org\/{rel}","templated":true}]}}