{"id":26003,"date":"2020-03-28T01:15:00","date_gmt":"2020-03-28T01:15:00","guid":{"rendered":"http:\/\/blogdoere.com.br\/?p=26003"},"modified":"2021-11-11T17:45:22","modified_gmt":"2021-11-11T17:45:22","slug":"lidice-destina-mais-de-r-3-5-milhoes-para-combate-ao-coronavirus","status":"publish","type":"post","link":"https:\/\/blogdoere.com.br\/?p=26003","title":{"rendered":"L\u00cdDICE DESTINA MAIS DE R$ 3.5 MILH\u00d5ES PARA COMBATE AO CORONAV\u00cdRUS."},"content":{"rendered":"<div style=\"clear: both; text-align: center;\"><a style=\"margin-left: 1em; margin-right: 1em;\" href=\"https:\/\/1.bp.blogspot.com\/-JjioyeKGOAo\/Xn6lHlB_ktI\/AAAAAAAAHSc\/pFpZTk5A0BASV2UZxl2vXxC8bs4ktPUzgCLcBGAsYHQ\/s1600\/WhatsApp-Image-2020-03-26-at-15.11.10.jpeg\"><img decoding=\"async\" src=\"https:\/\/1.bp.blogspot.com\/-JjioyeKGOAo\/Xn6lHlB_ktI\/AAAAAAAAHSc\/pFpZTk5A0BASV2UZxl2vXxC8bs4ktPUzgCLcBGAsYHQ\/s320\/WhatsApp-Image-2020-03-26-at-15.11.10.jpeg\" width=\"320\" height=\"213\" border=\"0\" data-original-height=\"854\" data-original-width=\"1280\" \/><\/a><\/div>\n<div dir=\"ltr\" style=\"line-height: 1.7999999999999998; margin-bottom: 0pt; margin-top: 0pt; text-align: justify;\"><\/div>\n<div dir=\"ltr\" style=\"line-height: 1.7999999999999998; margin-bottom: 0pt; margin-top: 0pt; text-align: justify;\"><span style=\"font-family: Arial; font-size: 12pt; font-variant-east-asian: normal; font-variant-numeric: normal; vertical-align: baseline; white-space: pre-wrap;\">Em of\u00edcio encaminhado ter\u00e7a-feira(24\/03) ao coordenador da bancada da Bahia, deputado federal Daniel Almeida (PCdoB-BA), a deputada L\u00eddice da Mata solicitou o remanejamento do valor total de sua cota parlamentar individual da bancada da Bahia para a\u00e7\u00f5es de combate ao coronav\u00edrus. L\u00eddice considera essencial a medida para o enfrentamento da emerg\u00eancia de sa\u00fade p\u00fablica causada pela pandemia.<\/span><\/div>\n<div dir=\"ltr\" style=\"line-height: 1.7999999999999998; margin-bottom: 0pt; margin-top: 0pt; text-align: justify;\"><span style=\"font-family: Arial; font-size: 12pt; font-variant-east-asian: normal; font-variant-numeric: normal; vertical-align: baseline; white-space: pre-wrap;\">Os recursos da cota individual da parlamentar, no valor de R$ 3.555.134,65, referente \u00e0s emendas impositivas de bancada do Estado da Bahia do Or\u00e7amento Geral da Uni\u00e3o (OGU 2020) ser\u00e3o alocados na nova a\u00e7\u00e3o codificada como 21C0, de Enfrentamento da Emerg\u00eancia de Sa\u00fade P\u00fablica de Import\u00e2ncia Internacional decorrente do Coronav\u00edrus (COVID-19) do Minist\u00e9rio da Sa\u00fade. O valor remanejado das emendas de L\u00eddice ser\u00e3o repassados para a Secretaria Estadual de Sa\u00fade da Bahia \u2013 SESAB.<\/span><\/div>\n<div dir=\"ltr\" style=\"line-height: 1.7999999999999998; margin-bottom: 0pt; margin-top: 0pt; text-align: justify;\"><span style=\"font-family: Arial; font-size: 12pt; font-variant-east-asian: normal; font-variant-numeric: normal; vertical-align: baseline; white-space: pre-wrap;\">Informa\u00e7\u00f5es: Hora da Bahia.<\/span><\/div>\n","protected":false},"excerpt":{"rendered":"<p>Em of\u00edcio encaminhado ter\u00e7a-feira(24\/03) ao coordenador da bancada da Bahia, deputado federal Daniel Almeida (PCdoB-BA), a deputada L\u00eddice da Mata solicitou o remanejamento do valor total de sua cota parlamentar&#8230;<\/p>\n","protected":false},"author":2,"featured_media":27307,"comment_status":"open","ping_status":"open","sticky":false,"template":"","format":"standard","meta":{"_editorskit_title_hidden":false,"_editorskit_reading_time":0,"_editorskit_is_block_options_detached":false,"_editorskit_block_options_position":"{}","om_disable_all_campaigns":false,"_mi_skip_tracking":false,"_kad_post_transparent":"","_kad_post_title":"","_kad_post_layout":"","_kad_post_sidebar_id":"","_kad_post_content_style":"","_kad_post_vertical_padding":"","_kad_post_feature":"","_kad_post_feature_position":"","_kad_post_header":false,"_kad_post_footer":false,"footnotes":""},"categories":[1],"tags":[],"class_list":["post-26003","post","type-post","status-publish","format-standard","has-post-thumbnail","hentry","category-destaques"],"yoast_head":"<!-- This site is optimized with the Yoast SEO plugin v20.5 - https:\/\/yoast.com\/wordpress\/plugins\/seo\/ -->\n<title>L\u00cdDICE DESTINA MAIS DE R$ 3.5 MILH\u00d5ES PARA COMBATE AO CORONAV\u00cdRUS. - blog do er\u00ea<\/title>\n<meta name=\"robots\" content=\"index, follow, max-snippet:-1, max-image-preview:large, max-video-preview:-1\" \/>\n<link rel=\"canonical\" href=\"https:\/\/blogdoere.com.br\/?p=26003\" \/>\n<meta property=\"og:locale\" content=\"pt_PT\" \/>\n<meta property=\"og:type\" content=\"article\" \/>\n<meta property=\"og:title\" content=\"L\u00cdDICE DESTINA MAIS DE R$ 3.5 MILH\u00d5ES PARA COMBATE AO CORONAV\u00cdRUS. - blog do er\u00ea\" \/>\n<meta property=\"og:description\" content=\"Em of\u00edcio encaminhado ter\u00e7a-feira(24\/03) ao coordenador da bancada da Bahia, deputado federal Daniel Almeida (PCdoB-BA), a deputada L\u00eddice da Mata solicitou o remanejamento do valor total de sua cota parlamentar...\" \/>\n<meta property=\"og:url\" content=\"https:\/\/blogdoere.com.br\/?p=26003\" \/>\n<meta property=\"og:site_name\" content=\"blog do er\u00ea\" \/>\n<meta property=\"article:published_time\" content=\"2020-03-28T01:15:00+00:00\" \/>\n<meta property=\"article:modified_time\" content=\"2021-11-11T17:45:22+00:00\" \/>\n<meta property=\"og:image\" content=\"https:\/\/blogdoere.com.br\/wp-content\/uploads\/2020\/03\/WhatsApp-Image-2020-03-26-at-15.11.10.jpeg\" \/>\n\t<meta property=\"og:image:width\" content=\"320\" \/>\n\t<meta property=\"og:image:height\" content=\"214\" \/>\n\t<meta property=\"og:image:type\" content=\"image\/jpeg\" \/>\n<meta name=\"author\" content=\"Ere\" \/>\n<meta name=\"twitter:card\" content=\"summary_large_image\" \/>\n<meta name=\"twitter:label1\" content=\"Escrito por\" \/>\n\t<meta name=\"twitter:data1\" content=\"Ere\" \/>\n\t<meta name=\"twitter:label2\" content=\"Tempo estimado de leitura\" \/>\n\t<meta name=\"twitter:data2\" content=\"1 minuto\" \/>\n<script type=\"application\/ld+json\" class=\"yoast-schema-graph\">{\"@context\":\"https:\/\/schema.org\",\"@graph\":[{\"@type\":\"Article\",\"@id\":\"https:\/\/blogdoere.com.br\/?p=26003#article\",\"isPartOf\":{\"@id\":\"https:\/\/blogdoere.com.br\/?p=26003\"},\"author\":{\"name\":\"Ere\",\"@id\":\"https:\/\/blogdoere.com.br\/#\/schema\/person\/4b56ed2336cb28ae3415ce8ffe56742e\"},\"headline\":\"L\u00cdDICE DESTINA MAIS DE R$ 3.5 MILH\u00d5ES PARA COMBATE AO CORONAV\u00cdRUS.\",\"datePublished\":\"2020-03-28T01:15:00+00:00\",\"dateModified\":\"2021-11-11T17:45:22+00:00\",\"mainEntityOfPage\":{\"@id\":\"https:\/\/blogdoere.com.br\/?p=26003\"},\"wordCount\":169,\"commentCount\":0,\"publisher\":{\"@id\":\"https:\/\/blogdoere.com.br\/#organization\"},\"articleSection\":[\"Destaques\"],\"inLanguage\":\"pt-PT\",\"potentialAction\":[{\"@type\":\"CommentAction\",\"name\":\"Comment\",\"target\":[\"https:\/\/blogdoere.com.br\/?p=26003#respond\"]}]},{\"@type\":\"WebPage\",\"@id\":\"https:\/\/blogdoere.com.br\/?p=26003\",\"url\":\"https:\/\/blogdoere.com.br\/?p=26003\",\"name\":\"L\u00cdDICE DESTINA MAIS DE R$ 3.5 MILH\u00d5ES PARA COMBATE AO CORONAV\u00cdRUS. - blog do er\u00ea\",\"isPartOf\":{\"@id\":\"https:\/\/blogdoere.com.br\/#website\"},\"datePublished\":\"2020-03-28T01:15:00+00:00\",\"dateModified\":\"2021-11-11T17:45:22+00:00\",\"breadcrumb\":{\"@id\":\"https:\/\/blogdoere.com.br\/?p=26003#breadcrumb\"},\"inLanguage\":\"pt-PT\",\"potentialAction\":[{\"@type\":\"ReadAction\",\"target\":[\"https:\/\/blogdoere.com.br\/?p=26003\"]}]},{\"@type\":\"BreadcrumbList\",\"@id\":\"https:\/\/blogdoere.com.br\/?p=26003#breadcrumb\",\"itemListElement\":[{\"@type\":\"ListItem\",\"position\":1,\"name\":\"In\u00edcio\",\"item\":\"https:\/\/blogdoere.com.br\/\"},{\"@type\":\"ListItem\",\"position\":2,\"name\":\"L\u00cdDICE DESTINA MAIS DE R$ 3.5 MILH\u00d5ES PARA COMBATE AO CORONAV\u00cdRUS.\"}]},{\"@type\":\"WebSite\",\"@id\":\"https:\/\/blogdoere.com.br\/#website\",\"url\":\"https:\/\/blogdoere.com.br\/\",\"name\":\"blog do er\u00ea\",\"description\":\"\",\"publisher\":{\"@id\":\"https:\/\/blogdoere.com.br\/#organization\"},\"potentialAction\":[{\"@type\":\"SearchAction\",\"target\":{\"@type\":\"EntryPoint\",\"urlTemplate\":\"https:\/\/blogdoere.com.br\/?s={search_term_string}\"},\"query-input\":\"required name=search_term_string\"}],\"inLanguage\":\"pt-PT\"},{\"@type\":\"Organization\",\"@id\":\"https:\/\/blogdoere.com.br\/#organization\",\"name\":\"Blog do Er\u00ea\",\"url\":\"https:\/\/blogdoere.com.br\/\",\"logo\":{\"@type\":\"ImageObject\",\"inLanguage\":\"pt-PT\",\"@id\":\"https:\/\/blogdoere.com.br\/#\/schema\/logo\/image\/\",\"url\":\"https:\/\/blogdoere.com.br\/wp-content\/uploads\/2021\/11\/Logo-Ere-1.png\",\"contentUrl\":\"https:\/\/blogdoere.com.br\/wp-content\/uploads\/2021\/11\/Logo-Ere-1.png\",\"width\":1261,\"height\":1330,\"caption\":\"Blog do Er\u00ea\"},\"image\":{\"@id\":\"https:\/\/blogdoere.com.br\/#\/schema\/logo\/image\/\"}},{\"@type\":\"Person\",\"@id\":\"https:\/\/blogdoere.com.br\/#\/schema\/person\/4b56ed2336cb28ae3415ce8ffe56742e\",\"name\":\"Ere\",\"image\":{\"@type\":\"ImageObject\",\"inLanguage\":\"pt-PT\",\"@id\":\"https:\/\/blogdoere.com.br\/#\/schema\/person\/image\/\",\"url\":\"https:\/\/secure.gravatar.com\/avatar\/?s=96&d=mm&r=g\",\"contentUrl\":\"https:\/\/secure.gravatar.com\/avatar\/?s=96&d=mm&r=g\",\"caption\":\"Ere\"}}]}<\/script>\n<!-- \/ Yoast SEO plugin. -->","yoast_head_json":{"title":"L\u00cdDICE DESTINA MAIS DE R$ 3.5 MILH\u00d5ES PARA COMBATE AO CORONAV\u00cdRUS. - blog do er\u00ea","robots":{"index":"index","follow":"follow","max-snippet":"max-snippet:-1","max-image-preview":"max-image-preview:large","max-video-preview":"max-video-preview:-1"},"canonical":"https:\/\/blogdoere.com.br\/?p=26003","og_locale":"pt_PT","og_type":"article","og_title":"L\u00cdDICE DESTINA MAIS DE R$ 3.5 MILH\u00d5ES PARA COMBATE AO CORONAV\u00cdRUS. - blog do er\u00ea","og_description":"Em of\u00edcio encaminhado ter\u00e7a-feira(24\/03) ao coordenador da bancada da Bahia, deputado federal Daniel Almeida (PCdoB-BA), a deputada L\u00eddice da Mata solicitou o remanejamento do valor total de sua cota parlamentar...","og_url":"https:\/\/blogdoere.com.br\/?p=26003","og_site_name":"blog do er\u00ea","article_published_time":"2020-03-28T01:15:00+00:00","article_modified_time":"2021-11-11T17:45:22+00:00","og_image":[{"width":320,"height":214,"url":"https:\/\/blogdoere.com.br\/wp-content\/uploads\/2020\/03\/WhatsApp-Image-2020-03-26-at-15.11.10.jpeg","type":"image\/jpeg"}],"author":"Ere","twitter_card":"summary_large_image","twitter_misc":{"Escrito por":"Ere","Tempo estimado de leitura":"1 minuto"},"schema":{"@context":"https:\/\/schema.org","@graph":[{"@type":"Article","@id":"https:\/\/blogdoere.com.br\/?p=26003#article","isPartOf":{"@id":"https:\/\/blogdoere.com.br\/?p=26003"},"author":{"name":"Ere","@id":"https:\/\/blogdoere.com.br\/#\/schema\/person\/4b56ed2336cb28ae3415ce8ffe56742e"},"headline":"L\u00cdDICE DESTINA MAIS DE R$ 3.5 MILH\u00d5ES PARA COMBATE AO CORONAV\u00cdRUS.","datePublished":"2020-03-28T01:15:00+00:00","dateModified":"2021-11-11T17:45:22+00:00","mainEntityOfPage":{"@id":"https:\/\/blogdoere.com.br\/?p=26003"},"wordCount":169,"commentCount":0,"publisher":{"@id":"https:\/\/blogdoere.com.br\/#organization"},"articleSection":["Destaques"],"inLanguage":"pt-PT","potentialAction":[{"@type":"CommentAction","name":"Comment","target":["https:\/\/blogdoere.com.br\/?p=26003#respond"]}]},{"@type":"WebPage","@id":"https:\/\/blogdoere.com.br\/?p=26003","url":"https:\/\/blogdoere.com.br\/?p=26003","name":"L\u00cdDICE DESTINA MAIS DE R$ 3.5 MILH\u00d5ES PARA COMBATE AO CORONAV\u00cdRUS. - blog do er\u00ea","isPartOf":{"@id":"https:\/\/blogdoere.com.br\/#website"},"datePublished":"2020-03-28T01:15:00+00:00","dateModified":"2021-11-11T17:45:22+00:00","breadcrumb":{"@id":"https:\/\/blogdoere.com.br\/?p=26003#breadcrumb"},"inLanguage":"pt-PT","potentialAction":[{"@type":"ReadAction","target":["https:\/\/blogdoere.com.br\/?p=26003"]}]},{"@type":"BreadcrumbList","@id":"https:\/\/blogdoere.com.br\/?p=26003#breadcrumb","itemListElement":[{"@type":"ListItem","position":1,"name":"In\u00edcio","item":"https:\/\/blogdoere.com.br\/"},{"@type":"ListItem","position":2,"name":"L\u00cdDICE DESTINA MAIS DE R$ 3.5 MILH\u00d5ES PARA COMBATE AO CORONAV\u00cdRUS."}]},{"@type":"WebSite","@id":"https:\/\/blogdoere.com.br\/#website","url":"https:\/\/blogdoere.com.br\/","name":"blog do er\u00ea","description":"","publisher":{"@id":"https:\/\/blogdoere.com.br\/#organization"},"potentialAction":[{"@type":"SearchAction","target":{"@type":"EntryPoint","urlTemplate":"https:\/\/blogdoere.com.br\/?s={search_term_string}"},"query-input":"required name=search_term_string"}],"inLanguage":"pt-PT"},{"@type":"Organization","@id":"https:\/\/blogdoere.com.br\/#organization","name":"Blog do Er\u00ea","url":"https:\/\/blogdoere.com.br\/","logo":{"@type":"ImageObject","inLanguage":"pt-PT","@id":"https:\/\/blogdoere.com.br\/#\/schema\/logo\/image\/","url":"https:\/\/blogdoere.com.br\/wp-content\/uploads\/2021\/11\/Logo-Ere-1.png","contentUrl":"https:\/\/blogdoere.com.br\/wp-content\/uploads\/2021\/11\/Logo-Ere-1.png","width":1261,"height":1330,"caption":"Blog do Er\u00ea"},"image":{"@id":"https:\/\/blogdoere.com.br\/#\/schema\/logo\/image\/"}},{"@type":"Person","@id":"https:\/\/blogdoere.com.br\/#\/schema\/person\/4b56ed2336cb28ae3415ce8ffe56742e","name":"Ere","image":{"@type":"ImageObject","inLanguage":"pt-PT","@id":"https:\/\/blogdoere.com.br\/#\/schema\/person\/image\/","url":"https:\/\/secure.gravatar.com\/avatar\/?s=96&d=mm&r=g","contentUrl":"https:\/\/secure.gravatar.com\/avatar\/?s=96&d=mm&r=g","caption":"Ere"}}]}},"featured_image_urls":{"full":["https:\/\/blogdoere.com.br\/wp-content\/uploads\/2020\/03\/WhatsApp-Image-2020-03-26-at-15.11.10.jpeg",320,214,false],"thumbnail":["https:\/\/blogdoere.com.br\/wp-content\/uploads\/2020\/03\/WhatsApp-Image-2020-03-26-at-15.11.10-150x150.jpeg",150,150,true],"medium":["https:\/\/blogdoere.com.br\/wp-content\/uploads\/2020\/03\/WhatsApp-Image-2020-03-26-at-15.11.10-300x201.jpeg",300,201,true],"medium_large":["https:\/\/blogdoere.com.br\/wp-content\/uploads\/2020\/03\/WhatsApp-Image-2020-03-26-at-15.11.10.jpeg",320,214,false],"large":["https:\/\/blogdoere.com.br\/wp-content\/uploads\/2020\/03\/WhatsApp-Image-2020-03-26-at-15.11.10.jpeg",320,214,false],"1536x1536":["https:\/\/blogdoere.com.br\/wp-content\/uploads\/2020\/03\/WhatsApp-Image-2020-03-26-at-15.11.10.jpeg",320,214,false],"2048x2048":["https:\/\/blogdoere.com.br\/wp-content\/uploads\/2020\/03\/WhatsApp-Image-2020-03-26-at-15.11.10.jpeg",320,214,false]},"author_info":{"display_name":"Ere","author_link":"https:\/\/blogdoere.com.br\/?author=2"},"category_info":"<a href=\"https:\/\/blogdoere.com.br\/?cat=1\" rel=\"category\">Destaques<\/a>","tag_info":"Destaques","comment_count":"0","_links":{"self":[{"href":"https:\/\/blogdoere.com.br\/index.php?rest_route=\/wp\/v2\/posts\/26003","targetHints":{"allow":["GET"]}}],"collection":[{"href":"https:\/\/blogdoere.com.br\/index.php?rest_route=\/wp\/v2\/posts"}],"about":[{"href":"https:\/\/blogdoere.com.br\/index.php?rest_route=\/wp\/v2\/types\/post"}],"author":[{"embeddable":true,"href":"https:\/\/blogdoere.com.br\/index.php?rest_route=\/wp\/v2\/users\/2"}],"replies":[{"embeddable":true,"href":"https:\/\/blogdoere.com.br\/index.php?rest_route=%2Fwp%2Fv2%2Fcomments&post=26003"}],"version-history":[{"count":1,"href":"https:\/\/blogdoere.com.br\/index.php?rest_route=\/wp\/v2\/posts\/26003\/revisions"}],"predecessor-version":[{"id":27308,"href":"https:\/\/blogdoere.com.br\/index.php?rest_route=\/wp\/v2\/posts\/26003\/revisions\/27308"}],"wp:featuredmedia":[{"embeddable":true,"href":"https:\/\/blogdoere.com.br\/index.php?rest_route=\/wp\/v2\/media\/27307"}],"wp:attachment":[{"href":"https:\/\/blogdoere.com.br\/index.php?rest_route=%2Fwp%2Fv2%2Fmedia&parent=26003"}],"wp:term":[{"taxonomy":"category","embeddable":true,"href":"https:\/\/blogdoere.com.br\/index.php?rest_route=%2Fwp%2Fv2%2Fcategories&post=26003"},{"taxonomy":"post_tag","embeddable":true,"href":"https:\/\/blogdoere.com.br\/index.php?rest_route=%2Fwp%2Fv2%2Ftags&post=26003"}],"curies":[{"name":"wp","href":"https:\/\/api.w.org\/{rel}","templated":true}]}}