{"id":26006,"date":"2020-03-01T12:17:00","date_gmt":"2020-03-01T12:17:00","guid":{"rendered":"http:\/\/blogdoere.com.br\/?p=26006"},"modified":"2021-11-11T17:48:01","modified_gmt":"2021-11-11T17:48:01","slug":"itajuipe-por-ora-seja-bem-vinda-caline","status":"publish","type":"post","link":"https:\/\/blogdoere.com.br\/?p=26006","title":{"rendered":"ITAJU\u00cdPE: POR ORA, SEJA BEM-VINDA, CALINE."},"content":{"rendered":"<div style=\"clear: both; text-align: center;\"><a style=\"margin-left: 1em; margin-right: 1em;\" href=\"https:\/\/1.bp.blogspot.com\/-TUqbSk6GznE\/Xlunv86SFhI\/AAAAAAAAHRM\/FrTIY7tfkY0x6C-rZjnsO_ynCGemrC60ACLcBGAsYHQ\/s1600\/FOTO_20200228_215814.jpg\"><img decoding=\"async\" src=\"https:\/\/1.bp.blogspot.com\/-TUqbSk6GznE\/Xlunv86SFhI\/AAAAAAAAHRM\/FrTIY7tfkY0x6C-rZjnsO_ynCGemrC60ACLcBGAsYHQ\/s320\/FOTO_20200228_215814.jpg\" width=\"320\" height=\"178\" border=\"0\" data-original-height=\"475\" data-original-width=\"851\" \/><\/a><\/div>\n<div dir=\"ltr\" style=\"line-height: 1.7999999999999998; margin-bottom: 0pt; margin-top: 0pt; text-align: justify;\"><\/div>\n<div dir=\"ltr\" style=\"line-height: 1.7999999999999998; margin-bottom: 0pt; margin-top: 0pt; text-align: justify;\"><span style=\"font-family: 'arial'; font-size: 12pt; vertical-align: baseline; white-space: pre-wrap;\">Itaju\u00edpe continua pelo mesmo caminho\u00a0 no trato com a coisa p\u00fablica. Administrar o p\u00fablico n\u00e3o \u00e9 conduzir uma empresa privada, n\u00e3o \u00e9, e n\u00e3o \u00e9 assim que deve ser.\u00a0 O p\u00fablico \u00e9 da conta de toda a popula\u00e7\u00e3o. N\u00e3o deve existir falta de clareza!\u00a0<\/span><\/div>\n<div dir=\"ltr\" style=\"line-height: 1.7999999999999998; margin-bottom: 0pt; margin-top: 0pt; text-align: justify;\"><span style=\"font-family: 'arial'; font-size: 12pt; vertical-align: baseline; white-space: pre-wrap;\">A popula\u00e7\u00e3o itajuipense j\u00e1 pagou e, vem pagando o pre\u00e7o com projetos gestados sem transpar\u00eancia \u2013 nos princ\u00edpios da \u201cvelha pol\u00edtica&#8221; onde nos dias atuais requer t\u00e9cnica e profissionalismo. Digo isso, ap\u00f3s ver a foto populista do prefeito Marcone e vereadores &#8217;empencados&#8217; \u00a0 para anunciar a chegada de um empreendimento t\u00e3o importante para o munic\u00edpio (\u00e9 preciso amadurecer como gestores e legisladores). Sinceramente esperava uma audi\u00eancia p\u00fablica, no m\u00ednimo, uma coletiva de imprensa com os investidores e prefeito dando informa\u00e7\u00f5es \u00e0 sociedade.\u00a0 A popula\u00e7\u00e3o precisa saber de fato o que vem pela frente, saber se o projeto \u00e9 sustent\u00e1vel, futurista principalmente os mais jovens que buscam o primeiro emprego.<\/span><\/div>\n<div dir=\"ltr\" style=\"line-height: 1.7999999999999998; margin-bottom: 0pt; margin-top: 0pt; text-align: justify;\"><span style=\"font-family: 'arial'; font-size: 12pt; vertical-align: baseline; white-space: pre-wrap;\">A princ\u00edpio esse investimento privado que promete destravar a &#8216;fantasma f\u00e1brica de chocolate&#8217; \u00e9 importante, \u2013 muito importante para o munic\u00edpio e regi\u00e3o. Mas, todo ato que envolve recursos p\u00fablicos o povo deve tomar conhecimento para avaliar sua dimens\u00e3o, impacto e n\u00e3o ser golpeado como fomos por muitos anos com a ilus\u00e3o da &#8216;f\u00e1brica de chocolate&#8217; do prefeito Marcos Dantas. Acredito que esse projeto do empreendimento Caline deve \u00a0 provocar um impacto social positivo e comportamental dos produtores. Na sua maioria, descapitalizados devido \u00e0 crise do cacau. Esse empreendimento privado que tem a contrapartida do munic\u00edpio em cess\u00e3o do espa\u00e7o p\u00fablico e possivelmente isen\u00e7\u00e3o fiscal, al\u00e9m de gerar empregos ser\u00e1 uma porta de entrada para um modelo vision\u00e1rio de desenvolvimento, da\u00ed deve amenizar a crise causada pela falta de vis\u00e3o, na ocasi\u00e3o, dos produtores com a chegada da famigerada vassoura-de-bruxa no in\u00edcio da d\u00e9cada de 1990. \u00a0 Estamos vendo uma luz no fim do t\u00fanel para os produtores que j\u00e1 n\u00e3o aguentam mais gritar no deserto por falta de pol\u00edticas p\u00fablicas nos tr\u00eas n\u00edveis de governos municipal, estadual e federal. A nossa regi\u00e3o tem jeito, o problema \u00e9 t\u00e9cnico e pol\u00edtico. Outro dia disse num evento: nossa regi\u00e3o precisa de prefeitos, gestores capazes de mobiliza\u00e7\u00e3o. N\u00e3o acredito em prefeito administrador t\u00e3o somente de FPM e ICMS como tem sido. Embora seja no \u00faltimo ano do mandato, acho que o prefeito Marcone acordou para a realidade. \u00a0 Como tamb\u00e9m n\u00e3o acredito em lideran\u00e7a pol\u00edtica que n\u00e3o se manifesta porque tem medo de se expor preferindo ficar calada achando que tem a solu\u00e7\u00e3o para os problemas t\u00e9cnico e pol\u00edticos do munic\u00edpio de forma simpl\u00f3ria. Na minha opini\u00e3o, o empreendimento chega atrasado, no entanto, nunca \u00e9 tarde para come\u00e7ar. Quando efetivamente funcionar deve provocar uma demanda na regi\u00e3o pelo cacau. Tenho conversado com produtores desde o tradicional cultivo e m\u00e3o de obra do cacau ao novo modelo de cultivo e manejo. Sabemos que n\u00e3o ser\u00e1 f\u00e1cil, se a f\u00e1brica for comprar s\u00f3 cacau com selo de qualidade. A preocupa\u00e7\u00e3o por hora \u00e9 que nossos produtores na sua maioria absoluta n\u00e3o se enquadra nessa exig\u00eancia.\u00a0 Mas, de tudo, isso n\u00e3o \u00e9 ruim, \u00e9 bom! Na verdade pode ser o in\u00edcio da solu\u00e7\u00e3o da crise. Porque de certa forma vai obrigar os prefeitos sa\u00edrem dos seus gabinetes em busca de mais investimentos para nossa agricultura e principal cultura porque ainda n\u00e3o temos mat\u00e9ria-prima com qualidade o suficiente para ser processada e exportada. No entanto, temos produtores de forma individual produzindo cacau de qualidade mas, ainda n\u00e3o \u00e9 o suficiente. A chegada desse empreendimento, como disse anteriormente, deve oxigenar e obrigar mobiliza\u00e7\u00e3o dos produtores; popula\u00e7\u00e3o e pol\u00edticos. Da\u00ed, deixaremos de ser penalizados primeiro pela in\u00e9rcia dos pol\u00edticos, depois pelas grandes moageiras que compram cacau sem qualidade do continente africano. \u00a0 Surge uma esperan\u00e7a, quem sabe nosso produto volta a ser valorizado. No entanto, vai precisar destravar os produtores que est\u00e3o endividados, qualificar m\u00e3o de obra, principalmente do munic\u00edpio para condi\u00e7\u00f5es do manejo da produ\u00e7\u00e3o do cacau conforme interesse de mercado para exporta\u00e7\u00e3o porque chocolate e produtos com mat\u00e9ria-prima do cacau para o exterior exige selo de qualidade. No caso do chocolate para exporta\u00e7\u00e3o, precisa ter ao menos, 40% de cacau. Mas, s\u00f3 vender a massa, liquor para o exterior n\u00e3o \u00e9 o suficiente, quem sabe num futuro teremos produ\u00e7\u00e3o de chocolate em solo itajuipense para consumo no mercado nacional e internacional. Por ora, seja bem-vinda, Caline.\u00a0<\/span><\/div>\n<div dir=\"ltr\" style=\"line-height: 1.7999999999999998; margin-bottom: 0pt; margin-top: 0pt; text-align: justify;\"><span style=\"font-family: 'arial'; font-size: 12pt; vertical-align: baseline; white-space: pre-wrap;\">Por: Er\u00ea<\/span><\/div>\n<div dir=\"ltr\" style=\"line-height: 1.7999999999999998; margin-bottom: 0pt; margin-top: 0pt; text-align: justify;\"><span style=\"font-family: 'arial'; font-size: 12pt; vertical-align: baseline; white-space: pre-wrap;\">Presidente do PSB.<\/span><\/div>\n<div dir=\"ltr\" style=\"line-height: 1.7999999999999998; margin-bottom: 0pt; margin-top: 0pt; text-align: justify;\"><span style=\"font-family: 'arial'; font-size: 12pt; vertical-align: baseline; white-space: pre-wrap;\">Itaju\u00edpe<\/span><\/div>\n","protected":false},"excerpt":{"rendered":"<p>Itaju\u00edpe continua pelo mesmo caminho\u00a0 no trato com a coisa p\u00fablica. Administrar o p\u00fablico n\u00e3o \u00e9 conduzir uma empresa privada, n\u00e3o \u00e9, e n\u00e3o \u00e9 assim que deve ser.\u00a0 O&#8230;<\/p>\n","protected":false},"author":2,"featured_media":27314,"comment_status":"open","ping_status":"open","sticky":false,"template":"","format":"standard","meta":{"_editorskit_title_hidden":false,"_editorskit_reading_time":0,"_editorskit_is_block_options_detached":false,"_editorskit_block_options_position":"{}","om_disable_all_campaigns":false,"_mi_skip_tracking":false,"_kad_post_transparent":"","_kad_post_title":"","_kad_post_layout":"","_kad_post_sidebar_id":"","_kad_post_content_style":"","_kad_post_vertical_padding":"","_kad_post_feature":"","_kad_post_feature_position":"","_kad_post_header":false,"_kad_post_footer":false,"footnotes":""},"categories":[1],"tags":[],"class_list":["post-26006","post","type-post","status-publish","format-standard","has-post-thumbnail","hentry","category-destaques"],"yoast_head":"<!-- This site is optimized with the Yoast SEO plugin v20.5 - https:\/\/yoast.com\/wordpress\/plugins\/seo\/ -->\n<title>ITAJU\u00cdPE: POR ORA, SEJA BEM-VINDA, CALINE. - blog do er\u00ea<\/title>\n<meta name=\"robots\" content=\"index, follow, max-snippet:-1, max-image-preview:large, max-video-preview:-1\" \/>\n<link rel=\"canonical\" href=\"https:\/\/blogdoere.com.br\/?p=26006\" \/>\n<meta property=\"og:locale\" content=\"pt_PT\" \/>\n<meta property=\"og:type\" content=\"article\" \/>\n<meta property=\"og:title\" content=\"ITAJU\u00cdPE: POR ORA, SEJA BEM-VINDA, CALINE. - blog do er\u00ea\" \/>\n<meta property=\"og:description\" content=\"Itaju\u00edpe continua pelo mesmo caminho\u00a0 no trato com a coisa p\u00fablica. Administrar o p\u00fablico n\u00e3o \u00e9 conduzir uma empresa privada, n\u00e3o \u00e9, e n\u00e3o \u00e9 assim que deve ser.\u00a0 O...\" \/>\n<meta property=\"og:url\" content=\"https:\/\/blogdoere.com.br\/?p=26006\" \/>\n<meta property=\"og:site_name\" content=\"blog do er\u00ea\" \/>\n<meta property=\"article:published_time\" content=\"2020-03-01T12:17:00+00:00\" \/>\n<meta property=\"article:modified_time\" content=\"2021-11-11T17:48:01+00:00\" \/>\n<meta property=\"og:image\" content=\"https:\/\/blogdoere.com.br\/wp-content\/uploads\/2020\/03\/FOTO_20200228_215814.jpg\" \/>\n\t<meta property=\"og:image:width\" content=\"320\" \/>\n\t<meta property=\"og:image:height\" content=\"179\" \/>\n\t<meta property=\"og:image:type\" content=\"image\/jpeg\" \/>\n<meta name=\"author\" content=\"Ere\" \/>\n<meta name=\"twitter:card\" content=\"summary_large_image\" \/>\n<meta name=\"twitter:label1\" content=\"Escrito por\" \/>\n\t<meta name=\"twitter:data1\" content=\"Ere\" \/>\n\t<meta name=\"twitter:label2\" content=\"Tempo estimado de leitura\" \/>\n\t<meta name=\"twitter:data2\" content=\"4 minutos\" \/>\n<script type=\"application\/ld+json\" class=\"yoast-schema-graph\">{\"@context\":\"https:\/\/schema.org\",\"@graph\":[{\"@type\":\"Article\",\"@id\":\"https:\/\/blogdoere.com.br\/?p=26006#article\",\"isPartOf\":{\"@id\":\"https:\/\/blogdoere.com.br\/?p=26006\"},\"author\":{\"name\":\"Ere\",\"@id\":\"https:\/\/blogdoere.com.br\/#\/schema\/person\/4b56ed2336cb28ae3415ce8ffe56742e\"},\"headline\":\"ITAJU\u00cdPE: POR ORA, SEJA BEM-VINDA, CALINE.\",\"datePublished\":\"2020-03-01T12:17:00+00:00\",\"dateModified\":\"2021-11-11T17:48:01+00:00\",\"mainEntityOfPage\":{\"@id\":\"https:\/\/blogdoere.com.br\/?p=26006\"},\"wordCount\":812,\"commentCount\":3,\"publisher\":{\"@id\":\"https:\/\/blogdoere.com.br\/#organization\"},\"articleSection\":[\"Destaques\"],\"inLanguage\":\"pt-PT\",\"potentialAction\":[{\"@type\":\"CommentAction\",\"name\":\"Comment\",\"target\":[\"https:\/\/blogdoere.com.br\/?p=26006#respond\"]}]},{\"@type\":\"WebPage\",\"@id\":\"https:\/\/blogdoere.com.br\/?p=26006\",\"url\":\"https:\/\/blogdoere.com.br\/?p=26006\",\"name\":\"ITAJU\u00cdPE: POR ORA, SEJA BEM-VINDA, CALINE. - blog do er\u00ea\",\"isPartOf\":{\"@id\":\"https:\/\/blogdoere.com.br\/#website\"},\"datePublished\":\"2020-03-01T12:17:00+00:00\",\"dateModified\":\"2021-11-11T17:48:01+00:00\",\"breadcrumb\":{\"@id\":\"https:\/\/blogdoere.com.br\/?p=26006#breadcrumb\"},\"inLanguage\":\"pt-PT\",\"potentialAction\":[{\"@type\":\"ReadAction\",\"target\":[\"https:\/\/blogdoere.com.br\/?p=26006\"]}]},{\"@type\":\"BreadcrumbList\",\"@id\":\"https:\/\/blogdoere.com.br\/?p=26006#breadcrumb\",\"itemListElement\":[{\"@type\":\"ListItem\",\"position\":1,\"name\":\"In\u00edcio\",\"item\":\"https:\/\/blogdoere.com.br\/\"},{\"@type\":\"ListItem\",\"position\":2,\"name\":\"ITAJU\u00cdPE: POR ORA, SEJA BEM-VINDA, CALINE.\"}]},{\"@type\":\"WebSite\",\"@id\":\"https:\/\/blogdoere.com.br\/#website\",\"url\":\"https:\/\/blogdoere.com.br\/\",\"name\":\"blog do er\u00ea\",\"description\":\"\",\"publisher\":{\"@id\":\"https:\/\/blogdoere.com.br\/#organization\"},\"potentialAction\":[{\"@type\":\"SearchAction\",\"target\":{\"@type\":\"EntryPoint\",\"urlTemplate\":\"https:\/\/blogdoere.com.br\/?s={search_term_string}\"},\"query-input\":\"required name=search_term_string\"}],\"inLanguage\":\"pt-PT\"},{\"@type\":\"Organization\",\"@id\":\"https:\/\/blogdoere.com.br\/#organization\",\"name\":\"Blog do Er\u00ea\",\"url\":\"https:\/\/blogdoere.com.br\/\",\"logo\":{\"@type\":\"ImageObject\",\"inLanguage\":\"pt-PT\",\"@id\":\"https:\/\/blogdoere.com.br\/#\/schema\/logo\/image\/\",\"url\":\"https:\/\/blogdoere.com.br\/wp-content\/uploads\/2021\/11\/Logo-Ere-1.png\",\"contentUrl\":\"https:\/\/blogdoere.com.br\/wp-content\/uploads\/2021\/11\/Logo-Ere-1.png\",\"width\":1261,\"height\":1330,\"caption\":\"Blog do Er\u00ea\"},\"image\":{\"@id\":\"https:\/\/blogdoere.com.br\/#\/schema\/logo\/image\/\"}},{\"@type\":\"Person\",\"@id\":\"https:\/\/blogdoere.com.br\/#\/schema\/person\/4b56ed2336cb28ae3415ce8ffe56742e\",\"name\":\"Ere\",\"image\":{\"@type\":\"ImageObject\",\"inLanguage\":\"pt-PT\",\"@id\":\"https:\/\/blogdoere.com.br\/#\/schema\/person\/image\/\",\"url\":\"https:\/\/secure.gravatar.com\/avatar\/?s=96&d=mm&r=g\",\"contentUrl\":\"https:\/\/secure.gravatar.com\/avatar\/?s=96&d=mm&r=g\",\"caption\":\"Ere\"}}]}<\/script>\n<!-- \/ Yoast SEO plugin. -->","yoast_head_json":{"title":"ITAJU\u00cdPE: POR ORA, SEJA BEM-VINDA, CALINE. - blog do er\u00ea","robots":{"index":"index","follow":"follow","max-snippet":"max-snippet:-1","max-image-preview":"max-image-preview:large","max-video-preview":"max-video-preview:-1"},"canonical":"https:\/\/blogdoere.com.br\/?p=26006","og_locale":"pt_PT","og_type":"article","og_title":"ITAJU\u00cdPE: POR ORA, SEJA BEM-VINDA, CALINE. - blog do er\u00ea","og_description":"Itaju\u00edpe continua pelo mesmo caminho\u00a0 no trato com a coisa p\u00fablica. Administrar o p\u00fablico n\u00e3o \u00e9 conduzir uma empresa privada, n\u00e3o \u00e9, e n\u00e3o \u00e9 assim que deve ser.\u00a0 O...","og_url":"https:\/\/blogdoere.com.br\/?p=26006","og_site_name":"blog do er\u00ea","article_published_time":"2020-03-01T12:17:00+00:00","article_modified_time":"2021-11-11T17:48:01+00:00","og_image":[{"width":320,"height":179,"url":"https:\/\/blogdoere.com.br\/wp-content\/uploads\/2020\/03\/FOTO_20200228_215814.jpg","type":"image\/jpeg"}],"author":"Ere","twitter_card":"summary_large_image","twitter_misc":{"Escrito por":"Ere","Tempo estimado de leitura":"4 minutos"},"schema":{"@context":"https:\/\/schema.org","@graph":[{"@type":"Article","@id":"https:\/\/blogdoere.com.br\/?p=26006#article","isPartOf":{"@id":"https:\/\/blogdoere.com.br\/?p=26006"},"author":{"name":"Ere","@id":"https:\/\/blogdoere.com.br\/#\/schema\/person\/4b56ed2336cb28ae3415ce8ffe56742e"},"headline":"ITAJU\u00cdPE: POR ORA, SEJA BEM-VINDA, CALINE.","datePublished":"2020-03-01T12:17:00+00:00","dateModified":"2021-11-11T17:48:01+00:00","mainEntityOfPage":{"@id":"https:\/\/blogdoere.com.br\/?p=26006"},"wordCount":812,"commentCount":3,"publisher":{"@id":"https:\/\/blogdoere.com.br\/#organization"},"articleSection":["Destaques"],"inLanguage":"pt-PT","potentialAction":[{"@type":"CommentAction","name":"Comment","target":["https:\/\/blogdoere.com.br\/?p=26006#respond"]}]},{"@type":"WebPage","@id":"https:\/\/blogdoere.com.br\/?p=26006","url":"https:\/\/blogdoere.com.br\/?p=26006","name":"ITAJU\u00cdPE: POR ORA, SEJA BEM-VINDA, CALINE. - blog do er\u00ea","isPartOf":{"@id":"https:\/\/blogdoere.com.br\/#website"},"datePublished":"2020-03-01T12:17:00+00:00","dateModified":"2021-11-11T17:48:01+00:00","breadcrumb":{"@id":"https:\/\/blogdoere.com.br\/?p=26006#breadcrumb"},"inLanguage":"pt-PT","potentialAction":[{"@type":"ReadAction","target":["https:\/\/blogdoere.com.br\/?p=26006"]}]},{"@type":"BreadcrumbList","@id":"https:\/\/blogdoere.com.br\/?p=26006#breadcrumb","itemListElement":[{"@type":"ListItem","position":1,"name":"In\u00edcio","item":"https:\/\/blogdoere.com.br\/"},{"@type":"ListItem","position":2,"name":"ITAJU\u00cdPE: POR ORA, SEJA BEM-VINDA, CALINE."}]},{"@type":"WebSite","@id":"https:\/\/blogdoere.com.br\/#website","url":"https:\/\/blogdoere.com.br\/","name":"blog do er\u00ea","description":"","publisher":{"@id":"https:\/\/blogdoere.com.br\/#organization"},"potentialAction":[{"@type":"SearchAction","target":{"@type":"EntryPoint","urlTemplate":"https:\/\/blogdoere.com.br\/?s={search_term_string}"},"query-input":"required name=search_term_string"}],"inLanguage":"pt-PT"},{"@type":"Organization","@id":"https:\/\/blogdoere.com.br\/#organization","name":"Blog do Er\u00ea","url":"https:\/\/blogdoere.com.br\/","logo":{"@type":"ImageObject","inLanguage":"pt-PT","@id":"https:\/\/blogdoere.com.br\/#\/schema\/logo\/image\/","url":"https:\/\/blogdoere.com.br\/wp-content\/uploads\/2021\/11\/Logo-Ere-1.png","contentUrl":"https:\/\/blogdoere.com.br\/wp-content\/uploads\/2021\/11\/Logo-Ere-1.png","width":1261,"height":1330,"caption":"Blog do Er\u00ea"},"image":{"@id":"https:\/\/blogdoere.com.br\/#\/schema\/logo\/image\/"}},{"@type":"Person","@id":"https:\/\/blogdoere.com.br\/#\/schema\/person\/4b56ed2336cb28ae3415ce8ffe56742e","name":"Ere","image":{"@type":"ImageObject","inLanguage":"pt-PT","@id":"https:\/\/blogdoere.com.br\/#\/schema\/person\/image\/","url":"https:\/\/secure.gravatar.com\/avatar\/?s=96&d=mm&r=g","contentUrl":"https:\/\/secure.gravatar.com\/avatar\/?s=96&d=mm&r=g","caption":"Ere"}}]}},"featured_image_urls":{"full":["https:\/\/blogdoere.com.br\/wp-content\/uploads\/2020\/03\/FOTO_20200228_215814.jpg",320,179,false],"thumbnail":["https:\/\/blogdoere.com.br\/wp-content\/uploads\/2020\/03\/FOTO_20200228_215814-150x150.jpg",150,150,true],"medium":["https:\/\/blogdoere.com.br\/wp-content\/uploads\/2020\/03\/FOTO_20200228_215814-300x168.jpg",300,168,true],"medium_large":["https:\/\/blogdoere.com.br\/wp-content\/uploads\/2020\/03\/FOTO_20200228_215814.jpg",320,179,false],"large":["https:\/\/blogdoere.com.br\/wp-content\/uploads\/2020\/03\/FOTO_20200228_215814.jpg",320,179,false],"1536x1536":["https:\/\/blogdoere.com.br\/wp-content\/uploads\/2020\/03\/FOTO_20200228_215814.jpg",320,179,false],"2048x2048":["https:\/\/blogdoere.com.br\/wp-content\/uploads\/2020\/03\/FOTO_20200228_215814.jpg",320,179,false]},"author_info":{"display_name":"Ere","author_link":"https:\/\/blogdoere.com.br\/?author=2"},"category_info":"<a href=\"https:\/\/blogdoere.com.br\/?cat=1\" rel=\"category\">Destaques<\/a>","tag_info":"Destaques","comment_count":"3","_links":{"self":[{"href":"https:\/\/blogdoere.com.br\/index.php?rest_route=\/wp\/v2\/posts\/26006","targetHints":{"allow":["GET"]}}],"collection":[{"href":"https:\/\/blogdoere.com.br\/index.php?rest_route=\/wp\/v2\/posts"}],"about":[{"href":"https:\/\/blogdoere.com.br\/index.php?rest_route=\/wp\/v2\/types\/post"}],"author":[{"embeddable":true,"href":"https:\/\/blogdoere.com.br\/index.php?rest_route=\/wp\/v2\/users\/2"}],"replies":[{"embeddable":true,"href":"https:\/\/blogdoere.com.br\/index.php?rest_route=%2Fwp%2Fv2%2Fcomments&post=26006"}],"version-history":[{"count":1,"href":"https:\/\/blogdoere.com.br\/index.php?rest_route=\/wp\/v2\/posts\/26006\/revisions"}],"predecessor-version":[{"id":27315,"href":"https:\/\/blogdoere.com.br\/index.php?rest_route=\/wp\/v2\/posts\/26006\/revisions\/27315"}],"wp:featuredmedia":[{"embeddable":true,"href":"https:\/\/blogdoere.com.br\/index.php?rest_route=\/wp\/v2\/media\/27314"}],"wp:attachment":[{"href":"https:\/\/blogdoere.com.br\/index.php?rest_route=%2Fwp%2Fv2%2Fmedia&parent=26006"}],"wp:term":[{"taxonomy":"category","embeddable":true,"href":"https:\/\/blogdoere.com.br\/index.php?rest_route=%2Fwp%2Fv2%2Fcategories&post=26006"},{"taxonomy":"post_tag","embeddable":true,"href":"https:\/\/blogdoere.com.br\/index.php?rest_route=%2Fwp%2Fv2%2Ftags&post=26006"}],"curies":[{"name":"wp","href":"https:\/\/api.w.org\/{rel}","templated":true}]}}