{"id":26009,"date":"2020-02-11T17:02:00","date_gmt":"2020-02-11T17:02:00","guid":{"rendered":"http:\/\/blogdoere.com.br\/?p=26009"},"modified":"2021-11-11T17:49:17","modified_gmt":"2021-11-11T17:49:17","slug":"itajuipe-tcm-deve-julgar-amanha-as-contas-do-prefeito-marcone","status":"publish","type":"post","link":"https:\/\/blogdoere.com.br\/?p=26009","title":{"rendered":"ITAJU\u00cdPE: TCM DEVE JULGAR AMANH\u00c3 AS CONTAS DO PREFEITO MARCONE."},"content":{"rendered":"<div style=\"clear: both; text-align: center;\"><a style=\"margin-left: 1em; margin-right: 1em;\" href=\"https:\/\/1.bp.blogspot.com\/-9qw7bt2LVFI\/XkLbSt-O3NI\/AAAAAAAAHQI\/nlBgWUMTuiUGrkp02H4wtl1EY8g94TVuQCLcBGAsYHQ\/s1600\/marcone-amaral.png\"><img decoding=\"async\" src=\"https:\/\/1.bp.blogspot.com\/-9qw7bt2LVFI\/XkLbSt-O3NI\/AAAAAAAAHQI\/nlBgWUMTuiUGrkp02H4wtl1EY8g94TVuQCLcBGAsYHQ\/s320\/marcone-amaral.png\" width=\"320\" height=\"180\" border=\"0\" data-original-height=\"450\" data-original-width=\"800\" \/><\/a><\/div>\n<div dir=\"ltr\" style=\"line-height: 1.8; margin-bottom: 0pt; margin-top: 0pt; text-align: justify;\"><span style=\"font-family: 'arial'; font-size: 12pt; vertical-align: baseline; white-space: pre-wrap;\">Se n\u00e3o sair de pauta mais uma vez, o TCM\/BA (Tribunal de Contas dos Munic\u00edpios do\u00a0 Estado da Bahia) deve julgar amanh\u00e3(12\/02), durante a 5\u00b0 Sess\u00e3o Ordin\u00e1ria, as contas referente ao exerc\u00edcio 2018, do munic\u00edpio de Itajuipe, de responsabilidade do prefeito Marcone Amaral CostaJ\u00fanior (PSD). As contas do chefe do Executivo itajuipense tem como relator o conselheiro Raimundo Moreira. No \u00faltimo dia 05\/02, durante a 2\u00b0 Sess\u00e3o Ordin\u00e1ria, quando o alcaide se encontrava na capital do estado, as contas foram tiradas de pauta.<\/span><\/div>\n<div dir=\"ltr\" style=\"line-height: 1.8; margin-bottom: 0pt; margin-top: 0pt; text-align: justify;\"><span style=\"font-family: 'arial'; font-size: 12pt; vertical-align: baseline; white-space: pre-wrap;\">CONTAS 2017<\/span><\/div>\n<div dir=\"ltr\" style=\"line-height: 1.8; margin-bottom: 0pt; margin-top: 0pt; text-align: justify;\"><span style=\"font-family: 'arial'; font-size: 12pt; vertical-align: baseline; white-space: pre-wrap;\">As contas referente ao exerc\u00edcio financeiro de 2017, de responsabilidade do gestor, foram aprovadas, no entanto, com ressalvas \u2013 foi condenado a ressarcir os cofres p\u00fablicos devido multas\u00a0 de R$ 66 mil reais por desobedi\u00eancia a Lei de Responsabilidade Fiscal (LRF101\/00).\u00a0<\/span><\/div>\n","protected":false},"excerpt":{"rendered":"<p>Se n\u00e3o sair de pauta mais uma vez, o TCM\/BA (Tribunal de Contas dos Munic\u00edpios do\u00a0 Estado da Bahia) deve julgar amanh\u00e3(12\/02), durante a 5\u00b0 Sess\u00e3o Ordin\u00e1ria, as contas referente&#8230;<\/p>\n","protected":false},"author":2,"featured_media":27321,"comment_status":"open","ping_status":"open","sticky":false,"template":"","format":"standard","meta":{"_editorskit_title_hidden":false,"_editorskit_reading_time":0,"_editorskit_is_block_options_detached":false,"_editorskit_block_options_position":"{}","om_disable_all_campaigns":false,"_mi_skip_tracking":false,"_kad_post_transparent":"","_kad_post_title":"","_kad_post_layout":"","_kad_post_sidebar_id":"","_kad_post_content_style":"","_kad_post_vertical_padding":"","_kad_post_feature":"","_kad_post_feature_position":"","_kad_post_header":false,"_kad_post_footer":false,"footnotes":""},"categories":[1],"tags":[],"class_list":["post-26009","post","type-post","status-publish","format-standard","has-post-thumbnail","hentry","category-destaques"],"yoast_head":"<!-- This site is optimized with the Yoast SEO plugin v20.5 - https:\/\/yoast.com\/wordpress\/plugins\/seo\/ -->\n<title>ITAJU\u00cdPE: TCM DEVE JULGAR AMANH\u00c3 AS CONTAS DO PREFEITO MARCONE. - blog do er\u00ea<\/title>\n<meta name=\"robots\" content=\"index, follow, max-snippet:-1, max-image-preview:large, max-video-preview:-1\" \/>\n<link rel=\"canonical\" href=\"https:\/\/blogdoere.com.br\/?p=26009\" \/>\n<meta property=\"og:locale\" content=\"pt_PT\" \/>\n<meta property=\"og:type\" content=\"article\" \/>\n<meta property=\"og:title\" content=\"ITAJU\u00cdPE: TCM DEVE JULGAR AMANH\u00c3 AS CONTAS DO PREFEITO MARCONE. - blog do er\u00ea\" \/>\n<meta property=\"og:description\" content=\"Se n\u00e3o sair de pauta mais uma vez, o TCM\/BA (Tribunal de Contas dos Munic\u00edpios do\u00a0 Estado da Bahia) deve julgar amanh\u00e3(12\/02), durante a 5\u00b0 Sess\u00e3o Ordin\u00e1ria, as contas referente...\" \/>\n<meta property=\"og:url\" content=\"https:\/\/blogdoere.com.br\/?p=26009\" \/>\n<meta property=\"og:site_name\" content=\"blog do er\u00ea\" \/>\n<meta property=\"article:published_time\" content=\"2020-02-11T17:02:00+00:00\" \/>\n<meta property=\"article:modified_time\" content=\"2021-11-11T17:49:17+00:00\" \/>\n<meta property=\"og:image\" content=\"https:\/\/blogdoere.com.br\/wp-content\/uploads\/2020\/02\/marcone-amaral.png\" \/>\n\t<meta property=\"og:image:width\" content=\"320\" \/>\n\t<meta property=\"og:image:height\" content=\"180\" \/>\n\t<meta property=\"og:image:type\" content=\"image\/png\" \/>\n<meta name=\"author\" content=\"Ere\" \/>\n<meta name=\"twitter:card\" content=\"summary_large_image\" \/>\n<meta name=\"twitter:label1\" content=\"Escrito por\" \/>\n\t<meta name=\"twitter:data1\" content=\"Ere\" \/>\n\t<meta name=\"twitter:label2\" content=\"Tempo estimado de leitura\" \/>\n\t<meta name=\"twitter:data2\" content=\"1 minuto\" \/>\n<script type=\"application\/ld+json\" class=\"yoast-schema-graph\">{\"@context\":\"https:\/\/schema.org\",\"@graph\":[{\"@type\":\"Article\",\"@id\":\"https:\/\/blogdoere.com.br\/?p=26009#article\",\"isPartOf\":{\"@id\":\"https:\/\/blogdoere.com.br\/?p=26009\"},\"author\":{\"name\":\"Ere\",\"@id\":\"https:\/\/blogdoere.com.br\/#\/schema\/person\/4b56ed2336cb28ae3415ce8ffe56742e\"},\"headline\":\"ITAJU\u00cdPE: TCM DEVE JULGAR AMANH\u00c3 AS CONTAS DO PREFEITO MARCONE.\",\"datePublished\":\"2020-02-11T17:02:00+00:00\",\"dateModified\":\"2021-11-11T17:49:17+00:00\",\"mainEntityOfPage\":{\"@id\":\"https:\/\/blogdoere.com.br\/?p=26009\"},\"wordCount\":142,\"commentCount\":0,\"publisher\":{\"@id\":\"https:\/\/blogdoere.com.br\/#organization\"},\"articleSection\":[\"Destaques\"],\"inLanguage\":\"pt-PT\",\"potentialAction\":[{\"@type\":\"CommentAction\",\"name\":\"Comment\",\"target\":[\"https:\/\/blogdoere.com.br\/?p=26009#respond\"]}]},{\"@type\":\"WebPage\",\"@id\":\"https:\/\/blogdoere.com.br\/?p=26009\",\"url\":\"https:\/\/blogdoere.com.br\/?p=26009\",\"name\":\"ITAJU\u00cdPE: TCM DEVE JULGAR AMANH\u00c3 AS CONTAS DO PREFEITO MARCONE. - blog do er\u00ea\",\"isPartOf\":{\"@id\":\"https:\/\/blogdoere.com.br\/#website\"},\"datePublished\":\"2020-02-11T17:02:00+00:00\",\"dateModified\":\"2021-11-11T17:49:17+00:00\",\"breadcrumb\":{\"@id\":\"https:\/\/blogdoere.com.br\/?p=26009#breadcrumb\"},\"inLanguage\":\"pt-PT\",\"potentialAction\":[{\"@type\":\"ReadAction\",\"target\":[\"https:\/\/blogdoere.com.br\/?p=26009\"]}]},{\"@type\":\"BreadcrumbList\",\"@id\":\"https:\/\/blogdoere.com.br\/?p=26009#breadcrumb\",\"itemListElement\":[{\"@type\":\"ListItem\",\"position\":1,\"name\":\"In\u00edcio\",\"item\":\"https:\/\/blogdoere.com.br\/\"},{\"@type\":\"ListItem\",\"position\":2,\"name\":\"ITAJU\u00cdPE: TCM DEVE JULGAR AMANH\u00c3 AS CONTAS DO PREFEITO MARCONE.\"}]},{\"@type\":\"WebSite\",\"@id\":\"https:\/\/blogdoere.com.br\/#website\",\"url\":\"https:\/\/blogdoere.com.br\/\",\"name\":\"blog do er\u00ea\",\"description\":\"\",\"publisher\":{\"@id\":\"https:\/\/blogdoere.com.br\/#organization\"},\"potentialAction\":[{\"@type\":\"SearchAction\",\"target\":{\"@type\":\"EntryPoint\",\"urlTemplate\":\"https:\/\/blogdoere.com.br\/?s={search_term_string}\"},\"query-input\":\"required name=search_term_string\"}],\"inLanguage\":\"pt-PT\"},{\"@type\":\"Organization\",\"@id\":\"https:\/\/blogdoere.com.br\/#organization\",\"name\":\"Blog do Er\u00ea\",\"url\":\"https:\/\/blogdoere.com.br\/\",\"logo\":{\"@type\":\"ImageObject\",\"inLanguage\":\"pt-PT\",\"@id\":\"https:\/\/blogdoere.com.br\/#\/schema\/logo\/image\/\",\"url\":\"https:\/\/blogdoere.com.br\/wp-content\/uploads\/2021\/11\/Logo-Ere-1.png\",\"contentUrl\":\"https:\/\/blogdoere.com.br\/wp-content\/uploads\/2021\/11\/Logo-Ere-1.png\",\"width\":1261,\"height\":1330,\"caption\":\"Blog do Er\u00ea\"},\"image\":{\"@id\":\"https:\/\/blogdoere.com.br\/#\/schema\/logo\/image\/\"}},{\"@type\":\"Person\",\"@id\":\"https:\/\/blogdoere.com.br\/#\/schema\/person\/4b56ed2336cb28ae3415ce8ffe56742e\",\"name\":\"Ere\",\"image\":{\"@type\":\"ImageObject\",\"inLanguage\":\"pt-PT\",\"@id\":\"https:\/\/blogdoere.com.br\/#\/schema\/person\/image\/\",\"url\":\"https:\/\/secure.gravatar.com\/avatar\/?s=96&d=mm&r=g\",\"contentUrl\":\"https:\/\/secure.gravatar.com\/avatar\/?s=96&d=mm&r=g\",\"caption\":\"Ere\"}}]}<\/script>\n<!-- \/ Yoast SEO plugin. -->","yoast_head_json":{"title":"ITAJU\u00cdPE: TCM DEVE JULGAR AMANH\u00c3 AS CONTAS DO PREFEITO MARCONE. - blog do er\u00ea","robots":{"index":"index","follow":"follow","max-snippet":"max-snippet:-1","max-image-preview":"max-image-preview:large","max-video-preview":"max-video-preview:-1"},"canonical":"https:\/\/blogdoere.com.br\/?p=26009","og_locale":"pt_PT","og_type":"article","og_title":"ITAJU\u00cdPE: TCM DEVE JULGAR AMANH\u00c3 AS CONTAS DO PREFEITO MARCONE. - blog do er\u00ea","og_description":"Se n\u00e3o sair de pauta mais uma vez, o TCM\/BA (Tribunal de Contas dos Munic\u00edpios do\u00a0 Estado da Bahia) deve julgar amanh\u00e3(12\/02), durante a 5\u00b0 Sess\u00e3o Ordin\u00e1ria, as contas referente...","og_url":"https:\/\/blogdoere.com.br\/?p=26009","og_site_name":"blog do er\u00ea","article_published_time":"2020-02-11T17:02:00+00:00","article_modified_time":"2021-11-11T17:49:17+00:00","og_image":[{"width":320,"height":180,"url":"https:\/\/blogdoere.com.br\/wp-content\/uploads\/2020\/02\/marcone-amaral.png","type":"image\/png"}],"author":"Ere","twitter_card":"summary_large_image","twitter_misc":{"Escrito por":"Ere","Tempo estimado de leitura":"1 minuto"},"schema":{"@context":"https:\/\/schema.org","@graph":[{"@type":"Article","@id":"https:\/\/blogdoere.com.br\/?p=26009#article","isPartOf":{"@id":"https:\/\/blogdoere.com.br\/?p=26009"},"author":{"name":"Ere","@id":"https:\/\/blogdoere.com.br\/#\/schema\/person\/4b56ed2336cb28ae3415ce8ffe56742e"},"headline":"ITAJU\u00cdPE: TCM DEVE JULGAR AMANH\u00c3 AS CONTAS DO PREFEITO MARCONE.","datePublished":"2020-02-11T17:02:00+00:00","dateModified":"2021-11-11T17:49:17+00:00","mainEntityOfPage":{"@id":"https:\/\/blogdoere.com.br\/?p=26009"},"wordCount":142,"commentCount":0,"publisher":{"@id":"https:\/\/blogdoere.com.br\/#organization"},"articleSection":["Destaques"],"inLanguage":"pt-PT","potentialAction":[{"@type":"CommentAction","name":"Comment","target":["https:\/\/blogdoere.com.br\/?p=26009#respond"]}]},{"@type":"WebPage","@id":"https:\/\/blogdoere.com.br\/?p=26009","url":"https:\/\/blogdoere.com.br\/?p=26009","name":"ITAJU\u00cdPE: TCM DEVE JULGAR AMANH\u00c3 AS CONTAS DO PREFEITO MARCONE. - blog do er\u00ea","isPartOf":{"@id":"https:\/\/blogdoere.com.br\/#website"},"datePublished":"2020-02-11T17:02:00+00:00","dateModified":"2021-11-11T17:49:17+00:00","breadcrumb":{"@id":"https:\/\/blogdoere.com.br\/?p=26009#breadcrumb"},"inLanguage":"pt-PT","potentialAction":[{"@type":"ReadAction","target":["https:\/\/blogdoere.com.br\/?p=26009"]}]},{"@type":"BreadcrumbList","@id":"https:\/\/blogdoere.com.br\/?p=26009#breadcrumb","itemListElement":[{"@type":"ListItem","position":1,"name":"In\u00edcio","item":"https:\/\/blogdoere.com.br\/"},{"@type":"ListItem","position":2,"name":"ITAJU\u00cdPE: TCM DEVE JULGAR AMANH\u00c3 AS CONTAS DO PREFEITO MARCONE."}]},{"@type":"WebSite","@id":"https:\/\/blogdoere.com.br\/#website","url":"https:\/\/blogdoere.com.br\/","name":"blog do er\u00ea","description":"","publisher":{"@id":"https:\/\/blogdoere.com.br\/#organization"},"potentialAction":[{"@type":"SearchAction","target":{"@type":"EntryPoint","urlTemplate":"https:\/\/blogdoere.com.br\/?s={search_term_string}"},"query-input":"required name=search_term_string"}],"inLanguage":"pt-PT"},{"@type":"Organization","@id":"https:\/\/blogdoere.com.br\/#organization","name":"Blog do Er\u00ea","url":"https:\/\/blogdoere.com.br\/","logo":{"@type":"ImageObject","inLanguage":"pt-PT","@id":"https:\/\/blogdoere.com.br\/#\/schema\/logo\/image\/","url":"https:\/\/blogdoere.com.br\/wp-content\/uploads\/2021\/11\/Logo-Ere-1.png","contentUrl":"https:\/\/blogdoere.com.br\/wp-content\/uploads\/2021\/11\/Logo-Ere-1.png","width":1261,"height":1330,"caption":"Blog do Er\u00ea"},"image":{"@id":"https:\/\/blogdoere.com.br\/#\/schema\/logo\/image\/"}},{"@type":"Person","@id":"https:\/\/blogdoere.com.br\/#\/schema\/person\/4b56ed2336cb28ae3415ce8ffe56742e","name":"Ere","image":{"@type":"ImageObject","inLanguage":"pt-PT","@id":"https:\/\/blogdoere.com.br\/#\/schema\/person\/image\/","url":"https:\/\/secure.gravatar.com\/avatar\/?s=96&d=mm&r=g","contentUrl":"https:\/\/secure.gravatar.com\/avatar\/?s=96&d=mm&r=g","caption":"Ere"}}]}},"featured_image_urls":{"full":["https:\/\/blogdoere.com.br\/wp-content\/uploads\/2020\/02\/marcone-amaral.png",320,180,false],"thumbnail":["https:\/\/blogdoere.com.br\/wp-content\/uploads\/2020\/02\/marcone-amaral-150x150.png",150,150,true],"medium":["https:\/\/blogdoere.com.br\/wp-content\/uploads\/2020\/02\/marcone-amaral-300x169.png",300,169,true],"medium_large":["https:\/\/blogdoere.com.br\/wp-content\/uploads\/2020\/02\/marcone-amaral.png",320,180,false],"large":["https:\/\/blogdoere.com.br\/wp-content\/uploads\/2020\/02\/marcone-amaral.png",320,180,false],"1536x1536":["https:\/\/blogdoere.com.br\/wp-content\/uploads\/2020\/02\/marcone-amaral.png",320,180,false],"2048x2048":["https:\/\/blogdoere.com.br\/wp-content\/uploads\/2020\/02\/marcone-amaral.png",320,180,false]},"author_info":{"display_name":"Ere","author_link":"https:\/\/blogdoere.com.br\/?author=2"},"category_info":"<a href=\"https:\/\/blogdoere.com.br\/?cat=1\" rel=\"category\">Destaques<\/a>","tag_info":"Destaques","comment_count":"0","_links":{"self":[{"href":"https:\/\/blogdoere.com.br\/index.php?rest_route=\/wp\/v2\/posts\/26009","targetHints":{"allow":["GET"]}}],"collection":[{"href":"https:\/\/blogdoere.com.br\/index.php?rest_route=\/wp\/v2\/posts"}],"about":[{"href":"https:\/\/blogdoere.com.br\/index.php?rest_route=\/wp\/v2\/types\/post"}],"author":[{"embeddable":true,"href":"https:\/\/blogdoere.com.br\/index.php?rest_route=\/wp\/v2\/users\/2"}],"replies":[{"embeddable":true,"href":"https:\/\/blogdoere.com.br\/index.php?rest_route=%2Fwp%2Fv2%2Fcomments&post=26009"}],"version-history":[{"count":1,"href":"https:\/\/blogdoere.com.br\/index.php?rest_route=\/wp\/v2\/posts\/26009\/revisions"}],"predecessor-version":[{"id":27322,"href":"https:\/\/blogdoere.com.br\/index.php?rest_route=\/wp\/v2\/posts\/26009\/revisions\/27322"}],"wp:featuredmedia":[{"embeddable":true,"href":"https:\/\/blogdoere.com.br\/index.php?rest_route=\/wp\/v2\/media\/27321"}],"wp:attachment":[{"href":"https:\/\/blogdoere.com.br\/index.php?rest_route=%2Fwp%2Fv2%2Fmedia&parent=26009"}],"wp:term":[{"taxonomy":"category","embeddable":true,"href":"https:\/\/blogdoere.com.br\/index.php?rest_route=%2Fwp%2Fv2%2Fcategories&post=26009"},{"taxonomy":"post_tag","embeddable":true,"href":"https:\/\/blogdoere.com.br\/index.php?rest_route=%2Fwp%2Fv2%2Ftags&post=26009"}],"curies":[{"name":"wp","href":"https:\/\/api.w.org\/{rel}","templated":true}]}}