{"id":26014,"date":"2019-12-22T20:14:00","date_gmt":"2019-12-22T20:14:00","guid":{"rendered":"http:\/\/blogdoere.com.br\/?p=26014"},"modified":"2021-11-11T17:54:09","modified_gmt":"2021-11-11T17:54:09","slug":"itajuipe-frei-hermano-celebra-50-anos-de-sacerdocio","status":"publish","type":"post","link":"https:\/\/blogdoere.com.br\/?p=26014","title":{"rendered":"ITAJU\u00cdPE: FREI HERMANO CELEBRA  50 ANOS DE SACERD\u00d3CIO."},"content":{"rendered":"<div style=\"clear: both; text-align: center;\"><a style=\"margin-left: 1em; margin-right: 1em;\" href=\"https:\/\/1.bp.blogspot.com\/-pOJY-APwq6E\/Xf_MeEmVxSI\/AAAAAAAAHNo\/gTNrKFkKgfsotE7pMmLcacR_F9p36BTHACLcBGAsYHQ\/s1600\/IMG_20191222_081432844.jpg\"><img decoding=\"async\" src=\"https:\/\/1.bp.blogspot.com\/-pOJY-APwq6E\/Xf_MeEmVxSI\/AAAAAAAAHNo\/gTNrKFkKgfsotE7pMmLcacR_F9p36BTHACLcBGAsYHQ\/s320\/IMG_20191222_081432844.jpg\" width=\"320\" height=\"240\" border=\"0\" data-original-height=\"1200\" data-original-width=\"1600\" \/><\/a><\/div>\n<div style=\"text-align: justify;\"><\/div>\n<div style=\"text-align: justify;\">Neste domingo(22\/12), foi celebrado na Santa Missa\u00a0 o Jubileu de Ouro, 50 anos, da Ordena\u00e7\u00e3o Sacerdotal do frei Hermano Jos\u00e9 Schuvartbech. Em homenagem\u00a0 \u00a0ap\u00f3s a missa, celebrada pelo padre Edson Hagge Leandro a assistente espiritual da Ordem Franciscana Secular (OFS) em Itaju\u00edpe professora Anna Ferreira, recordou parte da trajet\u00f3ria de vida do frei que faz parte da Ordem dos Frades Menores(OFM).<\/div>\n<div style=\"clear: both; text-align: center;\"><a style=\"margin-left: 1em; margin-right: 1em;\" href=\"https:\/\/1.bp.blogspot.com\/-fkt8sJY_pqU\/Xf_OEzFFmJI\/AAAAAAAAHN8\/fN0yJJBIXrAxi5fo9PI-Zusf7DpPhQgXACLcBGAsYHQ\/s1600\/IMG_20191222_084109797.jpg\"><img decoding=\"async\" src=\"https:\/\/1.bp.blogspot.com\/-fkt8sJY_pqU\/Xf_OEzFFmJI\/AAAAAAAAHN8\/fN0yJJBIXrAxi5fo9PI-Zusf7DpPhQgXACLcBGAsYHQ\/s320\/IMG_20191222_084109797.jpg\" width=\"320\" height=\"240\" border=\"0\" data-original-height=\"1200\" data-original-width=\"1600\" \/><\/a><\/div>\n<div style=\"text-align: justify;\">No in\u00edcio da d\u00e9cada de 1970, frei Hermano foi p\u00e1roco da\u00a0 Par\u00f3quia do Sagrado Cora\u00e7\u00e3o de Jesus em Itaju\u00edpe.\u00a0 Como\u00a0 franciscano,\u00a0 deixou seu pa\u00eds de origem,\u00a0 Alemanha\u00a0 aos 27 anos de idade e, se fez servo para cuidar dos mais pobres em\u00a0 Itaju\u00edpe. Da\u00ed, seguiu\u00a0 sua miss\u00e3o\u00a0 levando o evangelho pelo mundo.<\/div>\n<div style=\"clear: both; text-align: center;\"><a style=\"margin-left: 1em; margin-right: 1em;\" href=\"https:\/\/1.bp.blogspot.com\/-Y-UisoPZ93Y\/Xf_NSRipJAI\/AAAAAAAAHNw\/OpWRdUCigh801ECVBFqjZ4RUfTy0uYKYwCLcBGAsYHQ\/s1600\/IMG_20191222_084231115.jpg\"><img decoding=\"async\" src=\"https:\/\/1.bp.blogspot.com\/-Y-UisoPZ93Y\/Xf_NSRipJAI\/AAAAAAAAHNw\/OpWRdUCigh801ECVBFqjZ4RUfTy0uYKYwCLcBGAsYHQ\/s320\/IMG_20191222_084231115.jpg\" width=\"320\" height=\"240\" border=\"0\" data-original-height=\"1200\" data-original-width=\"1600\" \/><\/a><\/div>\n<div style=\"text-align: justify;\">Ap\u00f3s a missa, a comunidade cat\u00f3lica\u00a0 reunida festejou a data especial\u00a0 com um caf\u00e9 da manh\u00e3 no sal\u00e3o paroquial.<\/div>\n","protected":false},"excerpt":{"rendered":"<p>Neste domingo(22\/12), foi celebrado na Santa Missa\u00a0 o Jubileu de Ouro, 50 anos, da Ordena\u00e7\u00e3o Sacerdotal do frei Hermano Jos\u00e9 Schuvartbech. Em homenagem\u00a0 \u00a0ap\u00f3s a missa, celebrada pelo padre Edson&#8230;<\/p>\n","protected":false},"author":2,"featured_media":27331,"comment_status":"open","ping_status":"open","sticky":false,"template":"","format":"standard","meta":{"_editorskit_title_hidden":false,"_editorskit_reading_time":0,"_editorskit_is_block_options_detached":false,"_editorskit_block_options_position":"{}","om_disable_all_campaigns":false,"_mi_skip_tracking":false,"_kad_post_transparent":"","_kad_post_title":"","_kad_post_layout":"","_kad_post_sidebar_id":"","_kad_post_content_style":"","_kad_post_vertical_padding":"","_kad_post_feature":"","_kad_post_feature_position":"","_kad_post_header":false,"_kad_post_footer":false,"footnotes":""},"categories":[1],"tags":[],"class_list":["post-26014","post","type-post","status-publish","format-standard","has-post-thumbnail","hentry","category-destaques"],"yoast_head":"<!-- This site is optimized with the Yoast SEO plugin v20.5 - https:\/\/yoast.com\/wordpress\/plugins\/seo\/ -->\n<title>ITAJU\u00cdPE: FREI HERMANO CELEBRA 50 ANOS DE SACERD\u00d3CIO. - blog do er\u00ea<\/title>\n<meta name=\"robots\" content=\"index, follow, max-snippet:-1, max-image-preview:large, max-video-preview:-1\" \/>\n<link rel=\"canonical\" href=\"https:\/\/blogdoere.com.br\/?p=26014\" \/>\n<meta property=\"og:locale\" content=\"pt_PT\" \/>\n<meta property=\"og:type\" content=\"article\" \/>\n<meta property=\"og:title\" content=\"ITAJU\u00cdPE: FREI HERMANO CELEBRA 50 ANOS DE SACERD\u00d3CIO. - blog do er\u00ea\" \/>\n<meta property=\"og:description\" content=\"Neste domingo(22\/12), foi celebrado na Santa Missa\u00a0 o Jubileu de Ouro, 50 anos, da Ordena\u00e7\u00e3o Sacerdotal do frei Hermano Jos\u00e9 Schuvartbech. Em homenagem\u00a0 \u00a0ap\u00f3s a missa, celebrada pelo padre Edson...\" \/>\n<meta property=\"og:url\" content=\"https:\/\/blogdoere.com.br\/?p=26014\" \/>\n<meta property=\"og:site_name\" content=\"blog do er\u00ea\" \/>\n<meta property=\"article:published_time\" content=\"2019-12-22T20:14:00+00:00\" \/>\n<meta property=\"article:modified_time\" content=\"2021-11-11T17:54:09+00:00\" \/>\n<meta property=\"og:image\" content=\"https:\/\/blogdoere.com.br\/wp-content\/uploads\/2019\/12\/IMG_20191222_081432844.jpg\" \/>\n\t<meta property=\"og:image:width\" content=\"320\" \/>\n\t<meta property=\"og:image:height\" content=\"240\" \/>\n\t<meta property=\"og:image:type\" content=\"image\/jpeg\" \/>\n<meta name=\"author\" content=\"Ere\" \/>\n<meta name=\"twitter:card\" content=\"summary_large_image\" \/>\n<meta name=\"twitter:label1\" content=\"Escrito por\" \/>\n\t<meta name=\"twitter:data1\" content=\"Ere\" \/>\n\t<meta name=\"twitter:label2\" content=\"Tempo estimado de leitura\" \/>\n\t<meta name=\"twitter:data2\" content=\"1 minuto\" \/>\n<script type=\"application\/ld+json\" class=\"yoast-schema-graph\">{\"@context\":\"https:\/\/schema.org\",\"@graph\":[{\"@type\":\"Article\",\"@id\":\"https:\/\/blogdoere.com.br\/?p=26014#article\",\"isPartOf\":{\"@id\":\"https:\/\/blogdoere.com.br\/?p=26014\"},\"author\":{\"name\":\"Ere\",\"@id\":\"https:\/\/blogdoere.com.br\/#\/schema\/person\/4b56ed2336cb28ae3415ce8ffe56742e\"},\"headline\":\"ITAJU\u00cdPE: FREI HERMANO CELEBRA 50 ANOS DE SACERD\u00d3CIO.\",\"datePublished\":\"2019-12-22T20:14:00+00:00\",\"dateModified\":\"2021-11-11T17:54:09+00:00\",\"mainEntityOfPage\":{\"@id\":\"https:\/\/blogdoere.com.br\/?p=26014\"},\"wordCount\":155,\"commentCount\":0,\"publisher\":{\"@id\":\"https:\/\/blogdoere.com.br\/#organization\"},\"articleSection\":[\"Destaques\"],\"inLanguage\":\"pt-PT\",\"potentialAction\":[{\"@type\":\"CommentAction\",\"name\":\"Comment\",\"target\":[\"https:\/\/blogdoere.com.br\/?p=26014#respond\"]}]},{\"@type\":\"WebPage\",\"@id\":\"https:\/\/blogdoere.com.br\/?p=26014\",\"url\":\"https:\/\/blogdoere.com.br\/?p=26014\",\"name\":\"ITAJU\u00cdPE: FREI HERMANO CELEBRA 50 ANOS DE SACERD\u00d3CIO. - blog do er\u00ea\",\"isPartOf\":{\"@id\":\"https:\/\/blogdoere.com.br\/#website\"},\"datePublished\":\"2019-12-22T20:14:00+00:00\",\"dateModified\":\"2021-11-11T17:54:09+00:00\",\"breadcrumb\":{\"@id\":\"https:\/\/blogdoere.com.br\/?p=26014#breadcrumb\"},\"inLanguage\":\"pt-PT\",\"potentialAction\":[{\"@type\":\"ReadAction\",\"target\":[\"https:\/\/blogdoere.com.br\/?p=26014\"]}]},{\"@type\":\"BreadcrumbList\",\"@id\":\"https:\/\/blogdoere.com.br\/?p=26014#breadcrumb\",\"itemListElement\":[{\"@type\":\"ListItem\",\"position\":1,\"name\":\"In\u00edcio\",\"item\":\"https:\/\/blogdoere.com.br\/\"},{\"@type\":\"ListItem\",\"position\":2,\"name\":\"ITAJU\u00cdPE: FREI HERMANO CELEBRA 50 ANOS DE SACERD\u00d3CIO.\"}]},{\"@type\":\"WebSite\",\"@id\":\"https:\/\/blogdoere.com.br\/#website\",\"url\":\"https:\/\/blogdoere.com.br\/\",\"name\":\"blog do er\u00ea\",\"description\":\"\",\"publisher\":{\"@id\":\"https:\/\/blogdoere.com.br\/#organization\"},\"potentialAction\":[{\"@type\":\"SearchAction\",\"target\":{\"@type\":\"EntryPoint\",\"urlTemplate\":\"https:\/\/blogdoere.com.br\/?s={search_term_string}\"},\"query-input\":\"required name=search_term_string\"}],\"inLanguage\":\"pt-PT\"},{\"@type\":\"Organization\",\"@id\":\"https:\/\/blogdoere.com.br\/#organization\",\"name\":\"Blog do Er\u00ea\",\"url\":\"https:\/\/blogdoere.com.br\/\",\"logo\":{\"@type\":\"ImageObject\",\"inLanguage\":\"pt-PT\",\"@id\":\"https:\/\/blogdoere.com.br\/#\/schema\/logo\/image\/\",\"url\":\"https:\/\/blogdoere.com.br\/wp-content\/uploads\/2021\/11\/Logo-Ere-1.png\",\"contentUrl\":\"https:\/\/blogdoere.com.br\/wp-content\/uploads\/2021\/11\/Logo-Ere-1.png\",\"width\":1261,\"height\":1330,\"caption\":\"Blog do Er\u00ea\"},\"image\":{\"@id\":\"https:\/\/blogdoere.com.br\/#\/schema\/logo\/image\/\"}},{\"@type\":\"Person\",\"@id\":\"https:\/\/blogdoere.com.br\/#\/schema\/person\/4b56ed2336cb28ae3415ce8ffe56742e\",\"name\":\"Ere\",\"image\":{\"@type\":\"ImageObject\",\"inLanguage\":\"pt-PT\",\"@id\":\"https:\/\/blogdoere.com.br\/#\/schema\/person\/image\/\",\"url\":\"https:\/\/secure.gravatar.com\/avatar\/?s=96&d=mm&r=g\",\"contentUrl\":\"https:\/\/secure.gravatar.com\/avatar\/?s=96&d=mm&r=g\",\"caption\":\"Ere\"}}]}<\/script>\n<!-- \/ Yoast SEO plugin. -->","yoast_head_json":{"title":"ITAJU\u00cdPE: FREI HERMANO CELEBRA 50 ANOS DE SACERD\u00d3CIO. - blog do er\u00ea","robots":{"index":"index","follow":"follow","max-snippet":"max-snippet:-1","max-image-preview":"max-image-preview:large","max-video-preview":"max-video-preview:-1"},"canonical":"https:\/\/blogdoere.com.br\/?p=26014","og_locale":"pt_PT","og_type":"article","og_title":"ITAJU\u00cdPE: FREI HERMANO CELEBRA 50 ANOS DE SACERD\u00d3CIO. - blog do er\u00ea","og_description":"Neste domingo(22\/12), foi celebrado na Santa Missa\u00a0 o Jubileu de Ouro, 50 anos, da Ordena\u00e7\u00e3o Sacerdotal do frei Hermano Jos\u00e9 Schuvartbech. Em homenagem\u00a0 \u00a0ap\u00f3s a missa, celebrada pelo padre Edson...","og_url":"https:\/\/blogdoere.com.br\/?p=26014","og_site_name":"blog do er\u00ea","article_published_time":"2019-12-22T20:14:00+00:00","article_modified_time":"2021-11-11T17:54:09+00:00","og_image":[{"width":320,"height":240,"url":"https:\/\/blogdoere.com.br\/wp-content\/uploads\/2019\/12\/IMG_20191222_081432844.jpg","type":"image\/jpeg"}],"author":"Ere","twitter_card":"summary_large_image","twitter_misc":{"Escrito por":"Ere","Tempo estimado de leitura":"1 minuto"},"schema":{"@context":"https:\/\/schema.org","@graph":[{"@type":"Article","@id":"https:\/\/blogdoere.com.br\/?p=26014#article","isPartOf":{"@id":"https:\/\/blogdoere.com.br\/?p=26014"},"author":{"name":"Ere","@id":"https:\/\/blogdoere.com.br\/#\/schema\/person\/4b56ed2336cb28ae3415ce8ffe56742e"},"headline":"ITAJU\u00cdPE: FREI HERMANO CELEBRA 50 ANOS DE SACERD\u00d3CIO.","datePublished":"2019-12-22T20:14:00+00:00","dateModified":"2021-11-11T17:54:09+00:00","mainEntityOfPage":{"@id":"https:\/\/blogdoere.com.br\/?p=26014"},"wordCount":155,"commentCount":0,"publisher":{"@id":"https:\/\/blogdoere.com.br\/#organization"},"articleSection":["Destaques"],"inLanguage":"pt-PT","potentialAction":[{"@type":"CommentAction","name":"Comment","target":["https:\/\/blogdoere.com.br\/?p=26014#respond"]}]},{"@type":"WebPage","@id":"https:\/\/blogdoere.com.br\/?p=26014","url":"https:\/\/blogdoere.com.br\/?p=26014","name":"ITAJU\u00cdPE: FREI HERMANO CELEBRA 50 ANOS DE SACERD\u00d3CIO. - blog do er\u00ea","isPartOf":{"@id":"https:\/\/blogdoere.com.br\/#website"},"datePublished":"2019-12-22T20:14:00+00:00","dateModified":"2021-11-11T17:54:09+00:00","breadcrumb":{"@id":"https:\/\/blogdoere.com.br\/?p=26014#breadcrumb"},"inLanguage":"pt-PT","potentialAction":[{"@type":"ReadAction","target":["https:\/\/blogdoere.com.br\/?p=26014"]}]},{"@type":"BreadcrumbList","@id":"https:\/\/blogdoere.com.br\/?p=26014#breadcrumb","itemListElement":[{"@type":"ListItem","position":1,"name":"In\u00edcio","item":"https:\/\/blogdoere.com.br\/"},{"@type":"ListItem","position":2,"name":"ITAJU\u00cdPE: FREI HERMANO CELEBRA 50 ANOS DE SACERD\u00d3CIO."}]},{"@type":"WebSite","@id":"https:\/\/blogdoere.com.br\/#website","url":"https:\/\/blogdoere.com.br\/","name":"blog do er\u00ea","description":"","publisher":{"@id":"https:\/\/blogdoere.com.br\/#organization"},"potentialAction":[{"@type":"SearchAction","target":{"@type":"EntryPoint","urlTemplate":"https:\/\/blogdoere.com.br\/?s={search_term_string}"},"query-input":"required name=search_term_string"}],"inLanguage":"pt-PT"},{"@type":"Organization","@id":"https:\/\/blogdoere.com.br\/#organization","name":"Blog do Er\u00ea","url":"https:\/\/blogdoere.com.br\/","logo":{"@type":"ImageObject","inLanguage":"pt-PT","@id":"https:\/\/blogdoere.com.br\/#\/schema\/logo\/image\/","url":"https:\/\/blogdoere.com.br\/wp-content\/uploads\/2021\/11\/Logo-Ere-1.png","contentUrl":"https:\/\/blogdoere.com.br\/wp-content\/uploads\/2021\/11\/Logo-Ere-1.png","width":1261,"height":1330,"caption":"Blog do Er\u00ea"},"image":{"@id":"https:\/\/blogdoere.com.br\/#\/schema\/logo\/image\/"}},{"@type":"Person","@id":"https:\/\/blogdoere.com.br\/#\/schema\/person\/4b56ed2336cb28ae3415ce8ffe56742e","name":"Ere","image":{"@type":"ImageObject","inLanguage":"pt-PT","@id":"https:\/\/blogdoere.com.br\/#\/schema\/person\/image\/","url":"https:\/\/secure.gravatar.com\/avatar\/?s=96&d=mm&r=g","contentUrl":"https:\/\/secure.gravatar.com\/avatar\/?s=96&d=mm&r=g","caption":"Ere"}}]}},"featured_image_urls":{"full":["https:\/\/blogdoere.com.br\/wp-content\/uploads\/2019\/12\/IMG_20191222_081432844.jpg",320,240,false],"thumbnail":["https:\/\/blogdoere.com.br\/wp-content\/uploads\/2019\/12\/IMG_20191222_081432844-150x150.jpg",150,150,true],"medium":["https:\/\/blogdoere.com.br\/wp-content\/uploads\/2019\/12\/IMG_20191222_081432844-300x225.jpg",300,225,true],"medium_large":["https:\/\/blogdoere.com.br\/wp-content\/uploads\/2019\/12\/IMG_20191222_081432844.jpg",320,240,false],"large":["https:\/\/blogdoere.com.br\/wp-content\/uploads\/2019\/12\/IMG_20191222_081432844.jpg",320,240,false],"1536x1536":["https:\/\/blogdoere.com.br\/wp-content\/uploads\/2019\/12\/IMG_20191222_081432844.jpg",320,240,false],"2048x2048":["https:\/\/blogdoere.com.br\/wp-content\/uploads\/2019\/12\/IMG_20191222_081432844.jpg",320,240,false]},"author_info":{"display_name":"Ere","author_link":"https:\/\/blogdoere.com.br\/?author=2"},"category_info":"<a href=\"https:\/\/blogdoere.com.br\/?cat=1\" rel=\"category\">Destaques<\/a>","tag_info":"Destaques","comment_count":"0","_links":{"self":[{"href":"https:\/\/blogdoere.com.br\/index.php?rest_route=\/wp\/v2\/posts\/26014","targetHints":{"allow":["GET"]}}],"collection":[{"href":"https:\/\/blogdoere.com.br\/index.php?rest_route=\/wp\/v2\/posts"}],"about":[{"href":"https:\/\/blogdoere.com.br\/index.php?rest_route=\/wp\/v2\/types\/post"}],"author":[{"embeddable":true,"href":"https:\/\/blogdoere.com.br\/index.php?rest_route=\/wp\/v2\/users\/2"}],"replies":[{"embeddable":true,"href":"https:\/\/blogdoere.com.br\/index.php?rest_route=%2Fwp%2Fv2%2Fcomments&post=26014"}],"version-history":[{"count":1,"href":"https:\/\/blogdoere.com.br\/index.php?rest_route=\/wp\/v2\/posts\/26014\/revisions"}],"predecessor-version":[{"id":27332,"href":"https:\/\/blogdoere.com.br\/index.php?rest_route=\/wp\/v2\/posts\/26014\/revisions\/27332"}],"wp:featuredmedia":[{"embeddable":true,"href":"https:\/\/blogdoere.com.br\/index.php?rest_route=\/wp\/v2\/media\/27331"}],"wp:attachment":[{"href":"https:\/\/blogdoere.com.br\/index.php?rest_route=%2Fwp%2Fv2%2Fmedia&parent=26014"}],"wp:term":[{"taxonomy":"category","embeddable":true,"href":"https:\/\/blogdoere.com.br\/index.php?rest_route=%2Fwp%2Fv2%2Fcategories&post=26014"},{"taxonomy":"post_tag","embeddable":true,"href":"https:\/\/blogdoere.com.br\/index.php?rest_route=%2Fwp%2Fv2%2Ftags&post=26014"}],"curies":[{"name":"wp","href":"https:\/\/api.w.org\/{rel}","templated":true}]}}