{"id":26017,"date":"2019-11-19T05:49:00","date_gmt":"2019-11-19T05:49:00","guid":{"rendered":"http:\/\/blogdoere.com.br\/?p=26017"},"modified":"2021-11-11T17:55:33","modified_gmt":"2021-11-11T17:55:33","slug":"lidice-coloca-nome-a-disposicao-do-psb-para-candidatura-em-2020","status":"publish","type":"post","link":"https:\/\/blogdoere.com.br\/?p=26017","title":{"rendered":"L\u00cdDICE COLOCA NOME \u00c0 DISPOSI\u00c7\u00c3O DO PSB PARA CANDIDATURA EM 2020"},"content":{"rendered":"<div style=\"clear: both; text-align: center;\"><a style=\"margin-left: 1em; margin-right: 1em;\" href=\"https:\/\/1.bp.blogspot.com\/-zg6FTEORDTc\/XdOBy6JKHuI\/AAAAAAAAHMA\/zBaAASFWmwsI5dB19mxmusmbCI6x-ba0gCLcBGAsYHQ\/s1600\/IMG-20191118-WA0080.jpg\"><img decoding=\"async\" src=\"https:\/\/1.bp.blogspot.com\/-zg6FTEORDTc\/XdOBy6JKHuI\/AAAAAAAAHMA\/zBaAASFWmwsI5dB19mxmusmbCI6x-ba0gCLcBGAsYHQ\/s320\/IMG-20191118-WA0080.jpg\" width=\"320\" height=\"240\" border=\"0\" data-original-height=\"768\" data-original-width=\"1024\" \/><\/a><\/div>\n<div dir=\"ltr\" style=\"line-height: 1.7999999999999998; margin-bottom: 0pt; margin-top: 0pt; text-align: justify;\"><\/div>\n<div dir=\"ltr\" style=\"line-height: 1.7999999999999998; margin-bottom: 0pt; margin-top: 0pt; text-align: justify;\"><span style=\"font-family: Arial; font-size: 12pt; font-variant-east-asian: normal; font-variant-numeric: normal; vertical-align: baseline; white-space: pre-wrap;\">Em entrevista<\/span><span style=\"font-family: Arial; font-size: 12pt; white-space: pre-wrap;\"> ao Programa Seis em Ponto, nesta segunda-feira (18), com o vereador Geraldo Jr, na R\u00e1dio Metr\u00f3pole, a deputada federal L\u00eddice da Mata colocou seu nome \u00e0 disposi\u00e7\u00e3o para uma poss\u00edvel candidatura \u00e0 Prefeitura de Salvador nas elei\u00e7\u00f5es de 2020. Segunda colocada nas recentes pesquisas de inten\u00e7\u00e3o de voto, a parlamentar tem na capital baiana a sua principal base eleitoral e disse que o seu partido, o PSB, possui nomes competitivos como o do vereador Silvio Humberto; tem mantido conversas com o atual presidente do Esporte Clube Bahia, Guilherme Bellintani, mas refor\u00e7ou que pode disputar o comando do Pal\u00e1cio Thom\u00e9 de Souza.<\/span><\/div>\n<div dir=\"ltr\" style=\"line-height: 1.7999999999999998; margin-bottom: 0pt; margin-top: 0pt; text-align: justify;\"><span style=\"font-family: Arial; font-size: 12pt; font-variant-east-asian: normal; font-variant-numeric: normal; vertical-align: baseline; white-space: pre-wrap;\">Questionada por um ouvinte sobre os feitos da sua administra\u00e7\u00e3o no munic\u00edpio, L\u00eddice destacou o trabalho realizado pela prefeitura em regi\u00f5es carentes da cidade como o Sub\u00farbio Ferrovi\u00e1rio, Saramandaia, Bairro da Paz, Cajazeiras, Vila Verde, Nova Divineia e obras de mobilidade como as liga\u00e7\u00f5es Iguatemi-Paralela, Garibaldi-Lucaia, al\u00e9m do Programa Cidade M\u00e3e.<\/span><\/div>\n<div dir=\"ltr\" style=\"line-height: 1.7999999999999998; margin-bottom: 0pt; margin-top: 0pt; text-align: justify;\"><span style=\"font-family: Arial; font-size: 12pt; font-variant-east-asian: normal; font-variant-numeric: normal; vertical-align: baseline; white-space: pre-wrap;\">A deputada tamb\u00e9m falou sobre o seu trabalho na C\u00e2mara Federal como relatora da CPMI das Fake News e como presidente da Comiss\u00e3o de Defesa dos Direitos da Pessoa Idosa.<\/span><\/div>\n<div dir=\"ltr\" style=\"line-height: 1.7999999999999998; margin-bottom: 0pt; margin-top: 0pt; text-align: justify;\"><span style=\"font-family: Arial; font-size: 12pt; font-variant-east-asian: normal; font-variant-numeric: normal; vertical-align: baseline; white-space: pre-wrap;\">Presidente estadual do seu partido, L\u00eddice refor\u00e7ou ainda o compromisso do PSB com o governador Rui Costa e destacou a contribui\u00e7\u00e3o dos deputados da legenda para a aprova\u00e7\u00e3o de projetos importantes do governo.<\/span><\/div>\n<div dir=\"ltr\" style=\"line-height: 1.7999999999999998; margin-bottom: 0pt; margin-top: 0pt; text-align: justify;\"><span style=\"font-family: Arial; font-size: 12pt; font-variant-east-asian: normal; font-variant-numeric: normal; vertical-align: baseline; white-space: pre-wrap;\">Informa\u00e7\u00f5es: ASCOM PSB<\/span><\/div>\n","protected":false},"excerpt":{"rendered":"<p>Em entrevista ao Programa Seis em Ponto, nesta segunda-feira (18), com o vereador Geraldo Jr, na R\u00e1dio Metr\u00f3pole, a deputada federal L\u00eddice da Mata colocou seu nome \u00e0 disposi\u00e7\u00e3o para&#8230;<\/p>\n","protected":false},"author":2,"featured_media":27338,"comment_status":"open","ping_status":"open","sticky":false,"template":"","format":"standard","meta":{"_editorskit_title_hidden":false,"_editorskit_reading_time":0,"_editorskit_is_block_options_detached":false,"_editorskit_block_options_position":"{}","om_disable_all_campaigns":false,"_mi_skip_tracking":false,"_kad_post_transparent":"","_kad_post_title":"","_kad_post_layout":"","_kad_post_sidebar_id":"","_kad_post_content_style":"","_kad_post_vertical_padding":"","_kad_post_feature":"","_kad_post_feature_position":"","_kad_post_header":false,"_kad_post_footer":false,"footnotes":""},"categories":[1],"tags":[],"class_list":["post-26017","post","type-post","status-publish","format-standard","has-post-thumbnail","hentry","category-destaques"],"yoast_head":"<!-- This site is optimized with the Yoast SEO plugin v20.5 - https:\/\/yoast.com\/wordpress\/plugins\/seo\/ -->\n<title>L\u00cdDICE COLOCA NOME \u00c0 DISPOSI\u00c7\u00c3O DO PSB PARA CANDIDATURA EM 2020 - blog do er\u00ea<\/title>\n<meta name=\"robots\" content=\"index, follow, max-snippet:-1, max-image-preview:large, max-video-preview:-1\" \/>\n<link rel=\"canonical\" href=\"https:\/\/blogdoere.com.br\/?p=26017\" \/>\n<meta property=\"og:locale\" content=\"pt_PT\" \/>\n<meta property=\"og:type\" content=\"article\" \/>\n<meta property=\"og:title\" content=\"L\u00cdDICE COLOCA NOME \u00c0 DISPOSI\u00c7\u00c3O DO PSB PARA CANDIDATURA EM 2020 - blog do er\u00ea\" \/>\n<meta property=\"og:description\" content=\"Em entrevista ao Programa Seis em Ponto, nesta segunda-feira (18), com o vereador Geraldo Jr, na R\u00e1dio Metr\u00f3pole, a deputada federal L\u00eddice da Mata colocou seu nome \u00e0 disposi\u00e7\u00e3o para...\" \/>\n<meta property=\"og:url\" content=\"https:\/\/blogdoere.com.br\/?p=26017\" \/>\n<meta property=\"og:site_name\" content=\"blog do er\u00ea\" \/>\n<meta property=\"article:published_time\" content=\"2019-11-19T05:49:00+00:00\" \/>\n<meta property=\"article:modified_time\" content=\"2021-11-11T17:55:33+00:00\" \/>\n<meta property=\"og:image\" content=\"https:\/\/blogdoere.com.br\/wp-content\/uploads\/2019\/11\/IMG-20191118-WA0080.jpg\" \/>\n\t<meta property=\"og:image:width\" content=\"320\" \/>\n\t<meta property=\"og:image:height\" content=\"240\" \/>\n\t<meta property=\"og:image:type\" content=\"image\/jpeg\" \/>\n<meta name=\"author\" content=\"Ere\" \/>\n<meta name=\"twitter:card\" content=\"summary_large_image\" \/>\n<meta name=\"twitter:label1\" content=\"Escrito por\" \/>\n\t<meta name=\"twitter:data1\" content=\"Ere\" \/>\n\t<meta name=\"twitter:label2\" content=\"Tempo estimado de leitura\" \/>\n\t<meta name=\"twitter:data2\" content=\"1 minuto\" \/>\n<script type=\"application\/ld+json\" class=\"yoast-schema-graph\">{\"@context\":\"https:\/\/schema.org\",\"@graph\":[{\"@type\":\"Article\",\"@id\":\"https:\/\/blogdoere.com.br\/?p=26017#article\",\"isPartOf\":{\"@id\":\"https:\/\/blogdoere.com.br\/?p=26017\"},\"author\":{\"name\":\"Ere\",\"@id\":\"https:\/\/blogdoere.com.br\/#\/schema\/person\/4b56ed2336cb28ae3415ce8ffe56742e\"},\"headline\":\"L\u00cdDICE COLOCA NOME \u00c0 DISPOSI\u00c7\u00c3O DO PSB PARA CANDIDATURA EM 2020\",\"datePublished\":\"2019-11-19T05:49:00+00:00\",\"dateModified\":\"2021-11-11T17:55:33+00:00\",\"mainEntityOfPage\":{\"@id\":\"https:\/\/blogdoere.com.br\/?p=26017\"},\"wordCount\":253,\"commentCount\":0,\"publisher\":{\"@id\":\"https:\/\/blogdoere.com.br\/#organization\"},\"articleSection\":[\"Destaques\"],\"inLanguage\":\"pt-PT\",\"potentialAction\":[{\"@type\":\"CommentAction\",\"name\":\"Comment\",\"target\":[\"https:\/\/blogdoere.com.br\/?p=26017#respond\"]}]},{\"@type\":\"WebPage\",\"@id\":\"https:\/\/blogdoere.com.br\/?p=26017\",\"url\":\"https:\/\/blogdoere.com.br\/?p=26017\",\"name\":\"L\u00cdDICE COLOCA NOME \u00c0 DISPOSI\u00c7\u00c3O DO PSB PARA CANDIDATURA EM 2020 - blog do er\u00ea\",\"isPartOf\":{\"@id\":\"https:\/\/blogdoere.com.br\/#website\"},\"datePublished\":\"2019-11-19T05:49:00+00:00\",\"dateModified\":\"2021-11-11T17:55:33+00:00\",\"breadcrumb\":{\"@id\":\"https:\/\/blogdoere.com.br\/?p=26017#breadcrumb\"},\"inLanguage\":\"pt-PT\",\"potentialAction\":[{\"@type\":\"ReadAction\",\"target\":[\"https:\/\/blogdoere.com.br\/?p=26017\"]}]},{\"@type\":\"BreadcrumbList\",\"@id\":\"https:\/\/blogdoere.com.br\/?p=26017#breadcrumb\",\"itemListElement\":[{\"@type\":\"ListItem\",\"position\":1,\"name\":\"In\u00edcio\",\"item\":\"https:\/\/blogdoere.com.br\/\"},{\"@type\":\"ListItem\",\"position\":2,\"name\":\"L\u00cdDICE COLOCA NOME \u00c0 DISPOSI\u00c7\u00c3O DO PSB PARA CANDIDATURA EM 2020\"}]},{\"@type\":\"WebSite\",\"@id\":\"https:\/\/blogdoere.com.br\/#website\",\"url\":\"https:\/\/blogdoere.com.br\/\",\"name\":\"blog do er\u00ea\",\"description\":\"\",\"publisher\":{\"@id\":\"https:\/\/blogdoere.com.br\/#organization\"},\"potentialAction\":[{\"@type\":\"SearchAction\",\"target\":{\"@type\":\"EntryPoint\",\"urlTemplate\":\"https:\/\/blogdoere.com.br\/?s={search_term_string}\"},\"query-input\":\"required name=search_term_string\"}],\"inLanguage\":\"pt-PT\"},{\"@type\":\"Organization\",\"@id\":\"https:\/\/blogdoere.com.br\/#organization\",\"name\":\"Blog do Er\u00ea\",\"url\":\"https:\/\/blogdoere.com.br\/\",\"logo\":{\"@type\":\"ImageObject\",\"inLanguage\":\"pt-PT\",\"@id\":\"https:\/\/blogdoere.com.br\/#\/schema\/logo\/image\/\",\"url\":\"https:\/\/blogdoere.com.br\/wp-content\/uploads\/2021\/11\/Logo-Ere-1.png\",\"contentUrl\":\"https:\/\/blogdoere.com.br\/wp-content\/uploads\/2021\/11\/Logo-Ere-1.png\",\"width\":1261,\"height\":1330,\"caption\":\"Blog do Er\u00ea\"},\"image\":{\"@id\":\"https:\/\/blogdoere.com.br\/#\/schema\/logo\/image\/\"}},{\"@type\":\"Person\",\"@id\":\"https:\/\/blogdoere.com.br\/#\/schema\/person\/4b56ed2336cb28ae3415ce8ffe56742e\",\"name\":\"Ere\",\"image\":{\"@type\":\"ImageObject\",\"inLanguage\":\"pt-PT\",\"@id\":\"https:\/\/blogdoere.com.br\/#\/schema\/person\/image\/\",\"url\":\"https:\/\/secure.gravatar.com\/avatar\/?s=96&d=mm&r=g\",\"contentUrl\":\"https:\/\/secure.gravatar.com\/avatar\/?s=96&d=mm&r=g\",\"caption\":\"Ere\"}}]}<\/script>\n<!-- \/ Yoast SEO plugin. -->","yoast_head_json":{"title":"L\u00cdDICE COLOCA NOME \u00c0 DISPOSI\u00c7\u00c3O DO PSB PARA CANDIDATURA EM 2020 - blog do er\u00ea","robots":{"index":"index","follow":"follow","max-snippet":"max-snippet:-1","max-image-preview":"max-image-preview:large","max-video-preview":"max-video-preview:-1"},"canonical":"https:\/\/blogdoere.com.br\/?p=26017","og_locale":"pt_PT","og_type":"article","og_title":"L\u00cdDICE COLOCA NOME \u00c0 DISPOSI\u00c7\u00c3O DO PSB PARA CANDIDATURA EM 2020 - blog do er\u00ea","og_description":"Em entrevista ao Programa Seis em Ponto, nesta segunda-feira (18), com o vereador Geraldo Jr, na R\u00e1dio Metr\u00f3pole, a deputada federal L\u00eddice da Mata colocou seu nome \u00e0 disposi\u00e7\u00e3o para...","og_url":"https:\/\/blogdoere.com.br\/?p=26017","og_site_name":"blog do er\u00ea","article_published_time":"2019-11-19T05:49:00+00:00","article_modified_time":"2021-11-11T17:55:33+00:00","og_image":[{"width":320,"height":240,"url":"https:\/\/blogdoere.com.br\/wp-content\/uploads\/2019\/11\/IMG-20191118-WA0080.jpg","type":"image\/jpeg"}],"author":"Ere","twitter_card":"summary_large_image","twitter_misc":{"Escrito por":"Ere","Tempo estimado de leitura":"1 minuto"},"schema":{"@context":"https:\/\/schema.org","@graph":[{"@type":"Article","@id":"https:\/\/blogdoere.com.br\/?p=26017#article","isPartOf":{"@id":"https:\/\/blogdoere.com.br\/?p=26017"},"author":{"name":"Ere","@id":"https:\/\/blogdoere.com.br\/#\/schema\/person\/4b56ed2336cb28ae3415ce8ffe56742e"},"headline":"L\u00cdDICE COLOCA NOME \u00c0 DISPOSI\u00c7\u00c3O DO PSB PARA CANDIDATURA EM 2020","datePublished":"2019-11-19T05:49:00+00:00","dateModified":"2021-11-11T17:55:33+00:00","mainEntityOfPage":{"@id":"https:\/\/blogdoere.com.br\/?p=26017"},"wordCount":253,"commentCount":0,"publisher":{"@id":"https:\/\/blogdoere.com.br\/#organization"},"articleSection":["Destaques"],"inLanguage":"pt-PT","potentialAction":[{"@type":"CommentAction","name":"Comment","target":["https:\/\/blogdoere.com.br\/?p=26017#respond"]}]},{"@type":"WebPage","@id":"https:\/\/blogdoere.com.br\/?p=26017","url":"https:\/\/blogdoere.com.br\/?p=26017","name":"L\u00cdDICE COLOCA NOME \u00c0 DISPOSI\u00c7\u00c3O DO PSB PARA CANDIDATURA EM 2020 - blog do er\u00ea","isPartOf":{"@id":"https:\/\/blogdoere.com.br\/#website"},"datePublished":"2019-11-19T05:49:00+00:00","dateModified":"2021-11-11T17:55:33+00:00","breadcrumb":{"@id":"https:\/\/blogdoere.com.br\/?p=26017#breadcrumb"},"inLanguage":"pt-PT","potentialAction":[{"@type":"ReadAction","target":["https:\/\/blogdoere.com.br\/?p=26017"]}]},{"@type":"BreadcrumbList","@id":"https:\/\/blogdoere.com.br\/?p=26017#breadcrumb","itemListElement":[{"@type":"ListItem","position":1,"name":"In\u00edcio","item":"https:\/\/blogdoere.com.br\/"},{"@type":"ListItem","position":2,"name":"L\u00cdDICE COLOCA NOME \u00c0 DISPOSI\u00c7\u00c3O DO PSB PARA CANDIDATURA EM 2020"}]},{"@type":"WebSite","@id":"https:\/\/blogdoere.com.br\/#website","url":"https:\/\/blogdoere.com.br\/","name":"blog do er\u00ea","description":"","publisher":{"@id":"https:\/\/blogdoere.com.br\/#organization"},"potentialAction":[{"@type":"SearchAction","target":{"@type":"EntryPoint","urlTemplate":"https:\/\/blogdoere.com.br\/?s={search_term_string}"},"query-input":"required name=search_term_string"}],"inLanguage":"pt-PT"},{"@type":"Organization","@id":"https:\/\/blogdoere.com.br\/#organization","name":"Blog do Er\u00ea","url":"https:\/\/blogdoere.com.br\/","logo":{"@type":"ImageObject","inLanguage":"pt-PT","@id":"https:\/\/blogdoere.com.br\/#\/schema\/logo\/image\/","url":"https:\/\/blogdoere.com.br\/wp-content\/uploads\/2021\/11\/Logo-Ere-1.png","contentUrl":"https:\/\/blogdoere.com.br\/wp-content\/uploads\/2021\/11\/Logo-Ere-1.png","width":1261,"height":1330,"caption":"Blog do Er\u00ea"},"image":{"@id":"https:\/\/blogdoere.com.br\/#\/schema\/logo\/image\/"}},{"@type":"Person","@id":"https:\/\/blogdoere.com.br\/#\/schema\/person\/4b56ed2336cb28ae3415ce8ffe56742e","name":"Ere","image":{"@type":"ImageObject","inLanguage":"pt-PT","@id":"https:\/\/blogdoere.com.br\/#\/schema\/person\/image\/","url":"https:\/\/secure.gravatar.com\/avatar\/?s=96&d=mm&r=g","contentUrl":"https:\/\/secure.gravatar.com\/avatar\/?s=96&d=mm&r=g","caption":"Ere"}}]}},"featured_image_urls":{"full":["https:\/\/blogdoere.com.br\/wp-content\/uploads\/2019\/11\/IMG-20191118-WA0080.jpg",320,240,false],"thumbnail":["https:\/\/blogdoere.com.br\/wp-content\/uploads\/2019\/11\/IMG-20191118-WA0080-150x150.jpg",150,150,true],"medium":["https:\/\/blogdoere.com.br\/wp-content\/uploads\/2019\/11\/IMG-20191118-WA0080-300x225.jpg",300,225,true],"medium_large":["https:\/\/blogdoere.com.br\/wp-content\/uploads\/2019\/11\/IMG-20191118-WA0080.jpg",320,240,false],"large":["https:\/\/blogdoere.com.br\/wp-content\/uploads\/2019\/11\/IMG-20191118-WA0080.jpg",320,240,false],"1536x1536":["https:\/\/blogdoere.com.br\/wp-content\/uploads\/2019\/11\/IMG-20191118-WA0080.jpg",320,240,false],"2048x2048":["https:\/\/blogdoere.com.br\/wp-content\/uploads\/2019\/11\/IMG-20191118-WA0080.jpg",320,240,false]},"author_info":{"display_name":"Ere","author_link":"https:\/\/blogdoere.com.br\/?author=2"},"category_info":"<a href=\"https:\/\/blogdoere.com.br\/?cat=1\" rel=\"category\">Destaques<\/a>","tag_info":"Destaques","comment_count":"0","_links":{"self":[{"href":"https:\/\/blogdoere.com.br\/index.php?rest_route=\/wp\/v2\/posts\/26017","targetHints":{"allow":["GET"]}}],"collection":[{"href":"https:\/\/blogdoere.com.br\/index.php?rest_route=\/wp\/v2\/posts"}],"about":[{"href":"https:\/\/blogdoere.com.br\/index.php?rest_route=\/wp\/v2\/types\/post"}],"author":[{"embeddable":true,"href":"https:\/\/blogdoere.com.br\/index.php?rest_route=\/wp\/v2\/users\/2"}],"replies":[{"embeddable":true,"href":"https:\/\/blogdoere.com.br\/index.php?rest_route=%2Fwp%2Fv2%2Fcomments&post=26017"}],"version-history":[{"count":1,"href":"https:\/\/blogdoere.com.br\/index.php?rest_route=\/wp\/v2\/posts\/26017\/revisions"}],"predecessor-version":[{"id":27339,"href":"https:\/\/blogdoere.com.br\/index.php?rest_route=\/wp\/v2\/posts\/26017\/revisions\/27339"}],"wp:featuredmedia":[{"embeddable":true,"href":"https:\/\/blogdoere.com.br\/index.php?rest_route=\/wp\/v2\/media\/27338"}],"wp:attachment":[{"href":"https:\/\/blogdoere.com.br\/index.php?rest_route=%2Fwp%2Fv2%2Fmedia&parent=26017"}],"wp:term":[{"taxonomy":"category","embeddable":true,"href":"https:\/\/blogdoere.com.br\/index.php?rest_route=%2Fwp%2Fv2%2Fcategories&post=26017"},{"taxonomy":"post_tag","embeddable":true,"href":"https:\/\/blogdoere.com.br\/index.php?rest_route=%2Fwp%2Fv2%2Ftags&post=26017"}],"curies":[{"name":"wp","href":"https:\/\/api.w.org\/{rel}","templated":true}]}}