{"id":26027,"date":"2019-08-30T17:31:00","date_gmt":"2019-08-30T17:31:00","guid":{"rendered":"http:\/\/blogdoere.com.br\/?p=26027"},"modified":"2021-11-05T05:59:01","modified_gmt":"2021-11-05T05:59:01","slug":"itajuipe-defensoria-publica-estara-no-municipio-dia-13","status":"publish","type":"post","link":"https:\/\/blogdoere.com.br\/?p=26027","title":{"rendered":"ITAJU\u00cdPE: DEFENSORIA  P\u00daBLICA  ESTAR\u00c1 NO MUNIC\u00cdPIO DIA 13."},"content":{"rendered":"<div style=\"clear: both; text-align: center;\"><a style=\"margin-left: 1em; margin-right: 1em;\" href=\"https:\/\/1.bp.blogspot.com\/-oVgUJPq50vk\/XWldKv2LMuI\/AAAAAAAAHHg\/sh8UWi1nvVkJN1sOJ_oit32K61JAahDcQCLcBGAs\/s1600\/FOTO_20190830_143513.jpg\"><img decoding=\"async\" src=\"https:\/\/1.bp.blogspot.com\/-oVgUJPq50vk\/XWldKv2LMuI\/AAAAAAAAHHg\/sh8UWi1nvVkJN1sOJ_oit32K61JAahDcQCLcBGAs\/s320\/FOTO_20190830_143513.jpg\" width=\"320\" height=\"169\" border=\"0\" data-original-height=\"523\" data-original-width=\"988\" \/><\/a><\/div>\n<div dir=\"ltr\" style=\"line-height: 1.7999999999999998; margin-bottom: 0pt; margin-top: 0pt; text-align: justify;\"><span style=\"font-family: Arial; font-size: 12pt; white-space: pre-wrap;\">No dia 13 de setembro, a Unidade M\u00f3vel de Atendimento da Defensoria P\u00fablica da Bahia estar\u00e1 em Itaju\u00edpe e atender\u00e1 aos moradores no Complexo Tur\u00edstico Jorge Amado, das 8 \u00e0s 12h e das 13h30 \u00e0s 16h. \u00c9 uma oportunidade para o morador, possa receber orienta\u00e7\u00e3o jur\u00eddica e resolver os mais diversos casos, como pens\u00e3o aliment\u00edcia, regulamenta\u00e7\u00e3o de visitas e guarda dos filhos, retifica\u00e7\u00e3o de registro, div\u00f3rcio consensual, e realizar exames de DNA gratuitamente para reconhecimento de paternidade (v\u00e1lidos para os filhos que ainda n\u00e3o t\u00eam nome do pai no registro). N\u00e3o perca esta chance!\u00a0<\/span><\/div>\n","protected":false},"excerpt":{"rendered":"<p>No dia 13 de setembro, a Unidade M\u00f3vel de Atendimento da Defensoria P\u00fablica da Bahia estar\u00e1 em Itaju\u00edpe e atender\u00e1 aos moradores no Complexo Tur\u00edstico Jorge Amado, das 8 \u00e0s&#8230;<\/p>\n","protected":false},"author":2,"featured_media":27128,"comment_status":"open","ping_status":"open","sticky":false,"template":"","format":"standard","meta":{"_editorskit_title_hidden":false,"_editorskit_reading_time":0,"_editorskit_is_block_options_detached":false,"_editorskit_block_options_position":"{}","om_disable_all_campaigns":false,"_mi_skip_tracking":false,"_kad_post_transparent":"","_kad_post_title":"","_kad_post_layout":"","_kad_post_sidebar_id":"","_kad_post_content_style":"","_kad_post_vertical_padding":"","_kad_post_feature":"","_kad_post_feature_position":"","_kad_post_header":false,"_kad_post_footer":false,"footnotes":""},"categories":[1],"tags":[],"class_list":["post-26027","post","type-post","status-publish","format-standard","has-post-thumbnail","hentry","category-destaques"],"yoast_head":"<!-- This site is optimized with the Yoast SEO plugin v20.5 - https:\/\/yoast.com\/wordpress\/plugins\/seo\/ -->\n<title>ITAJU\u00cdPE: DEFENSORIA P\u00daBLICA ESTAR\u00c1 NO MUNIC\u00cdPIO DIA 13. - blog do er\u00ea<\/title>\n<meta name=\"robots\" content=\"index, follow, max-snippet:-1, max-image-preview:large, max-video-preview:-1\" \/>\n<link rel=\"canonical\" href=\"https:\/\/blogdoere.com.br\/?p=26027\" \/>\n<meta property=\"og:locale\" content=\"pt_PT\" \/>\n<meta property=\"og:type\" content=\"article\" \/>\n<meta property=\"og:title\" content=\"ITAJU\u00cdPE: DEFENSORIA P\u00daBLICA ESTAR\u00c1 NO MUNIC\u00cdPIO DIA 13. - blog do er\u00ea\" \/>\n<meta property=\"og:description\" content=\"No dia 13 de setembro, a Unidade M\u00f3vel de Atendimento da Defensoria P\u00fablica da Bahia estar\u00e1 em Itaju\u00edpe e atender\u00e1 aos moradores no Complexo Tur\u00edstico Jorge Amado, das 8 \u00e0s...\" \/>\n<meta property=\"og:url\" content=\"https:\/\/blogdoere.com.br\/?p=26027\" \/>\n<meta property=\"og:site_name\" content=\"blog do er\u00ea\" \/>\n<meta property=\"article:published_time\" content=\"2019-08-30T17:31:00+00:00\" \/>\n<meta property=\"article:modified_time\" content=\"2021-11-05T05:59:01+00:00\" \/>\n<meta property=\"og:image\" content=\"https:\/\/blogdoere.com.br\/wp-content\/uploads\/2019\/08\/FOTO_20190830_143513.jpg\" \/>\n\t<meta property=\"og:image:width\" content=\"320\" \/>\n\t<meta property=\"og:image:height\" content=\"169\" \/>\n\t<meta property=\"og:image:type\" content=\"image\/jpeg\" \/>\n<meta name=\"author\" content=\"Ere\" \/>\n<meta name=\"twitter:card\" content=\"summary_large_image\" \/>\n<meta name=\"twitter:label1\" content=\"Escrito por\" \/>\n\t<meta name=\"twitter:data1\" content=\"Ere\" \/>\n\t<meta name=\"twitter:label2\" content=\"Tempo estimado de leitura\" \/>\n\t<meta name=\"twitter:data2\" content=\"1 minuto\" \/>\n<script type=\"application\/ld+json\" class=\"yoast-schema-graph\">{\"@context\":\"https:\/\/schema.org\",\"@graph\":[{\"@type\":\"Article\",\"@id\":\"https:\/\/blogdoere.com.br\/?p=26027#article\",\"isPartOf\":{\"@id\":\"https:\/\/blogdoere.com.br\/?p=26027\"},\"author\":{\"name\":\"Ere\",\"@id\":\"https:\/\/blogdoere.com.br\/#\/schema\/person\/4b56ed2336cb28ae3415ce8ffe56742e\"},\"headline\":\"ITAJU\u00cdPE: DEFENSORIA P\u00daBLICA ESTAR\u00c1 NO MUNIC\u00cdPIO DIA 13.\",\"datePublished\":\"2019-08-30T17:31:00+00:00\",\"dateModified\":\"2021-11-05T05:59:01+00:00\",\"mainEntityOfPage\":{\"@id\":\"https:\/\/blogdoere.com.br\/?p=26027\"},\"wordCount\":116,\"commentCount\":0,\"publisher\":{\"@id\":\"https:\/\/blogdoere.com.br\/#organization\"},\"articleSection\":[\"Destaques\"],\"inLanguage\":\"pt-PT\",\"potentialAction\":[{\"@type\":\"CommentAction\",\"name\":\"Comment\",\"target\":[\"https:\/\/blogdoere.com.br\/?p=26027#respond\"]}]},{\"@type\":\"WebPage\",\"@id\":\"https:\/\/blogdoere.com.br\/?p=26027\",\"url\":\"https:\/\/blogdoere.com.br\/?p=26027\",\"name\":\"ITAJU\u00cdPE: DEFENSORIA P\u00daBLICA ESTAR\u00c1 NO MUNIC\u00cdPIO DIA 13. - blog do er\u00ea\",\"isPartOf\":{\"@id\":\"https:\/\/blogdoere.com.br\/#website\"},\"datePublished\":\"2019-08-30T17:31:00+00:00\",\"dateModified\":\"2021-11-05T05:59:01+00:00\",\"breadcrumb\":{\"@id\":\"https:\/\/blogdoere.com.br\/?p=26027#breadcrumb\"},\"inLanguage\":\"pt-PT\",\"potentialAction\":[{\"@type\":\"ReadAction\",\"target\":[\"https:\/\/blogdoere.com.br\/?p=26027\"]}]},{\"@type\":\"BreadcrumbList\",\"@id\":\"https:\/\/blogdoere.com.br\/?p=26027#breadcrumb\",\"itemListElement\":[{\"@type\":\"ListItem\",\"position\":1,\"name\":\"In\u00edcio\",\"item\":\"https:\/\/blogdoere.com.br\/\"},{\"@type\":\"ListItem\",\"position\":2,\"name\":\"ITAJU\u00cdPE: DEFENSORIA P\u00daBLICA ESTAR\u00c1 NO MUNIC\u00cdPIO DIA 13.\"}]},{\"@type\":\"WebSite\",\"@id\":\"https:\/\/blogdoere.com.br\/#website\",\"url\":\"https:\/\/blogdoere.com.br\/\",\"name\":\"blog do er\u00ea\",\"description\":\"\",\"publisher\":{\"@id\":\"https:\/\/blogdoere.com.br\/#organization\"},\"potentialAction\":[{\"@type\":\"SearchAction\",\"target\":{\"@type\":\"EntryPoint\",\"urlTemplate\":\"https:\/\/blogdoere.com.br\/?s={search_term_string}\"},\"query-input\":\"required name=search_term_string\"}],\"inLanguage\":\"pt-PT\"},{\"@type\":\"Organization\",\"@id\":\"https:\/\/blogdoere.com.br\/#organization\",\"name\":\"Blog do Er\u00ea\",\"url\":\"https:\/\/blogdoere.com.br\/\",\"logo\":{\"@type\":\"ImageObject\",\"inLanguage\":\"pt-PT\",\"@id\":\"https:\/\/blogdoere.com.br\/#\/schema\/logo\/image\/\",\"url\":\"https:\/\/blogdoere.com.br\/wp-content\/uploads\/2021\/11\/Logo-Ere-1.png\",\"contentUrl\":\"https:\/\/blogdoere.com.br\/wp-content\/uploads\/2021\/11\/Logo-Ere-1.png\",\"width\":1261,\"height\":1330,\"caption\":\"Blog do Er\u00ea\"},\"image\":{\"@id\":\"https:\/\/blogdoere.com.br\/#\/schema\/logo\/image\/\"}},{\"@type\":\"Person\",\"@id\":\"https:\/\/blogdoere.com.br\/#\/schema\/person\/4b56ed2336cb28ae3415ce8ffe56742e\",\"name\":\"Ere\",\"image\":{\"@type\":\"ImageObject\",\"inLanguage\":\"pt-PT\",\"@id\":\"https:\/\/blogdoere.com.br\/#\/schema\/person\/image\/\",\"url\":\"https:\/\/secure.gravatar.com\/avatar\/?s=96&d=mm&r=g\",\"contentUrl\":\"https:\/\/secure.gravatar.com\/avatar\/?s=96&d=mm&r=g\",\"caption\":\"Ere\"}}]}<\/script>\n<!-- \/ Yoast SEO plugin. -->","yoast_head_json":{"title":"ITAJU\u00cdPE: DEFENSORIA P\u00daBLICA ESTAR\u00c1 NO MUNIC\u00cdPIO DIA 13. - blog do er\u00ea","robots":{"index":"index","follow":"follow","max-snippet":"max-snippet:-1","max-image-preview":"max-image-preview:large","max-video-preview":"max-video-preview:-1"},"canonical":"https:\/\/blogdoere.com.br\/?p=26027","og_locale":"pt_PT","og_type":"article","og_title":"ITAJU\u00cdPE: DEFENSORIA P\u00daBLICA ESTAR\u00c1 NO MUNIC\u00cdPIO DIA 13. - blog do er\u00ea","og_description":"No dia 13 de setembro, a Unidade M\u00f3vel de Atendimento da Defensoria P\u00fablica da Bahia estar\u00e1 em Itaju\u00edpe e atender\u00e1 aos moradores no Complexo Tur\u00edstico Jorge Amado, das 8 \u00e0s...","og_url":"https:\/\/blogdoere.com.br\/?p=26027","og_site_name":"blog do er\u00ea","article_published_time":"2019-08-30T17:31:00+00:00","article_modified_time":"2021-11-05T05:59:01+00:00","og_image":[{"width":320,"height":169,"url":"https:\/\/blogdoere.com.br\/wp-content\/uploads\/2019\/08\/FOTO_20190830_143513.jpg","type":"image\/jpeg"}],"author":"Ere","twitter_card":"summary_large_image","twitter_misc":{"Escrito por":"Ere","Tempo estimado de leitura":"1 minuto"},"schema":{"@context":"https:\/\/schema.org","@graph":[{"@type":"Article","@id":"https:\/\/blogdoere.com.br\/?p=26027#article","isPartOf":{"@id":"https:\/\/blogdoere.com.br\/?p=26027"},"author":{"name":"Ere","@id":"https:\/\/blogdoere.com.br\/#\/schema\/person\/4b56ed2336cb28ae3415ce8ffe56742e"},"headline":"ITAJU\u00cdPE: DEFENSORIA P\u00daBLICA ESTAR\u00c1 NO MUNIC\u00cdPIO DIA 13.","datePublished":"2019-08-30T17:31:00+00:00","dateModified":"2021-11-05T05:59:01+00:00","mainEntityOfPage":{"@id":"https:\/\/blogdoere.com.br\/?p=26027"},"wordCount":116,"commentCount":0,"publisher":{"@id":"https:\/\/blogdoere.com.br\/#organization"},"articleSection":["Destaques"],"inLanguage":"pt-PT","potentialAction":[{"@type":"CommentAction","name":"Comment","target":["https:\/\/blogdoere.com.br\/?p=26027#respond"]}]},{"@type":"WebPage","@id":"https:\/\/blogdoere.com.br\/?p=26027","url":"https:\/\/blogdoere.com.br\/?p=26027","name":"ITAJU\u00cdPE: DEFENSORIA P\u00daBLICA ESTAR\u00c1 NO MUNIC\u00cdPIO DIA 13. - blog do er\u00ea","isPartOf":{"@id":"https:\/\/blogdoere.com.br\/#website"},"datePublished":"2019-08-30T17:31:00+00:00","dateModified":"2021-11-05T05:59:01+00:00","breadcrumb":{"@id":"https:\/\/blogdoere.com.br\/?p=26027#breadcrumb"},"inLanguage":"pt-PT","potentialAction":[{"@type":"ReadAction","target":["https:\/\/blogdoere.com.br\/?p=26027"]}]},{"@type":"BreadcrumbList","@id":"https:\/\/blogdoere.com.br\/?p=26027#breadcrumb","itemListElement":[{"@type":"ListItem","position":1,"name":"In\u00edcio","item":"https:\/\/blogdoere.com.br\/"},{"@type":"ListItem","position":2,"name":"ITAJU\u00cdPE: DEFENSORIA P\u00daBLICA ESTAR\u00c1 NO MUNIC\u00cdPIO DIA 13."}]},{"@type":"WebSite","@id":"https:\/\/blogdoere.com.br\/#website","url":"https:\/\/blogdoere.com.br\/","name":"blog do er\u00ea","description":"","publisher":{"@id":"https:\/\/blogdoere.com.br\/#organization"},"potentialAction":[{"@type":"SearchAction","target":{"@type":"EntryPoint","urlTemplate":"https:\/\/blogdoere.com.br\/?s={search_term_string}"},"query-input":"required name=search_term_string"}],"inLanguage":"pt-PT"},{"@type":"Organization","@id":"https:\/\/blogdoere.com.br\/#organization","name":"Blog do Er\u00ea","url":"https:\/\/blogdoere.com.br\/","logo":{"@type":"ImageObject","inLanguage":"pt-PT","@id":"https:\/\/blogdoere.com.br\/#\/schema\/logo\/image\/","url":"https:\/\/blogdoere.com.br\/wp-content\/uploads\/2021\/11\/Logo-Ere-1.png","contentUrl":"https:\/\/blogdoere.com.br\/wp-content\/uploads\/2021\/11\/Logo-Ere-1.png","width":1261,"height":1330,"caption":"Blog do Er\u00ea"},"image":{"@id":"https:\/\/blogdoere.com.br\/#\/schema\/logo\/image\/"}},{"@type":"Person","@id":"https:\/\/blogdoere.com.br\/#\/schema\/person\/4b56ed2336cb28ae3415ce8ffe56742e","name":"Ere","image":{"@type":"ImageObject","inLanguage":"pt-PT","@id":"https:\/\/blogdoere.com.br\/#\/schema\/person\/image\/","url":"https:\/\/secure.gravatar.com\/avatar\/?s=96&d=mm&r=g","contentUrl":"https:\/\/secure.gravatar.com\/avatar\/?s=96&d=mm&r=g","caption":"Ere"}}]}},"featured_image_urls":{"full":["https:\/\/blogdoere.com.br\/wp-content\/uploads\/2019\/08\/FOTO_20190830_143513.jpg",320,169,false],"thumbnail":["https:\/\/blogdoere.com.br\/wp-content\/uploads\/2019\/08\/FOTO_20190830_143513-150x150.jpg",150,150,true],"medium":["https:\/\/blogdoere.com.br\/wp-content\/uploads\/2019\/08\/FOTO_20190830_143513-300x158.jpg",300,158,true],"medium_large":["https:\/\/blogdoere.com.br\/wp-content\/uploads\/2019\/08\/FOTO_20190830_143513.jpg",320,169,false],"large":["https:\/\/blogdoere.com.br\/wp-content\/uploads\/2019\/08\/FOTO_20190830_143513.jpg",320,169,false],"1536x1536":["https:\/\/blogdoere.com.br\/wp-content\/uploads\/2019\/08\/FOTO_20190830_143513.jpg",320,169,false],"2048x2048":["https:\/\/blogdoere.com.br\/wp-content\/uploads\/2019\/08\/FOTO_20190830_143513.jpg",320,169,false]},"author_info":{"display_name":"Ere","author_link":"https:\/\/blogdoere.com.br\/?author=2"},"category_info":"<a href=\"https:\/\/blogdoere.com.br\/?cat=1\" rel=\"category\">Destaques<\/a>","tag_info":"Destaques","comment_count":"0","_links":{"self":[{"href":"https:\/\/blogdoere.com.br\/index.php?rest_route=\/wp\/v2\/posts\/26027","targetHints":{"allow":["GET"]}}],"collection":[{"href":"https:\/\/blogdoere.com.br\/index.php?rest_route=\/wp\/v2\/posts"}],"about":[{"href":"https:\/\/blogdoere.com.br\/index.php?rest_route=\/wp\/v2\/types\/post"}],"author":[{"embeddable":true,"href":"https:\/\/blogdoere.com.br\/index.php?rest_route=\/wp\/v2\/users\/2"}],"replies":[{"embeddable":true,"href":"https:\/\/blogdoere.com.br\/index.php?rest_route=%2Fwp%2Fv2%2Fcomments&post=26027"}],"version-history":[{"count":1,"href":"https:\/\/blogdoere.com.br\/index.php?rest_route=\/wp\/v2\/posts\/26027\/revisions"}],"predecessor-version":[{"id":27129,"href":"https:\/\/blogdoere.com.br\/index.php?rest_route=\/wp\/v2\/posts\/26027\/revisions\/27129"}],"wp:featuredmedia":[{"embeddable":true,"href":"https:\/\/blogdoere.com.br\/index.php?rest_route=\/wp\/v2\/media\/27128"}],"wp:attachment":[{"href":"https:\/\/blogdoere.com.br\/index.php?rest_route=%2Fwp%2Fv2%2Fmedia&parent=26027"}],"wp:term":[{"taxonomy":"category","embeddable":true,"href":"https:\/\/blogdoere.com.br\/index.php?rest_route=%2Fwp%2Fv2%2Fcategories&post=26027"},{"taxonomy":"post_tag","embeddable":true,"href":"https:\/\/blogdoere.com.br\/index.php?rest_route=%2Fwp%2Fv2%2Ftags&post=26027"}],"curies":[{"name":"wp","href":"https:\/\/api.w.org\/{rel}","templated":true}]}}