{"id":26028,"date":"2019-08-06T12:52:00","date_gmt":"2019-08-06T12:52:00","guid":{"rendered":"http:\/\/blogdoere.com.br\/?p=26028"},"modified":"2021-11-05T05:57:57","modified_gmt":"2021-11-05T05:57:57","slug":"conheca-a-historia-de-vida-do-itajuipense-gil-velloso","status":"publish","type":"post","link":"https:\/\/blogdoere.com.br\/?p=26028","title":{"rendered":"CONHE\u00c7A A HIST\u00d3RIA DE VIDA DO ITAJUIPENSE GIL VELLOSO."},"content":{"rendered":"<div style=\"clear: both; text-align: center;\"><a style=\"margin-left: 1em; margin-right: 1em;\" href=\"https:\/\/1.bp.blogspot.com\/-7h-U23JJpvg\/XUl04Z4cIpI\/AAAAAAAAHGw\/veaFrIpcBa4rRxZDvsHP1Nlx49kNyEJSgCLcBGAs\/s1600\/FOTO_20190806_011200.jpg\"><img decoding=\"async\" src=\"https:\/\/1.bp.blogspot.com\/-7h-U23JJpvg\/XUl04Z4cIpI\/AAAAAAAAHGw\/veaFrIpcBa4rRxZDvsHP1Nlx49kNyEJSgCLcBGAs\/s320\/FOTO_20190806_011200.jpg\" width=\"320\" height=\"239\" border=\"0\" data-original-height=\"704\" data-original-width=\"940\" \/><\/a><\/div>\n<div dir=\"ltr\" style=\"line-height: 1.7999999999999998; margin-bottom: 0pt; margin-top: 0pt; text-align: justify;\"><span style=\"color: #00000a; font-family: 'arial'; font-size: 12pt; white-space: pre-wrap;\">\u00a0<\/span><\/div>\n<div dir=\"ltr\" style=\"line-height: 1.7999999999999998; margin-bottom: 0pt; margin-top: 0pt; text-align: justify;\"><span style=\"color: #00000a; font-family: 'arial'; font-size: 12pt; white-space: pre-wrap;\">&#8220;Minha m\u00e3e era uma guerreira, fez de tudo para educar os filhos&#8221;\u00a0<\/span><\/div>\n<div dir=\"ltr\" style=\"line-height: 1.7999999999999998; margin-bottom: 0pt; margin-top: 0pt; text-align: justify;\"><span style=\"font-family: 'arial'; font-size: 12pt; vertical-align: baseline; white-space: pre-wrap;\">Um sonho que se transformou em realidade. A hist\u00f3ria de vida e supera\u00e7\u00e3o que vou contar nas pr\u00f3ximas linhas come\u00e7a na adolesc\u00eancia do ent\u00e3o garoto Gilson Santos de Souza que trabalhou no in\u00edcio da d\u00e9cada de 1970, ainda adolescente, no Bar Natal, do saudoso Fernandinho Curi\u00f3, na Pra\u00e7a Vereador Jos\u00e9 Adry\u00a0 em Itaju\u00edpe. Gilson tem hoje 63 anos de idade. Radicado na mais populosa capital do pa\u00eds, se orgulha em ter nascido em Itaju\u00edpe, onde ainda vive seus primos e alguns amigos de inf\u00e2ncia. Itajuipense raiz, seu sonho, desde crian\u00e7a, era ser m\u00fasico mas, as condi\u00e7\u00f5es de seus pais trabalhadores rurais Bid\u00fa e dona Paulina n\u00e3o permitiam sequer comprar um viol\u00e3o para o filho.<\/span><span style=\"color: #00000a; font-family: 'arial'; font-size: 12pt; vertical-align: baseline; white-space: pre-wrap;\"> Ainda garoto, j\u00e1 querendo dar os primeiro passos na arte musical, ele lembra que teve na Alian\u00e7a dos Artistas, por um per\u00edodo, aula de m\u00fasica com o maestro Joel Carlos, do Rio de Janeiro, onde despertou, de fato, seu gosto pela m\u00fasica e tamb\u00e9m, segundo ele, sempre corria at\u00e9 os ensaios da magn\u00edfica banda de bailes \u201cOs Brasas\u201d, comandada pelo saudoso Jo\u00e3o, Antonilson, Jaelson, Arnaldo e Tonh\u00e3o, e ficava encantado com\u00a0 cada acorde. At\u00e9 que um dia pediu para Tonh\u00e3o deix\u00e1-lo fazer uns acordes na sua guitarra. Da\u00ed para frente n\u00e3o tirava da cabe\u00e7a o sonho de ser m\u00fasico \u2013 j\u00e1 sabia que era isso que mudaria a sua vida. Sua m\u00e3e, querendo dar um futuro melhor para os 16 filhos, achou que o futuro da fam\u00edlia n\u00e3o estava na terra do cacau e migrou para S\u00e3o Paulo assim que Gil terminou o ensino fundamental na ent\u00e3o Escola de Com\u00e9rcio.<\/span><\/div>\n<div style=\"clear: both; text-align: center;\"><a style=\"margin-left: 1em; margin-right: 1em;\" href=\"https:\/\/1.bp.blogspot.com\/-8EV3AJVaA00\/XUl1U_-hGxI\/AAAAAAAAHG4\/lcEAioxEmj4v6NNMAzYSeXsjmnnzVO7HgCLcBGAs\/s1600\/FOTO_20190802_220249.jpg\"><img decoding=\"async\" src=\"https:\/\/1.bp.blogspot.com\/-8EV3AJVaA00\/XUl1U_-hGxI\/AAAAAAAAHG4\/lcEAioxEmj4v6NNMAzYSeXsjmnnzVO7HgCLcBGAs\/s320\/FOTO_20190802_220249.jpg\" width=\"320\" height=\"201\" border=\"0\" data-original-height=\"692\" data-original-width=\"1099\" \/><\/a><\/div>\n<div dir=\"ltr\" style=\"line-height: 1.7999999999999998; margin-bottom: 0pt; margin-top: 0pt; text-align: justify;\"><span style=\"color: #00000a; font-family: 'arial'; font-size: 12pt; white-space: pre-wrap;\">Como a maioria dos retirantes nordestinos, chegando\u00a0 a capital paulista, todos tinham um s\u00f3 objetivo: trabalhar, estudar, lutar para vencer na vida \u2013 e foi exatamente assim que aconteceu. Seus saudosos pais conseguiram formar todos os filhos \u2013 lutaram, constitu\u00edram suas fam\u00edlias e venceram cada um dentro das suas op\u00e7\u00f5es profissionais. &#8220;Minha m\u00e3e era uma guerreira, fez de tudo para educar os filhos&#8221; conta ele, que se formou em Administra\u00e7\u00e3o pela Universidade Franciscana. <\/span><span style=\"color: #00000a; font-family: 'arial'; font-size: 12pt; white-space: pre-wrap;\">Voltemos ent\u00e3o ao in\u00edcio da sua carreira profissional. Como m\u00fasico e compositor no final da d\u00e9cada de 1970, Gilson que, na ocasi\u00e3o, tinha longos cabelos, teve o nome art\u00edstico dado pelo produtor musical Frank Arduim devido ser baiano e ter caracter\u00edsticas f\u00edsicas semelhantes ao renomado artista conterr\u00e2neo Caetano Veloso. &#8220;Nunca foi pretens\u00e3o de minha parte comparar os talentos, foi homenagem mesmo&#8221; diz Gil.\u00a0 Com o nome art\u00edstico j\u00e1 definido, Gil Velloso entrou de cabe\u00e7a no mundo da m\u00fasica e fez carreira como contrabaixista, compositor e produtor musical ao lado do consagrado m\u00fasico, seu \u00eddolo, Tim Maia, bem como seu saudoso compadre Luiz Melodia e outros artistas renomados como Os Originais do Samba, Genival Lacerda, Peninha, Casa das Maquinas, Neguinho da Beija Flor, Roberto Ribeiro, Carlos Daf\u00e9, Luiz Ayr\u00e3o, Agep\u00ea, Emilio Santiago e K\u00e1tia.<\/span><\/div>\n<div style=\"clear: both; text-align: center;\"><a style=\"margin-left: 1em; margin-right: 1em;\" href=\"https:\/\/1.bp.blogspot.com\/-j6S9FPeEJrU\/XUl3mget_XI\/AAAAAAAAHHM\/VLMHjx41Y2QoCmoW_kje223HD7O_DL4agCLcBGAs\/s1600\/FOTO_20190806_011229.jpg\"><img decoding=\"async\" src=\"https:\/\/1.bp.blogspot.com\/-j6S9FPeEJrU\/XUl3mget_XI\/AAAAAAAAHHM\/VLMHjx41Y2QoCmoW_kje223HD7O_DL4agCLcBGAs\/s1600\/FOTO_20190806_011229.jpg\" border=\"0\" data-original-height=\"764\" data-original-width=\"980\" \/><\/a><\/div>\n<div dir=\"ltr\" style=\"line-height: 1.7999999999999998; margin-bottom: 0pt; margin-top: 0pt; text-align: justify;\"><span style=\"color: #00000a; font-family: 'arial'; font-size: 12pt; white-space: pre-wrap;\">Como compositor, segundo ele, j\u00e1 teve mais de 500 m\u00fasicas de sua autoria gravadas em parcerias com renomados artistas de diversos seguimentos e ritmos musicais inclusive, participou dos festivais da Record na edi\u00e7\u00e3o de 1991 com a m\u00fasica \u201cAquilo Roxo\u201d. Ele conta que o t\u00edtulo foi uma refer\u00eancia a uma afirma\u00e7\u00e3o do presidente Fernando Collor que chegou a dizer, na ocasi\u00e3o, que n\u00e3o sofreria o &#8220;impeachment&#8221; por que tinha &#8220;aquilo roxo&#8221;. Com a m\u00fasica, chegou entre os finalistas com participa\u00e7\u00e3o no LP do festival. Gil se orgulha em ter trabalhado com os artistas que foi f\u00e3 na adolesc\u00eancia quando trabalhava no bar e ouvia suas can\u00e7\u00f5es. Gil Velloso rodou o Brasil e parte do mundo, da Am\u00e9rica \u00e0 Europa, participou de diversos programas em\u00a0 emissoras de r\u00e1dio de televis\u00e3o \u2013 Clube dos Artistas, Almo\u00e7o com as Estrelas, Viva a Noite, TV da Gente, Netinho de Paula \u2013 al\u00e9m de ter seu nome citado em mais de cinco livros inclusive, nas biografias dos seus saudosos amigos Mussum e Tim Maia. Fundou, nos anos 1990, a Produtora GVA tendo como s\u00f3cio de grava\u00e7\u00f5es RED FOX que no momento produz diversos artistas, priorizando o conte\u00fado musical. Sempre bem informado com o mercado da m\u00fasica, com a experi\u00eancia musical na bagagem, segundo ele, a m\u00fasica &#8220;deixou de valorizar conte\u00fado&#8221;. Atualmente, Gil se volta para seu novo projeto como produtor musical junto com a cantora K\u00e1tia, afilhada do Rei Roberto Carlos, num projeto musical inovador, que ele assina como produtor: &#8220;K\u00e1tia canta Roberto&#8221;.\u00a0<\/span><\/div>\n<div dir=\"ltr\" style=\"line-height: 1.7999999999999998; margin-bottom: 0pt; margin-top: 0pt; text-align: justify;\"><\/div>\n<div style=\"clear: both; text-align: center;\"><a style=\"margin-left: 1em; margin-right: 1em;\" href=\"https:\/\/1.bp.blogspot.com\/-JeFKkTNPoOE\/XUl1kmr7psI\/AAAAAAAAHHE\/_5orgyKHYUgw8_kkNebwLwRgIP3wEHqlACEwYBhgL\/s1600\/FOTO_20190802_220411.jpg\"><img decoding=\"async\" src=\"https:\/\/1.bp.blogspot.com\/-JeFKkTNPoOE\/XUl1kmr7psI\/AAAAAAAAHHE\/_5orgyKHYUgw8_kkNebwLwRgIP3wEHqlACEwYBhgL\/s320\/FOTO_20190802_220411.jpg\" width=\"320\" height=\"281\" border=\"0\" data-original-height=\"1006\" data-original-width=\"1145\" \/><\/a><\/div>\n<div dir=\"ltr\" style=\"line-height: 1.7999999999999998; margin-bottom: 0pt; margin-top: 0pt; text-align: justify;\"><span style=\"color: #00000a; font-family: 'arial'; font-size: 12pt; vertical-align: baseline; white-space: pre-wrap;\">Embora tenha deixado para tr\u00e1s sua terra raiz h\u00e1 quase meio s\u00e9culo, com quinze anos de idade, e com objetivo de realizar seu sonho no mundo da m\u00fasica, constitu\u00eddo fam\u00edlia em S\u00e3o Paulo, Gil Velloso costuma dizer: &#8220;quem vive da m\u00fasica, mora no mundo&#8221;. No entanto, mesmo vivendo e correndo o mundo nunca esqueceu as suas origens e lembra-se dos primos Ded\u00ea, Branco, da saudosa professora Elza Weyll, no Col\u00e9gio Municipal Professora Leolina Nazareth de Andrade e do colega, Jorge Bicu\u00edca, na Escola de Com\u00e9rcio, com quem n\u00e3o perdeu a liga\u00e7\u00e3o e sempre compartilham as lembran\u00e7as da inf\u00e2ncia e adolesc\u00eancia em sua terra natal a pequena e aconchegante Itaju\u00edpe, no sul da Bahia.\u00a0<\/span><\/div>\n<p>Por: Er\u00ea<\/p>\n","protected":false},"excerpt":{"rendered":"<p>\u00a0 &#8220;Minha m\u00e3e era uma guerreira, fez de tudo para educar os filhos&#8221;\u00a0 Um sonho que se transformou em realidade. A hist\u00f3ria de vida e supera\u00e7\u00e3o que vou contar nas&#8230;<\/p>\n","protected":false},"author":2,"featured_media":27126,"comment_status":"open","ping_status":"open","sticky":false,"template":"","format":"standard","meta":{"_editorskit_title_hidden":false,"_editorskit_reading_time":0,"_editorskit_is_block_options_detached":false,"_editorskit_block_options_position":"{}","om_disable_all_campaigns":false,"_mi_skip_tracking":false,"_kad_post_transparent":"","_kad_post_title":"","_kad_post_layout":"","_kad_post_sidebar_id":"","_kad_post_content_style":"","_kad_post_vertical_padding":"","_kad_post_feature":"","_kad_post_feature_position":"","_kad_post_header":false,"_kad_post_footer":false,"footnotes":""},"categories":[1],"tags":[],"class_list":["post-26028","post","type-post","status-publish","format-standard","has-post-thumbnail","hentry","category-destaques"],"yoast_head":"<!-- This site is optimized with the Yoast SEO plugin v20.5 - https:\/\/yoast.com\/wordpress\/plugins\/seo\/ -->\n<title>CONHE\u00c7A A HIST\u00d3RIA DE VIDA DO ITAJUIPENSE GIL VELLOSO. - blog do er\u00ea<\/title>\n<meta name=\"robots\" content=\"index, follow, max-snippet:-1, max-image-preview:large, max-video-preview:-1\" \/>\n<link rel=\"canonical\" href=\"https:\/\/blogdoere.com.br\/?p=26028\" \/>\n<meta property=\"og:locale\" content=\"pt_PT\" \/>\n<meta property=\"og:type\" content=\"article\" \/>\n<meta property=\"og:title\" content=\"CONHE\u00c7A A HIST\u00d3RIA DE VIDA DO ITAJUIPENSE GIL VELLOSO. - blog do er\u00ea\" \/>\n<meta property=\"og:description\" content=\"\u00a0 &#8220;Minha m\u00e3e era uma guerreira, fez de tudo para educar os filhos&#8221;\u00a0 Um sonho que se transformou em realidade. A hist\u00f3ria de vida e supera\u00e7\u00e3o que vou contar nas...\" \/>\n<meta property=\"og:url\" content=\"https:\/\/blogdoere.com.br\/?p=26028\" \/>\n<meta property=\"og:site_name\" content=\"blog do er\u00ea\" \/>\n<meta property=\"article:published_time\" content=\"2019-08-06T12:52:00+00:00\" \/>\n<meta property=\"article:modified_time\" content=\"2021-11-05T05:57:57+00:00\" \/>\n<meta property=\"og:image\" content=\"https:\/\/blogdoere.com.br\/wp-content\/uploads\/2019\/08\/FOTO_20190806_011200.jpg\" \/>\n\t<meta property=\"og:image:width\" content=\"320\" \/>\n\t<meta property=\"og:image:height\" content=\"239\" \/>\n\t<meta property=\"og:image:type\" content=\"image\/jpeg\" \/>\n<meta name=\"author\" content=\"Ere\" \/>\n<meta name=\"twitter:card\" content=\"summary_large_image\" \/>\n<meta name=\"twitter:label1\" content=\"Escrito por\" \/>\n\t<meta name=\"twitter:data1\" content=\"Ere\" \/>\n\t<meta name=\"twitter:label2\" content=\"Tempo estimado de leitura\" \/>\n\t<meta name=\"twitter:data2\" content=\"5 minutos\" \/>\n<script type=\"application\/ld+json\" class=\"yoast-schema-graph\">{\"@context\":\"https:\/\/schema.org\",\"@graph\":[{\"@type\":\"Article\",\"@id\":\"https:\/\/blogdoere.com.br\/?p=26028#article\",\"isPartOf\":{\"@id\":\"https:\/\/blogdoere.com.br\/?p=26028\"},\"author\":{\"name\":\"Ere\",\"@id\":\"https:\/\/blogdoere.com.br\/#\/schema\/person\/4b56ed2336cb28ae3415ce8ffe56742e\"},\"headline\":\"CONHE\u00c7A A HIST\u00d3RIA DE VIDA DO ITAJUIPENSE GIL VELLOSO.\",\"datePublished\":\"2019-08-06T12:52:00+00:00\",\"dateModified\":\"2021-11-05T05:57:57+00:00\",\"mainEntityOfPage\":{\"@id\":\"https:\/\/blogdoere.com.br\/?p=26028\"},\"wordCount\":944,\"commentCount\":4,\"publisher\":{\"@id\":\"https:\/\/blogdoere.com.br\/#organization\"},\"articleSection\":[\"Destaques\"],\"inLanguage\":\"pt-PT\",\"potentialAction\":[{\"@type\":\"CommentAction\",\"name\":\"Comment\",\"target\":[\"https:\/\/blogdoere.com.br\/?p=26028#respond\"]}]},{\"@type\":\"WebPage\",\"@id\":\"https:\/\/blogdoere.com.br\/?p=26028\",\"url\":\"https:\/\/blogdoere.com.br\/?p=26028\",\"name\":\"CONHE\u00c7A A HIST\u00d3RIA DE VIDA DO ITAJUIPENSE GIL VELLOSO. - blog do er\u00ea\",\"isPartOf\":{\"@id\":\"https:\/\/blogdoere.com.br\/#website\"},\"datePublished\":\"2019-08-06T12:52:00+00:00\",\"dateModified\":\"2021-11-05T05:57:57+00:00\",\"breadcrumb\":{\"@id\":\"https:\/\/blogdoere.com.br\/?p=26028#breadcrumb\"},\"inLanguage\":\"pt-PT\",\"potentialAction\":[{\"@type\":\"ReadAction\",\"target\":[\"https:\/\/blogdoere.com.br\/?p=26028\"]}]},{\"@type\":\"BreadcrumbList\",\"@id\":\"https:\/\/blogdoere.com.br\/?p=26028#breadcrumb\",\"itemListElement\":[{\"@type\":\"ListItem\",\"position\":1,\"name\":\"In\u00edcio\",\"item\":\"https:\/\/blogdoere.com.br\/\"},{\"@type\":\"ListItem\",\"position\":2,\"name\":\"CONHE\u00c7A A HIST\u00d3RIA DE VIDA DO ITAJUIPENSE GIL VELLOSO.\"}]},{\"@type\":\"WebSite\",\"@id\":\"https:\/\/blogdoere.com.br\/#website\",\"url\":\"https:\/\/blogdoere.com.br\/\",\"name\":\"blog do er\u00ea\",\"description\":\"\",\"publisher\":{\"@id\":\"https:\/\/blogdoere.com.br\/#organization\"},\"potentialAction\":[{\"@type\":\"SearchAction\",\"target\":{\"@type\":\"EntryPoint\",\"urlTemplate\":\"https:\/\/blogdoere.com.br\/?s={search_term_string}\"},\"query-input\":\"required name=search_term_string\"}],\"inLanguage\":\"pt-PT\"},{\"@type\":\"Organization\",\"@id\":\"https:\/\/blogdoere.com.br\/#organization\",\"name\":\"Blog do Er\u00ea\",\"url\":\"https:\/\/blogdoere.com.br\/\",\"logo\":{\"@type\":\"ImageObject\",\"inLanguage\":\"pt-PT\",\"@id\":\"https:\/\/blogdoere.com.br\/#\/schema\/logo\/image\/\",\"url\":\"https:\/\/blogdoere.com.br\/wp-content\/uploads\/2021\/11\/Logo-Ere-1.png\",\"contentUrl\":\"https:\/\/blogdoere.com.br\/wp-content\/uploads\/2021\/11\/Logo-Ere-1.png\",\"width\":1261,\"height\":1330,\"caption\":\"Blog do Er\u00ea\"},\"image\":{\"@id\":\"https:\/\/blogdoere.com.br\/#\/schema\/logo\/image\/\"}},{\"@type\":\"Person\",\"@id\":\"https:\/\/blogdoere.com.br\/#\/schema\/person\/4b56ed2336cb28ae3415ce8ffe56742e\",\"name\":\"Ere\",\"image\":{\"@type\":\"ImageObject\",\"inLanguage\":\"pt-PT\",\"@id\":\"https:\/\/blogdoere.com.br\/#\/schema\/person\/image\/\",\"url\":\"https:\/\/secure.gravatar.com\/avatar\/?s=96&d=mm&r=g\",\"contentUrl\":\"https:\/\/secure.gravatar.com\/avatar\/?s=96&d=mm&r=g\",\"caption\":\"Ere\"}}]}<\/script>\n<!-- \/ Yoast SEO plugin. -->","yoast_head_json":{"title":"CONHE\u00c7A A HIST\u00d3RIA DE VIDA DO ITAJUIPENSE GIL VELLOSO. - blog do er\u00ea","robots":{"index":"index","follow":"follow","max-snippet":"max-snippet:-1","max-image-preview":"max-image-preview:large","max-video-preview":"max-video-preview:-1"},"canonical":"https:\/\/blogdoere.com.br\/?p=26028","og_locale":"pt_PT","og_type":"article","og_title":"CONHE\u00c7A A HIST\u00d3RIA DE VIDA DO ITAJUIPENSE GIL VELLOSO. - blog do er\u00ea","og_description":"\u00a0 &#8220;Minha m\u00e3e era uma guerreira, fez de tudo para educar os filhos&#8221;\u00a0 Um sonho que se transformou em realidade. A hist\u00f3ria de vida e supera\u00e7\u00e3o que vou contar nas...","og_url":"https:\/\/blogdoere.com.br\/?p=26028","og_site_name":"blog do er\u00ea","article_published_time":"2019-08-06T12:52:00+00:00","article_modified_time":"2021-11-05T05:57:57+00:00","og_image":[{"width":320,"height":239,"url":"https:\/\/blogdoere.com.br\/wp-content\/uploads\/2019\/08\/FOTO_20190806_011200.jpg","type":"image\/jpeg"}],"author":"Ere","twitter_card":"summary_large_image","twitter_misc":{"Escrito por":"Ere","Tempo estimado de leitura":"5 minutos"},"schema":{"@context":"https:\/\/schema.org","@graph":[{"@type":"Article","@id":"https:\/\/blogdoere.com.br\/?p=26028#article","isPartOf":{"@id":"https:\/\/blogdoere.com.br\/?p=26028"},"author":{"name":"Ere","@id":"https:\/\/blogdoere.com.br\/#\/schema\/person\/4b56ed2336cb28ae3415ce8ffe56742e"},"headline":"CONHE\u00c7A A HIST\u00d3RIA DE VIDA DO ITAJUIPENSE GIL VELLOSO.","datePublished":"2019-08-06T12:52:00+00:00","dateModified":"2021-11-05T05:57:57+00:00","mainEntityOfPage":{"@id":"https:\/\/blogdoere.com.br\/?p=26028"},"wordCount":944,"commentCount":4,"publisher":{"@id":"https:\/\/blogdoere.com.br\/#organization"},"articleSection":["Destaques"],"inLanguage":"pt-PT","potentialAction":[{"@type":"CommentAction","name":"Comment","target":["https:\/\/blogdoere.com.br\/?p=26028#respond"]}]},{"@type":"WebPage","@id":"https:\/\/blogdoere.com.br\/?p=26028","url":"https:\/\/blogdoere.com.br\/?p=26028","name":"CONHE\u00c7A A HIST\u00d3RIA DE VIDA DO ITAJUIPENSE GIL VELLOSO. - blog do er\u00ea","isPartOf":{"@id":"https:\/\/blogdoere.com.br\/#website"},"datePublished":"2019-08-06T12:52:00+00:00","dateModified":"2021-11-05T05:57:57+00:00","breadcrumb":{"@id":"https:\/\/blogdoere.com.br\/?p=26028#breadcrumb"},"inLanguage":"pt-PT","potentialAction":[{"@type":"ReadAction","target":["https:\/\/blogdoere.com.br\/?p=26028"]}]},{"@type":"BreadcrumbList","@id":"https:\/\/blogdoere.com.br\/?p=26028#breadcrumb","itemListElement":[{"@type":"ListItem","position":1,"name":"In\u00edcio","item":"https:\/\/blogdoere.com.br\/"},{"@type":"ListItem","position":2,"name":"CONHE\u00c7A A HIST\u00d3RIA DE VIDA DO ITAJUIPENSE GIL VELLOSO."}]},{"@type":"WebSite","@id":"https:\/\/blogdoere.com.br\/#website","url":"https:\/\/blogdoere.com.br\/","name":"blog do er\u00ea","description":"","publisher":{"@id":"https:\/\/blogdoere.com.br\/#organization"},"potentialAction":[{"@type":"SearchAction","target":{"@type":"EntryPoint","urlTemplate":"https:\/\/blogdoere.com.br\/?s={search_term_string}"},"query-input":"required name=search_term_string"}],"inLanguage":"pt-PT"},{"@type":"Organization","@id":"https:\/\/blogdoere.com.br\/#organization","name":"Blog do Er\u00ea","url":"https:\/\/blogdoere.com.br\/","logo":{"@type":"ImageObject","inLanguage":"pt-PT","@id":"https:\/\/blogdoere.com.br\/#\/schema\/logo\/image\/","url":"https:\/\/blogdoere.com.br\/wp-content\/uploads\/2021\/11\/Logo-Ere-1.png","contentUrl":"https:\/\/blogdoere.com.br\/wp-content\/uploads\/2021\/11\/Logo-Ere-1.png","width":1261,"height":1330,"caption":"Blog do Er\u00ea"},"image":{"@id":"https:\/\/blogdoere.com.br\/#\/schema\/logo\/image\/"}},{"@type":"Person","@id":"https:\/\/blogdoere.com.br\/#\/schema\/person\/4b56ed2336cb28ae3415ce8ffe56742e","name":"Ere","image":{"@type":"ImageObject","inLanguage":"pt-PT","@id":"https:\/\/blogdoere.com.br\/#\/schema\/person\/image\/","url":"https:\/\/secure.gravatar.com\/avatar\/?s=96&d=mm&r=g","contentUrl":"https:\/\/secure.gravatar.com\/avatar\/?s=96&d=mm&r=g","caption":"Ere"}}]}},"featured_image_urls":{"full":["https:\/\/blogdoere.com.br\/wp-content\/uploads\/2019\/08\/FOTO_20190806_011200.jpg",320,239,false],"thumbnail":["https:\/\/blogdoere.com.br\/wp-content\/uploads\/2019\/08\/FOTO_20190806_011200-150x150.jpg",150,150,true],"medium":["https:\/\/blogdoere.com.br\/wp-content\/uploads\/2019\/08\/FOTO_20190806_011200-300x224.jpg",300,224,true],"medium_large":["https:\/\/blogdoere.com.br\/wp-content\/uploads\/2019\/08\/FOTO_20190806_011200.jpg",320,239,false],"large":["https:\/\/blogdoere.com.br\/wp-content\/uploads\/2019\/08\/FOTO_20190806_011200.jpg",320,239,false],"1536x1536":["https:\/\/blogdoere.com.br\/wp-content\/uploads\/2019\/08\/FOTO_20190806_011200.jpg",320,239,false],"2048x2048":["https:\/\/blogdoere.com.br\/wp-content\/uploads\/2019\/08\/FOTO_20190806_011200.jpg",320,239,false]},"author_info":{"display_name":"Ere","author_link":"https:\/\/blogdoere.com.br\/?author=2"},"category_info":"<a href=\"https:\/\/blogdoere.com.br\/?cat=1\" rel=\"category\">Destaques<\/a>","tag_info":"Destaques","comment_count":"4","_links":{"self":[{"href":"https:\/\/blogdoere.com.br\/index.php?rest_route=\/wp\/v2\/posts\/26028","targetHints":{"allow":["GET"]}}],"collection":[{"href":"https:\/\/blogdoere.com.br\/index.php?rest_route=\/wp\/v2\/posts"}],"about":[{"href":"https:\/\/blogdoere.com.br\/index.php?rest_route=\/wp\/v2\/types\/post"}],"author":[{"embeddable":true,"href":"https:\/\/blogdoere.com.br\/index.php?rest_route=\/wp\/v2\/users\/2"}],"replies":[{"embeddable":true,"href":"https:\/\/blogdoere.com.br\/index.php?rest_route=%2Fwp%2Fv2%2Fcomments&post=26028"}],"version-history":[{"count":1,"href":"https:\/\/blogdoere.com.br\/index.php?rest_route=\/wp\/v2\/posts\/26028\/revisions"}],"predecessor-version":[{"id":27127,"href":"https:\/\/blogdoere.com.br\/index.php?rest_route=\/wp\/v2\/posts\/26028\/revisions\/27127"}],"wp:featuredmedia":[{"embeddable":true,"href":"https:\/\/blogdoere.com.br\/index.php?rest_route=\/wp\/v2\/media\/27126"}],"wp:attachment":[{"href":"https:\/\/blogdoere.com.br\/index.php?rest_route=%2Fwp%2Fv2%2Fmedia&parent=26028"}],"wp:term":[{"taxonomy":"category","embeddable":true,"href":"https:\/\/blogdoere.com.br\/index.php?rest_route=%2Fwp%2Fv2%2Fcategories&post=26028"},{"taxonomy":"post_tag","embeddable":true,"href":"https:\/\/blogdoere.com.br\/index.php?rest_route=%2Fwp%2Fv2%2Ftags&post=26028"}],"curies":[{"name":"wp","href":"https:\/\/api.w.org\/{rel}","templated":true}]}}