{"id":26032,"date":"2019-07-09T23:33:00","date_gmt":"2019-07-09T23:33:00","guid":{"rendered":"http:\/\/blogdoere.com.br\/?p=26032"},"modified":"2021-11-11T18:03:06","modified_gmt":"2021-11-11T18:03:06","slug":"urucuca-prefeito-moacyr-tem-a-quarta-pior-nota-no-indice-igm-2018","status":"publish","type":"post","link":"https:\/\/blogdoere.com.br\/?p=26032","title":{"rendered":"URU\u00c7UCA: PREFEITO MOACYR TEM A QUARTA PIOR NOTA    NO \u00cdNDICE IGM 2018."},"content":{"rendered":"<div style=\"clear: both; text-align: center;\"><a style=\"margin-left: 1em; margin-right: 1em;\" href=\"https:\/\/1.bp.blogspot.com\/-tQ6oVAdL8ik\/XSUjm2y8u-I\/AAAAAAAAHFQ\/uBNs6HYahMkkxe3ZWXN4NjqlqvFz6mZ8ACLcBGAs\/s1600\/FOTO_20190704_205506.jpg\"><img decoding=\"async\" src=\"https:\/\/1.bp.blogspot.com\/-tQ6oVAdL8ik\/XSUjm2y8u-I\/AAAAAAAAHFQ\/uBNs6HYahMkkxe3ZWXN4NjqlqvFz6mZ8ACLcBGAs\/s320\/FOTO_20190704_205506.jpg\" width=\"320\" height=\"228\" border=\"0\" data-original-height=\"439\" data-original-width=\"616\" \/><\/a><\/div>\n<div dir=\"ltr\" style=\"line-height: 1.7999999999999998; margin-bottom: 0pt; margin-top: 0pt; text-align: justify;\"><span style=\"font-family: Arial; font-size: 12pt; white-space: pre-wrap;\">O munic\u00edpio de Uru\u00e7uca\u00a0 comandada pelo prefeito Moacyr Leite (DEM),\u00a0 tem a quarta pior nota dentre 113 munic\u00edpios baianos conforme avalia\u00e7\u00e3o do\u00a0 \u00cdndice de Medi\u00e7\u00e3o de Administra\u00e7\u00e3o do Conselho Federal de Administra\u00e7\u00e3o (IGM-CFA), entre as cidades de 20 a 50 mil habitantes do estado da Bahia.\u00a0 A nota 4,60 do munic\u00edpio avaliou a gest\u00e3o do prefeito Moacyr e considerou os resultados dos setores de finan\u00e7as e austeridade, sa\u00fade, educa\u00e7\u00e3o, assist\u00eancia social e outros indicadores referentes a 2018. O IGM-CFA foi lan\u00e7ado em novembro de 2016 pelo Conselho Federal de Administra\u00e7\u00e3o, que contou com aux\u00edlio t\u00e9cnico do Instituto Publix para o Desenvolvimento da Gest\u00e3o P\u00fablica. O \u00edndice consiste em uma m\u00e9trica da governan\u00e7a p\u00fablica nos munic\u00edpios brasileiros a partir de tr\u00eas dimens\u00f5es: finan\u00e7as, gest\u00e3o e desempenho.\u00a0<\/span><\/div>\n<div dir=\"ltr\" style=\"line-height: 1.7999999999999998; margin-bottom: 0pt; margin-top: 0pt; text-align: justify;\"><span style=\"font-family: Arial; font-size: 12pt; font-variant-east-asian: normal; font-variant-numeric: normal; vertical-align: baseline; white-space: pre-wrap;\">POPULA\u00c7\u00c3O EM ALERTA:<\/span><\/div>\n<div dir=\"ltr\" style=\"line-height: 1.7999999999999998; margin-bottom: 0pt; margin-top: 0pt; text-align: justify;\"><span style=\"font-family: Arial; font-size: 12pt; font-variant-east-asian: normal; font-variant-numeric: normal; vertical-align: baseline; white-space: pre-wrap;\">No primeiro semestre, o prefeito Moacyr teve suas contas aprovadas com ressalvas pelo TCM\/BA, onde foi acusado desajustes nas contas, principalmente com gastos com pessoal acima do permitido pela Lei de Responsabilidade Fiscal, como tamb\u00e9m gastos acima do or\u00e7amento anual.\u00a0 O prefeito Moacyr no seu segundo mandato deixou a prefeitura pelas portas do fundo devendo cinco meses aos servidores.\u00a0<\/span><\/div>\n","protected":false},"excerpt":{"rendered":"<p>O munic\u00edpio de Uru\u00e7uca\u00a0 comandada pelo prefeito Moacyr Leite (DEM),\u00a0 tem a quarta pior nota dentre 113 munic\u00edpios baianos conforme avalia\u00e7\u00e3o do\u00a0 \u00cdndice de Medi\u00e7\u00e3o de Administra\u00e7\u00e3o do Conselho Federal&#8230;<\/p>\n","protected":false},"author":2,"featured_media":27361,"comment_status":"open","ping_status":"open","sticky":false,"template":"","format":"standard","meta":{"_editorskit_title_hidden":false,"_editorskit_reading_time":0,"_editorskit_is_block_options_detached":false,"_editorskit_block_options_position":"{}","om_disable_all_campaigns":false,"_mi_skip_tracking":false,"_kad_post_transparent":"","_kad_post_title":"","_kad_post_layout":"","_kad_post_sidebar_id":"","_kad_post_content_style":"","_kad_post_vertical_padding":"","_kad_post_feature":"","_kad_post_feature_position":"","_kad_post_header":false,"_kad_post_footer":false,"footnotes":""},"categories":[1],"tags":[],"class_list":["post-26032","post","type-post","status-publish","format-standard","has-post-thumbnail","hentry","category-destaques"],"yoast_head":"<!-- This site is optimized with the Yoast SEO plugin v20.5 - https:\/\/yoast.com\/wordpress\/plugins\/seo\/ -->\n<title>URU\u00c7UCA: PREFEITO MOACYR TEM A QUARTA PIOR NOTA  NO \u00cdNDICE IGM 2018. - blog do er\u00ea<\/title>\n<meta name=\"robots\" content=\"index, follow, max-snippet:-1, max-image-preview:large, max-video-preview:-1\" \/>\n<link rel=\"canonical\" href=\"https:\/\/blogdoere.com.br\/?p=26032\" \/>\n<meta property=\"og:locale\" content=\"pt_PT\" \/>\n<meta property=\"og:type\" content=\"article\" \/>\n<meta property=\"og:title\" content=\"URU\u00c7UCA: PREFEITO MOACYR TEM A QUARTA PIOR NOTA  NO \u00cdNDICE IGM 2018. - blog do er\u00ea\" \/>\n<meta property=\"og:description\" content=\"O munic\u00edpio de Uru\u00e7uca\u00a0 comandada pelo prefeito Moacyr Leite (DEM),\u00a0 tem a quarta pior nota dentre 113 munic\u00edpios baianos conforme avalia\u00e7\u00e3o do\u00a0 \u00cdndice de Medi\u00e7\u00e3o de Administra\u00e7\u00e3o do Conselho Federal...\" \/>\n<meta property=\"og:url\" content=\"https:\/\/blogdoere.com.br\/?p=26032\" \/>\n<meta property=\"og:site_name\" content=\"blog do er\u00ea\" \/>\n<meta property=\"article:published_time\" content=\"2019-07-09T23:33:00+00:00\" \/>\n<meta property=\"article:modified_time\" content=\"2021-11-11T18:03:06+00:00\" \/>\n<meta property=\"og:image\" content=\"https:\/\/blogdoere.com.br\/wp-content\/uploads\/2019\/07\/FOTO_20190704_205506.jpg\" \/>\n\t<meta property=\"og:image:width\" content=\"320\" \/>\n\t<meta property=\"og:image:height\" content=\"228\" \/>\n\t<meta property=\"og:image:type\" content=\"image\/jpeg\" \/>\n<meta name=\"author\" content=\"Ere\" \/>\n<meta name=\"twitter:card\" content=\"summary_large_image\" \/>\n<meta name=\"twitter:label1\" content=\"Escrito por\" \/>\n\t<meta name=\"twitter:data1\" content=\"Ere\" \/>\n\t<meta name=\"twitter:label2\" content=\"Tempo estimado de leitura\" \/>\n\t<meta name=\"twitter:data2\" content=\"1 minuto\" \/>\n<script type=\"application\/ld+json\" class=\"yoast-schema-graph\">{\"@context\":\"https:\/\/schema.org\",\"@graph\":[{\"@type\":\"Article\",\"@id\":\"https:\/\/blogdoere.com.br\/?p=26032#article\",\"isPartOf\":{\"@id\":\"https:\/\/blogdoere.com.br\/?p=26032\"},\"author\":{\"name\":\"Ere\",\"@id\":\"https:\/\/blogdoere.com.br\/#\/schema\/person\/4b56ed2336cb28ae3415ce8ffe56742e\"},\"headline\":\"URU\u00c7UCA: PREFEITO MOACYR TEM A QUARTA PIOR NOTA NO \u00cdNDICE IGM 2018.\",\"datePublished\":\"2019-07-09T23:33:00+00:00\",\"dateModified\":\"2021-11-11T18:03:06+00:00\",\"mainEntityOfPage\":{\"@id\":\"https:\/\/blogdoere.com.br\/?p=26032\"},\"wordCount\":224,\"commentCount\":0,\"publisher\":{\"@id\":\"https:\/\/blogdoere.com.br\/#organization\"},\"articleSection\":[\"Destaques\"],\"inLanguage\":\"pt-PT\",\"potentialAction\":[{\"@type\":\"CommentAction\",\"name\":\"Comment\",\"target\":[\"https:\/\/blogdoere.com.br\/?p=26032#respond\"]}]},{\"@type\":\"WebPage\",\"@id\":\"https:\/\/blogdoere.com.br\/?p=26032\",\"url\":\"https:\/\/blogdoere.com.br\/?p=26032\",\"name\":\"URU\u00c7UCA: PREFEITO MOACYR TEM A QUARTA PIOR NOTA NO \u00cdNDICE IGM 2018. - blog do er\u00ea\",\"isPartOf\":{\"@id\":\"https:\/\/blogdoere.com.br\/#website\"},\"datePublished\":\"2019-07-09T23:33:00+00:00\",\"dateModified\":\"2021-11-11T18:03:06+00:00\",\"breadcrumb\":{\"@id\":\"https:\/\/blogdoere.com.br\/?p=26032#breadcrumb\"},\"inLanguage\":\"pt-PT\",\"potentialAction\":[{\"@type\":\"ReadAction\",\"target\":[\"https:\/\/blogdoere.com.br\/?p=26032\"]}]},{\"@type\":\"BreadcrumbList\",\"@id\":\"https:\/\/blogdoere.com.br\/?p=26032#breadcrumb\",\"itemListElement\":[{\"@type\":\"ListItem\",\"position\":1,\"name\":\"In\u00edcio\",\"item\":\"https:\/\/blogdoere.com.br\/\"},{\"@type\":\"ListItem\",\"position\":2,\"name\":\"URU\u00c7UCA: PREFEITO MOACYR TEM A QUARTA PIOR NOTA NO \u00cdNDICE IGM 2018.\"}]},{\"@type\":\"WebSite\",\"@id\":\"https:\/\/blogdoere.com.br\/#website\",\"url\":\"https:\/\/blogdoere.com.br\/\",\"name\":\"blog do er\u00ea\",\"description\":\"\",\"publisher\":{\"@id\":\"https:\/\/blogdoere.com.br\/#organization\"},\"potentialAction\":[{\"@type\":\"SearchAction\",\"target\":{\"@type\":\"EntryPoint\",\"urlTemplate\":\"https:\/\/blogdoere.com.br\/?s={search_term_string}\"},\"query-input\":\"required name=search_term_string\"}],\"inLanguage\":\"pt-PT\"},{\"@type\":\"Organization\",\"@id\":\"https:\/\/blogdoere.com.br\/#organization\",\"name\":\"Blog do Er\u00ea\",\"url\":\"https:\/\/blogdoere.com.br\/\",\"logo\":{\"@type\":\"ImageObject\",\"inLanguage\":\"pt-PT\",\"@id\":\"https:\/\/blogdoere.com.br\/#\/schema\/logo\/image\/\",\"url\":\"https:\/\/blogdoere.com.br\/wp-content\/uploads\/2021\/11\/Logo-Ere-1.png\",\"contentUrl\":\"https:\/\/blogdoere.com.br\/wp-content\/uploads\/2021\/11\/Logo-Ere-1.png\",\"width\":1261,\"height\":1330,\"caption\":\"Blog do Er\u00ea\"},\"image\":{\"@id\":\"https:\/\/blogdoere.com.br\/#\/schema\/logo\/image\/\"}},{\"@type\":\"Person\",\"@id\":\"https:\/\/blogdoere.com.br\/#\/schema\/person\/4b56ed2336cb28ae3415ce8ffe56742e\",\"name\":\"Ere\",\"image\":{\"@type\":\"ImageObject\",\"inLanguage\":\"pt-PT\",\"@id\":\"https:\/\/blogdoere.com.br\/#\/schema\/person\/image\/\",\"url\":\"https:\/\/secure.gravatar.com\/avatar\/?s=96&d=mm&r=g\",\"contentUrl\":\"https:\/\/secure.gravatar.com\/avatar\/?s=96&d=mm&r=g\",\"caption\":\"Ere\"}}]}<\/script>\n<!-- \/ Yoast SEO plugin. -->","yoast_head_json":{"title":"URU\u00c7UCA: PREFEITO MOACYR TEM A QUARTA PIOR NOTA  NO \u00cdNDICE IGM 2018. - blog do er\u00ea","robots":{"index":"index","follow":"follow","max-snippet":"max-snippet:-1","max-image-preview":"max-image-preview:large","max-video-preview":"max-video-preview:-1"},"canonical":"https:\/\/blogdoere.com.br\/?p=26032","og_locale":"pt_PT","og_type":"article","og_title":"URU\u00c7UCA: PREFEITO MOACYR TEM A QUARTA PIOR NOTA  NO \u00cdNDICE IGM 2018. - blog do er\u00ea","og_description":"O munic\u00edpio de Uru\u00e7uca\u00a0 comandada pelo prefeito Moacyr Leite (DEM),\u00a0 tem a quarta pior nota dentre 113 munic\u00edpios baianos conforme avalia\u00e7\u00e3o do\u00a0 \u00cdndice de Medi\u00e7\u00e3o de Administra\u00e7\u00e3o do Conselho Federal...","og_url":"https:\/\/blogdoere.com.br\/?p=26032","og_site_name":"blog do er\u00ea","article_published_time":"2019-07-09T23:33:00+00:00","article_modified_time":"2021-11-11T18:03:06+00:00","og_image":[{"width":320,"height":228,"url":"https:\/\/blogdoere.com.br\/wp-content\/uploads\/2019\/07\/FOTO_20190704_205506.jpg","type":"image\/jpeg"}],"author":"Ere","twitter_card":"summary_large_image","twitter_misc":{"Escrito por":"Ere","Tempo estimado de leitura":"1 minuto"},"schema":{"@context":"https:\/\/schema.org","@graph":[{"@type":"Article","@id":"https:\/\/blogdoere.com.br\/?p=26032#article","isPartOf":{"@id":"https:\/\/blogdoere.com.br\/?p=26032"},"author":{"name":"Ere","@id":"https:\/\/blogdoere.com.br\/#\/schema\/person\/4b56ed2336cb28ae3415ce8ffe56742e"},"headline":"URU\u00c7UCA: PREFEITO MOACYR TEM A QUARTA PIOR NOTA NO \u00cdNDICE IGM 2018.","datePublished":"2019-07-09T23:33:00+00:00","dateModified":"2021-11-11T18:03:06+00:00","mainEntityOfPage":{"@id":"https:\/\/blogdoere.com.br\/?p=26032"},"wordCount":224,"commentCount":0,"publisher":{"@id":"https:\/\/blogdoere.com.br\/#organization"},"articleSection":["Destaques"],"inLanguage":"pt-PT","potentialAction":[{"@type":"CommentAction","name":"Comment","target":["https:\/\/blogdoere.com.br\/?p=26032#respond"]}]},{"@type":"WebPage","@id":"https:\/\/blogdoere.com.br\/?p=26032","url":"https:\/\/blogdoere.com.br\/?p=26032","name":"URU\u00c7UCA: PREFEITO MOACYR TEM A QUARTA PIOR NOTA NO \u00cdNDICE IGM 2018. - blog do er\u00ea","isPartOf":{"@id":"https:\/\/blogdoere.com.br\/#website"},"datePublished":"2019-07-09T23:33:00+00:00","dateModified":"2021-11-11T18:03:06+00:00","breadcrumb":{"@id":"https:\/\/blogdoere.com.br\/?p=26032#breadcrumb"},"inLanguage":"pt-PT","potentialAction":[{"@type":"ReadAction","target":["https:\/\/blogdoere.com.br\/?p=26032"]}]},{"@type":"BreadcrumbList","@id":"https:\/\/blogdoere.com.br\/?p=26032#breadcrumb","itemListElement":[{"@type":"ListItem","position":1,"name":"In\u00edcio","item":"https:\/\/blogdoere.com.br\/"},{"@type":"ListItem","position":2,"name":"URU\u00c7UCA: PREFEITO MOACYR TEM A QUARTA PIOR NOTA NO \u00cdNDICE IGM 2018."}]},{"@type":"WebSite","@id":"https:\/\/blogdoere.com.br\/#website","url":"https:\/\/blogdoere.com.br\/","name":"blog do er\u00ea","description":"","publisher":{"@id":"https:\/\/blogdoere.com.br\/#organization"},"potentialAction":[{"@type":"SearchAction","target":{"@type":"EntryPoint","urlTemplate":"https:\/\/blogdoere.com.br\/?s={search_term_string}"},"query-input":"required name=search_term_string"}],"inLanguage":"pt-PT"},{"@type":"Organization","@id":"https:\/\/blogdoere.com.br\/#organization","name":"Blog do Er\u00ea","url":"https:\/\/blogdoere.com.br\/","logo":{"@type":"ImageObject","inLanguage":"pt-PT","@id":"https:\/\/blogdoere.com.br\/#\/schema\/logo\/image\/","url":"https:\/\/blogdoere.com.br\/wp-content\/uploads\/2021\/11\/Logo-Ere-1.png","contentUrl":"https:\/\/blogdoere.com.br\/wp-content\/uploads\/2021\/11\/Logo-Ere-1.png","width":1261,"height":1330,"caption":"Blog do Er\u00ea"},"image":{"@id":"https:\/\/blogdoere.com.br\/#\/schema\/logo\/image\/"}},{"@type":"Person","@id":"https:\/\/blogdoere.com.br\/#\/schema\/person\/4b56ed2336cb28ae3415ce8ffe56742e","name":"Ere","image":{"@type":"ImageObject","inLanguage":"pt-PT","@id":"https:\/\/blogdoere.com.br\/#\/schema\/person\/image\/","url":"https:\/\/secure.gravatar.com\/avatar\/?s=96&d=mm&r=g","contentUrl":"https:\/\/secure.gravatar.com\/avatar\/?s=96&d=mm&r=g","caption":"Ere"}}]}},"featured_image_urls":{"full":["https:\/\/blogdoere.com.br\/wp-content\/uploads\/2019\/07\/FOTO_20190704_205506.jpg",320,228,false],"thumbnail":["https:\/\/blogdoere.com.br\/wp-content\/uploads\/2019\/07\/FOTO_20190704_205506-150x150.jpg",150,150,true],"medium":["https:\/\/blogdoere.com.br\/wp-content\/uploads\/2019\/07\/FOTO_20190704_205506-300x214.jpg",300,214,true],"medium_large":["https:\/\/blogdoere.com.br\/wp-content\/uploads\/2019\/07\/FOTO_20190704_205506.jpg",320,228,false],"large":["https:\/\/blogdoere.com.br\/wp-content\/uploads\/2019\/07\/FOTO_20190704_205506.jpg",320,228,false],"1536x1536":["https:\/\/blogdoere.com.br\/wp-content\/uploads\/2019\/07\/FOTO_20190704_205506.jpg",320,228,false],"2048x2048":["https:\/\/blogdoere.com.br\/wp-content\/uploads\/2019\/07\/FOTO_20190704_205506.jpg",320,228,false]},"author_info":{"display_name":"Ere","author_link":"https:\/\/blogdoere.com.br\/?author=2"},"category_info":"<a href=\"https:\/\/blogdoere.com.br\/?cat=1\" rel=\"category\">Destaques<\/a>","tag_info":"Destaques","comment_count":"0","_links":{"self":[{"href":"https:\/\/blogdoere.com.br\/index.php?rest_route=\/wp\/v2\/posts\/26032","targetHints":{"allow":["GET"]}}],"collection":[{"href":"https:\/\/blogdoere.com.br\/index.php?rest_route=\/wp\/v2\/posts"}],"about":[{"href":"https:\/\/blogdoere.com.br\/index.php?rest_route=\/wp\/v2\/types\/post"}],"author":[{"embeddable":true,"href":"https:\/\/blogdoere.com.br\/index.php?rest_route=\/wp\/v2\/users\/2"}],"replies":[{"embeddable":true,"href":"https:\/\/blogdoere.com.br\/index.php?rest_route=%2Fwp%2Fv2%2Fcomments&post=26032"}],"version-history":[{"count":1,"href":"https:\/\/blogdoere.com.br\/index.php?rest_route=\/wp\/v2\/posts\/26032\/revisions"}],"predecessor-version":[{"id":27362,"href":"https:\/\/blogdoere.com.br\/index.php?rest_route=\/wp\/v2\/posts\/26032\/revisions\/27362"}],"wp:featuredmedia":[{"embeddable":true,"href":"https:\/\/blogdoere.com.br\/index.php?rest_route=\/wp\/v2\/media\/27361"}],"wp:attachment":[{"href":"https:\/\/blogdoere.com.br\/index.php?rest_route=%2Fwp%2Fv2%2Fmedia&parent=26032"}],"wp:term":[{"taxonomy":"category","embeddable":true,"href":"https:\/\/blogdoere.com.br\/index.php?rest_route=%2Fwp%2Fv2%2Fcategories&post=26032"},{"taxonomy":"post_tag","embeddable":true,"href":"https:\/\/blogdoere.com.br\/index.php?rest_route=%2Fwp%2Fv2%2Ftags&post=26032"}],"curies":[{"name":"wp","href":"https:\/\/api.w.org\/{rel}","templated":true}]}}