{"id":26036,"date":"2019-06-15T17:45:00","date_gmt":"2019-06-15T17:45:00","guid":{"rendered":"http:\/\/blogdoere.com.br\/?p=26036"},"modified":"2021-11-11T18:07:01","modified_gmt":"2021-11-11T18:07:01","slug":"buerarema-elinho-e-sangue-novo-na-presidencia-da-camara","status":"publish","type":"post","link":"https:\/\/blogdoere.com.br\/?p=26036","title":{"rendered":"BUERAREMA: ELINHO \u00c9 SANGUE NOVO NA PRESID\u00caNCIA DA C\u00c2MARA."},"content":{"rendered":"<div style=\"clear: both; text-align: center;\"><a style=\"margin-left: 1em; margin-right: 1em;\" href=\"https:\/\/1.bp.blogspot.com\/-zLaeETFheGM\/XQUmtOeQIbI\/AAAAAAAAHDw\/cb5Rb9a0OkAl_rKZs5n9UvZqTf3qDyj7ACEwYBhgL\/s1600\/FOTO_20190615_141344.jpg\"><img decoding=\"async\" src=\"https:\/\/1.bp.blogspot.com\/-zLaeETFheGM\/XQUmtOeQIbI\/AAAAAAAAHDw\/cb5Rb9a0OkAl_rKZs5n9UvZqTf3qDyj7ACEwYBhgL\/s320\/FOTO_20190615_141344.jpg\" width=\"320\" height=\"247\" border=\"0\" data-original-height=\"519\" data-original-width=\"670\" \/><\/a><\/div>\n<div dir=\"ltr\" style=\"background-color: white; color: #666666; font-family: 'Trebuchet MS', Trebuchet, Verdana, sans-serif; font-size: 15.84px; line-height: 1.38; margin-bottom: 10pt; margin-top: 0pt; text-align: justify;\"><span style=\"font-family: 'arial'; font-size: 12pt; vertical-align: baseline; white-space: pre-wrap;\">\u00a0<\/span><\/div>\n<div dir=\"ltr\" style=\"background-color: white; color: #666666; font-family: 'Trebuchet MS', Trebuchet, Verdana, sans-serif; font-size: 15.84px; line-height: 1.38; margin-bottom: 10pt; margin-top: 0pt; text-align: justify;\"><span style=\"font-family: 'arial'; font-size: 12pt; vertical-align: baseline; white-space: pre-wrap;\">O vereador Elio<\/span><span style=\"font-family: 'arial'; font-size: 12pt; white-space: pre-wrap;\"> Almeida (PODEMOS), est\u00e1 em seu segundo mandato na C\u00e2mara de Vereadores \u00a0de Buerarema. Para quem n\u00e3o lembra, \u2013 ainda \u00e9 o vereador mais votado da hist\u00f3ria do legislativo, com 7% dos votos, nas elei\u00e7\u00f5es de 2012. Elinho, como \u00e9 conhecido popularmente \u00a0atualmente \u00e9 presidente do Poder Legislativo, \u2013 est\u00e1 deixando a C\u00e2mara mais din\u00e2mica, prezando pela transpar\u00eancia e uni\u00e3o entre todos. Querido pelos funcion\u00e1rios, colegas e pela comunidade em geral, \u2013 \u00a0eleitores ou n\u00e3o, \u00e9 lembrado pelo per\u00edodo em que promovia festas que alegravam e trazia renda para a cidade.<\/span><\/div>\n<div dir=\"ltr\" style=\"background-color: white; color: #666666; font-family: 'Trebuchet MS', Trebuchet, Verdana, sans-serif; font-size: 15.84px; line-height: 1.38; margin-bottom: 10pt; margin-top: 0pt; text-align: justify;\"><span style=\"font-family: 'arial'; font-size: 12pt; vertical-align: baseline; white-space: pre-wrap;\">VEREADOR ATUANTE:<\/span><\/div>\n<div dir=\"ltr\" style=\"background-color: white; color: #666666; font-family: 'Trebuchet MS', Trebuchet, Verdana, sans-serif; font-size: 15.84px; line-height: 1.38; margin-bottom: 10pt; margin-top: 0pt; text-align: justify;\"><span style=\"font-family: 'arial'; font-size: 12pt; vertical-align: baseline; white-space: pre-wrap;\">Bem relacionado, \u2013 \u00a0\u00e9 um vereador que marca presen\u00e7a aonde \u00e9 convidado: Ma\u00e7onaria, Rotary Club, Aeroclube de Itabuna, Casa da Crian\u00e7a, Casa de Cultura, Igrejas Cat\u00f3lica, Protestante, Terreiros, dentre outras institui\u00e7\u00f5es dentro e fora da cidade. Preocupado com o bem estar social, tem levado a C\u00e2mara a apoiar iniciativas vindas da comunidade, tais como o I F\u00f3rum <\/span><span style=\"font-family: 'arial'; font-size: 12pt; font-style: italic; vertical-align: baseline; white-space: pre-wrap;\">de Seguran\u00e7a P\u00fablica<\/span><span style=\"font-family: 'arial'; font-size: 12pt; vertical-align: baseline; white-space: pre-wrap;\">, realizado pela Associa\u00e7\u00e3o da Guarda Municipal; <\/span><span style=\"font-family: 'arial'; font-size: 12pt; font-style: italic; vertical-align: baseline; white-space: pre-wrap;\">I Workshop de Propaganda como Ferramenta de Vendas, <\/span><span style=\"font-family: 'arial'; font-size: 12pt; vertical-align: baseline; white-space: pre-wrap;\">fazendo o link entre o CDL de Buerarema e a TV Santa Cruz e Bahia FM, convidando empres\u00e1rios e comerciantes das cidades de Buerarema, S\u00e3o Jos\u00e9 da Vit\u00f3ria, Arataca e Jussari; apoiando eventos esportivos, recepcionando o ex-atleta T\u00falio Maravilha, para um s\u00e1bado recreativo e apoiondo ao Movimento Intermunicipal <\/span><span style=\"font-family: 'arial'; font-size: 12pt; font-style: italic; vertical-align: baseline; white-space: pre-wrap;\">Salve a BR 251<\/span><span style=\"font-family: 'arial'; font-size: 12pt; vertical-align: baseline; white-space: pre-wrap;\">, que busca responsabilizar governos anteriores sobre a n\u00e3o pavimenta\u00e7\u00e3o e asfaltamento da estrada que liga Buerarema ao bairro do Pontal, em Ilh\u00e9us. Asfaltamento este que beneficiar\u00e1 centenas de fam\u00edlias que vivem da agricultura familiar.<\/span><\/div>\n<div dir=\"ltr\" style=\"background-color: white; color: #666666; font-family: 'Trebuchet MS', Trebuchet, Verdana, sans-serif; font-size: 15.84px; line-height: 1.38; margin-bottom: 10pt; margin-top: 0pt; text-align: justify;\"><span style=\"font-family: 'arial'; font-size: 12pt; vertical-align: baseline; white-space: pre-wrap;\">DI\u00c1LOGO E TRANSPAR\u00caNCIA:<\/span><\/div>\n<div dir=\"ltr\" style=\"background-color: white; color: #666666; font-family: 'Trebuchet MS', Trebuchet, Verdana, sans-serif; font-size: 15.84px; line-height: 1.38; margin-bottom: 10pt; margin-top: 0pt; text-align: justify;\"><span style=\"font-family: 'arial'; font-size: 12pt; vertical-align: baseline; white-space: pre-wrap;\">Aberto ao di\u00e1logo, Elinho j\u00e1 se reuniu com os vereadores, fazendo a presta\u00e7\u00e3o de contas do primeiro quadrimestre de sua gest\u00e3o, \u2013 \u00a0no intuito de praticar a transpar\u00eancia e por em pauta as decis\u00f5es pr\u00e1ticas do funcionamento do Legislativo. Vem buscando tamb\u00e9m, abrir as portas da C\u00e2mara para a comunidade, \u2013 permitindo a realiza\u00e7\u00e3o de reuni\u00f5es, como a audi\u00eancia p\u00fablica de contratualiza\u00e7\u00e3o com a Embasa. \u00a0\u00a0Audi\u00eancia com a Coelba, por exemplo, ajudou no cadastramento de fam\u00edlias que ainda n\u00e3o possu\u00edam energia el\u00e9trica; de cursos que trazem benef\u00edcios para a comunidade.<\/span><\/div>\n<div dir=\"ltr\" style=\"background-color: white; color: #666666; font-family: 'Trebuchet MS', Trebuchet, Verdana, sans-serif; font-size: 15.84px; line-height: 1.38; margin-bottom: 10pt; margin-top: 0pt; text-align: justify;\"><span style=\"font-family: 'arial'; font-size: 12pt; vertical-align: baseline; white-space: pre-wrap;\">FAM\u00cdLIA E TRABALHO:<\/span><\/div>\n<div dir=\"ltr\" style=\"background-color: white; color: #666666; font-family: 'Trebuchet MS', Trebuchet, Verdana, sans-serif; font-size: 15.84px; line-height: 1.38; margin-bottom: 10pt; margin-top: 0pt; text-align: justify;\"><span style=\"font-family: 'arial'; font-size: 12pt; vertical-align: baseline; white-space: pre-wrap;\">Homem de princ\u00edpios, sempre acompanhado pela fam\u00edlia, \u00e9 apaixonado por seu filho e sua filha. E, apesar da vida corrida, sempre acha tempo para estar com eles. Acredita que seu maior legado \u00e9 o exemplo de seu trabalho. Pessoa correta, de reputa\u00e7\u00e3o ilibada, tem buscado seguir \u00e0 risca os princ\u00edpios da legalidade, defendendo o Regimento Interno da C\u00e2mara e a Lei Org\u00e2nica do Munic\u00edpio. Fato este que tem contribu\u00eddo para o resgate da autonomia e independ\u00eancia do poder legislativo da cidade.<\/span><\/div>\n<div dir=\"ltr\" style=\"background-color: white; color: #666666; font-family: 'Trebuchet MS', Trebuchet, Verdana, sans-serif; font-size: 15.84px; line-height: 1.38; margin-bottom: 10pt; margin-top: 0pt; text-align: justify;\"><span style=\"font-family: 'arial'; font-size: 12pt; vertical-align: baseline; white-space: pre-wrap;\">LEGISLATIVO E TECNOLOGIAS:<\/span><\/div>\n<div dir=\"ltr\" style=\"background-color: white; color: #666666; font-family: 'Trebuchet MS', Trebuchet, Verdana, sans-serif; font-size: 15.84px; line-height: 1.38; margin-bottom: 10pt; margin-top: 0pt; text-align: justify;\"><span style=\"font-family: 'arial'; font-size: 12pt; vertical-align: baseline; white-space: pre-wrap;\">Uma de suas melhores realiza\u00e7\u00f5es tem sido a moderniza\u00e7\u00e3o dos processos de trabalho da C\u00e2mara, com aten\u00e7\u00e3o \u00e0 transpar\u00eancia e \u00e0 aproxima\u00e7\u00e3o da comunidade com os trabalhos realizados pelo legislativo. O que tem sido proporcionado pela cria\u00e7\u00e3o das p\u00e1ginas oficiais da C\u00e2mara nas redes sociais e com o futuro lan\u00e7amento do novo site institucional, que dever\u00e1 acontecer no pr\u00f3ximo m\u00eas. O que segundo o parlamentar \u2013 vai d\u00e1 visibilidade ao trabalho de todos os seus colegas, que podem fazer uso dessa ferramenta. Al\u00e9m de funcionar como uma ferramenta de presta\u00e7\u00e3o de contas dos trabalhos para os eleitores e comunidade em geral. O vereador Elinho, ainda anuncia projetos futuros: Whatsapp institucional, aproximando ainda mais a comunidade do legislativo; a regulamenta\u00e7\u00e3o da ouvidoria, por projeto de lei; moderniza\u00e7\u00e3o do fluxo de trabalho da C\u00e2mara, permitindo respostas mais r\u00e1pidas para a comunidade; a\u00e7\u00f5es de seguran\u00e7a da informa\u00e7\u00e3o, protegendo o arquivo p\u00fablico que ali habita e que, no passado, foi alvo de um atentado, que p\u00f4s fogo em grande parte do acervo das leis municipais. O resgate das referidas leis, assim como a atualiza\u00e7\u00e3o de todas elas. Olhando assim, dois \u00a0anos \u00e9 pouco para tanto movimento. E \u00e9 por isso que, Elio Almeida chama os colegas para o trabalho, para a responsabilidade e clama pela uni\u00e3o dos edis em prol de uma Buerarema mais organizada, mais segura, mais justa e mais feliz.<\/span><\/div>\n<div dir=\"ltr\" style=\"background-color: white; color: #666666; font-family: 'Trebuchet MS', Trebuchet, Verdana, sans-serif; font-size: 15.84px; line-height: 1.38; margin-bottom: 10pt; margin-top: 0pt; text-align: justify;\"><span style=\"font-family: 'arial'; font-size: 12pt; vertical-align: baseline; white-space: pre-wrap;\">Fonte: ASCOM do vereador Elinho<\/span><\/div>\n","protected":false},"excerpt":{"rendered":"<p>\u00a0 O vereador Elio Almeida (PODEMOS), est\u00e1 em seu segundo mandato na C\u00e2mara de Vereadores \u00a0de Buerarema. Para quem n\u00e3o lembra, \u2013 ainda \u00e9 o vereador mais votado da hist\u00f3ria&#8230;<\/p>\n","protected":false},"author":2,"featured_media":27369,"comment_status":"open","ping_status":"open","sticky":false,"template":"","format":"standard","meta":{"_editorskit_title_hidden":false,"_editorskit_reading_time":0,"_editorskit_is_block_options_detached":false,"_editorskit_block_options_position":"{}","om_disable_all_campaigns":false,"_mi_skip_tracking":false,"_kad_post_transparent":"","_kad_post_title":"","_kad_post_layout":"","_kad_post_sidebar_id":"","_kad_post_content_style":"","_kad_post_vertical_padding":"","_kad_post_feature":"","_kad_post_feature_position":"","_kad_post_header":false,"_kad_post_footer":false,"footnotes":""},"categories":[1],"tags":[],"class_list":["post-26036","post","type-post","status-publish","format-standard","has-post-thumbnail","hentry","category-destaques"],"yoast_head":"<!-- This site is optimized with the Yoast SEO plugin v20.5 - https:\/\/yoast.com\/wordpress\/plugins\/seo\/ -->\n<title>BUERAREMA: ELINHO \u00c9 SANGUE NOVO NA PRESID\u00caNCIA DA C\u00c2MARA. - blog do er\u00ea<\/title>\n<meta name=\"robots\" content=\"index, follow, max-snippet:-1, max-image-preview:large, max-video-preview:-1\" \/>\n<link rel=\"canonical\" href=\"https:\/\/blogdoere.com.br\/?p=26036\" \/>\n<meta property=\"og:locale\" content=\"pt_PT\" \/>\n<meta property=\"og:type\" content=\"article\" \/>\n<meta property=\"og:title\" content=\"BUERAREMA: ELINHO \u00c9 SANGUE NOVO NA PRESID\u00caNCIA DA C\u00c2MARA. - blog do er\u00ea\" \/>\n<meta property=\"og:description\" content=\"\u00a0 O vereador Elio Almeida (PODEMOS), est\u00e1 em seu segundo mandato na C\u00e2mara de Vereadores \u00a0de Buerarema. Para quem n\u00e3o lembra, \u2013 ainda \u00e9 o vereador mais votado da hist\u00f3ria...\" \/>\n<meta property=\"og:url\" content=\"https:\/\/blogdoere.com.br\/?p=26036\" \/>\n<meta property=\"og:site_name\" content=\"blog do er\u00ea\" \/>\n<meta property=\"article:published_time\" content=\"2019-06-15T17:45:00+00:00\" \/>\n<meta property=\"article:modified_time\" content=\"2021-11-11T18:07:01+00:00\" \/>\n<meta property=\"og:image\" content=\"https:\/\/blogdoere.com.br\/wp-content\/uploads\/2019\/06\/FOTO_20190615_141344.jpg\" \/>\n\t<meta property=\"og:image:width\" content=\"320\" \/>\n\t<meta property=\"og:image:height\" content=\"248\" \/>\n\t<meta property=\"og:image:type\" content=\"image\/jpeg\" \/>\n<meta name=\"author\" content=\"Ere\" \/>\n<meta name=\"twitter:card\" content=\"summary_large_image\" \/>\n<meta name=\"twitter:label1\" content=\"Escrito por\" \/>\n\t<meta name=\"twitter:data1\" content=\"Ere\" \/>\n\t<meta name=\"twitter:label2\" content=\"Tempo estimado de leitura\" \/>\n\t<meta name=\"twitter:data2\" content=\"4 minutos\" \/>\n<script type=\"application\/ld+json\" class=\"yoast-schema-graph\">{\"@context\":\"https:\/\/schema.org\",\"@graph\":[{\"@type\":\"Article\",\"@id\":\"https:\/\/blogdoere.com.br\/?p=26036#article\",\"isPartOf\":{\"@id\":\"https:\/\/blogdoere.com.br\/?p=26036\"},\"author\":{\"name\":\"Ere\",\"@id\":\"https:\/\/blogdoere.com.br\/#\/schema\/person\/4b56ed2336cb28ae3415ce8ffe56742e\"},\"headline\":\"BUERAREMA: ELINHO \u00c9 SANGUE NOVO NA PRESID\u00caNCIA DA C\u00c2MARA.\",\"datePublished\":\"2019-06-15T17:45:00+00:00\",\"dateModified\":\"2021-11-11T18:07:01+00:00\",\"mainEntityOfPage\":{\"@id\":\"https:\/\/blogdoere.com.br\/?p=26036\"},\"wordCount\":741,\"commentCount\":0,\"publisher\":{\"@id\":\"https:\/\/blogdoere.com.br\/#organization\"},\"articleSection\":[\"Destaques\"],\"inLanguage\":\"pt-PT\",\"potentialAction\":[{\"@type\":\"CommentAction\",\"name\":\"Comment\",\"target\":[\"https:\/\/blogdoere.com.br\/?p=26036#respond\"]}]},{\"@type\":\"WebPage\",\"@id\":\"https:\/\/blogdoere.com.br\/?p=26036\",\"url\":\"https:\/\/blogdoere.com.br\/?p=26036\",\"name\":\"BUERAREMA: ELINHO \u00c9 SANGUE NOVO NA PRESID\u00caNCIA DA C\u00c2MARA. - blog do er\u00ea\",\"isPartOf\":{\"@id\":\"https:\/\/blogdoere.com.br\/#website\"},\"datePublished\":\"2019-06-15T17:45:00+00:00\",\"dateModified\":\"2021-11-11T18:07:01+00:00\",\"breadcrumb\":{\"@id\":\"https:\/\/blogdoere.com.br\/?p=26036#breadcrumb\"},\"inLanguage\":\"pt-PT\",\"potentialAction\":[{\"@type\":\"ReadAction\",\"target\":[\"https:\/\/blogdoere.com.br\/?p=26036\"]}]},{\"@type\":\"BreadcrumbList\",\"@id\":\"https:\/\/blogdoere.com.br\/?p=26036#breadcrumb\",\"itemListElement\":[{\"@type\":\"ListItem\",\"position\":1,\"name\":\"In\u00edcio\",\"item\":\"https:\/\/blogdoere.com.br\/\"},{\"@type\":\"ListItem\",\"position\":2,\"name\":\"BUERAREMA: ELINHO \u00c9 SANGUE NOVO NA PRESID\u00caNCIA DA C\u00c2MARA.\"}]},{\"@type\":\"WebSite\",\"@id\":\"https:\/\/blogdoere.com.br\/#website\",\"url\":\"https:\/\/blogdoere.com.br\/\",\"name\":\"blog do er\u00ea\",\"description\":\"\",\"publisher\":{\"@id\":\"https:\/\/blogdoere.com.br\/#organization\"},\"potentialAction\":[{\"@type\":\"SearchAction\",\"target\":{\"@type\":\"EntryPoint\",\"urlTemplate\":\"https:\/\/blogdoere.com.br\/?s={search_term_string}\"},\"query-input\":\"required name=search_term_string\"}],\"inLanguage\":\"pt-PT\"},{\"@type\":\"Organization\",\"@id\":\"https:\/\/blogdoere.com.br\/#organization\",\"name\":\"Blog do Er\u00ea\",\"url\":\"https:\/\/blogdoere.com.br\/\",\"logo\":{\"@type\":\"ImageObject\",\"inLanguage\":\"pt-PT\",\"@id\":\"https:\/\/blogdoere.com.br\/#\/schema\/logo\/image\/\",\"url\":\"https:\/\/blogdoere.com.br\/wp-content\/uploads\/2021\/11\/Logo-Ere-1.png\",\"contentUrl\":\"https:\/\/blogdoere.com.br\/wp-content\/uploads\/2021\/11\/Logo-Ere-1.png\",\"width\":1261,\"height\":1330,\"caption\":\"Blog do Er\u00ea\"},\"image\":{\"@id\":\"https:\/\/blogdoere.com.br\/#\/schema\/logo\/image\/\"}},{\"@type\":\"Person\",\"@id\":\"https:\/\/blogdoere.com.br\/#\/schema\/person\/4b56ed2336cb28ae3415ce8ffe56742e\",\"name\":\"Ere\",\"image\":{\"@type\":\"ImageObject\",\"inLanguage\":\"pt-PT\",\"@id\":\"https:\/\/blogdoere.com.br\/#\/schema\/person\/image\/\",\"url\":\"https:\/\/secure.gravatar.com\/avatar\/?s=96&d=mm&r=g\",\"contentUrl\":\"https:\/\/secure.gravatar.com\/avatar\/?s=96&d=mm&r=g\",\"caption\":\"Ere\"}}]}<\/script>\n<!-- \/ Yoast SEO plugin. -->","yoast_head_json":{"title":"BUERAREMA: ELINHO \u00c9 SANGUE NOVO NA PRESID\u00caNCIA DA C\u00c2MARA. - blog do er\u00ea","robots":{"index":"index","follow":"follow","max-snippet":"max-snippet:-1","max-image-preview":"max-image-preview:large","max-video-preview":"max-video-preview:-1"},"canonical":"https:\/\/blogdoere.com.br\/?p=26036","og_locale":"pt_PT","og_type":"article","og_title":"BUERAREMA: ELINHO \u00c9 SANGUE NOVO NA PRESID\u00caNCIA DA C\u00c2MARA. - blog do er\u00ea","og_description":"\u00a0 O vereador Elio Almeida (PODEMOS), est\u00e1 em seu segundo mandato na C\u00e2mara de Vereadores \u00a0de Buerarema. Para quem n\u00e3o lembra, \u2013 ainda \u00e9 o vereador mais votado da hist\u00f3ria...","og_url":"https:\/\/blogdoere.com.br\/?p=26036","og_site_name":"blog do er\u00ea","article_published_time":"2019-06-15T17:45:00+00:00","article_modified_time":"2021-11-11T18:07:01+00:00","og_image":[{"width":320,"height":248,"url":"https:\/\/blogdoere.com.br\/wp-content\/uploads\/2019\/06\/FOTO_20190615_141344.jpg","type":"image\/jpeg"}],"author":"Ere","twitter_card":"summary_large_image","twitter_misc":{"Escrito por":"Ere","Tempo estimado de leitura":"4 minutos"},"schema":{"@context":"https:\/\/schema.org","@graph":[{"@type":"Article","@id":"https:\/\/blogdoere.com.br\/?p=26036#article","isPartOf":{"@id":"https:\/\/blogdoere.com.br\/?p=26036"},"author":{"name":"Ere","@id":"https:\/\/blogdoere.com.br\/#\/schema\/person\/4b56ed2336cb28ae3415ce8ffe56742e"},"headline":"BUERAREMA: ELINHO \u00c9 SANGUE NOVO NA PRESID\u00caNCIA DA C\u00c2MARA.","datePublished":"2019-06-15T17:45:00+00:00","dateModified":"2021-11-11T18:07:01+00:00","mainEntityOfPage":{"@id":"https:\/\/blogdoere.com.br\/?p=26036"},"wordCount":741,"commentCount":0,"publisher":{"@id":"https:\/\/blogdoere.com.br\/#organization"},"articleSection":["Destaques"],"inLanguage":"pt-PT","potentialAction":[{"@type":"CommentAction","name":"Comment","target":["https:\/\/blogdoere.com.br\/?p=26036#respond"]}]},{"@type":"WebPage","@id":"https:\/\/blogdoere.com.br\/?p=26036","url":"https:\/\/blogdoere.com.br\/?p=26036","name":"BUERAREMA: ELINHO \u00c9 SANGUE NOVO NA PRESID\u00caNCIA DA C\u00c2MARA. - blog do er\u00ea","isPartOf":{"@id":"https:\/\/blogdoere.com.br\/#website"},"datePublished":"2019-06-15T17:45:00+00:00","dateModified":"2021-11-11T18:07:01+00:00","breadcrumb":{"@id":"https:\/\/blogdoere.com.br\/?p=26036#breadcrumb"},"inLanguage":"pt-PT","potentialAction":[{"@type":"ReadAction","target":["https:\/\/blogdoere.com.br\/?p=26036"]}]},{"@type":"BreadcrumbList","@id":"https:\/\/blogdoere.com.br\/?p=26036#breadcrumb","itemListElement":[{"@type":"ListItem","position":1,"name":"In\u00edcio","item":"https:\/\/blogdoere.com.br\/"},{"@type":"ListItem","position":2,"name":"BUERAREMA: ELINHO \u00c9 SANGUE NOVO NA PRESID\u00caNCIA DA C\u00c2MARA."}]},{"@type":"WebSite","@id":"https:\/\/blogdoere.com.br\/#website","url":"https:\/\/blogdoere.com.br\/","name":"blog do er\u00ea","description":"","publisher":{"@id":"https:\/\/blogdoere.com.br\/#organization"},"potentialAction":[{"@type":"SearchAction","target":{"@type":"EntryPoint","urlTemplate":"https:\/\/blogdoere.com.br\/?s={search_term_string}"},"query-input":"required name=search_term_string"}],"inLanguage":"pt-PT"},{"@type":"Organization","@id":"https:\/\/blogdoere.com.br\/#organization","name":"Blog do Er\u00ea","url":"https:\/\/blogdoere.com.br\/","logo":{"@type":"ImageObject","inLanguage":"pt-PT","@id":"https:\/\/blogdoere.com.br\/#\/schema\/logo\/image\/","url":"https:\/\/blogdoere.com.br\/wp-content\/uploads\/2021\/11\/Logo-Ere-1.png","contentUrl":"https:\/\/blogdoere.com.br\/wp-content\/uploads\/2021\/11\/Logo-Ere-1.png","width":1261,"height":1330,"caption":"Blog do Er\u00ea"},"image":{"@id":"https:\/\/blogdoere.com.br\/#\/schema\/logo\/image\/"}},{"@type":"Person","@id":"https:\/\/blogdoere.com.br\/#\/schema\/person\/4b56ed2336cb28ae3415ce8ffe56742e","name":"Ere","image":{"@type":"ImageObject","inLanguage":"pt-PT","@id":"https:\/\/blogdoere.com.br\/#\/schema\/person\/image\/","url":"https:\/\/secure.gravatar.com\/avatar\/?s=96&d=mm&r=g","contentUrl":"https:\/\/secure.gravatar.com\/avatar\/?s=96&d=mm&r=g","caption":"Ere"}}]}},"featured_image_urls":{"full":["https:\/\/blogdoere.com.br\/wp-content\/uploads\/2019\/06\/FOTO_20190615_141344.jpg",320,248,false],"thumbnail":["https:\/\/blogdoere.com.br\/wp-content\/uploads\/2019\/06\/FOTO_20190615_141344-150x150.jpg",150,150,true],"medium":["https:\/\/blogdoere.com.br\/wp-content\/uploads\/2019\/06\/FOTO_20190615_141344-300x233.jpg",300,233,true],"medium_large":["https:\/\/blogdoere.com.br\/wp-content\/uploads\/2019\/06\/FOTO_20190615_141344.jpg",320,248,false],"large":["https:\/\/blogdoere.com.br\/wp-content\/uploads\/2019\/06\/FOTO_20190615_141344.jpg",320,248,false],"1536x1536":["https:\/\/blogdoere.com.br\/wp-content\/uploads\/2019\/06\/FOTO_20190615_141344.jpg",320,248,false],"2048x2048":["https:\/\/blogdoere.com.br\/wp-content\/uploads\/2019\/06\/FOTO_20190615_141344.jpg",320,248,false]},"author_info":{"display_name":"Ere","author_link":"https:\/\/blogdoere.com.br\/?author=2"},"category_info":"<a href=\"https:\/\/blogdoere.com.br\/?cat=1\" rel=\"category\">Destaques<\/a>","tag_info":"Destaques","comment_count":"0","_links":{"self":[{"href":"https:\/\/blogdoere.com.br\/index.php?rest_route=\/wp\/v2\/posts\/26036","targetHints":{"allow":["GET"]}}],"collection":[{"href":"https:\/\/blogdoere.com.br\/index.php?rest_route=\/wp\/v2\/posts"}],"about":[{"href":"https:\/\/blogdoere.com.br\/index.php?rest_route=\/wp\/v2\/types\/post"}],"author":[{"embeddable":true,"href":"https:\/\/blogdoere.com.br\/index.php?rest_route=\/wp\/v2\/users\/2"}],"replies":[{"embeddable":true,"href":"https:\/\/blogdoere.com.br\/index.php?rest_route=%2Fwp%2Fv2%2Fcomments&post=26036"}],"version-history":[{"count":1,"href":"https:\/\/blogdoere.com.br\/index.php?rest_route=\/wp\/v2\/posts\/26036\/revisions"}],"predecessor-version":[{"id":27370,"href":"https:\/\/blogdoere.com.br\/index.php?rest_route=\/wp\/v2\/posts\/26036\/revisions\/27370"}],"wp:featuredmedia":[{"embeddable":true,"href":"https:\/\/blogdoere.com.br\/index.php?rest_route=\/wp\/v2\/media\/27369"}],"wp:attachment":[{"href":"https:\/\/blogdoere.com.br\/index.php?rest_route=%2Fwp%2Fv2%2Fmedia&parent=26036"}],"wp:term":[{"taxonomy":"category","embeddable":true,"href":"https:\/\/blogdoere.com.br\/index.php?rest_route=%2Fwp%2Fv2%2Fcategories&post=26036"},{"taxonomy":"post_tag","embeddable":true,"href":"https:\/\/blogdoere.com.br\/index.php?rest_route=%2Fwp%2Fv2%2Ftags&post=26036"}],"curies":[{"name":"wp","href":"https:\/\/api.w.org\/{rel}","templated":true}]}}