{"id":26039,"date":"2019-06-06T14:39:00","date_gmt":"2019-06-06T14:39:00","guid":{"rendered":"http:\/\/blogdoere.com.br\/?p=26039"},"modified":"2021-11-12T04:16:20","modified_gmt":"2021-11-12T04:16:20","slug":"itajuipe-agenda-de-rui-e-adiada-para-sexta-feira","status":"publish","type":"post","link":"https:\/\/blogdoere.com.br\/?p=26039","title":{"rendered":"ITAJU\u00cdPE: AGENDA DE RUI \u00c9 ADIADA PARA SEXTA-FEIRA."},"content":{"rendered":"<div style=\"clear: both; text-align: center;\"><a style=\"margin-left: 1em; margin-right: 1em;\" href=\"https:\/\/1.bp.blogspot.com\/-oUiz4Ns8MNQ\/XPklh5WwCVI\/AAAAAAAAHDA\/K9j3Ph8KBqwObyNps-W7T3VFPkSudfHhgCLcBGAs\/s1600\/1420238577IMG_20150102_192453.jpg\"><img decoding=\"async\" src=\"https:\/\/1.bp.blogspot.com\/-oUiz4Ns8MNQ\/XPklh5WwCVI\/AAAAAAAAHDA\/K9j3Ph8KBqwObyNps-W7T3VFPkSudfHhgCLcBGAs\/s320\/1420238577IMG_20150102_192453.jpg\" width=\"320\" height=\"213\" border=\"0\" data-original-height=\"1066\" data-original-width=\"1600\" \/><\/a><\/div>\n<div dir=\"ltr\" style=\"line-height: 1.7999999999999998; margin-bottom: 0pt; margin-top: 0pt; text-align: justify;\"><span style=\"font-family: 'arial'; font-size: 12pt; white-space: pre-wrap;\">\u00a0<\/span><\/div>\n<div dir=\"ltr\" style=\"line-height: 1.7999999999999998; margin-bottom: 0pt; margin-top: 0pt; text-align: justify;\"><span style=\"font-family: 'arial'; font-size: 12pt; white-space: pre-wrap;\">Em virtude de readequa\u00e7\u00f5es na agenda do governador Rui Costa, impossibilidade de decolar, os compromissos marcados para esta quinta (6), nos munic\u00edpios de Itaju\u00edpe e Coaraci, foram adiados para sexta-feira (7). \u00a0\u00c0s 9h, em Itaju\u00edpe, Rui vai inaugurar a obra de recupera\u00e7\u00e3o da rodovia BA-262, que liga a cidade a Coaraci. Em seguida, percorrer\u00e1 os 26,8 quil\u00f4metros da estrada at\u00e9 o munic\u00edpio vizinho. A programa\u00e7\u00e3o continua com uma visita do governador ao Col\u00e9gio Municipal de Coaraci, onde, atrav\u00e9s de conv\u00eanio com o Governo do Estado, foi implantado o sistema de ensino militar. Depois, Rui Costa se dirige ao Hospital Geral de Coaraci, para entrega da reforma e amplia\u00e7\u00e3o do Pronto Socorro da unidade. Do hospital, o governador se desloca para a Pra\u00e7a Get\u00falio Vargas, onde vai entregar uma ambul\u00e2ncia e 160 t\u00edtulos do Cadastro Ambiental Rural (CAR). Al\u00e9m disso, vai autorizar o lan\u00e7amento de licita\u00e7\u00e3o de obra para recupera\u00e7\u00e3o da Barragem de Serra da Palha e a cess\u00e3o de uso de uma sala do pr\u00e9dio do Centro Social Urbano, para implanta\u00e7\u00e3o de uma creche. Ainda est\u00e1 prevista uma visita do governador Rui Costa ao Col\u00e9gio Estadual Almakazir Gally Galv\u00e3o.<\/span><\/div>\n","protected":false},"excerpt":{"rendered":"<p>\u00a0 Em virtude de readequa\u00e7\u00f5es na agenda do governador Rui Costa, impossibilidade de decolar, os compromissos marcados para esta quinta (6), nos munic\u00edpios de Itaju\u00edpe e Coaraci, foram adiados para&#8230;<\/p>\n","protected":false},"author":2,"featured_media":27380,"comment_status":"open","ping_status":"open","sticky":false,"template":"","format":"standard","meta":{"_editorskit_title_hidden":false,"_editorskit_reading_time":0,"_editorskit_is_block_options_detached":false,"_editorskit_block_options_position":"{}","om_disable_all_campaigns":false,"_mi_skip_tracking":false,"_kad_post_transparent":"","_kad_post_title":"","_kad_post_layout":"","_kad_post_sidebar_id":"","_kad_post_content_style":"","_kad_post_vertical_padding":"","_kad_post_feature":"","_kad_post_feature_position":"","_kad_post_header":false,"_kad_post_footer":false,"footnotes":""},"categories":[1],"tags":[],"class_list":["post-26039","post","type-post","status-publish","format-standard","has-post-thumbnail","hentry","category-destaques"],"yoast_head":"<!-- This site is optimized with the Yoast SEO plugin v20.5 - https:\/\/yoast.com\/wordpress\/plugins\/seo\/ -->\n<title>ITAJU\u00cdPE: AGENDA DE RUI \u00c9 ADIADA PARA SEXTA-FEIRA. - blog do er\u00ea<\/title>\n<meta name=\"robots\" content=\"index, follow, max-snippet:-1, max-image-preview:large, max-video-preview:-1\" \/>\n<link rel=\"canonical\" href=\"https:\/\/blogdoere.com.br\/?p=26039\" \/>\n<meta property=\"og:locale\" content=\"pt_PT\" \/>\n<meta property=\"og:type\" content=\"article\" \/>\n<meta property=\"og:title\" content=\"ITAJU\u00cdPE: AGENDA DE RUI \u00c9 ADIADA PARA SEXTA-FEIRA. - blog do er\u00ea\" \/>\n<meta property=\"og:description\" content=\"\u00a0 Em virtude de readequa\u00e7\u00f5es na agenda do governador Rui Costa, impossibilidade de decolar, os compromissos marcados para esta quinta (6), nos munic\u00edpios de Itaju\u00edpe e Coaraci, foram adiados para...\" \/>\n<meta property=\"og:url\" content=\"https:\/\/blogdoere.com.br\/?p=26039\" \/>\n<meta property=\"og:site_name\" content=\"blog do er\u00ea\" \/>\n<meta property=\"article:published_time\" content=\"2019-06-06T14:39:00+00:00\" \/>\n<meta property=\"article:modified_time\" content=\"2021-11-12T04:16:20+00:00\" \/>\n<meta property=\"og:image\" content=\"https:\/\/blogdoere.com.br\/wp-content\/uploads\/2019\/06\/1420238577IMG_20150102_192453.jpg\" \/>\n\t<meta property=\"og:image:width\" content=\"320\" \/>\n\t<meta property=\"og:image:height\" content=\"213\" \/>\n\t<meta property=\"og:image:type\" content=\"image\/jpeg\" \/>\n<meta name=\"author\" content=\"Ere\" \/>\n<meta name=\"twitter:card\" content=\"summary_large_image\" \/>\n<meta name=\"twitter:label1\" content=\"Escrito por\" \/>\n\t<meta name=\"twitter:data1\" content=\"Ere\" \/>\n\t<meta name=\"twitter:label2\" content=\"Tempo estimado de leitura\" \/>\n\t<meta name=\"twitter:data2\" content=\"1 minuto\" \/>\n<script type=\"application\/ld+json\" class=\"yoast-schema-graph\">{\"@context\":\"https:\/\/schema.org\",\"@graph\":[{\"@type\":\"Article\",\"@id\":\"https:\/\/blogdoere.com.br\/?p=26039#article\",\"isPartOf\":{\"@id\":\"https:\/\/blogdoere.com.br\/?p=26039\"},\"author\":{\"name\":\"Ere\",\"@id\":\"https:\/\/blogdoere.com.br\/#\/schema\/person\/4b56ed2336cb28ae3415ce8ffe56742e\"},\"headline\":\"ITAJU\u00cdPE: AGENDA DE RUI \u00c9 ADIADA PARA SEXTA-FEIRA.\",\"datePublished\":\"2019-06-06T14:39:00+00:00\",\"dateModified\":\"2021-11-12T04:16:20+00:00\",\"mainEntityOfPage\":{\"@id\":\"https:\/\/blogdoere.com.br\/?p=26039\"},\"wordCount\":218,\"commentCount\":0,\"publisher\":{\"@id\":\"https:\/\/blogdoere.com.br\/#organization\"},\"articleSection\":[\"Destaques\"],\"inLanguage\":\"pt-PT\",\"potentialAction\":[{\"@type\":\"CommentAction\",\"name\":\"Comment\",\"target\":[\"https:\/\/blogdoere.com.br\/?p=26039#respond\"]}]},{\"@type\":\"WebPage\",\"@id\":\"https:\/\/blogdoere.com.br\/?p=26039\",\"url\":\"https:\/\/blogdoere.com.br\/?p=26039\",\"name\":\"ITAJU\u00cdPE: AGENDA DE RUI \u00c9 ADIADA PARA SEXTA-FEIRA. - blog do er\u00ea\",\"isPartOf\":{\"@id\":\"https:\/\/blogdoere.com.br\/#website\"},\"datePublished\":\"2019-06-06T14:39:00+00:00\",\"dateModified\":\"2021-11-12T04:16:20+00:00\",\"breadcrumb\":{\"@id\":\"https:\/\/blogdoere.com.br\/?p=26039#breadcrumb\"},\"inLanguage\":\"pt-PT\",\"potentialAction\":[{\"@type\":\"ReadAction\",\"target\":[\"https:\/\/blogdoere.com.br\/?p=26039\"]}]},{\"@type\":\"BreadcrumbList\",\"@id\":\"https:\/\/blogdoere.com.br\/?p=26039#breadcrumb\",\"itemListElement\":[{\"@type\":\"ListItem\",\"position\":1,\"name\":\"In\u00edcio\",\"item\":\"https:\/\/blogdoere.com.br\/\"},{\"@type\":\"ListItem\",\"position\":2,\"name\":\"ITAJU\u00cdPE: AGENDA DE RUI \u00c9 ADIADA PARA SEXTA-FEIRA.\"}]},{\"@type\":\"WebSite\",\"@id\":\"https:\/\/blogdoere.com.br\/#website\",\"url\":\"https:\/\/blogdoere.com.br\/\",\"name\":\"blog do er\u00ea\",\"description\":\"\",\"publisher\":{\"@id\":\"https:\/\/blogdoere.com.br\/#organization\"},\"potentialAction\":[{\"@type\":\"SearchAction\",\"target\":{\"@type\":\"EntryPoint\",\"urlTemplate\":\"https:\/\/blogdoere.com.br\/?s={search_term_string}\"},\"query-input\":\"required name=search_term_string\"}],\"inLanguage\":\"pt-PT\"},{\"@type\":\"Organization\",\"@id\":\"https:\/\/blogdoere.com.br\/#organization\",\"name\":\"Blog do Er\u00ea\",\"url\":\"https:\/\/blogdoere.com.br\/\",\"logo\":{\"@type\":\"ImageObject\",\"inLanguage\":\"pt-PT\",\"@id\":\"https:\/\/blogdoere.com.br\/#\/schema\/logo\/image\/\",\"url\":\"https:\/\/blogdoere.com.br\/wp-content\/uploads\/2021\/11\/Logo-Ere-1.png\",\"contentUrl\":\"https:\/\/blogdoere.com.br\/wp-content\/uploads\/2021\/11\/Logo-Ere-1.png\",\"width\":1261,\"height\":1330,\"caption\":\"Blog do Er\u00ea\"},\"image\":{\"@id\":\"https:\/\/blogdoere.com.br\/#\/schema\/logo\/image\/\"}},{\"@type\":\"Person\",\"@id\":\"https:\/\/blogdoere.com.br\/#\/schema\/person\/4b56ed2336cb28ae3415ce8ffe56742e\",\"name\":\"Ere\",\"image\":{\"@type\":\"ImageObject\",\"inLanguage\":\"pt-PT\",\"@id\":\"https:\/\/blogdoere.com.br\/#\/schema\/person\/image\/\",\"url\":\"https:\/\/secure.gravatar.com\/avatar\/?s=96&d=mm&r=g\",\"contentUrl\":\"https:\/\/secure.gravatar.com\/avatar\/?s=96&d=mm&r=g\",\"caption\":\"Ere\"}}]}<\/script>\n<!-- \/ Yoast SEO plugin. -->","yoast_head_json":{"title":"ITAJU\u00cdPE: AGENDA DE RUI \u00c9 ADIADA PARA SEXTA-FEIRA. - blog do er\u00ea","robots":{"index":"index","follow":"follow","max-snippet":"max-snippet:-1","max-image-preview":"max-image-preview:large","max-video-preview":"max-video-preview:-1"},"canonical":"https:\/\/blogdoere.com.br\/?p=26039","og_locale":"pt_PT","og_type":"article","og_title":"ITAJU\u00cdPE: AGENDA DE RUI \u00c9 ADIADA PARA SEXTA-FEIRA. - blog do er\u00ea","og_description":"\u00a0 Em virtude de readequa\u00e7\u00f5es na agenda do governador Rui Costa, impossibilidade de decolar, os compromissos marcados para esta quinta (6), nos munic\u00edpios de Itaju\u00edpe e Coaraci, foram adiados para...","og_url":"https:\/\/blogdoere.com.br\/?p=26039","og_site_name":"blog do er\u00ea","article_published_time":"2019-06-06T14:39:00+00:00","article_modified_time":"2021-11-12T04:16:20+00:00","og_image":[{"width":320,"height":213,"url":"https:\/\/blogdoere.com.br\/wp-content\/uploads\/2019\/06\/1420238577IMG_20150102_192453.jpg","type":"image\/jpeg"}],"author":"Ere","twitter_card":"summary_large_image","twitter_misc":{"Escrito por":"Ere","Tempo estimado de leitura":"1 minuto"},"schema":{"@context":"https:\/\/schema.org","@graph":[{"@type":"Article","@id":"https:\/\/blogdoere.com.br\/?p=26039#article","isPartOf":{"@id":"https:\/\/blogdoere.com.br\/?p=26039"},"author":{"name":"Ere","@id":"https:\/\/blogdoere.com.br\/#\/schema\/person\/4b56ed2336cb28ae3415ce8ffe56742e"},"headline":"ITAJU\u00cdPE: AGENDA DE RUI \u00c9 ADIADA PARA SEXTA-FEIRA.","datePublished":"2019-06-06T14:39:00+00:00","dateModified":"2021-11-12T04:16:20+00:00","mainEntityOfPage":{"@id":"https:\/\/blogdoere.com.br\/?p=26039"},"wordCount":218,"commentCount":0,"publisher":{"@id":"https:\/\/blogdoere.com.br\/#organization"},"articleSection":["Destaques"],"inLanguage":"pt-PT","potentialAction":[{"@type":"CommentAction","name":"Comment","target":["https:\/\/blogdoere.com.br\/?p=26039#respond"]}]},{"@type":"WebPage","@id":"https:\/\/blogdoere.com.br\/?p=26039","url":"https:\/\/blogdoere.com.br\/?p=26039","name":"ITAJU\u00cdPE: AGENDA DE RUI \u00c9 ADIADA PARA SEXTA-FEIRA. - blog do er\u00ea","isPartOf":{"@id":"https:\/\/blogdoere.com.br\/#website"},"datePublished":"2019-06-06T14:39:00+00:00","dateModified":"2021-11-12T04:16:20+00:00","breadcrumb":{"@id":"https:\/\/blogdoere.com.br\/?p=26039#breadcrumb"},"inLanguage":"pt-PT","potentialAction":[{"@type":"ReadAction","target":["https:\/\/blogdoere.com.br\/?p=26039"]}]},{"@type":"BreadcrumbList","@id":"https:\/\/blogdoere.com.br\/?p=26039#breadcrumb","itemListElement":[{"@type":"ListItem","position":1,"name":"In\u00edcio","item":"https:\/\/blogdoere.com.br\/"},{"@type":"ListItem","position":2,"name":"ITAJU\u00cdPE: AGENDA DE RUI \u00c9 ADIADA PARA SEXTA-FEIRA."}]},{"@type":"WebSite","@id":"https:\/\/blogdoere.com.br\/#website","url":"https:\/\/blogdoere.com.br\/","name":"blog do er\u00ea","description":"","publisher":{"@id":"https:\/\/blogdoere.com.br\/#organization"},"potentialAction":[{"@type":"SearchAction","target":{"@type":"EntryPoint","urlTemplate":"https:\/\/blogdoere.com.br\/?s={search_term_string}"},"query-input":"required name=search_term_string"}],"inLanguage":"pt-PT"},{"@type":"Organization","@id":"https:\/\/blogdoere.com.br\/#organization","name":"Blog do Er\u00ea","url":"https:\/\/blogdoere.com.br\/","logo":{"@type":"ImageObject","inLanguage":"pt-PT","@id":"https:\/\/blogdoere.com.br\/#\/schema\/logo\/image\/","url":"https:\/\/blogdoere.com.br\/wp-content\/uploads\/2021\/11\/Logo-Ere-1.png","contentUrl":"https:\/\/blogdoere.com.br\/wp-content\/uploads\/2021\/11\/Logo-Ere-1.png","width":1261,"height":1330,"caption":"Blog do Er\u00ea"},"image":{"@id":"https:\/\/blogdoere.com.br\/#\/schema\/logo\/image\/"}},{"@type":"Person","@id":"https:\/\/blogdoere.com.br\/#\/schema\/person\/4b56ed2336cb28ae3415ce8ffe56742e","name":"Ere","image":{"@type":"ImageObject","inLanguage":"pt-PT","@id":"https:\/\/blogdoere.com.br\/#\/schema\/person\/image\/","url":"https:\/\/secure.gravatar.com\/avatar\/?s=96&d=mm&r=g","contentUrl":"https:\/\/secure.gravatar.com\/avatar\/?s=96&d=mm&r=g","caption":"Ere"}}]}},"featured_image_urls":{"full":["https:\/\/blogdoere.com.br\/wp-content\/uploads\/2019\/06\/1420238577IMG_20150102_192453.jpg",320,213,false],"thumbnail":["https:\/\/blogdoere.com.br\/wp-content\/uploads\/2019\/06\/1420238577IMG_20150102_192453-150x150.jpg",150,150,true],"medium":["https:\/\/blogdoere.com.br\/wp-content\/uploads\/2019\/06\/1420238577IMG_20150102_192453-300x200.jpg",300,200,true],"medium_large":["https:\/\/blogdoere.com.br\/wp-content\/uploads\/2019\/06\/1420238577IMG_20150102_192453.jpg",320,213,false],"large":["https:\/\/blogdoere.com.br\/wp-content\/uploads\/2019\/06\/1420238577IMG_20150102_192453.jpg",320,213,false],"1536x1536":["https:\/\/blogdoere.com.br\/wp-content\/uploads\/2019\/06\/1420238577IMG_20150102_192453.jpg",320,213,false],"2048x2048":["https:\/\/blogdoere.com.br\/wp-content\/uploads\/2019\/06\/1420238577IMG_20150102_192453.jpg",320,213,false]},"author_info":{"display_name":"Ere","author_link":"https:\/\/blogdoere.com.br\/?author=2"},"category_info":"<a href=\"https:\/\/blogdoere.com.br\/?cat=1\" rel=\"category\">Destaques<\/a>","tag_info":"Destaques","comment_count":"0","_links":{"self":[{"href":"https:\/\/blogdoere.com.br\/index.php?rest_route=\/wp\/v2\/posts\/26039","targetHints":{"allow":["GET"]}}],"collection":[{"href":"https:\/\/blogdoere.com.br\/index.php?rest_route=\/wp\/v2\/posts"}],"about":[{"href":"https:\/\/blogdoere.com.br\/index.php?rest_route=\/wp\/v2\/types\/post"}],"author":[{"embeddable":true,"href":"https:\/\/blogdoere.com.br\/index.php?rest_route=\/wp\/v2\/users\/2"}],"replies":[{"embeddable":true,"href":"https:\/\/blogdoere.com.br\/index.php?rest_route=%2Fwp%2Fv2%2Fcomments&post=26039"}],"version-history":[{"count":1,"href":"https:\/\/blogdoere.com.br\/index.php?rest_route=\/wp\/v2\/posts\/26039\/revisions"}],"predecessor-version":[{"id":27381,"href":"https:\/\/blogdoere.com.br\/index.php?rest_route=\/wp\/v2\/posts\/26039\/revisions\/27381"}],"wp:featuredmedia":[{"embeddable":true,"href":"https:\/\/blogdoere.com.br\/index.php?rest_route=\/wp\/v2\/media\/27380"}],"wp:attachment":[{"href":"https:\/\/blogdoere.com.br\/index.php?rest_route=%2Fwp%2Fv2%2Fmedia&parent=26039"}],"wp:term":[{"taxonomy":"category","embeddable":true,"href":"https:\/\/blogdoere.com.br\/index.php?rest_route=%2Fwp%2Fv2%2Fcategories&post=26039"},{"taxonomy":"post_tag","embeddable":true,"href":"https:\/\/blogdoere.com.br\/index.php?rest_route=%2Fwp%2Fv2%2Ftags&post=26039"}],"curies":[{"name":"wp","href":"https:\/\/api.w.org\/{rel}","templated":true}]}}