{"id":26053,"date":"2019-04-26T13:55:00","date_gmt":"2019-04-26T13:55:00","guid":{"rendered":"http:\/\/blogdoere.com.br\/?p=26053"},"modified":"2019-04-26T13:55:00","modified_gmt":"2019-04-26T13:55:00","slug":"itajuipe-comeca-hoje-a-conferencia-da-saude","status":"publish","type":"post","link":"https:\/\/blogdoere.com.br\/?p=26053","title":{"rendered":"ITAJU\u00cdPE: COME\u00c7A HOJE A  CONFER\u00caNCIA DA SA\u00daDE."},"content":{"rendered":"<div style=\"clear: both; text-align: center;\"><a href=\"https:\/\/3.bp.blogspot.com\/-MELWYdjYMv0\/XMMM7_LeOOI\/AAAAAAAAG-k\/iRWf1U_BIr8lZn91vMAIJGqAxCFUYOLbwCLcBGAs\/s1600\/wns_imagens_3123_1556221342.jpeg\" style=\"margin-left: 1em; margin-right: 1em;\"><img decoding=\"async\" border=\"0\" data-original-height=\"1280\" data-original-width=\"1279\" height=\"320\" src=\"https:\/\/3.bp.blogspot.com\/-MELWYdjYMv0\/XMMM7_LeOOI\/AAAAAAAAG-k\/iRWf1U_BIr8lZn91vMAIJGqAxCFUYOLbwCLcBGAs\/s320\/wns_imagens_3123_1556221342.jpeg\" width=\"319\" \/><\/a><\/div>\n<div dir=\"ltr\" style=\"line-height: 1.38; margin-bottom: 0pt; margin-top: 0pt; text-align: justify;\"><\/div>\n<div dir=\"ltr\" style=\"line-height: 1.38; margin-bottom: 0pt; margin-top: 0pt; text-align: justify;\"><span style=\"font-family: Arial; font-size: 11pt; font-variant-east-asian: normal; font-variant-numeric: normal; vertical-align: baseline; white-space: pre-wrap;\">Come\u00e7a hoje 26, e vai at\u00e9 amanh\u00e3, no Col\u00e9gio Estadual Dr. &nbsp;Luiz Viana Filho, em Itaju\u00edpe, a V Confer\u00eancia Municipal de Sa\u00fade, uma das etapas da Confer\u00eancia Nacional de Sa\u00fade, que traz o como tema &#8220;Democracia e Sa\u00fade&#8221;.<\/span><span style=\"font-family: Arial; font-size: 11pt; font-variant-east-asian: normal; font-variant-numeric: normal; vertical-align: baseline; white-space: pre-wrap;\"><br \/><\/span><span style=\"font-family: Arial; font-size: 11pt; font-variant-east-asian: normal; font-variant-numeric: normal; vertical-align: baseline; white-space: pre-wrap;\">A confer\u00eancia tem por objetivo discutir as melhorias desejadas pelos usu\u00e1rios a serem aplicadas ao Sistema \u00danico de Sa\u00fade, o SUS, al\u00e9m do debate sobre os direitos dos cidad\u00e3os \u00e0 sa\u00fade. &nbsp;Ser\u00e3o discutidos, ainda, os efeitos da estrutura\u00e7\u00e3o do SUS, al\u00e9m da consolida\u00e7\u00e3o e o financiamento do mesmo, ressaltando a import\u00e2ncia do tema e a necessidade de discutir os caminhos que o Sistema \u00danico de Sa\u00fade pode tomar a partir das sugest\u00f5es e da participa\u00e7\u00e3o popular neste momento de debate p\u00fablico.<\/span><span style=\"font-family: Arial; font-size: 11pt; font-variant-east-asian: normal; font-variant-numeric: normal; vertical-align: baseline; white-space: pre-wrap;\"><br \/><\/span><span style=\"font-family: Arial; font-size: 11pt; font-variant-east-asian: normal; font-variant-numeric: normal; vertical-align: baseline; white-space: pre-wrap;\">A confer\u00eancia ter\u00e1 tamb\u00e9m o objetivo de eleger delegados municipais que representar\u00e3o a cidade e as propostas selecionadas na Etapa Estadual da Confer\u00eancia Nacional de Sa\u00fade. O evento ocorre nesta sexta-feira, 26, com abertura oficial no Col\u00e9gio Estadual Dr. &nbsp;Luiz Viana Filho, \u00e0s 19h e no dia 27, das 08 \u00e0s 17h.<\/span><span style=\"font-family: Arial; font-size: 11pt; font-variant-east-asian: normal; font-variant-numeric: normal; vertical-align: baseline; white-space: pre-wrap;\"><br \/>Fonte: webnewssul<\/span><\/div>\n","protected":false},"excerpt":{"rendered":"<p>Come\u00e7a hoje 26, e vai at\u00e9 amanh\u00e3, no Col\u00e9gio Estadual Dr. &nbsp;Luiz Viana Filho, em Itaju\u00edpe, a V Confer\u00eancia Municipal de Sa\u00fade, uma das etapas da Confer\u00eancia Nacional de Sa\u00fade,&#8230;<\/p>\n","protected":false},"author":2,"featured_media":0,"comment_status":"open","ping_status":"open","sticky":false,"template":"","format":"standard","meta":{"_editorskit_title_hidden":false,"_editorskit_reading_time":0,"_editorskit_is_block_options_detached":false,"_editorskit_block_options_position":"{}","om_disable_all_campaigns":false,"_mi_skip_tracking":false,"_kad_post_transparent":"","_kad_post_title":"","_kad_post_layout":"","_kad_post_sidebar_id":"","_kad_post_content_style":"","_kad_post_vertical_padding":"","_kad_post_feature":"","_kad_post_feature_position":"","_kad_post_header":false,"_kad_post_footer":false,"footnotes":""},"categories":[1],"tags":[],"class_list":["post-26053","post","type-post","status-publish","format-standard","hentry","category-destaques"],"yoast_head":"<!-- This site is optimized with the Yoast SEO plugin v20.5 - https:\/\/yoast.com\/wordpress\/plugins\/seo\/ -->\n<title>ITAJU\u00cdPE: COME\u00c7A HOJE A CONFER\u00caNCIA DA SA\u00daDE. - blog do er\u00ea<\/title>\n<meta name=\"robots\" content=\"index, follow, max-snippet:-1, max-image-preview:large, max-video-preview:-1\" \/>\n<link rel=\"canonical\" href=\"https:\/\/blogdoere.com.br\/?p=26053\" \/>\n<meta property=\"og:locale\" content=\"pt_PT\" \/>\n<meta property=\"og:type\" content=\"article\" \/>\n<meta property=\"og:title\" content=\"ITAJU\u00cdPE: COME\u00c7A HOJE A CONFER\u00caNCIA DA SA\u00daDE. - blog do er\u00ea\" \/>\n<meta property=\"og:description\" content=\"Come\u00e7a hoje 26, e vai at\u00e9 amanh\u00e3, no Col\u00e9gio Estadual Dr. &nbsp;Luiz Viana Filho, em Itaju\u00edpe, a V Confer\u00eancia Municipal de Sa\u00fade, uma das etapas da Confer\u00eancia Nacional de Sa\u00fade,...\" \/>\n<meta property=\"og:url\" content=\"https:\/\/blogdoere.com.br\/?p=26053\" \/>\n<meta property=\"og:site_name\" content=\"blog do er\u00ea\" \/>\n<meta property=\"article:published_time\" content=\"2019-04-26T13:55:00+00:00\" \/>\n<meta property=\"og:image\" content=\"https:\/\/3.bp.blogspot.com\/-MELWYdjYMv0\/XMMM7_LeOOI\/AAAAAAAAG-k\/iRWf1U_BIr8lZn91vMAIJGqAxCFUYOLbwCLcBGAs\/s320\/wns_imagens_3123_1556221342.jpeg\" \/>\n<meta name=\"author\" content=\"Ere\" \/>\n<meta name=\"twitter:card\" content=\"summary_large_image\" \/>\n<meta name=\"twitter:label1\" content=\"Escrito por\" \/>\n\t<meta name=\"twitter:data1\" content=\"Ere\" \/>\n\t<meta name=\"twitter:label2\" content=\"Tempo estimado de leitura\" \/>\n\t<meta name=\"twitter:data2\" content=\"1 minuto\" \/>\n<script type=\"application\/ld+json\" class=\"yoast-schema-graph\">{\"@context\":\"https:\/\/schema.org\",\"@graph\":[{\"@type\":\"Article\",\"@id\":\"https:\/\/blogdoere.com.br\/?p=26053#article\",\"isPartOf\":{\"@id\":\"https:\/\/blogdoere.com.br\/?p=26053\"},\"author\":{\"name\":\"Ere\",\"@id\":\"https:\/\/blogdoere.com.br\/#\/schema\/person\/4b56ed2336cb28ae3415ce8ffe56742e\"},\"headline\":\"ITAJU\u00cdPE: COME\u00c7A HOJE A CONFER\u00caNCIA DA SA\u00daDE.\",\"datePublished\":\"2019-04-26T13:55:00+00:00\",\"dateModified\":\"2019-04-26T13:55:00+00:00\",\"mainEntityOfPage\":{\"@id\":\"https:\/\/blogdoere.com.br\/?p=26053\"},\"wordCount\":211,\"commentCount\":0,\"publisher\":{\"@id\":\"https:\/\/blogdoere.com.br\/#organization\"},\"articleSection\":[\"Destaques\"],\"inLanguage\":\"pt-PT\",\"potentialAction\":[{\"@type\":\"CommentAction\",\"name\":\"Comment\",\"target\":[\"https:\/\/blogdoere.com.br\/?p=26053#respond\"]}]},{\"@type\":\"WebPage\",\"@id\":\"https:\/\/blogdoere.com.br\/?p=26053\",\"url\":\"https:\/\/blogdoere.com.br\/?p=26053\",\"name\":\"ITAJU\u00cdPE: COME\u00c7A HOJE A CONFER\u00caNCIA DA SA\u00daDE. - blog do er\u00ea\",\"isPartOf\":{\"@id\":\"https:\/\/blogdoere.com.br\/#website\"},\"datePublished\":\"2019-04-26T13:55:00+00:00\",\"dateModified\":\"2019-04-26T13:55:00+00:00\",\"breadcrumb\":{\"@id\":\"https:\/\/blogdoere.com.br\/?p=26053#breadcrumb\"},\"inLanguage\":\"pt-PT\",\"potentialAction\":[{\"@type\":\"ReadAction\",\"target\":[\"https:\/\/blogdoere.com.br\/?p=26053\"]}]},{\"@type\":\"BreadcrumbList\",\"@id\":\"https:\/\/blogdoere.com.br\/?p=26053#breadcrumb\",\"itemListElement\":[{\"@type\":\"ListItem\",\"position\":1,\"name\":\"In\u00edcio\",\"item\":\"https:\/\/blogdoere.com.br\/\"},{\"@type\":\"ListItem\",\"position\":2,\"name\":\"ITAJU\u00cdPE: COME\u00c7A HOJE A CONFER\u00caNCIA DA SA\u00daDE.\"}]},{\"@type\":\"WebSite\",\"@id\":\"https:\/\/blogdoere.com.br\/#website\",\"url\":\"https:\/\/blogdoere.com.br\/\",\"name\":\"blog do er\u00ea\",\"description\":\"\",\"publisher\":{\"@id\":\"https:\/\/blogdoere.com.br\/#organization\"},\"potentialAction\":[{\"@type\":\"SearchAction\",\"target\":{\"@type\":\"EntryPoint\",\"urlTemplate\":\"https:\/\/blogdoere.com.br\/?s={search_term_string}\"},\"query-input\":\"required name=search_term_string\"}],\"inLanguage\":\"pt-PT\"},{\"@type\":\"Organization\",\"@id\":\"https:\/\/blogdoere.com.br\/#organization\",\"name\":\"Blog do Er\u00ea\",\"url\":\"https:\/\/blogdoere.com.br\/\",\"logo\":{\"@type\":\"ImageObject\",\"inLanguage\":\"pt-PT\",\"@id\":\"https:\/\/blogdoere.com.br\/#\/schema\/logo\/image\/\",\"url\":\"https:\/\/blogdoere.com.br\/wp-content\/uploads\/2021\/11\/Logo-Ere-1.png\",\"contentUrl\":\"https:\/\/blogdoere.com.br\/wp-content\/uploads\/2021\/11\/Logo-Ere-1.png\",\"width\":1261,\"height\":1330,\"caption\":\"Blog do Er\u00ea\"},\"image\":{\"@id\":\"https:\/\/blogdoere.com.br\/#\/schema\/logo\/image\/\"}},{\"@type\":\"Person\",\"@id\":\"https:\/\/blogdoere.com.br\/#\/schema\/person\/4b56ed2336cb28ae3415ce8ffe56742e\",\"name\":\"Ere\",\"image\":{\"@type\":\"ImageObject\",\"inLanguage\":\"pt-PT\",\"@id\":\"https:\/\/blogdoere.com.br\/#\/schema\/person\/image\/\",\"url\":\"https:\/\/secure.gravatar.com\/avatar\/?s=96&d=mm&r=g\",\"contentUrl\":\"https:\/\/secure.gravatar.com\/avatar\/?s=96&d=mm&r=g\",\"caption\":\"Ere\"}}]}<\/script>\n<!-- \/ Yoast SEO plugin. -->","yoast_head_json":{"title":"ITAJU\u00cdPE: COME\u00c7A HOJE A CONFER\u00caNCIA DA SA\u00daDE. - blog do er\u00ea","robots":{"index":"index","follow":"follow","max-snippet":"max-snippet:-1","max-image-preview":"max-image-preview:large","max-video-preview":"max-video-preview:-1"},"canonical":"https:\/\/blogdoere.com.br\/?p=26053","og_locale":"pt_PT","og_type":"article","og_title":"ITAJU\u00cdPE: COME\u00c7A HOJE A CONFER\u00caNCIA DA SA\u00daDE. - blog do er\u00ea","og_description":"Come\u00e7a hoje 26, e vai at\u00e9 amanh\u00e3, no Col\u00e9gio Estadual Dr. &nbsp;Luiz Viana Filho, em Itaju\u00edpe, a V Confer\u00eancia Municipal de Sa\u00fade, uma das etapas da Confer\u00eancia Nacional de Sa\u00fade,...","og_url":"https:\/\/blogdoere.com.br\/?p=26053","og_site_name":"blog do er\u00ea","article_published_time":"2019-04-26T13:55:00+00:00","og_image":[{"url":"https:\/\/3.bp.blogspot.com\/-MELWYdjYMv0\/XMMM7_LeOOI\/AAAAAAAAG-k\/iRWf1U_BIr8lZn91vMAIJGqAxCFUYOLbwCLcBGAs\/s320\/wns_imagens_3123_1556221342.jpeg"}],"author":"Ere","twitter_card":"summary_large_image","twitter_misc":{"Escrito por":"Ere","Tempo estimado de leitura":"1 minuto"},"schema":{"@context":"https:\/\/schema.org","@graph":[{"@type":"Article","@id":"https:\/\/blogdoere.com.br\/?p=26053#article","isPartOf":{"@id":"https:\/\/blogdoere.com.br\/?p=26053"},"author":{"name":"Ere","@id":"https:\/\/blogdoere.com.br\/#\/schema\/person\/4b56ed2336cb28ae3415ce8ffe56742e"},"headline":"ITAJU\u00cdPE: COME\u00c7A HOJE A CONFER\u00caNCIA DA SA\u00daDE.","datePublished":"2019-04-26T13:55:00+00:00","dateModified":"2019-04-26T13:55:00+00:00","mainEntityOfPage":{"@id":"https:\/\/blogdoere.com.br\/?p=26053"},"wordCount":211,"commentCount":0,"publisher":{"@id":"https:\/\/blogdoere.com.br\/#organization"},"articleSection":["Destaques"],"inLanguage":"pt-PT","potentialAction":[{"@type":"CommentAction","name":"Comment","target":["https:\/\/blogdoere.com.br\/?p=26053#respond"]}]},{"@type":"WebPage","@id":"https:\/\/blogdoere.com.br\/?p=26053","url":"https:\/\/blogdoere.com.br\/?p=26053","name":"ITAJU\u00cdPE: COME\u00c7A HOJE A CONFER\u00caNCIA DA SA\u00daDE. - blog do er\u00ea","isPartOf":{"@id":"https:\/\/blogdoere.com.br\/#website"},"datePublished":"2019-04-26T13:55:00+00:00","dateModified":"2019-04-26T13:55:00+00:00","breadcrumb":{"@id":"https:\/\/blogdoere.com.br\/?p=26053#breadcrumb"},"inLanguage":"pt-PT","potentialAction":[{"@type":"ReadAction","target":["https:\/\/blogdoere.com.br\/?p=26053"]}]},{"@type":"BreadcrumbList","@id":"https:\/\/blogdoere.com.br\/?p=26053#breadcrumb","itemListElement":[{"@type":"ListItem","position":1,"name":"In\u00edcio","item":"https:\/\/blogdoere.com.br\/"},{"@type":"ListItem","position":2,"name":"ITAJU\u00cdPE: COME\u00c7A HOJE A CONFER\u00caNCIA DA SA\u00daDE."}]},{"@type":"WebSite","@id":"https:\/\/blogdoere.com.br\/#website","url":"https:\/\/blogdoere.com.br\/","name":"blog do er\u00ea","description":"","publisher":{"@id":"https:\/\/blogdoere.com.br\/#organization"},"potentialAction":[{"@type":"SearchAction","target":{"@type":"EntryPoint","urlTemplate":"https:\/\/blogdoere.com.br\/?s={search_term_string}"},"query-input":"required name=search_term_string"}],"inLanguage":"pt-PT"},{"@type":"Organization","@id":"https:\/\/blogdoere.com.br\/#organization","name":"Blog do Er\u00ea","url":"https:\/\/blogdoere.com.br\/","logo":{"@type":"ImageObject","inLanguage":"pt-PT","@id":"https:\/\/blogdoere.com.br\/#\/schema\/logo\/image\/","url":"https:\/\/blogdoere.com.br\/wp-content\/uploads\/2021\/11\/Logo-Ere-1.png","contentUrl":"https:\/\/blogdoere.com.br\/wp-content\/uploads\/2021\/11\/Logo-Ere-1.png","width":1261,"height":1330,"caption":"Blog do Er\u00ea"},"image":{"@id":"https:\/\/blogdoere.com.br\/#\/schema\/logo\/image\/"}},{"@type":"Person","@id":"https:\/\/blogdoere.com.br\/#\/schema\/person\/4b56ed2336cb28ae3415ce8ffe56742e","name":"Ere","image":{"@type":"ImageObject","inLanguage":"pt-PT","@id":"https:\/\/blogdoere.com.br\/#\/schema\/person\/image\/","url":"https:\/\/secure.gravatar.com\/avatar\/?s=96&d=mm&r=g","contentUrl":"https:\/\/secure.gravatar.com\/avatar\/?s=96&d=mm&r=g","caption":"Ere"}}]}},"featured_image_urls":{"full":"","thumbnail":"","medium":"","medium_large":"","large":"","1536x1536":"","2048x2048":""},"author_info":{"display_name":"Ere","author_link":"https:\/\/blogdoere.com.br\/?author=2"},"category_info":"<a href=\"https:\/\/blogdoere.com.br\/?cat=1\" rel=\"category\">Destaques<\/a>","tag_info":"Destaques","comment_count":"0","_links":{"self":[{"href":"https:\/\/blogdoere.com.br\/index.php?rest_route=\/wp\/v2\/posts\/26053","targetHints":{"allow":["GET"]}}],"collection":[{"href":"https:\/\/blogdoere.com.br\/index.php?rest_route=\/wp\/v2\/posts"}],"about":[{"href":"https:\/\/blogdoere.com.br\/index.php?rest_route=\/wp\/v2\/types\/post"}],"author":[{"embeddable":true,"href":"https:\/\/blogdoere.com.br\/index.php?rest_route=\/wp\/v2\/users\/2"}],"replies":[{"embeddable":true,"href":"https:\/\/blogdoere.com.br\/index.php?rest_route=%2Fwp%2Fv2%2Fcomments&post=26053"}],"version-history":[{"count":0,"href":"https:\/\/blogdoere.com.br\/index.php?rest_route=\/wp\/v2\/posts\/26053\/revisions"}],"wp:attachment":[{"href":"https:\/\/blogdoere.com.br\/index.php?rest_route=%2Fwp%2Fv2%2Fmedia&parent=26053"}],"wp:term":[{"taxonomy":"category","embeddable":true,"href":"https:\/\/blogdoere.com.br\/index.php?rest_route=%2Fwp%2Fv2%2Fcategories&post=26053"},{"taxonomy":"post_tag","embeddable":true,"href":"https:\/\/blogdoere.com.br\/index.php?rest_route=%2Fwp%2Fv2%2Ftags&post=26053"}],"curies":[{"name":"wp","href":"https:\/\/api.w.org\/{rel}","templated":true}]}}