{"id":26054,"date":"2019-04-22T14:32:00","date_gmt":"2019-04-22T14:32:00","guid":{"rendered":"http:\/\/blogdoere.com.br\/?p=26054"},"modified":"2019-04-22T14:32:00","modified_gmt":"2019-04-22T14:32:00","slug":"urucuca-abertas-inscricoes-para-curso-tecnico-em-agropecuaria","status":"publish","type":"post","link":"https:\/\/blogdoere.com.br\/?p=26054","title":{"rendered":"URU\u00c7UCA: ABERTAS INSCRI\u00c7\u00d5ES PARA CURSO T\u00c9CNICO EM AGROPECU\u00c1RIA."},"content":{"rendered":"<p><\/p>\n<div style=\"clear: both; text-align: center;\"><a href=\"https:\/\/4.bp.blogspot.com\/-5ct0qt3WS5g\/XL3P36FFqKI\/AAAAAAAAG-Q\/cq5Ue_27AZYRL9j6mju0XJAk3tPPngrlgCLcBGAs\/s1600\/57226473_1461246344031531_7790559990447603712_n.jpg\" style=\"margin-left: 1em; margin-right: 1em;\"><img decoding=\"async\" border=\"0\" data-original-height=\"720\" data-original-width=\"720\" height=\"320\" src=\"https:\/\/4.bp.blogspot.com\/-5ct0qt3WS5g\/XL3P36FFqKI\/AAAAAAAAG-Q\/cq5Ue_27AZYRL9j6mju0XJAk3tPPngrlgCLcBGAs\/s320\/57226473_1461246344031531_7790559990447603712_n.jpg\" width=\"320\" \/><\/a><\/div>\n<p><br style=\"background-color: white; font-family: wf_segoe-ui_normal, &quot;Segoe UI&quot;, &quot;Segoe WP&quot;, Tahoma, Arial, sans-serif, serif, EmojiFont;\" \/><\/p>\n<div style=\"text-align: justify;\"><span style=\"background-color: white; font-family: , &quot;segoe ui&quot; , &quot;segoe wp&quot; , &quot;tahoma&quot; , &quot;arial&quot; , sans-serif , serif , &quot;emojifont&quot;; font-size: 14.6667px;\">Abertas as inscri\u00e7\u00f5es para o Curso T\u00e9cnico em Agropecu\u00e1ria do IF Baiano campus Uru\u00e7uca. S\u00e3o<\/span><span style=\"background-color: white; font-family: , &quot;segoe ui&quot; , &quot;segoe wp&quot; , &quot;tahoma&quot; , &quot;arial&quot; , sans-serif , serif , &quot;emojifont&quot;; font-size: 14.6667px;\">&nbsp;40 vagas e o curso \u00e9 gratuito para ingresso em 2019.2&nbsp;<\/span><\/div>\n<div style=\"text-align: justify;\"><span style=\"background-color: white; font-family: , &quot;segoe ui&quot; , &quot;segoe wp&quot; , &quot;tahoma&quot; , &quot;arial&quot; , sans-serif , serif , &quot;emojifont&quot;; font-size: 14.6667px;\"><br \/><\/span><\/div>\n<div style=\"text-align: justify;\"><span style=\"background-color: white; font-family: , &quot;segoe ui&quot; , &quot;segoe wp&quot; , &quot;tahoma&quot; , &quot;arial&quot; , sans-serif , serif , &quot;emojifont&quot;; font-size: 14.6667px;\">O Instituto Federal de Educa\u00e7\u00e3o, Ci\u00eancia e Tecnologia Baiano (IF Baiano) campus Uru\u00e7uca est\u00e1 com as inscri\u00e7\u00f5es abertas para o processo de ingresso de estudantes 2019.2 (in\u00edcio no segundo semestre deste ano). O prazo segue at\u00e9 2 de maio e s\u00e3o ofertadas 40 vagas para o curso t\u00e9cnico em agropecu\u00e1ria, somente para quem j\u00e1 concluiu o ensino m\u00e9dio.&nbsp;<\/span><\/div>\n<div style=\"text-align: justify;\"><span style=\"background-color: white; font-family: , &quot;segoe ui&quot; , &quot;segoe wp&quot; , &quot;tahoma&quot; , &quot;arial&quot; , sans-serif , serif , &quot;emojifont&quot;; font-size: 14.6667px;\"><br \/><\/span><\/div>\n<div style=\"text-align: justify;\"><span style=\"background-color: white; font-family: , &quot;segoe ui&quot; , &quot;segoe wp&quot; , &quot;tahoma&quot; , &quot;arial&quot; , sans-serif , serif , &quot;emojifont&quot;; font-size: 14.6667px;\">Para participar, o candidato acessa o site: ingresso.ifbaiano.edu.br e preenche o formul\u00e1rio de inscri\u00e7\u00e3o online. Ap\u00f3s o cadastro, \u00e9 necess\u00e1rio entregar a documenta\u00e7\u00e3o exigida no edital no campus Uru\u00e7uca ou enviar as c\u00f3pias via Correios para o endere\u00e7o: Rua Dr. Jo\u00e3o Nascimento, s\/n &#8211; Centro. Uru\u00e7uca-BA. CEP 45680-000.&nbsp;<\/span><br \/><span style=\"background-color: white; font-family: , &quot;segoe ui&quot; , &quot;segoe wp&quot; , &quot;tahoma&quot; , &quot;arial&quot; , sans-serif , serif , &quot;emojifont&quot;; font-size: 14.6667px;\"><br \/><\/span><\/div>\n<div style=\"text-align: justify;\"><span style=\"background-color: white; font-family: , &quot;segoe ui&quot; , &quot;segoe wp&quot; , &quot;tahoma&quot; , &quot;arial&quot; , sans-serif , serif , &quot;emojifont&quot;; font-size: 14.6667px;\">No momento da inscri\u00e7\u00e3o, que \u00e9 gratuita, o estudante deve sinalizar se deseja concorrer pela Reserva de Vagas. O IF Baiano destina 70% do total de vagas para estudantes oriundos de escola p\u00fablica e 5% para pessoas com defici\u00eancia. A taxa de 25% das vagas \u00e9 disponibilizadas \u00e0 ampla concorr\u00eancia.&nbsp;<\/span><\/div>\n<div style=\"text-align: justify;\"><span style=\"background-color: white; font-family: , &quot;segoe ui&quot; , &quot;segoe wp&quot; , &quot;tahoma&quot; , &quot;arial&quot; , sans-serif , serif , &quot;emojifont&quot;; font-size: 14.6667px;\"><br \/><\/span><\/div>\n<div style=\"text-align: justify;\"><span style=\"background-color: white; font-family: , &quot;segoe ui&quot; , &quot;segoe wp&quot; , &quot;tahoma&quot; , &quot;arial&quot; , sans-serif , serif , &quot;emojifont&quot;; font-size: 14.6667px;\">O crit\u00e9rio de sele\u00e7\u00e3o utilizado pelo IF Baiano \u00e9 a an\u00e1lise de desempenho escolar nas disciplinas de L\u00edngua Portuguesa e Matem\u00e1tica no 1\u00b0 e 2\u00b0 ano do ensino m\u00e9dio.&nbsp;<\/span><\/div>\n<div style=\"text-align: justify;\"><span style=\"background-color: white; font-family: , &quot;segoe ui&quot; , &quot;segoe wp&quot; , &quot;tahoma&quot; , &quot;arial&quot; , sans-serif , serif , &quot;emojifont&quot;; font-size: 11pt;\">As d\u00favidas podem ser encaminhadas para o e-mail: ascom@urucuca.ifbaiano.edu.br ou para nosso WhatApp: (73) 3239-2222.<\/span><\/div>\n<div style=\"text-align: justify;\"><span style=\"background-color: white; font-family: , &quot;segoe ui&quot; , &quot;segoe wp&quot; , &quot;tahoma&quot; , &quot;arial&quot; , sans-serif , serif , &quot;emojifont&quot;; font-size: 11pt;\"><br \/><\/span><\/div>\n<div style=\"text-align: justify;\"><span style=\"background-color: white; font-family: , &quot;segoe ui&quot; , &quot;segoe wp&quot; , &quot;tahoma&quot; , &quot;arial&quot; , sans-serif , serif , &quot;emojifont&quot;; font-size: 14.6667px;\">O IF BAIANO &#8211; O Instituto Federal de Educa\u00e7\u00e3o, Ci\u00eancia e Tecnologia Baiano foi criado em 2008 e \u00e9 uma institui\u00e7\u00e3o de ensino m\u00e9dio e superior, focada na Educa\u00e7\u00e3o Profissional e Tecnol\u00f3gica. Agrega as antigas Escolas Agrot\u00e9cnicas Federais e as Escolas M\u00e9dias de Agropecu\u00e1ria Regionais da Ceplac (EMARC) presentes na Bahia. Atualmente, possui 14 campi nos munic\u00edpios de Catu, Senhor do Bonfim, Santa In\u00eas, Guanambi, Valen\u00e7a, Teixeira de Freitas, Itapetinga, Uru\u00e7uca, Bom Jesus da Lapa, Governador Mangabeira e Serrinha, Alagoinhas, Itaberaba e Xique-Xique.<\/span><\/div>\n<div style=\"text-align: justify;\"><span style=\"background-color: white; font-family: , &quot;segoe ui&quot; , &quot;segoe wp&quot; , &quot;tahoma&quot; , &quot;arial&quot; , sans-serif , serif , &quot;emojifont&quot;; font-size: 14.6667px;\"><br \/><\/span><\/div>\n<div style=\"text-align: justify;\"><span style=\"background-color: white; font-family: , &quot;segoe ui&quot; , &quot;segoe wp&quot; , &quot;tahoma&quot; , &quot;arial&quot; , sans-serif , serif , &quot;emojifont&quot;; font-size: 11pt;\">Por:&nbsp;<\/span><span style=\"background-color: white; font-family: , &quot;segoe ui&quot; , &quot;segoe wp&quot; , &quot;tahoma&quot; , &quot;arial&quot; , sans-serif , serif , &quot;emojifont&quot;; font-size: 14.6667px;\">FL\u00c1VIA ALBUQUERQUE GOMES<\/span><span style=\"background-color: white; font-family: , &quot;segoe ui&quot; , &quot;segoe wp&quot; , &quot;tahoma&quot; , &quot;arial&quot; , sans-serif , serif , &quot;emojifont&quot;; font-size: 14.6667px;\">&nbsp;<\/span><\/div>\n<p><span style=\"background-color: white; font-family: , &quot;segoe ui&quot; , &quot;segoe wp&quot; , &quot;tahoma&quot; , &quot;arial&quot; , sans-serif , serif , &quot;emojifont&quot;; font-size: 14.6667px;\">N\u00facleo de Comunica\u00e7\u00e3o&nbsp;<\/span><br \/><span style=\"background-color: white; font-family: , &quot;segoe ui&quot; , &quot;segoe wp&quot; , &quot;tahoma&quot; , &quot;arial&quot; , sans-serif , serif , &quot;emojifont&quot;; font-size: 14.6667px;\">IF Baiano campus Uru\u00e7uca&nbsp;<\/span><\/p>\n<div style=\"text-align: justify;\"><span style=\"background-color: white; font-family: , &quot;segoe ui&quot; , &quot;segoe wp&quot; , &quot;tahoma&quot; , &quot;arial&quot; , sans-serif , serif , &quot;emojifont&quot;; font-size: 11pt;\"><br \/><\/span><\/div>\n","protected":false},"excerpt":{"rendered":"<p>Abertas as inscri\u00e7\u00f5es para o Curso T\u00e9cnico em Agropecu\u00e1ria do IF Baiano campus Uru\u00e7uca. S\u00e3o&nbsp;40 vagas e o curso \u00e9 gratuito para ingresso em 2019.2&nbsp; O Instituto Federal de Educa\u00e7\u00e3o,&#8230;<\/p>\n","protected":false},"author":2,"featured_media":0,"comment_status":"open","ping_status":"open","sticky":false,"template":"","format":"standard","meta":{"_editorskit_title_hidden":false,"_editorskit_reading_time":0,"_editorskit_is_block_options_detached":false,"_editorskit_block_options_position":"{}","om_disable_all_campaigns":false,"_mi_skip_tracking":false,"_kad_post_transparent":"","_kad_post_title":"","_kad_post_layout":"","_kad_post_sidebar_id":"","_kad_post_content_style":"","_kad_post_vertical_padding":"","_kad_post_feature":"","_kad_post_feature_position":"","_kad_post_header":false,"_kad_post_footer":false,"footnotes":""},"categories":[1],"tags":[],"class_list":["post-26054","post","type-post","status-publish","format-standard","hentry","category-destaques"],"yoast_head":"<!-- This site is optimized with the Yoast SEO plugin v20.5 - https:\/\/yoast.com\/wordpress\/plugins\/seo\/ -->\n<title>URU\u00c7UCA: ABERTAS INSCRI\u00c7\u00d5ES PARA CURSO T\u00c9CNICO EM AGROPECU\u00c1RIA. - blog do er\u00ea<\/title>\n<meta name=\"robots\" content=\"index, follow, max-snippet:-1, max-image-preview:large, max-video-preview:-1\" \/>\n<link rel=\"canonical\" href=\"https:\/\/blogdoere.com.br\/?p=26054\" \/>\n<meta property=\"og:locale\" content=\"pt_PT\" \/>\n<meta property=\"og:type\" content=\"article\" \/>\n<meta property=\"og:title\" content=\"URU\u00c7UCA: ABERTAS INSCRI\u00c7\u00d5ES PARA CURSO T\u00c9CNICO EM AGROPECU\u00c1RIA. - blog do er\u00ea\" \/>\n<meta property=\"og:description\" content=\"Abertas as inscri\u00e7\u00f5es para o Curso T\u00e9cnico em Agropecu\u00e1ria do IF Baiano campus Uru\u00e7uca. S\u00e3o&nbsp;40 vagas e o curso \u00e9 gratuito para ingresso em 2019.2&nbsp; O Instituto Federal de Educa\u00e7\u00e3o,...\" \/>\n<meta property=\"og:url\" content=\"https:\/\/blogdoere.com.br\/?p=26054\" \/>\n<meta property=\"og:site_name\" content=\"blog do er\u00ea\" \/>\n<meta property=\"article:published_time\" content=\"2019-04-22T14:32:00+00:00\" \/>\n<meta property=\"og:image\" content=\"https:\/\/4.bp.blogspot.com\/-5ct0qt3WS5g\/XL3P36FFqKI\/AAAAAAAAG-Q\/cq5Ue_27AZYRL9j6mju0XJAk3tPPngrlgCLcBGAs\/s320\/57226473_1461246344031531_7790559990447603712_n.jpg\" \/>\n<meta name=\"author\" content=\"Ere\" \/>\n<meta name=\"twitter:card\" content=\"summary_large_image\" \/>\n<meta name=\"twitter:label1\" content=\"Escrito por\" \/>\n\t<meta name=\"twitter:data1\" content=\"Ere\" \/>\n\t<meta name=\"twitter:label2\" content=\"Tempo estimado de leitura\" \/>\n\t<meta name=\"twitter:data2\" content=\"2 minutos\" \/>\n<script type=\"application\/ld+json\" class=\"yoast-schema-graph\">{\"@context\":\"https:\/\/schema.org\",\"@graph\":[{\"@type\":\"Article\",\"@id\":\"https:\/\/blogdoere.com.br\/?p=26054#article\",\"isPartOf\":{\"@id\":\"https:\/\/blogdoere.com.br\/?p=26054\"},\"author\":{\"name\":\"Ere\",\"@id\":\"https:\/\/blogdoere.com.br\/#\/schema\/person\/4b56ed2336cb28ae3415ce8ffe56742e\"},\"headline\":\"URU\u00c7UCA: ABERTAS INSCRI\u00c7\u00d5ES PARA CURSO T\u00c9CNICO EM AGROPECU\u00c1RIA.\",\"datePublished\":\"2019-04-22T14:32:00+00:00\",\"dateModified\":\"2019-04-22T14:32:00+00:00\",\"mainEntityOfPage\":{\"@id\":\"https:\/\/blogdoere.com.br\/?p=26054\"},\"wordCount\":382,\"commentCount\":0,\"publisher\":{\"@id\":\"https:\/\/blogdoere.com.br\/#organization\"},\"articleSection\":[\"Destaques\"],\"inLanguage\":\"pt-PT\",\"potentialAction\":[{\"@type\":\"CommentAction\",\"name\":\"Comment\",\"target\":[\"https:\/\/blogdoere.com.br\/?p=26054#respond\"]}]},{\"@type\":\"WebPage\",\"@id\":\"https:\/\/blogdoere.com.br\/?p=26054\",\"url\":\"https:\/\/blogdoere.com.br\/?p=26054\",\"name\":\"URU\u00c7UCA: ABERTAS INSCRI\u00c7\u00d5ES PARA CURSO T\u00c9CNICO EM AGROPECU\u00c1RIA. - blog do er\u00ea\",\"isPartOf\":{\"@id\":\"https:\/\/blogdoere.com.br\/#website\"},\"datePublished\":\"2019-04-22T14:32:00+00:00\",\"dateModified\":\"2019-04-22T14:32:00+00:00\",\"breadcrumb\":{\"@id\":\"https:\/\/blogdoere.com.br\/?p=26054#breadcrumb\"},\"inLanguage\":\"pt-PT\",\"potentialAction\":[{\"@type\":\"ReadAction\",\"target\":[\"https:\/\/blogdoere.com.br\/?p=26054\"]}]},{\"@type\":\"BreadcrumbList\",\"@id\":\"https:\/\/blogdoere.com.br\/?p=26054#breadcrumb\",\"itemListElement\":[{\"@type\":\"ListItem\",\"position\":1,\"name\":\"In\u00edcio\",\"item\":\"https:\/\/blogdoere.com.br\/\"},{\"@type\":\"ListItem\",\"position\":2,\"name\":\"URU\u00c7UCA: ABERTAS INSCRI\u00c7\u00d5ES PARA CURSO T\u00c9CNICO EM AGROPECU\u00c1RIA.\"}]},{\"@type\":\"WebSite\",\"@id\":\"https:\/\/blogdoere.com.br\/#website\",\"url\":\"https:\/\/blogdoere.com.br\/\",\"name\":\"blog do er\u00ea\",\"description\":\"\",\"publisher\":{\"@id\":\"https:\/\/blogdoere.com.br\/#organization\"},\"potentialAction\":[{\"@type\":\"SearchAction\",\"target\":{\"@type\":\"EntryPoint\",\"urlTemplate\":\"https:\/\/blogdoere.com.br\/?s={search_term_string}\"},\"query-input\":\"required name=search_term_string\"}],\"inLanguage\":\"pt-PT\"},{\"@type\":\"Organization\",\"@id\":\"https:\/\/blogdoere.com.br\/#organization\",\"name\":\"Blog do Er\u00ea\",\"url\":\"https:\/\/blogdoere.com.br\/\",\"logo\":{\"@type\":\"ImageObject\",\"inLanguage\":\"pt-PT\",\"@id\":\"https:\/\/blogdoere.com.br\/#\/schema\/logo\/image\/\",\"url\":\"https:\/\/blogdoere.com.br\/wp-content\/uploads\/2021\/11\/Logo-Ere-1.png\",\"contentUrl\":\"https:\/\/blogdoere.com.br\/wp-content\/uploads\/2021\/11\/Logo-Ere-1.png\",\"width\":1261,\"height\":1330,\"caption\":\"Blog do Er\u00ea\"},\"image\":{\"@id\":\"https:\/\/blogdoere.com.br\/#\/schema\/logo\/image\/\"}},{\"@type\":\"Person\",\"@id\":\"https:\/\/blogdoere.com.br\/#\/schema\/person\/4b56ed2336cb28ae3415ce8ffe56742e\",\"name\":\"Ere\",\"image\":{\"@type\":\"ImageObject\",\"inLanguage\":\"pt-PT\",\"@id\":\"https:\/\/blogdoere.com.br\/#\/schema\/person\/image\/\",\"url\":\"https:\/\/secure.gravatar.com\/avatar\/?s=96&d=mm&r=g\",\"contentUrl\":\"https:\/\/secure.gravatar.com\/avatar\/?s=96&d=mm&r=g\",\"caption\":\"Ere\"}}]}<\/script>\n<!-- \/ Yoast SEO plugin. -->","yoast_head_json":{"title":"URU\u00c7UCA: ABERTAS INSCRI\u00c7\u00d5ES PARA CURSO T\u00c9CNICO EM AGROPECU\u00c1RIA. - blog do er\u00ea","robots":{"index":"index","follow":"follow","max-snippet":"max-snippet:-1","max-image-preview":"max-image-preview:large","max-video-preview":"max-video-preview:-1"},"canonical":"https:\/\/blogdoere.com.br\/?p=26054","og_locale":"pt_PT","og_type":"article","og_title":"URU\u00c7UCA: ABERTAS INSCRI\u00c7\u00d5ES PARA CURSO T\u00c9CNICO EM AGROPECU\u00c1RIA. - blog do er\u00ea","og_description":"Abertas as inscri\u00e7\u00f5es para o Curso T\u00e9cnico em Agropecu\u00e1ria do IF Baiano campus Uru\u00e7uca. S\u00e3o&nbsp;40 vagas e o curso \u00e9 gratuito para ingresso em 2019.2&nbsp; O Instituto Federal de Educa\u00e7\u00e3o,...","og_url":"https:\/\/blogdoere.com.br\/?p=26054","og_site_name":"blog do er\u00ea","article_published_time":"2019-04-22T14:32:00+00:00","og_image":[{"url":"https:\/\/4.bp.blogspot.com\/-5ct0qt3WS5g\/XL3P36FFqKI\/AAAAAAAAG-Q\/cq5Ue_27AZYRL9j6mju0XJAk3tPPngrlgCLcBGAs\/s320\/57226473_1461246344031531_7790559990447603712_n.jpg"}],"author":"Ere","twitter_card":"summary_large_image","twitter_misc":{"Escrito por":"Ere","Tempo estimado de leitura":"2 minutos"},"schema":{"@context":"https:\/\/schema.org","@graph":[{"@type":"Article","@id":"https:\/\/blogdoere.com.br\/?p=26054#article","isPartOf":{"@id":"https:\/\/blogdoere.com.br\/?p=26054"},"author":{"name":"Ere","@id":"https:\/\/blogdoere.com.br\/#\/schema\/person\/4b56ed2336cb28ae3415ce8ffe56742e"},"headline":"URU\u00c7UCA: ABERTAS INSCRI\u00c7\u00d5ES PARA CURSO T\u00c9CNICO EM AGROPECU\u00c1RIA.","datePublished":"2019-04-22T14:32:00+00:00","dateModified":"2019-04-22T14:32:00+00:00","mainEntityOfPage":{"@id":"https:\/\/blogdoere.com.br\/?p=26054"},"wordCount":382,"commentCount":0,"publisher":{"@id":"https:\/\/blogdoere.com.br\/#organization"},"articleSection":["Destaques"],"inLanguage":"pt-PT","potentialAction":[{"@type":"CommentAction","name":"Comment","target":["https:\/\/blogdoere.com.br\/?p=26054#respond"]}]},{"@type":"WebPage","@id":"https:\/\/blogdoere.com.br\/?p=26054","url":"https:\/\/blogdoere.com.br\/?p=26054","name":"URU\u00c7UCA: ABERTAS INSCRI\u00c7\u00d5ES PARA CURSO T\u00c9CNICO EM AGROPECU\u00c1RIA. - blog do er\u00ea","isPartOf":{"@id":"https:\/\/blogdoere.com.br\/#website"},"datePublished":"2019-04-22T14:32:00+00:00","dateModified":"2019-04-22T14:32:00+00:00","breadcrumb":{"@id":"https:\/\/blogdoere.com.br\/?p=26054#breadcrumb"},"inLanguage":"pt-PT","potentialAction":[{"@type":"ReadAction","target":["https:\/\/blogdoere.com.br\/?p=26054"]}]},{"@type":"BreadcrumbList","@id":"https:\/\/blogdoere.com.br\/?p=26054#breadcrumb","itemListElement":[{"@type":"ListItem","position":1,"name":"In\u00edcio","item":"https:\/\/blogdoere.com.br\/"},{"@type":"ListItem","position":2,"name":"URU\u00c7UCA: ABERTAS INSCRI\u00c7\u00d5ES PARA CURSO T\u00c9CNICO EM AGROPECU\u00c1RIA."}]},{"@type":"WebSite","@id":"https:\/\/blogdoere.com.br\/#website","url":"https:\/\/blogdoere.com.br\/","name":"blog do er\u00ea","description":"","publisher":{"@id":"https:\/\/blogdoere.com.br\/#organization"},"potentialAction":[{"@type":"SearchAction","target":{"@type":"EntryPoint","urlTemplate":"https:\/\/blogdoere.com.br\/?s={search_term_string}"},"query-input":"required name=search_term_string"}],"inLanguage":"pt-PT"},{"@type":"Organization","@id":"https:\/\/blogdoere.com.br\/#organization","name":"Blog do Er\u00ea","url":"https:\/\/blogdoere.com.br\/","logo":{"@type":"ImageObject","inLanguage":"pt-PT","@id":"https:\/\/blogdoere.com.br\/#\/schema\/logo\/image\/","url":"https:\/\/blogdoere.com.br\/wp-content\/uploads\/2021\/11\/Logo-Ere-1.png","contentUrl":"https:\/\/blogdoere.com.br\/wp-content\/uploads\/2021\/11\/Logo-Ere-1.png","width":1261,"height":1330,"caption":"Blog do Er\u00ea"},"image":{"@id":"https:\/\/blogdoere.com.br\/#\/schema\/logo\/image\/"}},{"@type":"Person","@id":"https:\/\/blogdoere.com.br\/#\/schema\/person\/4b56ed2336cb28ae3415ce8ffe56742e","name":"Ere","image":{"@type":"ImageObject","inLanguage":"pt-PT","@id":"https:\/\/blogdoere.com.br\/#\/schema\/person\/image\/","url":"https:\/\/secure.gravatar.com\/avatar\/?s=96&d=mm&r=g","contentUrl":"https:\/\/secure.gravatar.com\/avatar\/?s=96&d=mm&r=g","caption":"Ere"}}]}},"featured_image_urls":{"full":"","thumbnail":"","medium":"","medium_large":"","large":"","1536x1536":"","2048x2048":""},"author_info":{"display_name":"Ere","author_link":"https:\/\/blogdoere.com.br\/?author=2"},"category_info":"<a href=\"https:\/\/blogdoere.com.br\/?cat=1\" rel=\"category\">Destaques<\/a>","tag_info":"Destaques","comment_count":"0","_links":{"self":[{"href":"https:\/\/blogdoere.com.br\/index.php?rest_route=\/wp\/v2\/posts\/26054","targetHints":{"allow":["GET"]}}],"collection":[{"href":"https:\/\/blogdoere.com.br\/index.php?rest_route=\/wp\/v2\/posts"}],"about":[{"href":"https:\/\/blogdoere.com.br\/index.php?rest_route=\/wp\/v2\/types\/post"}],"author":[{"embeddable":true,"href":"https:\/\/blogdoere.com.br\/index.php?rest_route=\/wp\/v2\/users\/2"}],"replies":[{"embeddable":true,"href":"https:\/\/blogdoere.com.br\/index.php?rest_route=%2Fwp%2Fv2%2Fcomments&post=26054"}],"version-history":[{"count":0,"href":"https:\/\/blogdoere.com.br\/index.php?rest_route=\/wp\/v2\/posts\/26054\/revisions"}],"wp:attachment":[{"href":"https:\/\/blogdoere.com.br\/index.php?rest_route=%2Fwp%2Fv2%2Fmedia&parent=26054"}],"wp:term":[{"taxonomy":"category","embeddable":true,"href":"https:\/\/blogdoere.com.br\/index.php?rest_route=%2Fwp%2Fv2%2Fcategories&post=26054"},{"taxonomy":"post_tag","embeddable":true,"href":"https:\/\/blogdoere.com.br\/index.php?rest_route=%2Fwp%2Fv2%2Ftags&post=26054"}],"curies":[{"name":"wp","href":"https:\/\/api.w.org\/{rel}","templated":true}]}}