{"id":26181,"date":"2017-04-06T22:32:00","date_gmt":"2017-04-06T22:32:00","guid":{"rendered":"http:\/\/blogdoere.com.br\/?p=26181"},"modified":"2017-04-06T22:32:00","modified_gmt":"2017-04-06T22:32:00","slug":"itajuipe-camara-presta-homenagem-ao-modder-maciel-barreto","status":"publish","type":"post","link":"https:\/\/blogdoere.com.br\/?p=26181","title":{"rendered":"ITAJUIPE:  C\u00c2MARA PRESTA HOMENAGEM AO  MODDER MACIEL BARRETO"},"content":{"rendered":"<div style=\"text-align: justify;\"><\/div>\n<div style=\"clear: both; text-align: center;\"><a href=\"https:\/\/3.bp.blogspot.com\/-HjMUvxQhkZA\/WObAYxpnI6I\/AAAAAAAAGT0\/dmau7zQOK5kl2B1j7vF8AN_Y6DViuiWGwCLcB\/s1600\/IMG_20170406_151613.jpg\" style=\"margin-left: 1em; margin-right: 1em;\"><img decoding=\"async\" border=\"0\" height=\"189\" src=\"https:\/\/3.bp.blogspot.com\/-HjMUvxQhkZA\/WObAYxpnI6I\/AAAAAAAAGT0\/dmau7zQOK5kl2B1j7vF8AN_Y6DViuiWGwCLcB\/s320\/IMG_20170406_151613.jpg\" width=\"320\" \/><\/a><\/div>\n<div style=\"text-align: justify;\"><\/div>\n<div style=\"text-align: justify;\">A C\u00e2mara de Vereadores de Itajuipe prestou justa homenagem nesta quinta-feira (06), em sess\u00e3o especial ao modder Maciel Barreto.&nbsp;<\/div>\n<div style=\"text-align: justify;\"><\/div>\n<div style=\"text-align: justify;\">O itajuipense Maciel \u00e9 conhecido em v\u00e1rios pa\u00edses por se tornar uma refer\u00eancia mundial na arte de modificar e personalizar computadores (CaseMod) &#8211; o que lhe tornou campe\u00e3o mundial por duas vezes e outras importantes premia\u00e7\u00f5es. &nbsp;<\/div>\n<div style=\"text-align: justify;\"><\/div>\n<div style=\"text-align: justify;\">A convite do governador Rui Costa e do Secret\u00e1rio de Ci\u00eancia Tecnologia e Inova\u00e7\u00e3o, Jos\u00e9 Vivaldo Mendon\u00e7a, &nbsp;o modder participou na semana passada da coletiva de &nbsp;lan\u00e7amento da Campus Party em Salvador.&nbsp;<\/div>\n<div style=\"text-align: justify;\"><\/div>\n<div style=\"text-align: justify;\">Na ocasi\u00e3o, falou do in\u00edcio de sua carreira &#8211; dificuldades enfrentadas e supera\u00e7\u00e3o\u200b para se tornar campe\u00e3o mundial. &nbsp;A Campus Party na Bahia &nbsp;vai acontecer entre os dias 9 e 13 de agosto deste ano na Arena Fonte Nova. Por: Er\u00ea DRT\/BA 6315.<\/div>\n","protected":false},"excerpt":{"rendered":"<p>A C\u00e2mara de Vereadores de Itajuipe prestou justa homenagem nesta quinta-feira (06), em sess\u00e3o especial ao modder Maciel Barreto.&nbsp; O itajuipense Maciel \u00e9 conhecido em v\u00e1rios pa\u00edses por se tornar&#8230;<\/p>\n","protected":false},"author":2,"featured_media":0,"comment_status":"open","ping_status":"open","sticky":false,"template":"","format":"standard","meta":{"_editorskit_title_hidden":false,"_editorskit_reading_time":0,"_editorskit_is_block_options_detached":false,"_editorskit_block_options_position":"{}","om_disable_all_campaigns":false,"_mi_skip_tracking":false,"_kad_post_transparent":"","_kad_post_title":"","_kad_post_layout":"","_kad_post_sidebar_id":"","_kad_post_content_style":"","_kad_post_vertical_padding":"","_kad_post_feature":"","_kad_post_feature_position":"","_kad_post_header":false,"_kad_post_footer":false,"footnotes":""},"categories":[1],"tags":[],"class_list":["post-26181","post","type-post","status-publish","format-standard","hentry","category-destaques"],"yoast_head":"<!-- This site is optimized with the Yoast SEO plugin v20.5 - https:\/\/yoast.com\/wordpress\/plugins\/seo\/ -->\n<title>ITAJUIPE: C\u00c2MARA PRESTA HOMENAGEM AO MODDER MACIEL BARRETO - blog do er\u00ea<\/title>\n<meta name=\"robots\" content=\"index, follow, max-snippet:-1, max-image-preview:large, max-video-preview:-1\" \/>\n<link rel=\"canonical\" href=\"https:\/\/blogdoere.com.br\/?p=26181\" \/>\n<meta property=\"og:locale\" content=\"pt_PT\" \/>\n<meta property=\"og:type\" content=\"article\" \/>\n<meta property=\"og:title\" content=\"ITAJUIPE: C\u00c2MARA PRESTA HOMENAGEM AO MODDER MACIEL BARRETO - blog do er\u00ea\" \/>\n<meta property=\"og:description\" content=\"A C\u00e2mara de Vereadores de Itajuipe prestou justa homenagem nesta quinta-feira (06), em sess\u00e3o especial ao modder Maciel Barreto.&nbsp; O itajuipense Maciel \u00e9 conhecido em v\u00e1rios pa\u00edses por se tornar...\" \/>\n<meta property=\"og:url\" content=\"https:\/\/blogdoere.com.br\/?p=26181\" \/>\n<meta property=\"og:site_name\" content=\"blog do er\u00ea\" \/>\n<meta property=\"article:published_time\" content=\"2017-04-06T22:32:00+00:00\" \/>\n<meta property=\"og:image\" content=\"https:\/\/3.bp.blogspot.com\/-HjMUvxQhkZA\/WObAYxpnI6I\/AAAAAAAAGT0\/dmau7zQOK5kl2B1j7vF8AN_Y6DViuiWGwCLcB\/s320\/IMG_20170406_151613.jpg\" \/>\n<meta name=\"author\" content=\"Ere\" \/>\n<meta name=\"twitter:card\" content=\"summary_large_image\" \/>\n<meta name=\"twitter:label1\" content=\"Escrito por\" \/>\n\t<meta name=\"twitter:data1\" content=\"Ere\" \/>\n\t<meta name=\"twitter:label2\" content=\"Tempo estimado de leitura\" \/>\n\t<meta name=\"twitter:data2\" content=\"1 minuto\" \/>\n<script type=\"application\/ld+json\" class=\"yoast-schema-graph\">{\"@context\":\"https:\/\/schema.org\",\"@graph\":[{\"@type\":\"Article\",\"@id\":\"https:\/\/blogdoere.com.br\/?p=26181#article\",\"isPartOf\":{\"@id\":\"https:\/\/blogdoere.com.br\/?p=26181\"},\"author\":{\"name\":\"Ere\",\"@id\":\"https:\/\/blogdoere.com.br\/#\/schema\/person\/4b56ed2336cb28ae3415ce8ffe56742e\"},\"headline\":\"ITAJUIPE: C\u00c2MARA PRESTA HOMENAGEM AO MODDER MACIEL BARRETO\",\"datePublished\":\"2017-04-06T22:32:00+00:00\",\"dateModified\":\"2017-04-06T22:32:00+00:00\",\"mainEntityOfPage\":{\"@id\":\"https:\/\/blogdoere.com.br\/?p=26181\"},\"wordCount\":158,\"commentCount\":0,\"publisher\":{\"@id\":\"https:\/\/blogdoere.com.br\/#organization\"},\"articleSection\":[\"Destaques\"],\"inLanguage\":\"pt-PT\",\"potentialAction\":[{\"@type\":\"CommentAction\",\"name\":\"Comment\",\"target\":[\"https:\/\/blogdoere.com.br\/?p=26181#respond\"]}]},{\"@type\":\"WebPage\",\"@id\":\"https:\/\/blogdoere.com.br\/?p=26181\",\"url\":\"https:\/\/blogdoere.com.br\/?p=26181\",\"name\":\"ITAJUIPE: C\u00c2MARA PRESTA HOMENAGEM AO MODDER MACIEL BARRETO - blog do er\u00ea\",\"isPartOf\":{\"@id\":\"https:\/\/blogdoere.com.br\/#website\"},\"datePublished\":\"2017-04-06T22:32:00+00:00\",\"dateModified\":\"2017-04-06T22:32:00+00:00\",\"breadcrumb\":{\"@id\":\"https:\/\/blogdoere.com.br\/?p=26181#breadcrumb\"},\"inLanguage\":\"pt-PT\",\"potentialAction\":[{\"@type\":\"ReadAction\",\"target\":[\"https:\/\/blogdoere.com.br\/?p=26181\"]}]},{\"@type\":\"BreadcrumbList\",\"@id\":\"https:\/\/blogdoere.com.br\/?p=26181#breadcrumb\",\"itemListElement\":[{\"@type\":\"ListItem\",\"position\":1,\"name\":\"In\u00edcio\",\"item\":\"https:\/\/blogdoere.com.br\/\"},{\"@type\":\"ListItem\",\"position\":2,\"name\":\"ITAJUIPE: C\u00c2MARA PRESTA HOMENAGEM AO MODDER MACIEL BARRETO\"}]},{\"@type\":\"WebSite\",\"@id\":\"https:\/\/blogdoere.com.br\/#website\",\"url\":\"https:\/\/blogdoere.com.br\/\",\"name\":\"blog do er\u00ea\",\"description\":\"\",\"publisher\":{\"@id\":\"https:\/\/blogdoere.com.br\/#organization\"},\"potentialAction\":[{\"@type\":\"SearchAction\",\"target\":{\"@type\":\"EntryPoint\",\"urlTemplate\":\"https:\/\/blogdoere.com.br\/?s={search_term_string}\"},\"query-input\":\"required name=search_term_string\"}],\"inLanguage\":\"pt-PT\"},{\"@type\":\"Organization\",\"@id\":\"https:\/\/blogdoere.com.br\/#organization\",\"name\":\"Blog do Er\u00ea\",\"url\":\"https:\/\/blogdoere.com.br\/\",\"logo\":{\"@type\":\"ImageObject\",\"inLanguage\":\"pt-PT\",\"@id\":\"https:\/\/blogdoere.com.br\/#\/schema\/logo\/image\/\",\"url\":\"https:\/\/blogdoere.com.br\/wp-content\/uploads\/2021\/11\/Logo-Ere-1.png\",\"contentUrl\":\"https:\/\/blogdoere.com.br\/wp-content\/uploads\/2021\/11\/Logo-Ere-1.png\",\"width\":1261,\"height\":1330,\"caption\":\"Blog do Er\u00ea\"},\"image\":{\"@id\":\"https:\/\/blogdoere.com.br\/#\/schema\/logo\/image\/\"}},{\"@type\":\"Person\",\"@id\":\"https:\/\/blogdoere.com.br\/#\/schema\/person\/4b56ed2336cb28ae3415ce8ffe56742e\",\"name\":\"Ere\",\"image\":{\"@type\":\"ImageObject\",\"inLanguage\":\"pt-PT\",\"@id\":\"https:\/\/blogdoere.com.br\/#\/schema\/person\/image\/\",\"url\":\"https:\/\/secure.gravatar.com\/avatar\/?s=96&d=mm&r=g\",\"contentUrl\":\"https:\/\/secure.gravatar.com\/avatar\/?s=96&d=mm&r=g\",\"caption\":\"Ere\"}}]}<\/script>\n<!-- \/ Yoast SEO plugin. -->","yoast_head_json":{"title":"ITAJUIPE: C\u00c2MARA PRESTA HOMENAGEM AO MODDER MACIEL BARRETO - blog do er\u00ea","robots":{"index":"index","follow":"follow","max-snippet":"max-snippet:-1","max-image-preview":"max-image-preview:large","max-video-preview":"max-video-preview:-1"},"canonical":"https:\/\/blogdoere.com.br\/?p=26181","og_locale":"pt_PT","og_type":"article","og_title":"ITAJUIPE: C\u00c2MARA PRESTA HOMENAGEM AO MODDER MACIEL BARRETO - blog do er\u00ea","og_description":"A C\u00e2mara de Vereadores de Itajuipe prestou justa homenagem nesta quinta-feira (06), em sess\u00e3o especial ao modder Maciel Barreto.&nbsp; O itajuipense Maciel \u00e9 conhecido em v\u00e1rios pa\u00edses por se tornar...","og_url":"https:\/\/blogdoere.com.br\/?p=26181","og_site_name":"blog do er\u00ea","article_published_time":"2017-04-06T22:32:00+00:00","og_image":[{"url":"https:\/\/3.bp.blogspot.com\/-HjMUvxQhkZA\/WObAYxpnI6I\/AAAAAAAAGT0\/dmau7zQOK5kl2B1j7vF8AN_Y6DViuiWGwCLcB\/s320\/IMG_20170406_151613.jpg"}],"author":"Ere","twitter_card":"summary_large_image","twitter_misc":{"Escrito por":"Ere","Tempo estimado de leitura":"1 minuto"},"schema":{"@context":"https:\/\/schema.org","@graph":[{"@type":"Article","@id":"https:\/\/blogdoere.com.br\/?p=26181#article","isPartOf":{"@id":"https:\/\/blogdoere.com.br\/?p=26181"},"author":{"name":"Ere","@id":"https:\/\/blogdoere.com.br\/#\/schema\/person\/4b56ed2336cb28ae3415ce8ffe56742e"},"headline":"ITAJUIPE: C\u00c2MARA PRESTA HOMENAGEM AO MODDER MACIEL BARRETO","datePublished":"2017-04-06T22:32:00+00:00","dateModified":"2017-04-06T22:32:00+00:00","mainEntityOfPage":{"@id":"https:\/\/blogdoere.com.br\/?p=26181"},"wordCount":158,"commentCount":0,"publisher":{"@id":"https:\/\/blogdoere.com.br\/#organization"},"articleSection":["Destaques"],"inLanguage":"pt-PT","potentialAction":[{"@type":"CommentAction","name":"Comment","target":["https:\/\/blogdoere.com.br\/?p=26181#respond"]}]},{"@type":"WebPage","@id":"https:\/\/blogdoere.com.br\/?p=26181","url":"https:\/\/blogdoere.com.br\/?p=26181","name":"ITAJUIPE: C\u00c2MARA PRESTA HOMENAGEM AO MODDER MACIEL BARRETO - blog do er\u00ea","isPartOf":{"@id":"https:\/\/blogdoere.com.br\/#website"},"datePublished":"2017-04-06T22:32:00+00:00","dateModified":"2017-04-06T22:32:00+00:00","breadcrumb":{"@id":"https:\/\/blogdoere.com.br\/?p=26181#breadcrumb"},"inLanguage":"pt-PT","potentialAction":[{"@type":"ReadAction","target":["https:\/\/blogdoere.com.br\/?p=26181"]}]},{"@type":"BreadcrumbList","@id":"https:\/\/blogdoere.com.br\/?p=26181#breadcrumb","itemListElement":[{"@type":"ListItem","position":1,"name":"In\u00edcio","item":"https:\/\/blogdoere.com.br\/"},{"@type":"ListItem","position":2,"name":"ITAJUIPE: C\u00c2MARA PRESTA HOMENAGEM AO MODDER MACIEL BARRETO"}]},{"@type":"WebSite","@id":"https:\/\/blogdoere.com.br\/#website","url":"https:\/\/blogdoere.com.br\/","name":"blog do er\u00ea","description":"","publisher":{"@id":"https:\/\/blogdoere.com.br\/#organization"},"potentialAction":[{"@type":"SearchAction","target":{"@type":"EntryPoint","urlTemplate":"https:\/\/blogdoere.com.br\/?s={search_term_string}"},"query-input":"required name=search_term_string"}],"inLanguage":"pt-PT"},{"@type":"Organization","@id":"https:\/\/blogdoere.com.br\/#organization","name":"Blog do Er\u00ea","url":"https:\/\/blogdoere.com.br\/","logo":{"@type":"ImageObject","inLanguage":"pt-PT","@id":"https:\/\/blogdoere.com.br\/#\/schema\/logo\/image\/","url":"https:\/\/blogdoere.com.br\/wp-content\/uploads\/2021\/11\/Logo-Ere-1.png","contentUrl":"https:\/\/blogdoere.com.br\/wp-content\/uploads\/2021\/11\/Logo-Ere-1.png","width":1261,"height":1330,"caption":"Blog do Er\u00ea"},"image":{"@id":"https:\/\/blogdoere.com.br\/#\/schema\/logo\/image\/"}},{"@type":"Person","@id":"https:\/\/blogdoere.com.br\/#\/schema\/person\/4b56ed2336cb28ae3415ce8ffe56742e","name":"Ere","image":{"@type":"ImageObject","inLanguage":"pt-PT","@id":"https:\/\/blogdoere.com.br\/#\/schema\/person\/image\/","url":"https:\/\/secure.gravatar.com\/avatar\/?s=96&d=mm&r=g","contentUrl":"https:\/\/secure.gravatar.com\/avatar\/?s=96&d=mm&r=g","caption":"Ere"}}]}},"featured_image_urls":{"full":"","thumbnail":"","medium":"","medium_large":"","large":"","1536x1536":"","2048x2048":""},"author_info":{"display_name":"Ere","author_link":"https:\/\/blogdoere.com.br\/?author=2"},"category_info":"<a href=\"https:\/\/blogdoere.com.br\/?cat=1\" rel=\"category\">Destaques<\/a>","tag_info":"Destaques","comment_count":"0","_links":{"self":[{"href":"https:\/\/blogdoere.com.br\/index.php?rest_route=\/wp\/v2\/posts\/26181","targetHints":{"allow":["GET"]}}],"collection":[{"href":"https:\/\/blogdoere.com.br\/index.php?rest_route=\/wp\/v2\/posts"}],"about":[{"href":"https:\/\/blogdoere.com.br\/index.php?rest_route=\/wp\/v2\/types\/post"}],"author":[{"embeddable":true,"href":"https:\/\/blogdoere.com.br\/index.php?rest_route=\/wp\/v2\/users\/2"}],"replies":[{"embeddable":true,"href":"https:\/\/blogdoere.com.br\/index.php?rest_route=%2Fwp%2Fv2%2Fcomments&post=26181"}],"version-history":[{"count":0,"href":"https:\/\/blogdoere.com.br\/index.php?rest_route=\/wp\/v2\/posts\/26181\/revisions"}],"wp:attachment":[{"href":"https:\/\/blogdoere.com.br\/index.php?rest_route=%2Fwp%2Fv2%2Fmedia&parent=26181"}],"wp:term":[{"taxonomy":"category","embeddable":true,"href":"https:\/\/blogdoere.com.br\/index.php?rest_route=%2Fwp%2Fv2%2Fcategories&post=26181"},{"taxonomy":"post_tag","embeddable":true,"href":"https:\/\/blogdoere.com.br\/index.php?rest_route=%2Fwp%2Fv2%2Ftags&post=26181"}],"curies":[{"name":"wp","href":"https:\/\/api.w.org\/{rel}","templated":true}]}}