{"id":26186,"date":"2017-03-11T20:44:00","date_gmt":"2017-03-11T20:44:00","guid":{"rendered":"http:\/\/blogdoere.com.br\/?p=26186"},"modified":"2017-03-11T20:44:00","modified_gmt":"2017-03-11T20:44:00","slug":"uesc-parque-para-o-desenvolvimento-do-cacau-e-lancado-no-sul-da-bahia","status":"publish","type":"post","link":"https:\/\/blogdoere.com.br\/?p=26186","title":{"rendered":"UESC: PARQUE PARA O DESENVOLVIMENTO DO CACAU \u00c9 LAN\u00c7ADO NO SUL DA BAHIA."},"content":{"rendered":"<div style=\"text-align: justify;\"><span style=\"background-color: white; color: #1d2129;\"><span style=\"font-family: Arial, Helvetica, sans-serif;\"><br \/><\/span><\/span><\/div>\n<div style=\"clear: both; text-align: center;\"><a href=\"https:\/\/1.bp.blogspot.com\/-sdIxBtNTMAk\/WMRgxFEnBuI\/AAAAAAAAGSE\/QKsWEr_S0yIYQoBOpWAx-9j4f9v4k1P2gCLcB\/s1600\/VIVALDO.jpg\" style=\"margin-left: 1em; margin-right: 1em;\"><img decoding=\"async\" border=\"0\" height=\"212\" src=\"https:\/\/1.bp.blogspot.com\/-sdIxBtNTMAk\/WMRgxFEnBuI\/AAAAAAAAGSE\/QKsWEr_S0yIYQoBOpWAx-9j4f9v4k1P2gCLcB\/s320\/VIVALDO.jpg\" width=\"320\" \/><\/a><\/div>\n<div style=\"text-align: justify;\"><span style=\"background-color: white; color: #1d2129;\"><span style=\"font-family: Arial, Helvetica, sans-serif;\"><br \/><\/span><\/span><\/div>\n<div style=\"text-align: justify;\"><span style=\"background-color: white; color: #1d2129;\"><span style=\"font-family: Arial, Helvetica, sans-serif;\"><br \/><\/span><\/span><\/div>\n<div style=\"text-align: justify;\"><span style=\"background-color: white; color: #1d2129;\"><span style=\"font-family: Arial, Helvetica, sans-serif;\">Aconteceu na ultima sexta-feira(10) o lan\u00e7amento do Parque Cient\u00edfico e Tecnol\u00f3gico do Sul da Bahia na Uesc. Evento bastante concorrido teve as presen\u00e7as do Secret\u00e1rio de Desenvolvimento Econ\u00f4mico, Jaques Wagner, este representando o governador Rui Costa; Senadora Ledice da Mata; Secret\u00e1rio de Ci\u00eancia, Tecnologia e Inova\u00e7\u00e3o, Jos\u00e9 Vivaldo Mendon\u00e7a e os parlamentares Bebeto Galv\u00e3o, Davidson Magalh\u00e3es que na oportunidade tamb\u00e9m inauguraram o Centro de Inova\u00e7\u00e3o do Cacau que promete inovar e dinamizar a regi\u00e3o cacaueira promovendo o desenvolvimento econ\u00f4mico e social a partir do fruto de ouro. Leia mais&nbsp;<a href=\"http:\/\/www.bahiaemalerta.com.br\/parque-para-desenvolvimento-cacau-e-lancado-no-sul-da-bahia\/\">AQUI.<\/a><\/span><\/span><\/div>\n","protected":false},"excerpt":{"rendered":"<p>Aconteceu na ultima sexta-feira(10) o lan\u00e7amento do Parque Cient\u00edfico e Tecnol\u00f3gico do Sul da Bahia na Uesc. Evento bastante concorrido teve as presen\u00e7as do Secret\u00e1rio de Desenvolvimento Econ\u00f4mico, Jaques Wagner,&#8230;<\/p>\n","protected":false},"author":2,"featured_media":0,"comment_status":"open","ping_status":"open","sticky":false,"template":"","format":"standard","meta":{"_editorskit_title_hidden":false,"_editorskit_reading_time":0,"_editorskit_is_block_options_detached":false,"_editorskit_block_options_position":"{}","om_disable_all_campaigns":false,"_mi_skip_tracking":false,"_kad_post_transparent":"","_kad_post_title":"","_kad_post_layout":"","_kad_post_sidebar_id":"","_kad_post_content_style":"","_kad_post_vertical_padding":"","_kad_post_feature":"","_kad_post_feature_position":"","_kad_post_header":false,"_kad_post_footer":false,"footnotes":""},"categories":[1],"tags":[],"class_list":["post-26186","post","type-post","status-publish","format-standard","hentry","category-destaques"],"yoast_head":"<!-- This site is optimized with the Yoast SEO plugin v20.5 - https:\/\/yoast.com\/wordpress\/plugins\/seo\/ -->\n<title>UESC: PARQUE PARA O DESENVOLVIMENTO DO CACAU \u00c9 LAN\u00c7ADO NO SUL DA BAHIA. - blog do er\u00ea<\/title>\n<meta name=\"robots\" content=\"index, follow, max-snippet:-1, max-image-preview:large, max-video-preview:-1\" \/>\n<link rel=\"canonical\" href=\"https:\/\/blogdoere.com.br\/?p=26186\" \/>\n<meta property=\"og:locale\" content=\"pt_PT\" \/>\n<meta property=\"og:type\" content=\"article\" \/>\n<meta property=\"og:title\" content=\"UESC: PARQUE PARA O DESENVOLVIMENTO DO CACAU \u00c9 LAN\u00c7ADO NO SUL DA BAHIA. - blog do er\u00ea\" \/>\n<meta property=\"og:description\" content=\"Aconteceu na ultima sexta-feira(10) o lan\u00e7amento do Parque Cient\u00edfico e Tecnol\u00f3gico do Sul da Bahia na Uesc. Evento bastante concorrido teve as presen\u00e7as do Secret\u00e1rio de Desenvolvimento Econ\u00f4mico, Jaques Wagner,...\" \/>\n<meta property=\"og:url\" content=\"https:\/\/blogdoere.com.br\/?p=26186\" \/>\n<meta property=\"og:site_name\" content=\"blog do er\u00ea\" \/>\n<meta property=\"article:published_time\" content=\"2017-03-11T20:44:00+00:00\" \/>\n<meta property=\"og:image\" content=\"https:\/\/1.bp.blogspot.com\/-sdIxBtNTMAk\/WMRgxFEnBuI\/AAAAAAAAGSE\/QKsWEr_S0yIYQoBOpWAx-9j4f9v4k1P2gCLcB\/s320\/VIVALDO.jpg\" \/>\n<meta name=\"author\" content=\"Ere\" \/>\n<meta name=\"twitter:card\" content=\"summary_large_image\" \/>\n<meta name=\"twitter:label1\" content=\"Escrito por\" \/>\n\t<meta name=\"twitter:data1\" content=\"Ere\" \/>\n\t<meta name=\"twitter:label2\" content=\"Tempo estimado de leitura\" \/>\n\t<meta name=\"twitter:data2\" content=\"1 minuto\" \/>\n<script type=\"application\/ld+json\" class=\"yoast-schema-graph\">{\"@context\":\"https:\/\/schema.org\",\"@graph\":[{\"@type\":\"Article\",\"@id\":\"https:\/\/blogdoere.com.br\/?p=26186#article\",\"isPartOf\":{\"@id\":\"https:\/\/blogdoere.com.br\/?p=26186\"},\"author\":{\"name\":\"Ere\",\"@id\":\"https:\/\/blogdoere.com.br\/#\/schema\/person\/4b56ed2336cb28ae3415ce8ffe56742e\"},\"headline\":\"UESC: PARQUE PARA O DESENVOLVIMENTO DO CACAU \u00c9 LAN\u00c7ADO NO SUL DA BAHIA.\",\"datePublished\":\"2017-03-11T20:44:00+00:00\",\"dateModified\":\"2017-03-11T20:44:00+00:00\",\"mainEntityOfPage\":{\"@id\":\"https:\/\/blogdoere.com.br\/?p=26186\"},\"wordCount\":120,\"commentCount\":0,\"publisher\":{\"@id\":\"https:\/\/blogdoere.com.br\/#organization\"},\"articleSection\":[\"Destaques\"],\"inLanguage\":\"pt-PT\",\"potentialAction\":[{\"@type\":\"CommentAction\",\"name\":\"Comment\",\"target\":[\"https:\/\/blogdoere.com.br\/?p=26186#respond\"]}]},{\"@type\":\"WebPage\",\"@id\":\"https:\/\/blogdoere.com.br\/?p=26186\",\"url\":\"https:\/\/blogdoere.com.br\/?p=26186\",\"name\":\"UESC: PARQUE PARA O DESENVOLVIMENTO DO CACAU \u00c9 LAN\u00c7ADO NO SUL DA BAHIA. - blog do er\u00ea\",\"isPartOf\":{\"@id\":\"https:\/\/blogdoere.com.br\/#website\"},\"datePublished\":\"2017-03-11T20:44:00+00:00\",\"dateModified\":\"2017-03-11T20:44:00+00:00\",\"breadcrumb\":{\"@id\":\"https:\/\/blogdoere.com.br\/?p=26186#breadcrumb\"},\"inLanguage\":\"pt-PT\",\"potentialAction\":[{\"@type\":\"ReadAction\",\"target\":[\"https:\/\/blogdoere.com.br\/?p=26186\"]}]},{\"@type\":\"BreadcrumbList\",\"@id\":\"https:\/\/blogdoere.com.br\/?p=26186#breadcrumb\",\"itemListElement\":[{\"@type\":\"ListItem\",\"position\":1,\"name\":\"In\u00edcio\",\"item\":\"https:\/\/blogdoere.com.br\/\"},{\"@type\":\"ListItem\",\"position\":2,\"name\":\"UESC: PARQUE PARA O DESENVOLVIMENTO DO CACAU \u00c9 LAN\u00c7ADO NO SUL DA BAHIA.\"}]},{\"@type\":\"WebSite\",\"@id\":\"https:\/\/blogdoere.com.br\/#website\",\"url\":\"https:\/\/blogdoere.com.br\/\",\"name\":\"blog do er\u00ea\",\"description\":\"\",\"publisher\":{\"@id\":\"https:\/\/blogdoere.com.br\/#organization\"},\"potentialAction\":[{\"@type\":\"SearchAction\",\"target\":{\"@type\":\"EntryPoint\",\"urlTemplate\":\"https:\/\/blogdoere.com.br\/?s={search_term_string}\"},\"query-input\":\"required name=search_term_string\"}],\"inLanguage\":\"pt-PT\"},{\"@type\":\"Organization\",\"@id\":\"https:\/\/blogdoere.com.br\/#organization\",\"name\":\"Blog do Er\u00ea\",\"url\":\"https:\/\/blogdoere.com.br\/\",\"logo\":{\"@type\":\"ImageObject\",\"inLanguage\":\"pt-PT\",\"@id\":\"https:\/\/blogdoere.com.br\/#\/schema\/logo\/image\/\",\"url\":\"https:\/\/blogdoere.com.br\/wp-content\/uploads\/2021\/11\/Logo-Ere-1.png\",\"contentUrl\":\"https:\/\/blogdoere.com.br\/wp-content\/uploads\/2021\/11\/Logo-Ere-1.png\",\"width\":1261,\"height\":1330,\"caption\":\"Blog do Er\u00ea\"},\"image\":{\"@id\":\"https:\/\/blogdoere.com.br\/#\/schema\/logo\/image\/\"}},{\"@type\":\"Person\",\"@id\":\"https:\/\/blogdoere.com.br\/#\/schema\/person\/4b56ed2336cb28ae3415ce8ffe56742e\",\"name\":\"Ere\",\"image\":{\"@type\":\"ImageObject\",\"inLanguage\":\"pt-PT\",\"@id\":\"https:\/\/blogdoere.com.br\/#\/schema\/person\/image\/\",\"url\":\"https:\/\/secure.gravatar.com\/avatar\/?s=96&d=mm&r=g\",\"contentUrl\":\"https:\/\/secure.gravatar.com\/avatar\/?s=96&d=mm&r=g\",\"caption\":\"Ere\"}}]}<\/script>\n<!-- \/ Yoast SEO plugin. -->","yoast_head_json":{"title":"UESC: PARQUE PARA O DESENVOLVIMENTO DO CACAU \u00c9 LAN\u00c7ADO NO SUL DA BAHIA. - blog do er\u00ea","robots":{"index":"index","follow":"follow","max-snippet":"max-snippet:-1","max-image-preview":"max-image-preview:large","max-video-preview":"max-video-preview:-1"},"canonical":"https:\/\/blogdoere.com.br\/?p=26186","og_locale":"pt_PT","og_type":"article","og_title":"UESC: PARQUE PARA O DESENVOLVIMENTO DO CACAU \u00c9 LAN\u00c7ADO NO SUL DA BAHIA. - blog do er\u00ea","og_description":"Aconteceu na ultima sexta-feira(10) o lan\u00e7amento do Parque Cient\u00edfico e Tecnol\u00f3gico do Sul da Bahia na Uesc. Evento bastante concorrido teve as presen\u00e7as do Secret\u00e1rio de Desenvolvimento Econ\u00f4mico, Jaques Wagner,...","og_url":"https:\/\/blogdoere.com.br\/?p=26186","og_site_name":"blog do er\u00ea","article_published_time":"2017-03-11T20:44:00+00:00","og_image":[{"url":"https:\/\/1.bp.blogspot.com\/-sdIxBtNTMAk\/WMRgxFEnBuI\/AAAAAAAAGSE\/QKsWEr_S0yIYQoBOpWAx-9j4f9v4k1P2gCLcB\/s320\/VIVALDO.jpg"}],"author":"Ere","twitter_card":"summary_large_image","twitter_misc":{"Escrito por":"Ere","Tempo estimado de leitura":"1 minuto"},"schema":{"@context":"https:\/\/schema.org","@graph":[{"@type":"Article","@id":"https:\/\/blogdoere.com.br\/?p=26186#article","isPartOf":{"@id":"https:\/\/blogdoere.com.br\/?p=26186"},"author":{"name":"Ere","@id":"https:\/\/blogdoere.com.br\/#\/schema\/person\/4b56ed2336cb28ae3415ce8ffe56742e"},"headline":"UESC: PARQUE PARA O DESENVOLVIMENTO DO CACAU \u00c9 LAN\u00c7ADO NO SUL DA BAHIA.","datePublished":"2017-03-11T20:44:00+00:00","dateModified":"2017-03-11T20:44:00+00:00","mainEntityOfPage":{"@id":"https:\/\/blogdoere.com.br\/?p=26186"},"wordCount":120,"commentCount":0,"publisher":{"@id":"https:\/\/blogdoere.com.br\/#organization"},"articleSection":["Destaques"],"inLanguage":"pt-PT","potentialAction":[{"@type":"CommentAction","name":"Comment","target":["https:\/\/blogdoere.com.br\/?p=26186#respond"]}]},{"@type":"WebPage","@id":"https:\/\/blogdoere.com.br\/?p=26186","url":"https:\/\/blogdoere.com.br\/?p=26186","name":"UESC: PARQUE PARA O DESENVOLVIMENTO DO CACAU \u00c9 LAN\u00c7ADO NO SUL DA BAHIA. - blog do er\u00ea","isPartOf":{"@id":"https:\/\/blogdoere.com.br\/#website"},"datePublished":"2017-03-11T20:44:00+00:00","dateModified":"2017-03-11T20:44:00+00:00","breadcrumb":{"@id":"https:\/\/blogdoere.com.br\/?p=26186#breadcrumb"},"inLanguage":"pt-PT","potentialAction":[{"@type":"ReadAction","target":["https:\/\/blogdoere.com.br\/?p=26186"]}]},{"@type":"BreadcrumbList","@id":"https:\/\/blogdoere.com.br\/?p=26186#breadcrumb","itemListElement":[{"@type":"ListItem","position":1,"name":"In\u00edcio","item":"https:\/\/blogdoere.com.br\/"},{"@type":"ListItem","position":2,"name":"UESC: PARQUE PARA O DESENVOLVIMENTO DO CACAU \u00c9 LAN\u00c7ADO NO SUL DA BAHIA."}]},{"@type":"WebSite","@id":"https:\/\/blogdoere.com.br\/#website","url":"https:\/\/blogdoere.com.br\/","name":"blog do er\u00ea","description":"","publisher":{"@id":"https:\/\/blogdoere.com.br\/#organization"},"potentialAction":[{"@type":"SearchAction","target":{"@type":"EntryPoint","urlTemplate":"https:\/\/blogdoere.com.br\/?s={search_term_string}"},"query-input":"required name=search_term_string"}],"inLanguage":"pt-PT"},{"@type":"Organization","@id":"https:\/\/blogdoere.com.br\/#organization","name":"Blog do Er\u00ea","url":"https:\/\/blogdoere.com.br\/","logo":{"@type":"ImageObject","inLanguage":"pt-PT","@id":"https:\/\/blogdoere.com.br\/#\/schema\/logo\/image\/","url":"https:\/\/blogdoere.com.br\/wp-content\/uploads\/2021\/11\/Logo-Ere-1.png","contentUrl":"https:\/\/blogdoere.com.br\/wp-content\/uploads\/2021\/11\/Logo-Ere-1.png","width":1261,"height":1330,"caption":"Blog do Er\u00ea"},"image":{"@id":"https:\/\/blogdoere.com.br\/#\/schema\/logo\/image\/"}},{"@type":"Person","@id":"https:\/\/blogdoere.com.br\/#\/schema\/person\/4b56ed2336cb28ae3415ce8ffe56742e","name":"Ere","image":{"@type":"ImageObject","inLanguage":"pt-PT","@id":"https:\/\/blogdoere.com.br\/#\/schema\/person\/image\/","url":"https:\/\/secure.gravatar.com\/avatar\/?s=96&d=mm&r=g","contentUrl":"https:\/\/secure.gravatar.com\/avatar\/?s=96&d=mm&r=g","caption":"Ere"}}]}},"featured_image_urls":{"full":"","thumbnail":"","medium":"","medium_large":"","large":"","1536x1536":"","2048x2048":""},"author_info":{"display_name":"Ere","author_link":"https:\/\/blogdoere.com.br\/?author=2"},"category_info":"<a href=\"https:\/\/blogdoere.com.br\/?cat=1\" rel=\"category\">Destaques<\/a>","tag_info":"Destaques","comment_count":"0","_links":{"self":[{"href":"https:\/\/blogdoere.com.br\/index.php?rest_route=\/wp\/v2\/posts\/26186","targetHints":{"allow":["GET"]}}],"collection":[{"href":"https:\/\/blogdoere.com.br\/index.php?rest_route=\/wp\/v2\/posts"}],"about":[{"href":"https:\/\/blogdoere.com.br\/index.php?rest_route=\/wp\/v2\/types\/post"}],"author":[{"embeddable":true,"href":"https:\/\/blogdoere.com.br\/index.php?rest_route=\/wp\/v2\/users\/2"}],"replies":[{"embeddable":true,"href":"https:\/\/blogdoere.com.br\/index.php?rest_route=%2Fwp%2Fv2%2Fcomments&post=26186"}],"version-history":[{"count":0,"href":"https:\/\/blogdoere.com.br\/index.php?rest_route=\/wp\/v2\/posts\/26186\/revisions"}],"wp:attachment":[{"href":"https:\/\/blogdoere.com.br\/index.php?rest_route=%2Fwp%2Fv2%2Fmedia&parent=26186"}],"wp:term":[{"taxonomy":"category","embeddable":true,"href":"https:\/\/blogdoere.com.br\/index.php?rest_route=%2Fwp%2Fv2%2Fcategories&post=26186"},{"taxonomy":"post_tag","embeddable":true,"href":"https:\/\/blogdoere.com.br\/index.php?rest_route=%2Fwp%2Fv2%2Ftags&post=26186"}],"curies":[{"name":"wp","href":"https:\/\/api.w.org\/{rel}","templated":true}]}}