{"id":26189,"date":"2017-03-03T15:13:00","date_gmt":"2017-03-03T15:13:00","guid":{"rendered":"http:\/\/blogdoere.com.br\/?p=26189"},"modified":"2017-03-03T15:13:00","modified_gmt":"2017-03-03T15:13:00","slug":"barro-preto-lucio-vieira-destina-emenda-para-saude-de-barro-preto","status":"publish","type":"post","link":"https:\/\/blogdoere.com.br\/?p=26189","title":{"rendered":"BARRO PRETO: L\u00daCIO VIEIRA DESTINA EMENDA PARA SA\u00daDE DE BARRO PRETO"},"content":{"rendered":"<h4 style=\"background-color: white; color: #1a3337; font-family: Calibri, Arial, Helvetica, sans-serif; font-size: 14px; font-weight: normal; text-align: justify;\"><\/h4>\n<div style=\"clear: both; text-align: center;\"><a href=\"https:\/\/2.bp.blogspot.com\/-Nn_rDR_Iy_M\/WLmHmwuk54I\/AAAAAAAAGRE\/D7FrtiSWrv8lE0EO_PXXXTbR2qhr_EkvwCLcB\/s1600\/bp.jpg\" style=\"margin-left: 1em; margin-right: 1em;\"><img decoding=\"async\" border=\"0\" height=\"193\" src=\"https:\/\/2.bp.blogspot.com\/-Nn_rDR_Iy_M\/WLmHmwuk54I\/AAAAAAAAGRE\/D7FrtiSWrv8lE0EO_PXXXTbR2qhr_EkvwCLcB\/s320\/bp.jpg\" width=\"320\" \/><\/a><\/div>\n<div style=\"clear: both; text-align: center;\"><\/div>\n<h4 style=\"background-color: white; color: #1a3337; font-family: Calibri, Arial, Helvetica, sans-serif; font-size: 14px; font-weight: normal; text-align: justify;\">O deputado federal L\u00facio Vieira Lima (PMDB), destinou R$ 285 mil em emendas para o munic\u00edpio de Barro Preto, na gest\u00e3o da prefeita Ana Paula. Segundo o parlamentar, \u201ca emenda \u00e9 destinada para ampliar e reestruturar a rede de servi\u00e7os de aten\u00e7\u00e3o b\u00e1sica de sa\u00fade, uma prioridade fundamental para o desenvolvimento social e qualidade de vida da popula\u00e7\u00e3o\u201d, explicou.<\/h4>\n<h4 style=\"background-color: white; color: #1a3337; font-family: Calibri, Arial, Helvetica, sans-serif; font-size: 14px; font-weight: normal; text-align: justify;\">A prefeita Ana Paula comemorou a chegada da emenda parlamentar e destacou o empenho e o esfor\u00e7o do amigo e parceiro L\u00facio Vieira Lima, em garantir os recursos para o munic\u00edpio, de forma que permite que a administra\u00e7\u00e3o municipal possa levar mais benef\u00edcios \u00e0 popula\u00e7\u00e3o. \u201cEssa articula\u00e7\u00e3o foi realizada em um novo ciclo de desenvolvimento e valoriza\u00e7\u00e3o do nosso povo. A Sa\u00fade \u00e9 direito de todos\u201d, pontuou.<\/h4>\n<h4 style=\"background-color: white; color: #1a3337; font-family: Calibri, Arial, Helvetica, sans-serif; font-size: 14px; font-weight: normal; text-align: justify;\">A gestora ressalta tamb\u00e9m que a sa\u00fade \u00e9 uma das prioridades em seu governo e marca definitivamente o novo ciclo de desenvolvimento que vive a cidade de Barro Preto. \u201cReestruturar e dar condi\u00e7\u00f5es melhores a popula\u00e7\u00e3o \u00e9 nosso objetivo. Juntos, avan\u00e7aremos por uma Barro Preto mais forte!\u201d, afirmou a prefeita Ana Paula. Informa\u00e7\u00f5es do Politico do Sul da Bahia.<\/h4>\n","protected":false},"excerpt":{"rendered":"<p>O deputado federal L\u00facio Vieira Lima (PMDB), destinou R$ 285 mil em emendas para o munic\u00edpio de Barro Preto, na gest\u00e3o da prefeita Ana Paula. Segundo o parlamentar, \u201ca emenda&#8230;<\/p>\n","protected":false},"author":2,"featured_media":0,"comment_status":"open","ping_status":"open","sticky":false,"template":"","format":"standard","meta":{"_editorskit_title_hidden":false,"_editorskit_reading_time":0,"_editorskit_is_block_options_detached":false,"_editorskit_block_options_position":"{}","om_disable_all_campaigns":false,"_mi_skip_tracking":false,"_kad_post_transparent":"","_kad_post_title":"","_kad_post_layout":"","_kad_post_sidebar_id":"","_kad_post_content_style":"","_kad_post_vertical_padding":"","_kad_post_feature":"","_kad_post_feature_position":"","_kad_post_header":false,"_kad_post_footer":false,"footnotes":""},"categories":[1],"tags":[],"class_list":["post-26189","post","type-post","status-publish","format-standard","hentry","category-destaques"],"yoast_head":"<!-- This site is optimized with the Yoast SEO plugin v20.5 - https:\/\/yoast.com\/wordpress\/plugins\/seo\/ -->\n<title>BARRO PRETO: L\u00daCIO VIEIRA DESTINA EMENDA PARA SA\u00daDE DE BARRO PRETO - blog do er\u00ea<\/title>\n<meta name=\"robots\" content=\"index, follow, max-snippet:-1, max-image-preview:large, max-video-preview:-1\" \/>\n<link rel=\"canonical\" href=\"https:\/\/blogdoere.com.br\/?p=26189\" \/>\n<meta property=\"og:locale\" content=\"pt_PT\" \/>\n<meta property=\"og:type\" content=\"article\" \/>\n<meta property=\"og:title\" content=\"BARRO PRETO: L\u00daCIO VIEIRA DESTINA EMENDA PARA SA\u00daDE DE BARRO PRETO - blog do er\u00ea\" \/>\n<meta property=\"og:description\" content=\"O deputado federal L\u00facio Vieira Lima (PMDB), destinou R$ 285 mil em emendas para o munic\u00edpio de Barro Preto, na gest\u00e3o da prefeita Ana Paula. Segundo o parlamentar, \u201ca emenda...\" \/>\n<meta property=\"og:url\" content=\"https:\/\/blogdoere.com.br\/?p=26189\" \/>\n<meta property=\"og:site_name\" content=\"blog do er\u00ea\" \/>\n<meta property=\"article:published_time\" content=\"2017-03-03T15:13:00+00:00\" \/>\n<meta property=\"og:image\" content=\"https:\/\/2.bp.blogspot.com\/-Nn_rDR_Iy_M\/WLmHmwuk54I\/AAAAAAAAGRE\/D7FrtiSWrv8lE0EO_PXXXTbR2qhr_EkvwCLcB\/s320\/bp.jpg\" \/>\n<meta name=\"author\" content=\"Ere\" \/>\n<meta name=\"twitter:card\" content=\"summary_large_image\" \/>\n<meta name=\"twitter:label1\" content=\"Escrito por\" \/>\n\t<meta name=\"twitter:data1\" content=\"Ere\" \/>\n\t<meta name=\"twitter:label2\" content=\"Tempo estimado de leitura\" \/>\n\t<meta name=\"twitter:data2\" content=\"1 minuto\" \/>\n<script type=\"application\/ld+json\" class=\"yoast-schema-graph\">{\"@context\":\"https:\/\/schema.org\",\"@graph\":[{\"@type\":\"Article\",\"@id\":\"https:\/\/blogdoere.com.br\/?p=26189#article\",\"isPartOf\":{\"@id\":\"https:\/\/blogdoere.com.br\/?p=26189\"},\"author\":{\"name\":\"Ere\",\"@id\":\"https:\/\/blogdoere.com.br\/#\/schema\/person\/4b56ed2336cb28ae3415ce8ffe56742e\"},\"headline\":\"BARRO PRETO: L\u00daCIO VIEIRA DESTINA EMENDA PARA SA\u00daDE DE BARRO PRETO\",\"datePublished\":\"2017-03-03T15:13:00+00:00\",\"dateModified\":\"2017-03-03T15:13:00+00:00\",\"mainEntityOfPage\":{\"@id\":\"https:\/\/blogdoere.com.br\/?p=26189\"},\"wordCount\":215,\"commentCount\":0,\"publisher\":{\"@id\":\"https:\/\/blogdoere.com.br\/#organization\"},\"articleSection\":[\"Destaques\"],\"inLanguage\":\"pt-PT\",\"potentialAction\":[{\"@type\":\"CommentAction\",\"name\":\"Comment\",\"target\":[\"https:\/\/blogdoere.com.br\/?p=26189#respond\"]}]},{\"@type\":\"WebPage\",\"@id\":\"https:\/\/blogdoere.com.br\/?p=26189\",\"url\":\"https:\/\/blogdoere.com.br\/?p=26189\",\"name\":\"BARRO PRETO: L\u00daCIO VIEIRA DESTINA EMENDA PARA SA\u00daDE DE BARRO PRETO - blog do er\u00ea\",\"isPartOf\":{\"@id\":\"https:\/\/blogdoere.com.br\/#website\"},\"datePublished\":\"2017-03-03T15:13:00+00:00\",\"dateModified\":\"2017-03-03T15:13:00+00:00\",\"breadcrumb\":{\"@id\":\"https:\/\/blogdoere.com.br\/?p=26189#breadcrumb\"},\"inLanguage\":\"pt-PT\",\"potentialAction\":[{\"@type\":\"ReadAction\",\"target\":[\"https:\/\/blogdoere.com.br\/?p=26189\"]}]},{\"@type\":\"BreadcrumbList\",\"@id\":\"https:\/\/blogdoere.com.br\/?p=26189#breadcrumb\",\"itemListElement\":[{\"@type\":\"ListItem\",\"position\":1,\"name\":\"In\u00edcio\",\"item\":\"https:\/\/blogdoere.com.br\/\"},{\"@type\":\"ListItem\",\"position\":2,\"name\":\"BARRO PRETO: L\u00daCIO VIEIRA DESTINA EMENDA PARA SA\u00daDE DE BARRO PRETO\"}]},{\"@type\":\"WebSite\",\"@id\":\"https:\/\/blogdoere.com.br\/#website\",\"url\":\"https:\/\/blogdoere.com.br\/\",\"name\":\"blog do er\u00ea\",\"description\":\"\",\"publisher\":{\"@id\":\"https:\/\/blogdoere.com.br\/#organization\"},\"potentialAction\":[{\"@type\":\"SearchAction\",\"target\":{\"@type\":\"EntryPoint\",\"urlTemplate\":\"https:\/\/blogdoere.com.br\/?s={search_term_string}\"},\"query-input\":\"required name=search_term_string\"}],\"inLanguage\":\"pt-PT\"},{\"@type\":\"Organization\",\"@id\":\"https:\/\/blogdoere.com.br\/#organization\",\"name\":\"Blog do Er\u00ea\",\"url\":\"https:\/\/blogdoere.com.br\/\",\"logo\":{\"@type\":\"ImageObject\",\"inLanguage\":\"pt-PT\",\"@id\":\"https:\/\/blogdoere.com.br\/#\/schema\/logo\/image\/\",\"url\":\"https:\/\/blogdoere.com.br\/wp-content\/uploads\/2021\/11\/Logo-Ere-1.png\",\"contentUrl\":\"https:\/\/blogdoere.com.br\/wp-content\/uploads\/2021\/11\/Logo-Ere-1.png\",\"width\":1261,\"height\":1330,\"caption\":\"Blog do Er\u00ea\"},\"image\":{\"@id\":\"https:\/\/blogdoere.com.br\/#\/schema\/logo\/image\/\"}},{\"@type\":\"Person\",\"@id\":\"https:\/\/blogdoere.com.br\/#\/schema\/person\/4b56ed2336cb28ae3415ce8ffe56742e\",\"name\":\"Ere\",\"image\":{\"@type\":\"ImageObject\",\"inLanguage\":\"pt-PT\",\"@id\":\"https:\/\/blogdoere.com.br\/#\/schema\/person\/image\/\",\"url\":\"https:\/\/secure.gravatar.com\/avatar\/?s=96&d=mm&r=g\",\"contentUrl\":\"https:\/\/secure.gravatar.com\/avatar\/?s=96&d=mm&r=g\",\"caption\":\"Ere\"}}]}<\/script>\n<!-- \/ Yoast SEO plugin. -->","yoast_head_json":{"title":"BARRO PRETO: L\u00daCIO VIEIRA DESTINA EMENDA PARA SA\u00daDE DE BARRO PRETO - blog do er\u00ea","robots":{"index":"index","follow":"follow","max-snippet":"max-snippet:-1","max-image-preview":"max-image-preview:large","max-video-preview":"max-video-preview:-1"},"canonical":"https:\/\/blogdoere.com.br\/?p=26189","og_locale":"pt_PT","og_type":"article","og_title":"BARRO PRETO: L\u00daCIO VIEIRA DESTINA EMENDA PARA SA\u00daDE DE BARRO PRETO - blog do er\u00ea","og_description":"O deputado federal L\u00facio Vieira Lima (PMDB), destinou R$ 285 mil em emendas para o munic\u00edpio de Barro Preto, na gest\u00e3o da prefeita Ana Paula. Segundo o parlamentar, \u201ca emenda...","og_url":"https:\/\/blogdoere.com.br\/?p=26189","og_site_name":"blog do er\u00ea","article_published_time":"2017-03-03T15:13:00+00:00","og_image":[{"url":"https:\/\/2.bp.blogspot.com\/-Nn_rDR_Iy_M\/WLmHmwuk54I\/AAAAAAAAGRE\/D7FrtiSWrv8lE0EO_PXXXTbR2qhr_EkvwCLcB\/s320\/bp.jpg"}],"author":"Ere","twitter_card":"summary_large_image","twitter_misc":{"Escrito por":"Ere","Tempo estimado de leitura":"1 minuto"},"schema":{"@context":"https:\/\/schema.org","@graph":[{"@type":"Article","@id":"https:\/\/blogdoere.com.br\/?p=26189#article","isPartOf":{"@id":"https:\/\/blogdoere.com.br\/?p=26189"},"author":{"name":"Ere","@id":"https:\/\/blogdoere.com.br\/#\/schema\/person\/4b56ed2336cb28ae3415ce8ffe56742e"},"headline":"BARRO PRETO: L\u00daCIO VIEIRA DESTINA EMENDA PARA SA\u00daDE DE BARRO PRETO","datePublished":"2017-03-03T15:13:00+00:00","dateModified":"2017-03-03T15:13:00+00:00","mainEntityOfPage":{"@id":"https:\/\/blogdoere.com.br\/?p=26189"},"wordCount":215,"commentCount":0,"publisher":{"@id":"https:\/\/blogdoere.com.br\/#organization"},"articleSection":["Destaques"],"inLanguage":"pt-PT","potentialAction":[{"@type":"CommentAction","name":"Comment","target":["https:\/\/blogdoere.com.br\/?p=26189#respond"]}]},{"@type":"WebPage","@id":"https:\/\/blogdoere.com.br\/?p=26189","url":"https:\/\/blogdoere.com.br\/?p=26189","name":"BARRO PRETO: L\u00daCIO VIEIRA DESTINA EMENDA PARA SA\u00daDE DE BARRO PRETO - blog do er\u00ea","isPartOf":{"@id":"https:\/\/blogdoere.com.br\/#website"},"datePublished":"2017-03-03T15:13:00+00:00","dateModified":"2017-03-03T15:13:00+00:00","breadcrumb":{"@id":"https:\/\/blogdoere.com.br\/?p=26189#breadcrumb"},"inLanguage":"pt-PT","potentialAction":[{"@type":"ReadAction","target":["https:\/\/blogdoere.com.br\/?p=26189"]}]},{"@type":"BreadcrumbList","@id":"https:\/\/blogdoere.com.br\/?p=26189#breadcrumb","itemListElement":[{"@type":"ListItem","position":1,"name":"In\u00edcio","item":"https:\/\/blogdoere.com.br\/"},{"@type":"ListItem","position":2,"name":"BARRO PRETO: L\u00daCIO VIEIRA DESTINA EMENDA PARA SA\u00daDE DE BARRO PRETO"}]},{"@type":"WebSite","@id":"https:\/\/blogdoere.com.br\/#website","url":"https:\/\/blogdoere.com.br\/","name":"blog do er\u00ea","description":"","publisher":{"@id":"https:\/\/blogdoere.com.br\/#organization"},"potentialAction":[{"@type":"SearchAction","target":{"@type":"EntryPoint","urlTemplate":"https:\/\/blogdoere.com.br\/?s={search_term_string}"},"query-input":"required name=search_term_string"}],"inLanguage":"pt-PT"},{"@type":"Organization","@id":"https:\/\/blogdoere.com.br\/#organization","name":"Blog do Er\u00ea","url":"https:\/\/blogdoere.com.br\/","logo":{"@type":"ImageObject","inLanguage":"pt-PT","@id":"https:\/\/blogdoere.com.br\/#\/schema\/logo\/image\/","url":"https:\/\/blogdoere.com.br\/wp-content\/uploads\/2021\/11\/Logo-Ere-1.png","contentUrl":"https:\/\/blogdoere.com.br\/wp-content\/uploads\/2021\/11\/Logo-Ere-1.png","width":1261,"height":1330,"caption":"Blog do Er\u00ea"},"image":{"@id":"https:\/\/blogdoere.com.br\/#\/schema\/logo\/image\/"}},{"@type":"Person","@id":"https:\/\/blogdoere.com.br\/#\/schema\/person\/4b56ed2336cb28ae3415ce8ffe56742e","name":"Ere","image":{"@type":"ImageObject","inLanguage":"pt-PT","@id":"https:\/\/blogdoere.com.br\/#\/schema\/person\/image\/","url":"https:\/\/secure.gravatar.com\/avatar\/?s=96&d=mm&r=g","contentUrl":"https:\/\/secure.gravatar.com\/avatar\/?s=96&d=mm&r=g","caption":"Ere"}}]}},"featured_image_urls":{"full":"","thumbnail":"","medium":"","medium_large":"","large":"","1536x1536":"","2048x2048":""},"author_info":{"display_name":"Ere","author_link":"https:\/\/blogdoere.com.br\/?author=2"},"category_info":"<a href=\"https:\/\/blogdoere.com.br\/?cat=1\" rel=\"category\">Destaques<\/a>","tag_info":"Destaques","comment_count":"0","_links":{"self":[{"href":"https:\/\/blogdoere.com.br\/index.php?rest_route=\/wp\/v2\/posts\/26189","targetHints":{"allow":["GET"]}}],"collection":[{"href":"https:\/\/blogdoere.com.br\/index.php?rest_route=\/wp\/v2\/posts"}],"about":[{"href":"https:\/\/blogdoere.com.br\/index.php?rest_route=\/wp\/v2\/types\/post"}],"author":[{"embeddable":true,"href":"https:\/\/blogdoere.com.br\/index.php?rest_route=\/wp\/v2\/users\/2"}],"replies":[{"embeddable":true,"href":"https:\/\/blogdoere.com.br\/index.php?rest_route=%2Fwp%2Fv2%2Fcomments&post=26189"}],"version-history":[{"count":0,"href":"https:\/\/blogdoere.com.br\/index.php?rest_route=\/wp\/v2\/posts\/26189\/revisions"}],"wp:attachment":[{"href":"https:\/\/blogdoere.com.br\/index.php?rest_route=%2Fwp%2Fv2%2Fmedia&parent=26189"}],"wp:term":[{"taxonomy":"category","embeddable":true,"href":"https:\/\/blogdoere.com.br\/index.php?rest_route=%2Fwp%2Fv2%2Fcategories&post=26189"},{"taxonomy":"post_tag","embeddable":true,"href":"https:\/\/blogdoere.com.br\/index.php?rest_route=%2Fwp%2Fv2%2Ftags&post=26189"}],"curies":[{"name":"wp","href":"https:\/\/api.w.org\/{rel}","templated":true}]}}