{"id":26190,"date":"2017-03-03T15:02:00","date_gmt":"2017-03-03T15:02:00","guid":{"rendered":"http:\/\/blogdoere.com.br\/?p=26190"},"modified":"2017-03-03T15:02:00","modified_gmt":"2017-03-03T15:02:00","slug":"urucuca-folia-da-gente-atrai-multidao-em-quatro-dias-de-festa","status":"publish","type":"post","link":"https:\/\/blogdoere.com.br\/?p=26190","title":{"rendered":"URU\u00c7UCA: FOLIA DA GENTE ATRAI MULTID\u00c3O EM QUATRO DIAS DE FESTA"},"content":{"rendered":"<div style=\"text-align: justify;\"><span style=\"font-family: &quot;arial&quot; , &quot;sans-serif&quot;; font-size: 12.0pt; line-height: 115%;\"><br \/><\/span><\/div>\n<div style=\"clear: both; text-align: center;\"><span style=\"font-family: &quot;arial&quot; , sans-serif; font-size: 12pt; line-height: 115%; margin-left: 1em; margin-right: 1em;\"><img decoding=\"async\" src=\"http:\/\/www.politicosdosuldabahia.com.br\/v1\/wp-content\/uploads\/2017\/03\/unnamed-4-1.jpg\" height=\"225\" width=\"400\" \/><\/span><\/div>\n<div style=\"text-align: justify;\"><\/div>\n<div style=\"text-align: justify;\"><span style=\"font-family: &quot;arial&quot; , &quot;sans-serif&quot;; font-size: 12.0pt; line-height: 115%;\"><br \/><\/span><\/div>\n<div style=\"text-align: justify;\"><span style=\"font-family: &quot;arial&quot; , &quot;sans-serif&quot;; font-size: 12.0pt; line-height: 115%;\"><br \/><\/span><\/div>\n<div style=\"text-align: justify;\"><span style=\"font-family: Arial, Helvetica, sans-serif; line-height: 115%;\">Entre os dias 25 e 28 de fevereiro, Uru\u00e7uca e o distrito de Serra Grande foram palco do Carnaval Folia da Gente, realizado pela Prefeitura de Uru\u00e7uca, com sucesso de p\u00fablico, divers\u00e3o e alegria. Com uma programa\u00e7\u00e3o extensa, a festa contou com a tradicional entrega da chave da cidade ao Rei Momo, em Serra Grande. A folia seguiu at\u00e9 o dia 27 na Serra e foi finalizada em Uru\u00e7uca, na ter\u00e7a, 28.<o:p><\/o:p><\/span><\/div>\n<div style=\"text-align: justify;\"><span style=\"font-family: Arial, Helvetica, sans-serif; line-height: 115%;\"><br \/><\/span><\/div>\n<div style=\"text-align: justify;\"><span style=\"font-family: Arial, Helvetica, sans-serif; line-height: 115%;\">Artistas de peso como Sinho Ferrary e Neto LX foram o destaque da festa. No domingo, 26, Sinho Ferrary embalou o foli\u00e3o com can\u00e7\u00f5es como \u201cOi\u201d e \u201cDeixa ela saber\u201d; j\u00e1 Neto LX, na segunda, mesmo com chuva, arrastou a multid\u00e3o com muita arrochadeira e o hit \u201cGordinho gostoso\u201d, m\u00fasica que lan\u00e7ou o cantor no cen\u00e1rio nacional. Pelo palco do Folia da Gente passaram ainda quase duas dezenas de atra\u00e7\u00f5es locais e regionais: al\u00e9m de Sinho e Neto, brilharam tamb\u00e9m Stillo Groovado, Tsunami, Marlon Tigr\u00e3o, Maur\u00edcio Bahia, Tri Farol, Mandraks, K\u2019Pankada, J\u00f3 Leon e Banda, Shavaska, Bonde do Andrez\u00e3o, Passo Livre, Paulinho e Banda e Kuarto de Luxo.<o:p><\/o:p><\/span><\/div>\n<div style=\"text-align: justify;\"><span style=\"font-family: Arial, Helvetica, sans-serif; line-height: 115%;\"><br \/><\/span><\/div>\n<div style=\"text-align: justify;\"><span style=\"font-family: Arial, Helvetica, sans-serif; line-height: 115%;\">O prefeito, Moacyr Leite, ressaltou que a produ\u00e7\u00e3o do carnaval foi enxuta diante da crise que afeta o pa\u00eds e das dificuldades que o in\u00edcio de sua gest\u00e3o vem enfrentando, mas isso n\u00e3o diminuiu o potencial do evento. \u201cUru\u00e7uca precisava de uma festa como essa. Por isso, nos esfor\u00e7amos pra ela acontecer. Foi um carnaval com a cara do povo da nossa cidade, com artistas genu\u00ednos daqui e que tiveram seu trabalho valorizado. Trouxemos ainda nomes do cen\u00e1rio baiano e nacional como Sinho Ferrary e Neto LX, que sabemos que fazem a alegria do povo, que p\u00f4de cantar junto\u201d, disse o prefeito. Quem tamb\u00e9m aproveitou a folia foi o prefeito de Ilh\u00e9us, M\u00e1rio Alexandre, que prestigiou o evento na segunda, 27, sendo recepcionado pelo colega, Moacyr Leite.<o:p><\/o:p><\/span><\/div>\n<div style=\"text-align: justify;\"><span style=\"font-family: Arial, Helvetica, sans-serif;\"><br \/><\/span><\/div>\n<div style=\"text-align: justify;\"><span style=\"font-family: Arial, Helvetica, sans-serif; line-height: 115%;\">De acordo com a comiss\u00e3o organizadora do Folia da Gente, a aposta do evento era na diversidade de estilos e na valoriza\u00e7\u00e3o dos artistas locais e da regi\u00e3o, agradando os diferentes estilos de foli\u00f5es nativos e turistas. Segundo o gestor, mesmo com pouco tempo para organizar a festa e o or\u00e7amento apertado, o Folia da Gente trouxe resultados positivos. \u201cConseguimos atingir o objetivo de oferecer aos nossos mun\u00edcipes uma festa bonita, organizada, de paz e estimular a economia local. No pr\u00f3ximo ano, com certeza, ser\u00e1 ainda melhor com parcerias e mais recursos para investir na festa,\u201d explicou.<o:p><\/o:p><\/span><\/div>\n<div style=\"text-align: justify;\"><span style=\"font-family: Arial, Helvetica, sans-serif;\"><br \/><\/span><\/div>\n<div style=\"text-align: justify;\"><span style=\"font-family: Arial, Helvetica, sans-serif;\"><span style=\"line-height: 115%;\">Festa mobilizou estruturas de seguran\u00e7a e sa\u00fade \u2013 A Secretaria de Sa\u00fade preparou um esquema de atendimento para o foli\u00e3o, com distribui\u00e7\u00e3o de preservativos e material informativo sobre doen\u00e7as sexualmente transmiss\u00edveis. Em Serra Grande, o Posto de Sa\u00fade funcionou 24h com <\/span><span style=\"background-color: white; color: #1a3337;\">pronto-socorro, equipe m\u00e9dica, t\u00e9cnicos e enfermeiros. J\u00e1 a seguran\u00e7a foi garantida pela Pol\u00edcia Militar, que montou forte esquema para garantir a ordem e a seguran\u00e7a do foli\u00e3o. N\u00e3o foram registradas ocorr\u00eancias graves.<\/span><\/span><\/div>\n","protected":false},"excerpt":{"rendered":"<p>Entre os dias 25 e 28 de fevereiro, Uru\u00e7uca e o distrito de Serra Grande foram palco do Carnaval Folia da Gente, realizado pela Prefeitura de Uru\u00e7uca, com sucesso de&#8230;<\/p>\n","protected":false},"author":2,"featured_media":0,"comment_status":"open","ping_status":"open","sticky":false,"template":"","format":"standard","meta":{"_editorskit_title_hidden":false,"_editorskit_reading_time":0,"_editorskit_is_block_options_detached":false,"_editorskit_block_options_position":"{}","om_disable_all_campaigns":false,"_mi_skip_tracking":false,"_kad_post_transparent":"","_kad_post_title":"","_kad_post_layout":"","_kad_post_sidebar_id":"","_kad_post_content_style":"","_kad_post_vertical_padding":"","_kad_post_feature":"","_kad_post_feature_position":"","_kad_post_header":false,"_kad_post_footer":false,"footnotes":""},"categories":[1],"tags":[],"class_list":["post-26190","post","type-post","status-publish","format-standard","hentry","category-destaques"],"yoast_head":"<!-- This site is optimized with the Yoast SEO plugin v20.5 - https:\/\/yoast.com\/wordpress\/plugins\/seo\/ -->\n<title>URU\u00c7UCA: FOLIA DA GENTE ATRAI MULTID\u00c3O EM QUATRO DIAS DE FESTA - blog do er\u00ea<\/title>\n<meta name=\"robots\" content=\"index, follow, max-snippet:-1, max-image-preview:large, max-video-preview:-1\" \/>\n<link rel=\"canonical\" href=\"https:\/\/blogdoere.com.br\/?p=26190\" \/>\n<meta property=\"og:locale\" content=\"pt_PT\" \/>\n<meta property=\"og:type\" content=\"article\" \/>\n<meta property=\"og:title\" content=\"URU\u00c7UCA: FOLIA DA GENTE ATRAI MULTID\u00c3O EM QUATRO DIAS DE FESTA - blog do er\u00ea\" \/>\n<meta property=\"og:description\" content=\"Entre os dias 25 e 28 de fevereiro, Uru\u00e7uca e o distrito de Serra Grande foram palco do Carnaval Folia da Gente, realizado pela Prefeitura de Uru\u00e7uca, com sucesso de...\" \/>\n<meta property=\"og:url\" content=\"https:\/\/blogdoere.com.br\/?p=26190\" \/>\n<meta property=\"og:site_name\" content=\"blog do er\u00ea\" \/>\n<meta property=\"article:published_time\" content=\"2017-03-03T15:02:00+00:00\" \/>\n<meta property=\"og:image\" content=\"http:\/\/www.politicosdosuldabahia.com.br\/v1\/wp-content\/uploads\/2017\/03\/unnamed-4-1.jpg\" \/>\n<meta name=\"author\" content=\"Ere\" \/>\n<meta name=\"twitter:card\" content=\"summary_large_image\" \/>\n<meta name=\"twitter:label1\" content=\"Escrito por\" \/>\n\t<meta name=\"twitter:data1\" content=\"Ere\" \/>\n\t<meta name=\"twitter:label2\" content=\"Tempo estimado de leitura\" \/>\n\t<meta name=\"twitter:data2\" content=\"3 minutos\" \/>\n<script type=\"application\/ld+json\" class=\"yoast-schema-graph\">{\"@context\":\"https:\/\/schema.org\",\"@graph\":[{\"@type\":\"Article\",\"@id\":\"https:\/\/blogdoere.com.br\/?p=26190#article\",\"isPartOf\":{\"@id\":\"https:\/\/blogdoere.com.br\/?p=26190\"},\"author\":{\"name\":\"Ere\",\"@id\":\"https:\/\/blogdoere.com.br\/#\/schema\/person\/4b56ed2336cb28ae3415ce8ffe56742e\"},\"headline\":\"URU\u00c7UCA: FOLIA DA GENTE ATRAI MULTID\u00c3O EM QUATRO DIAS DE FESTA\",\"datePublished\":\"2017-03-03T15:02:00+00:00\",\"dateModified\":\"2017-03-03T15:02:00+00:00\",\"mainEntityOfPage\":{\"@id\":\"https:\/\/blogdoere.com.br\/?p=26190\"},\"wordCount\":539,\"commentCount\":0,\"publisher\":{\"@id\":\"https:\/\/blogdoere.com.br\/#organization\"},\"articleSection\":[\"Destaques\"],\"inLanguage\":\"pt-PT\",\"potentialAction\":[{\"@type\":\"CommentAction\",\"name\":\"Comment\",\"target\":[\"https:\/\/blogdoere.com.br\/?p=26190#respond\"]}]},{\"@type\":\"WebPage\",\"@id\":\"https:\/\/blogdoere.com.br\/?p=26190\",\"url\":\"https:\/\/blogdoere.com.br\/?p=26190\",\"name\":\"URU\u00c7UCA: FOLIA DA GENTE ATRAI MULTID\u00c3O EM QUATRO DIAS DE FESTA - blog do er\u00ea\",\"isPartOf\":{\"@id\":\"https:\/\/blogdoere.com.br\/#website\"},\"datePublished\":\"2017-03-03T15:02:00+00:00\",\"dateModified\":\"2017-03-03T15:02:00+00:00\",\"breadcrumb\":{\"@id\":\"https:\/\/blogdoere.com.br\/?p=26190#breadcrumb\"},\"inLanguage\":\"pt-PT\",\"potentialAction\":[{\"@type\":\"ReadAction\",\"target\":[\"https:\/\/blogdoere.com.br\/?p=26190\"]}]},{\"@type\":\"BreadcrumbList\",\"@id\":\"https:\/\/blogdoere.com.br\/?p=26190#breadcrumb\",\"itemListElement\":[{\"@type\":\"ListItem\",\"position\":1,\"name\":\"In\u00edcio\",\"item\":\"https:\/\/blogdoere.com.br\/\"},{\"@type\":\"ListItem\",\"position\":2,\"name\":\"URU\u00c7UCA: FOLIA DA GENTE ATRAI MULTID\u00c3O EM QUATRO DIAS DE FESTA\"}]},{\"@type\":\"WebSite\",\"@id\":\"https:\/\/blogdoere.com.br\/#website\",\"url\":\"https:\/\/blogdoere.com.br\/\",\"name\":\"blog do er\u00ea\",\"description\":\"\",\"publisher\":{\"@id\":\"https:\/\/blogdoere.com.br\/#organization\"},\"potentialAction\":[{\"@type\":\"SearchAction\",\"target\":{\"@type\":\"EntryPoint\",\"urlTemplate\":\"https:\/\/blogdoere.com.br\/?s={search_term_string}\"},\"query-input\":\"required name=search_term_string\"}],\"inLanguage\":\"pt-PT\"},{\"@type\":\"Organization\",\"@id\":\"https:\/\/blogdoere.com.br\/#organization\",\"name\":\"Blog do Er\u00ea\",\"url\":\"https:\/\/blogdoere.com.br\/\",\"logo\":{\"@type\":\"ImageObject\",\"inLanguage\":\"pt-PT\",\"@id\":\"https:\/\/blogdoere.com.br\/#\/schema\/logo\/image\/\",\"url\":\"https:\/\/blogdoere.com.br\/wp-content\/uploads\/2021\/11\/Logo-Ere-1.png\",\"contentUrl\":\"https:\/\/blogdoere.com.br\/wp-content\/uploads\/2021\/11\/Logo-Ere-1.png\",\"width\":1261,\"height\":1330,\"caption\":\"Blog do Er\u00ea\"},\"image\":{\"@id\":\"https:\/\/blogdoere.com.br\/#\/schema\/logo\/image\/\"}},{\"@type\":\"Person\",\"@id\":\"https:\/\/blogdoere.com.br\/#\/schema\/person\/4b56ed2336cb28ae3415ce8ffe56742e\",\"name\":\"Ere\",\"image\":{\"@type\":\"ImageObject\",\"inLanguage\":\"pt-PT\",\"@id\":\"https:\/\/blogdoere.com.br\/#\/schema\/person\/image\/\",\"url\":\"https:\/\/secure.gravatar.com\/avatar\/?s=96&d=mm&r=g\",\"contentUrl\":\"https:\/\/secure.gravatar.com\/avatar\/?s=96&d=mm&r=g\",\"caption\":\"Ere\"}}]}<\/script>\n<!-- \/ Yoast SEO plugin. -->","yoast_head_json":{"title":"URU\u00c7UCA: FOLIA DA GENTE ATRAI MULTID\u00c3O EM QUATRO DIAS DE FESTA - blog do er\u00ea","robots":{"index":"index","follow":"follow","max-snippet":"max-snippet:-1","max-image-preview":"max-image-preview:large","max-video-preview":"max-video-preview:-1"},"canonical":"https:\/\/blogdoere.com.br\/?p=26190","og_locale":"pt_PT","og_type":"article","og_title":"URU\u00c7UCA: FOLIA DA GENTE ATRAI MULTID\u00c3O EM QUATRO DIAS DE FESTA - blog do er\u00ea","og_description":"Entre os dias 25 e 28 de fevereiro, Uru\u00e7uca e o distrito de Serra Grande foram palco do Carnaval Folia da Gente, realizado pela Prefeitura de Uru\u00e7uca, com sucesso de...","og_url":"https:\/\/blogdoere.com.br\/?p=26190","og_site_name":"blog do er\u00ea","article_published_time":"2017-03-03T15:02:00+00:00","og_image":[{"url":"http:\/\/www.politicosdosuldabahia.com.br\/v1\/wp-content\/uploads\/2017\/03\/unnamed-4-1.jpg"}],"author":"Ere","twitter_card":"summary_large_image","twitter_misc":{"Escrito por":"Ere","Tempo estimado de leitura":"3 minutos"},"schema":{"@context":"https:\/\/schema.org","@graph":[{"@type":"Article","@id":"https:\/\/blogdoere.com.br\/?p=26190#article","isPartOf":{"@id":"https:\/\/blogdoere.com.br\/?p=26190"},"author":{"name":"Ere","@id":"https:\/\/blogdoere.com.br\/#\/schema\/person\/4b56ed2336cb28ae3415ce8ffe56742e"},"headline":"URU\u00c7UCA: FOLIA DA GENTE ATRAI MULTID\u00c3O EM QUATRO DIAS DE FESTA","datePublished":"2017-03-03T15:02:00+00:00","dateModified":"2017-03-03T15:02:00+00:00","mainEntityOfPage":{"@id":"https:\/\/blogdoere.com.br\/?p=26190"},"wordCount":539,"commentCount":0,"publisher":{"@id":"https:\/\/blogdoere.com.br\/#organization"},"articleSection":["Destaques"],"inLanguage":"pt-PT","potentialAction":[{"@type":"CommentAction","name":"Comment","target":["https:\/\/blogdoere.com.br\/?p=26190#respond"]}]},{"@type":"WebPage","@id":"https:\/\/blogdoere.com.br\/?p=26190","url":"https:\/\/blogdoere.com.br\/?p=26190","name":"URU\u00c7UCA: FOLIA DA GENTE ATRAI MULTID\u00c3O EM QUATRO DIAS DE FESTA - blog do er\u00ea","isPartOf":{"@id":"https:\/\/blogdoere.com.br\/#website"},"datePublished":"2017-03-03T15:02:00+00:00","dateModified":"2017-03-03T15:02:00+00:00","breadcrumb":{"@id":"https:\/\/blogdoere.com.br\/?p=26190#breadcrumb"},"inLanguage":"pt-PT","potentialAction":[{"@type":"ReadAction","target":["https:\/\/blogdoere.com.br\/?p=26190"]}]},{"@type":"BreadcrumbList","@id":"https:\/\/blogdoere.com.br\/?p=26190#breadcrumb","itemListElement":[{"@type":"ListItem","position":1,"name":"In\u00edcio","item":"https:\/\/blogdoere.com.br\/"},{"@type":"ListItem","position":2,"name":"URU\u00c7UCA: FOLIA DA GENTE ATRAI MULTID\u00c3O EM QUATRO DIAS DE FESTA"}]},{"@type":"WebSite","@id":"https:\/\/blogdoere.com.br\/#website","url":"https:\/\/blogdoere.com.br\/","name":"blog do er\u00ea","description":"","publisher":{"@id":"https:\/\/blogdoere.com.br\/#organization"},"potentialAction":[{"@type":"SearchAction","target":{"@type":"EntryPoint","urlTemplate":"https:\/\/blogdoere.com.br\/?s={search_term_string}"},"query-input":"required name=search_term_string"}],"inLanguage":"pt-PT"},{"@type":"Organization","@id":"https:\/\/blogdoere.com.br\/#organization","name":"Blog do Er\u00ea","url":"https:\/\/blogdoere.com.br\/","logo":{"@type":"ImageObject","inLanguage":"pt-PT","@id":"https:\/\/blogdoere.com.br\/#\/schema\/logo\/image\/","url":"https:\/\/blogdoere.com.br\/wp-content\/uploads\/2021\/11\/Logo-Ere-1.png","contentUrl":"https:\/\/blogdoere.com.br\/wp-content\/uploads\/2021\/11\/Logo-Ere-1.png","width":1261,"height":1330,"caption":"Blog do Er\u00ea"},"image":{"@id":"https:\/\/blogdoere.com.br\/#\/schema\/logo\/image\/"}},{"@type":"Person","@id":"https:\/\/blogdoere.com.br\/#\/schema\/person\/4b56ed2336cb28ae3415ce8ffe56742e","name":"Ere","image":{"@type":"ImageObject","inLanguage":"pt-PT","@id":"https:\/\/blogdoere.com.br\/#\/schema\/person\/image\/","url":"https:\/\/secure.gravatar.com\/avatar\/?s=96&d=mm&r=g","contentUrl":"https:\/\/secure.gravatar.com\/avatar\/?s=96&d=mm&r=g","caption":"Ere"}}]}},"featured_image_urls":{"full":"","thumbnail":"","medium":"","medium_large":"","large":"","1536x1536":"","2048x2048":""},"author_info":{"display_name":"Ere","author_link":"https:\/\/blogdoere.com.br\/?author=2"},"category_info":"<a href=\"https:\/\/blogdoere.com.br\/?cat=1\" rel=\"category\">Destaques<\/a>","tag_info":"Destaques","comment_count":"0","_links":{"self":[{"href":"https:\/\/blogdoere.com.br\/index.php?rest_route=\/wp\/v2\/posts\/26190","targetHints":{"allow":["GET"]}}],"collection":[{"href":"https:\/\/blogdoere.com.br\/index.php?rest_route=\/wp\/v2\/posts"}],"about":[{"href":"https:\/\/blogdoere.com.br\/index.php?rest_route=\/wp\/v2\/types\/post"}],"author":[{"embeddable":true,"href":"https:\/\/blogdoere.com.br\/index.php?rest_route=\/wp\/v2\/users\/2"}],"replies":[{"embeddable":true,"href":"https:\/\/blogdoere.com.br\/index.php?rest_route=%2Fwp%2Fv2%2Fcomments&post=26190"}],"version-history":[{"count":0,"href":"https:\/\/blogdoere.com.br\/index.php?rest_route=\/wp\/v2\/posts\/26190\/revisions"}],"wp:attachment":[{"href":"https:\/\/blogdoere.com.br\/index.php?rest_route=%2Fwp%2Fv2%2Fmedia&parent=26190"}],"wp:term":[{"taxonomy":"category","embeddable":true,"href":"https:\/\/blogdoere.com.br\/index.php?rest_route=%2Fwp%2Fv2%2Fcategories&post=26190"},{"taxonomy":"post_tag","embeddable":true,"href":"https:\/\/blogdoere.com.br\/index.php?rest_route=%2Fwp%2Fv2%2Ftags&post=26190"}],"curies":[{"name":"wp","href":"https:\/\/api.w.org\/{rel}","templated":true}]}}