{"id":26192,"date":"2017-02-20T23:47:00","date_gmt":"2017-02-20T23:47:00","guid":{"rendered":"http:\/\/blogdoere.com.br\/?p=26192"},"modified":"2017-02-20T23:47:00","modified_gmt":"2017-02-20T23:47:00","slug":"ilheus-ceplac-comemora-60-anos-revitalizacao-e-preciso","status":"publish","type":"post","link":"https:\/\/blogdoere.com.br\/?p=26192","title":{"rendered":"ILH\u00c9US: CEPLAC COMEMORA 60 ANOS &#8211; REVITALIZA\u00c7\u00c3O \u00c9 PRECISO!"},"content":{"rendered":"<div style=\"text-align: justify;\"><\/div>\n<div style=\"text-align: justify;\"><span style=\"font-family: &quot;arial&quot; , &quot;sans-serif&quot;; font-size: 12.0pt; line-height: 115%;\"><br \/><\/span><\/div>\n<div style=\"clear: both; text-align: center;\"><a href=\"https:\/\/1.bp.blogspot.com\/-ZWriryiTYww\/WKt_l8Q0lPI\/AAAAAAAAGPA\/FnNW7A6FQactvL37r8UiKAmp1Ii6HPD4gCLcB\/s1600\/DSC_0471.JPG\" style=\"margin-left: 1em; margin-right: 1em;\"><img decoding=\"async\" border=\"0\" height=\"212\" src=\"https:\/\/1.bp.blogspot.com\/-ZWriryiTYww\/WKt_l8Q0lPI\/AAAAAAAAGPA\/FnNW7A6FQactvL37r8UiKAmp1Ii6HPD4gCLcB\/s320\/DSC_0471.JPG\" width=\"320\" \/><\/a><\/div>\n<p><\/p>\n<div style=\"clear: both; text-align: center;\"><a href=\"https:\/\/3.bp.blogspot.com\/-yltiKrXFc0c\/WKt_lgrogeI\/AAAAAAAAGO8\/9XaRTnRXMv4Dit_-GsiEr7US5_XIhyQbQCLcB\/s1600\/DSC_0492.JPG\" style=\"margin-left: 1em; margin-right: 1em;\"><img decoding=\"async\" border=\"0\" height=\"212\" src=\"https:\/\/3.bp.blogspot.com\/-yltiKrXFc0c\/WKt_lgrogeI\/AAAAAAAAGO8\/9XaRTnRXMv4Dit_-GsiEr7US5_XIhyQbQCLcB\/s320\/DSC_0492.JPG\" width=\"320\" \/><\/a><\/div>\n<p><\/p>\n<div style=\"clear: both; text-align: center;\"><a href=\"https:\/\/3.bp.blogspot.com\/-n6eKEztGt2w\/WKt_mO0WNGI\/AAAAAAAAGPE\/69-MqcphfWcmmVVzo4rh0dDViGn4jh8BwCLcB\/s1600\/DSC_0508.JPG\" style=\"margin-left: 1em; margin-right: 1em;\"><img decoding=\"async\" border=\"0\" height=\"212\" src=\"https:\/\/3.bp.blogspot.com\/-n6eKEztGt2w\/WKt_mO0WNGI\/AAAAAAAAGPE\/69-MqcphfWcmmVVzo4rh0dDViGn4jh8BwCLcB\/s320\/DSC_0508.JPG\" width=\"320\" \/><\/a><\/div>\n<div style=\"clear: both; text-align: center;\"><\/div>\n<div style=\"text-align: justify;\"><span style=\"font-family: &quot;arial&quot; , &quot;sans-serif&quot;; font-size: 12.0pt; line-height: 115%;\">Aconteceu nesta segunda-feira (20), no audit\u00f3rio do Cepec ato de comemora\u00e7\u00e3o pelos 60 anos da Ceplac. Evento bastante concorrido contou com as presen\u00e7as da Senadora L\u00eddice da Mata (PSB); Secret\u00e1rio de Ci\u00eancia Tecnologia e Inova\u00e7\u00e3o, Jos\u00e9 Vivaldo Mendon\u00e7a; Deputado Bebeto Galv\u00e3o(PSB), e o Secret\u00e1rio de Desenvolvimento Rural, Jer\u00f4nimo Rodrigues &nbsp;representando o governador Rui Costa. Na ocasi\u00e3o, as autoridades presentes discutiram a import\u00e2ncia da revitaliza\u00e7\u00e3o e inova\u00e7\u00e3o da institui\u00e7\u00e3o para enfrentar novos desafios. Por: Er\u00ea DRT\/BA 6315<o:p><\/o:p><\/span><\/div>\n","protected":false},"excerpt":{"rendered":"<p>Aconteceu nesta segunda-feira (20), no audit\u00f3rio do Cepec ato de comemora\u00e7\u00e3o pelos 60 anos da Ceplac. Evento bastante concorrido contou com as presen\u00e7as da Senadora L\u00eddice da Mata (PSB); Secret\u00e1rio&#8230;<\/p>\n","protected":false},"author":2,"featured_media":0,"comment_status":"open","ping_status":"open","sticky":false,"template":"","format":"standard","meta":{"_editorskit_title_hidden":false,"_editorskit_reading_time":0,"_editorskit_is_block_options_detached":false,"_editorskit_block_options_position":"{}","om_disable_all_campaigns":false,"_mi_skip_tracking":false,"_kad_post_transparent":"","_kad_post_title":"","_kad_post_layout":"","_kad_post_sidebar_id":"","_kad_post_content_style":"","_kad_post_vertical_padding":"","_kad_post_feature":"","_kad_post_feature_position":"","_kad_post_header":false,"_kad_post_footer":false,"footnotes":""},"categories":[1],"tags":[],"class_list":["post-26192","post","type-post","status-publish","format-standard","hentry","category-destaques"],"yoast_head":"<!-- This site is optimized with the Yoast SEO plugin v20.5 - https:\/\/yoast.com\/wordpress\/plugins\/seo\/ -->\n<title>ILH\u00c9US: CEPLAC COMEMORA 60 ANOS - REVITALIZA\u00c7\u00c3O \u00c9 PRECISO! - blog do er\u00ea<\/title>\n<meta name=\"robots\" content=\"index, follow, max-snippet:-1, max-image-preview:large, max-video-preview:-1\" \/>\n<link rel=\"canonical\" href=\"https:\/\/blogdoere.com.br\/?p=26192\" \/>\n<meta property=\"og:locale\" content=\"pt_PT\" \/>\n<meta property=\"og:type\" content=\"article\" \/>\n<meta property=\"og:title\" content=\"ILH\u00c9US: CEPLAC COMEMORA 60 ANOS - REVITALIZA\u00c7\u00c3O \u00c9 PRECISO! - blog do er\u00ea\" \/>\n<meta property=\"og:description\" content=\"Aconteceu nesta segunda-feira (20), no audit\u00f3rio do Cepec ato de comemora\u00e7\u00e3o pelos 60 anos da Ceplac. Evento bastante concorrido contou com as presen\u00e7as da Senadora L\u00eddice da Mata (PSB); Secret\u00e1rio...\" \/>\n<meta property=\"og:url\" content=\"https:\/\/blogdoere.com.br\/?p=26192\" \/>\n<meta property=\"og:site_name\" content=\"blog do er\u00ea\" \/>\n<meta property=\"article:published_time\" content=\"2017-02-20T23:47:00+00:00\" \/>\n<meta property=\"og:image\" content=\"https:\/\/1.bp.blogspot.com\/-ZWriryiTYww\/WKt_l8Q0lPI\/AAAAAAAAGPA\/FnNW7A6FQactvL37r8UiKAmp1Ii6HPD4gCLcB\/s320\/DSC_0471.JPG\" \/>\n<meta name=\"author\" content=\"Ere\" \/>\n<meta name=\"twitter:card\" content=\"summary_large_image\" \/>\n<meta name=\"twitter:label1\" content=\"Escrito por\" \/>\n\t<meta name=\"twitter:data1\" content=\"Ere\" \/>\n<script type=\"application\/ld+json\" class=\"yoast-schema-graph\">{\"@context\":\"https:\/\/schema.org\",\"@graph\":[{\"@type\":\"Article\",\"@id\":\"https:\/\/blogdoere.com.br\/?p=26192#article\",\"isPartOf\":{\"@id\":\"https:\/\/blogdoere.com.br\/?p=26192\"},\"author\":{\"name\":\"Ere\",\"@id\":\"https:\/\/blogdoere.com.br\/#\/schema\/person\/4b56ed2336cb28ae3415ce8ffe56742e\"},\"headline\":\"ILH\u00c9US: CEPLAC COMEMORA 60 ANOS &#8211; REVITALIZA\u00c7\u00c3O \u00c9 PRECISO!\",\"datePublished\":\"2017-02-20T23:47:00+00:00\",\"dateModified\":\"2017-02-20T23:47:00+00:00\",\"mainEntityOfPage\":{\"@id\":\"https:\/\/blogdoere.com.br\/?p=26192\"},\"wordCount\":101,\"commentCount\":0,\"publisher\":{\"@id\":\"https:\/\/blogdoere.com.br\/#organization\"},\"articleSection\":[\"Destaques\"],\"inLanguage\":\"pt-PT\",\"potentialAction\":[{\"@type\":\"CommentAction\",\"name\":\"Comment\",\"target\":[\"https:\/\/blogdoere.com.br\/?p=26192#respond\"]}]},{\"@type\":\"WebPage\",\"@id\":\"https:\/\/blogdoere.com.br\/?p=26192\",\"url\":\"https:\/\/blogdoere.com.br\/?p=26192\",\"name\":\"ILH\u00c9US: CEPLAC COMEMORA 60 ANOS - REVITALIZA\u00c7\u00c3O \u00c9 PRECISO! - blog do er\u00ea\",\"isPartOf\":{\"@id\":\"https:\/\/blogdoere.com.br\/#website\"},\"datePublished\":\"2017-02-20T23:47:00+00:00\",\"dateModified\":\"2017-02-20T23:47:00+00:00\",\"breadcrumb\":{\"@id\":\"https:\/\/blogdoere.com.br\/?p=26192#breadcrumb\"},\"inLanguage\":\"pt-PT\",\"potentialAction\":[{\"@type\":\"ReadAction\",\"target\":[\"https:\/\/blogdoere.com.br\/?p=26192\"]}]},{\"@type\":\"BreadcrumbList\",\"@id\":\"https:\/\/blogdoere.com.br\/?p=26192#breadcrumb\",\"itemListElement\":[{\"@type\":\"ListItem\",\"position\":1,\"name\":\"In\u00edcio\",\"item\":\"https:\/\/blogdoere.com.br\/\"},{\"@type\":\"ListItem\",\"position\":2,\"name\":\"ILH\u00c9US: CEPLAC COMEMORA 60 ANOS &#8211; REVITALIZA\u00c7\u00c3O \u00c9 PRECISO!\"}]},{\"@type\":\"WebSite\",\"@id\":\"https:\/\/blogdoere.com.br\/#website\",\"url\":\"https:\/\/blogdoere.com.br\/\",\"name\":\"blog do er\u00ea\",\"description\":\"\",\"publisher\":{\"@id\":\"https:\/\/blogdoere.com.br\/#organization\"},\"potentialAction\":[{\"@type\":\"SearchAction\",\"target\":{\"@type\":\"EntryPoint\",\"urlTemplate\":\"https:\/\/blogdoere.com.br\/?s={search_term_string}\"},\"query-input\":\"required name=search_term_string\"}],\"inLanguage\":\"pt-PT\"},{\"@type\":\"Organization\",\"@id\":\"https:\/\/blogdoere.com.br\/#organization\",\"name\":\"Blog do Er\u00ea\",\"url\":\"https:\/\/blogdoere.com.br\/\",\"logo\":{\"@type\":\"ImageObject\",\"inLanguage\":\"pt-PT\",\"@id\":\"https:\/\/blogdoere.com.br\/#\/schema\/logo\/image\/\",\"url\":\"https:\/\/blogdoere.com.br\/wp-content\/uploads\/2021\/11\/Logo-Ere-1.png\",\"contentUrl\":\"https:\/\/blogdoere.com.br\/wp-content\/uploads\/2021\/11\/Logo-Ere-1.png\",\"width\":1261,\"height\":1330,\"caption\":\"Blog do Er\u00ea\"},\"image\":{\"@id\":\"https:\/\/blogdoere.com.br\/#\/schema\/logo\/image\/\"}},{\"@type\":\"Person\",\"@id\":\"https:\/\/blogdoere.com.br\/#\/schema\/person\/4b56ed2336cb28ae3415ce8ffe56742e\",\"name\":\"Ere\",\"image\":{\"@type\":\"ImageObject\",\"inLanguage\":\"pt-PT\",\"@id\":\"https:\/\/blogdoere.com.br\/#\/schema\/person\/image\/\",\"url\":\"https:\/\/secure.gravatar.com\/avatar\/?s=96&d=mm&r=g\",\"contentUrl\":\"https:\/\/secure.gravatar.com\/avatar\/?s=96&d=mm&r=g\",\"caption\":\"Ere\"}}]}<\/script>\n<!-- \/ Yoast SEO plugin. -->","yoast_head_json":{"title":"ILH\u00c9US: CEPLAC COMEMORA 60 ANOS - REVITALIZA\u00c7\u00c3O \u00c9 PRECISO! - blog do er\u00ea","robots":{"index":"index","follow":"follow","max-snippet":"max-snippet:-1","max-image-preview":"max-image-preview:large","max-video-preview":"max-video-preview:-1"},"canonical":"https:\/\/blogdoere.com.br\/?p=26192","og_locale":"pt_PT","og_type":"article","og_title":"ILH\u00c9US: CEPLAC COMEMORA 60 ANOS - REVITALIZA\u00c7\u00c3O \u00c9 PRECISO! - blog do er\u00ea","og_description":"Aconteceu nesta segunda-feira (20), no audit\u00f3rio do Cepec ato de comemora\u00e7\u00e3o pelos 60 anos da Ceplac. Evento bastante concorrido contou com as presen\u00e7as da Senadora L\u00eddice da Mata (PSB); Secret\u00e1rio...","og_url":"https:\/\/blogdoere.com.br\/?p=26192","og_site_name":"blog do er\u00ea","article_published_time":"2017-02-20T23:47:00+00:00","og_image":[{"url":"https:\/\/1.bp.blogspot.com\/-ZWriryiTYww\/WKt_l8Q0lPI\/AAAAAAAAGPA\/FnNW7A6FQactvL37r8UiKAmp1Ii6HPD4gCLcB\/s320\/DSC_0471.JPG"}],"author":"Ere","twitter_card":"summary_large_image","twitter_misc":{"Escrito por":"Ere"},"schema":{"@context":"https:\/\/schema.org","@graph":[{"@type":"Article","@id":"https:\/\/blogdoere.com.br\/?p=26192#article","isPartOf":{"@id":"https:\/\/blogdoere.com.br\/?p=26192"},"author":{"name":"Ere","@id":"https:\/\/blogdoere.com.br\/#\/schema\/person\/4b56ed2336cb28ae3415ce8ffe56742e"},"headline":"ILH\u00c9US: CEPLAC COMEMORA 60 ANOS &#8211; REVITALIZA\u00c7\u00c3O \u00c9 PRECISO!","datePublished":"2017-02-20T23:47:00+00:00","dateModified":"2017-02-20T23:47:00+00:00","mainEntityOfPage":{"@id":"https:\/\/blogdoere.com.br\/?p=26192"},"wordCount":101,"commentCount":0,"publisher":{"@id":"https:\/\/blogdoere.com.br\/#organization"},"articleSection":["Destaques"],"inLanguage":"pt-PT","potentialAction":[{"@type":"CommentAction","name":"Comment","target":["https:\/\/blogdoere.com.br\/?p=26192#respond"]}]},{"@type":"WebPage","@id":"https:\/\/blogdoere.com.br\/?p=26192","url":"https:\/\/blogdoere.com.br\/?p=26192","name":"ILH\u00c9US: CEPLAC COMEMORA 60 ANOS - REVITALIZA\u00c7\u00c3O \u00c9 PRECISO! - blog do er\u00ea","isPartOf":{"@id":"https:\/\/blogdoere.com.br\/#website"},"datePublished":"2017-02-20T23:47:00+00:00","dateModified":"2017-02-20T23:47:00+00:00","breadcrumb":{"@id":"https:\/\/blogdoere.com.br\/?p=26192#breadcrumb"},"inLanguage":"pt-PT","potentialAction":[{"@type":"ReadAction","target":["https:\/\/blogdoere.com.br\/?p=26192"]}]},{"@type":"BreadcrumbList","@id":"https:\/\/blogdoere.com.br\/?p=26192#breadcrumb","itemListElement":[{"@type":"ListItem","position":1,"name":"In\u00edcio","item":"https:\/\/blogdoere.com.br\/"},{"@type":"ListItem","position":2,"name":"ILH\u00c9US: CEPLAC COMEMORA 60 ANOS &#8211; REVITALIZA\u00c7\u00c3O \u00c9 PRECISO!"}]},{"@type":"WebSite","@id":"https:\/\/blogdoere.com.br\/#website","url":"https:\/\/blogdoere.com.br\/","name":"blog do er\u00ea","description":"","publisher":{"@id":"https:\/\/blogdoere.com.br\/#organization"},"potentialAction":[{"@type":"SearchAction","target":{"@type":"EntryPoint","urlTemplate":"https:\/\/blogdoere.com.br\/?s={search_term_string}"},"query-input":"required name=search_term_string"}],"inLanguage":"pt-PT"},{"@type":"Organization","@id":"https:\/\/blogdoere.com.br\/#organization","name":"Blog do Er\u00ea","url":"https:\/\/blogdoere.com.br\/","logo":{"@type":"ImageObject","inLanguage":"pt-PT","@id":"https:\/\/blogdoere.com.br\/#\/schema\/logo\/image\/","url":"https:\/\/blogdoere.com.br\/wp-content\/uploads\/2021\/11\/Logo-Ere-1.png","contentUrl":"https:\/\/blogdoere.com.br\/wp-content\/uploads\/2021\/11\/Logo-Ere-1.png","width":1261,"height":1330,"caption":"Blog do Er\u00ea"},"image":{"@id":"https:\/\/blogdoere.com.br\/#\/schema\/logo\/image\/"}},{"@type":"Person","@id":"https:\/\/blogdoere.com.br\/#\/schema\/person\/4b56ed2336cb28ae3415ce8ffe56742e","name":"Ere","image":{"@type":"ImageObject","inLanguage":"pt-PT","@id":"https:\/\/blogdoere.com.br\/#\/schema\/person\/image\/","url":"https:\/\/secure.gravatar.com\/avatar\/?s=96&d=mm&r=g","contentUrl":"https:\/\/secure.gravatar.com\/avatar\/?s=96&d=mm&r=g","caption":"Ere"}}]}},"featured_image_urls":{"full":"","thumbnail":"","medium":"","medium_large":"","large":"","1536x1536":"","2048x2048":""},"author_info":{"display_name":"Ere","author_link":"https:\/\/blogdoere.com.br\/?author=2"},"category_info":"<a href=\"https:\/\/blogdoere.com.br\/?cat=1\" rel=\"category\">Destaques<\/a>","tag_info":"Destaques","comment_count":"0","_links":{"self":[{"href":"https:\/\/blogdoere.com.br\/index.php?rest_route=\/wp\/v2\/posts\/26192","targetHints":{"allow":["GET"]}}],"collection":[{"href":"https:\/\/blogdoere.com.br\/index.php?rest_route=\/wp\/v2\/posts"}],"about":[{"href":"https:\/\/blogdoere.com.br\/index.php?rest_route=\/wp\/v2\/types\/post"}],"author":[{"embeddable":true,"href":"https:\/\/blogdoere.com.br\/index.php?rest_route=\/wp\/v2\/users\/2"}],"replies":[{"embeddable":true,"href":"https:\/\/blogdoere.com.br\/index.php?rest_route=%2Fwp%2Fv2%2Fcomments&post=26192"}],"version-history":[{"count":0,"href":"https:\/\/blogdoere.com.br\/index.php?rest_route=\/wp\/v2\/posts\/26192\/revisions"}],"wp:attachment":[{"href":"https:\/\/blogdoere.com.br\/index.php?rest_route=%2Fwp%2Fv2%2Fmedia&parent=26192"}],"wp:term":[{"taxonomy":"category","embeddable":true,"href":"https:\/\/blogdoere.com.br\/index.php?rest_route=%2Fwp%2Fv2%2Fcategories&post=26192"},{"taxonomy":"post_tag","embeddable":true,"href":"https:\/\/blogdoere.com.br\/index.php?rest_route=%2Fwp%2Fv2%2Ftags&post=26192"}],"curies":[{"name":"wp","href":"https:\/\/api.w.org\/{rel}","templated":true}]}}