{"id":26199,"date":"2017-02-03T18:06:00","date_gmt":"2017-02-03T18:06:00","guid":{"rendered":"http:\/\/blogdoere.com.br\/?p=26199"},"modified":"2017-02-03T18:06:00","modified_gmt":"2017-02-03T18:06:00","slug":"itajuipe-camara-realiza-sessao-de-abertura-dos-trabalhos","status":"publish","type":"post","link":"https:\/\/blogdoere.com.br\/?p=26199","title":{"rendered":"ITAJU\u00cdPE: C\u00c2MARA REALIZA SESS\u00c3O DE ABERTURA DOS TRABALHOS."},"content":{"rendered":"<div style=\"background-color: white; font-family: &quot;Trebuchet MS&quot;, Arial, Helvetica, sans-serif; font-size: 12px; text-align: justify;\"><\/div>\n<div style=\"clear: both; text-align: center;\"><a href=\"https:\/\/4.bp.blogspot.com\/-ZiXTBM8pfFI\/WJTIpkZMekI\/AAAAAAAAGLQ\/mDsgGJto4DgnFUY-5HM3Sr62ju-N3Hp0QCLcB\/s1600\/FB_IMG_1486145721794.jpg\" style=\"margin-left: 1em; margin-right: 1em;\"><img decoding=\"async\" border=\"0\" height=\"187\" src=\"https:\/\/4.bp.blogspot.com\/-ZiXTBM8pfFI\/WJTIpkZMekI\/AAAAAAAAGLQ\/mDsgGJto4DgnFUY-5HM3Sr62ju-N3Hp0QCLcB\/s320\/FB_IMG_1486145721794.jpg\" width=\"320\" \/><\/a><\/div>\n<div style=\"clear: both; text-align: center;\"><span style=\"font-size: large;\"><br \/><\/span><\/div>\n<div style=\"background-color: white; font-family: &quot;trebuchet ms&quot;, arial, helvetica, sans-serif; text-align: justify;\"><span style=\"font-size: large;\">C\u00e2mara de Itaju\u00edpe realizou na manh\u00e3 desta quinta-feira (02) Abertura dos Trabalhos do 1\u00ba Per\u00edodo Legislativo de 2017. A Sess\u00e3o, que foi regida pelo Presidente Gean Silva e contou com a presen\u00e7a de todos os vereadores, recebeu ainda o Prefeito Marcone Amaral e o Vice-prefeito Leandro Junquilho. Estiveram presentes secret\u00e1rios e diretores municipais, representantes da sociedade civil organizada e comunidade em geral.<\/span><\/div>\n<div style=\"background-color: white; font-family: &quot;trebuchet ms&quot;, arial, helvetica, sans-serif; text-align: justify;\"><span data-mce-mark=\"1\" style=\"font-size: large;\"><br \/><\/span><\/div>\n<div style=\"background-color: white; font-family: &quot;trebuchet ms&quot;, arial, helvetica, sans-serif; text-align: justify;\"><span data-mce-mark=\"1\" style=\"font-size: large;\">Ao apresentar a mensagem do Executivo, o Prefeito falou sobre a dificuldade do primeiro m\u00eas de Governo, levando-se em considera\u00e7\u00e3o a situa\u00e7\u00e3o na qual o Munic\u00edpio se encontra. Em contrapartida ressaltou a satisfa\u00e7\u00e3o ao conseguir efetuar o pagamento da folha salarial dos funcion\u00e1rios. &#8220;O Executivo estar\u00e1 aberto para que todos entrem, vejam e colaborem&#8221; afirmou, enfatizando a import\u00e2ncia da uni\u00e3o entre os poderes Legislativo e Executivo, e o povo.<\/span><\/div>\n<div style=\"background-color: white; font-family: &quot;trebuchet ms&quot;, arial, helvetica, sans-serif; text-align: justify;\"><span data-mce-mark=\"1\" style=\"font-size: large;\"><br \/><\/span><\/div>\n<div style=\"background-color: white; font-family: &quot;trebuchet ms&quot;, arial, helvetica, sans-serif; text-align: justify;\"><span data-mce-mark=\"1\" style=\"font-size: large;\">Ap\u00f3s o pronunciamento do Prefeito, a palavra foi franqueada a todos os vereadores que renovaram o compromisso de luta para que Itaju\u00edpe seja uma cidade melhor, ressaltando tamb\u00e9m a miss\u00e3o do vereador enquanto legislador, fiscalizador e prestador de servi\u00e7os p\u00fablicos. Al\u00e9m disso, os vereadores afirmaram estar dispostos a caminhar juntamente com o Poder Executivo, para que a cidade saia desta situa\u00e7\u00e3o de subdesenvolvimento.<\/span><\/div>\n<div style=\"background-color: white; font-family: &quot;trebuchet ms&quot;, arial, helvetica, sans-serif; text-align: justify;\"><span data-mce-mark=\"1\" style=\"font-size: large;\"><br \/><\/span><\/div>\n<div style=\"background-color: white; font-family: &quot;trebuchet ms&quot;, arial, helvetica, sans-serif; text-align: justify;\"><span data-mce-mark=\"1\" style=\"font-size: large;\">Durante a Sess\u00e3o foi feito um minuto de sil\u00eancio pelo falecimento da Ex-primeira-dama do Pa\u00eds, Sra. Mariza Let\u00edcia Lula da Silva, que teve a morte cerebral confirmada hoje em raz\u00e3o de complica\u00e7\u00f5es causadas por um AVC (Acidente Vascular Cerebral) hemorr\u00e1gico no m\u00eas passado.<\/span><\/div>\n<div style=\"background-color: white; font-family: &quot;trebuchet ms&quot;, arial, helvetica, sans-serif; text-align: justify;\"><span data-mce-mark=\"1\" style=\"font-size: large;\"><br \/><\/span><\/div>\n<div style=\"background-color: white; font-family: &quot;trebuchet ms&quot;, arial, helvetica, sans-serif; text-align: justify;\"><span data-mce-mark=\"1\" style=\"font-size: large;\">Ap\u00f3s o momento, o Presidente convidou o Vice-prefeito Leandro Junquilho para entregar um quadro ao Ex-vereador Edmilson Borges, Ouvidor Geral do Munic\u00edpio. O Ex-vereador, que atuou por dezesseis anos nesta Casa, recebeu uma fotografia do primeiro bi\u00eanio como Presidente da C\u00e2mara (2005-2006).<\/span><\/div>\n<div style=\"background-color: white; font-family: &quot;trebuchet ms&quot;, arial, helvetica, sans-serif; text-align: justify;\"><span data-mce-mark=\"1\" style=\"font-size: large;\"><br \/><\/span><\/div>\n<div style=\"background-color: white; font-family: &quot;trebuchet ms&quot;, arial, helvetica, sans-serif; text-align: justify;\"><span data-mce-mark=\"1\" style=\"font-size: large;\">Por fim, o Presidente agradeceu a presen\u00e7a de todos e encerrou convidando a popula\u00e7\u00e3o itajuipense para estar na pr\u00f3xima Sess\u00e3o, quinta-feira (09), \u00e0s 9:00 horas, na Sala das Sess\u00f5es. Informa\u00e7\u00f5es de Laura Moysetes &#8211; Ascom C\u00e2mara de Vereadores de Itajuipe.<\/span><\/div>\n<div style=\"background-color: white; font-family: &quot;trebuchet ms&quot;, arial, helvetica, sans-serif; text-align: justify;\"><\/div>\n","protected":false},"excerpt":{"rendered":"<p>C\u00e2mara de Itaju\u00edpe realizou na manh\u00e3 desta quinta-feira (02) Abertura dos Trabalhos do 1\u00ba Per\u00edodo Legislativo de 2017. A Sess\u00e3o, que foi regida pelo Presidente Gean Silva e contou com&#8230;<\/p>\n","protected":false},"author":2,"featured_media":0,"comment_status":"open","ping_status":"open","sticky":false,"template":"","format":"standard","meta":{"_editorskit_title_hidden":false,"_editorskit_reading_time":0,"_editorskit_is_block_options_detached":false,"_editorskit_block_options_position":"{}","om_disable_all_campaigns":false,"_mi_skip_tracking":false,"_kad_post_transparent":"","_kad_post_title":"","_kad_post_layout":"","_kad_post_sidebar_id":"","_kad_post_content_style":"","_kad_post_vertical_padding":"","_kad_post_feature":"","_kad_post_feature_position":"","_kad_post_header":false,"_kad_post_footer":false,"footnotes":""},"categories":[1],"tags":[],"class_list":["post-26199","post","type-post","status-publish","format-standard","hentry","category-destaques"],"yoast_head":"<!-- This site is optimized with the Yoast SEO plugin v20.5 - https:\/\/yoast.com\/wordpress\/plugins\/seo\/ -->\n<title>ITAJU\u00cdPE: C\u00c2MARA REALIZA SESS\u00c3O DE ABERTURA DOS TRABALHOS. - blog do er\u00ea<\/title>\n<meta name=\"robots\" content=\"index, follow, max-snippet:-1, max-image-preview:large, max-video-preview:-1\" \/>\n<link rel=\"canonical\" href=\"https:\/\/blogdoere.com.br\/?p=26199\" \/>\n<meta property=\"og:locale\" content=\"pt_PT\" \/>\n<meta property=\"og:type\" content=\"article\" \/>\n<meta property=\"og:title\" content=\"ITAJU\u00cdPE: C\u00c2MARA REALIZA SESS\u00c3O DE ABERTURA DOS TRABALHOS. - blog do er\u00ea\" \/>\n<meta property=\"og:description\" content=\"C\u00e2mara de Itaju\u00edpe realizou na manh\u00e3 desta quinta-feira (02) Abertura dos Trabalhos do 1\u00ba Per\u00edodo Legislativo de 2017. A Sess\u00e3o, que foi regida pelo Presidente Gean Silva e contou com...\" \/>\n<meta property=\"og:url\" content=\"https:\/\/blogdoere.com.br\/?p=26199\" \/>\n<meta property=\"og:site_name\" content=\"blog do er\u00ea\" \/>\n<meta property=\"article:published_time\" content=\"2017-02-03T18:06:00+00:00\" \/>\n<meta property=\"og:image\" content=\"https:\/\/4.bp.blogspot.com\/-ZiXTBM8pfFI\/WJTIpkZMekI\/AAAAAAAAGLQ\/mDsgGJto4DgnFUY-5HM3Sr62ju-N3Hp0QCLcB\/s320\/FB_IMG_1486145721794.jpg\" \/>\n<meta name=\"author\" content=\"Ere\" \/>\n<meta name=\"twitter:card\" content=\"summary_large_image\" \/>\n<meta name=\"twitter:label1\" content=\"Escrito por\" \/>\n\t<meta name=\"twitter:data1\" content=\"Ere\" \/>\n\t<meta name=\"twitter:label2\" content=\"Tempo estimado de leitura\" \/>\n\t<meta name=\"twitter:data2\" content=\"2 minutos\" \/>\n<script type=\"application\/ld+json\" class=\"yoast-schema-graph\">{\"@context\":\"https:\/\/schema.org\",\"@graph\":[{\"@type\":\"Article\",\"@id\":\"https:\/\/blogdoere.com.br\/?p=26199#article\",\"isPartOf\":{\"@id\":\"https:\/\/blogdoere.com.br\/?p=26199\"},\"author\":{\"name\":\"Ere\",\"@id\":\"https:\/\/blogdoere.com.br\/#\/schema\/person\/4b56ed2336cb28ae3415ce8ffe56742e\"},\"headline\":\"ITAJU\u00cdPE: C\u00c2MARA REALIZA SESS\u00c3O DE ABERTURA DOS TRABALHOS.\",\"datePublished\":\"2017-02-03T18:06:00+00:00\",\"dateModified\":\"2017-02-03T18:06:00+00:00\",\"mainEntityOfPage\":{\"@id\":\"https:\/\/blogdoere.com.br\/?p=26199\"},\"wordCount\":366,\"commentCount\":0,\"publisher\":{\"@id\":\"https:\/\/blogdoere.com.br\/#organization\"},\"articleSection\":[\"Destaques\"],\"inLanguage\":\"pt-PT\",\"potentialAction\":[{\"@type\":\"CommentAction\",\"name\":\"Comment\",\"target\":[\"https:\/\/blogdoere.com.br\/?p=26199#respond\"]}]},{\"@type\":\"WebPage\",\"@id\":\"https:\/\/blogdoere.com.br\/?p=26199\",\"url\":\"https:\/\/blogdoere.com.br\/?p=26199\",\"name\":\"ITAJU\u00cdPE: C\u00c2MARA REALIZA SESS\u00c3O DE ABERTURA DOS TRABALHOS. - blog do er\u00ea\",\"isPartOf\":{\"@id\":\"https:\/\/blogdoere.com.br\/#website\"},\"datePublished\":\"2017-02-03T18:06:00+00:00\",\"dateModified\":\"2017-02-03T18:06:00+00:00\",\"breadcrumb\":{\"@id\":\"https:\/\/blogdoere.com.br\/?p=26199#breadcrumb\"},\"inLanguage\":\"pt-PT\",\"potentialAction\":[{\"@type\":\"ReadAction\",\"target\":[\"https:\/\/blogdoere.com.br\/?p=26199\"]}]},{\"@type\":\"BreadcrumbList\",\"@id\":\"https:\/\/blogdoere.com.br\/?p=26199#breadcrumb\",\"itemListElement\":[{\"@type\":\"ListItem\",\"position\":1,\"name\":\"In\u00edcio\",\"item\":\"https:\/\/blogdoere.com.br\/\"},{\"@type\":\"ListItem\",\"position\":2,\"name\":\"ITAJU\u00cdPE: C\u00c2MARA REALIZA SESS\u00c3O DE ABERTURA DOS TRABALHOS.\"}]},{\"@type\":\"WebSite\",\"@id\":\"https:\/\/blogdoere.com.br\/#website\",\"url\":\"https:\/\/blogdoere.com.br\/\",\"name\":\"blog do er\u00ea\",\"description\":\"\",\"publisher\":{\"@id\":\"https:\/\/blogdoere.com.br\/#organization\"},\"potentialAction\":[{\"@type\":\"SearchAction\",\"target\":{\"@type\":\"EntryPoint\",\"urlTemplate\":\"https:\/\/blogdoere.com.br\/?s={search_term_string}\"},\"query-input\":\"required name=search_term_string\"}],\"inLanguage\":\"pt-PT\"},{\"@type\":\"Organization\",\"@id\":\"https:\/\/blogdoere.com.br\/#organization\",\"name\":\"Blog do Er\u00ea\",\"url\":\"https:\/\/blogdoere.com.br\/\",\"logo\":{\"@type\":\"ImageObject\",\"inLanguage\":\"pt-PT\",\"@id\":\"https:\/\/blogdoere.com.br\/#\/schema\/logo\/image\/\",\"url\":\"https:\/\/blogdoere.com.br\/wp-content\/uploads\/2021\/11\/Logo-Ere-1.png\",\"contentUrl\":\"https:\/\/blogdoere.com.br\/wp-content\/uploads\/2021\/11\/Logo-Ere-1.png\",\"width\":1261,\"height\":1330,\"caption\":\"Blog do Er\u00ea\"},\"image\":{\"@id\":\"https:\/\/blogdoere.com.br\/#\/schema\/logo\/image\/\"}},{\"@type\":\"Person\",\"@id\":\"https:\/\/blogdoere.com.br\/#\/schema\/person\/4b56ed2336cb28ae3415ce8ffe56742e\",\"name\":\"Ere\",\"image\":{\"@type\":\"ImageObject\",\"inLanguage\":\"pt-PT\",\"@id\":\"https:\/\/blogdoere.com.br\/#\/schema\/person\/image\/\",\"url\":\"https:\/\/secure.gravatar.com\/avatar\/?s=96&d=mm&r=g\",\"contentUrl\":\"https:\/\/secure.gravatar.com\/avatar\/?s=96&d=mm&r=g\",\"caption\":\"Ere\"}}]}<\/script>\n<!-- \/ Yoast SEO plugin. -->","yoast_head_json":{"title":"ITAJU\u00cdPE: C\u00c2MARA REALIZA SESS\u00c3O DE ABERTURA DOS TRABALHOS. - blog do er\u00ea","robots":{"index":"index","follow":"follow","max-snippet":"max-snippet:-1","max-image-preview":"max-image-preview:large","max-video-preview":"max-video-preview:-1"},"canonical":"https:\/\/blogdoere.com.br\/?p=26199","og_locale":"pt_PT","og_type":"article","og_title":"ITAJU\u00cdPE: C\u00c2MARA REALIZA SESS\u00c3O DE ABERTURA DOS TRABALHOS. - blog do er\u00ea","og_description":"C\u00e2mara de Itaju\u00edpe realizou na manh\u00e3 desta quinta-feira (02) Abertura dos Trabalhos do 1\u00ba Per\u00edodo Legislativo de 2017. A Sess\u00e3o, que foi regida pelo Presidente Gean Silva e contou com...","og_url":"https:\/\/blogdoere.com.br\/?p=26199","og_site_name":"blog do er\u00ea","article_published_time":"2017-02-03T18:06:00+00:00","og_image":[{"url":"https:\/\/4.bp.blogspot.com\/-ZiXTBM8pfFI\/WJTIpkZMekI\/AAAAAAAAGLQ\/mDsgGJto4DgnFUY-5HM3Sr62ju-N3Hp0QCLcB\/s320\/FB_IMG_1486145721794.jpg"}],"author":"Ere","twitter_card":"summary_large_image","twitter_misc":{"Escrito por":"Ere","Tempo estimado de leitura":"2 minutos"},"schema":{"@context":"https:\/\/schema.org","@graph":[{"@type":"Article","@id":"https:\/\/blogdoere.com.br\/?p=26199#article","isPartOf":{"@id":"https:\/\/blogdoere.com.br\/?p=26199"},"author":{"name":"Ere","@id":"https:\/\/blogdoere.com.br\/#\/schema\/person\/4b56ed2336cb28ae3415ce8ffe56742e"},"headline":"ITAJU\u00cdPE: C\u00c2MARA REALIZA SESS\u00c3O DE ABERTURA DOS TRABALHOS.","datePublished":"2017-02-03T18:06:00+00:00","dateModified":"2017-02-03T18:06:00+00:00","mainEntityOfPage":{"@id":"https:\/\/blogdoere.com.br\/?p=26199"},"wordCount":366,"commentCount":0,"publisher":{"@id":"https:\/\/blogdoere.com.br\/#organization"},"articleSection":["Destaques"],"inLanguage":"pt-PT","potentialAction":[{"@type":"CommentAction","name":"Comment","target":["https:\/\/blogdoere.com.br\/?p=26199#respond"]}]},{"@type":"WebPage","@id":"https:\/\/blogdoere.com.br\/?p=26199","url":"https:\/\/blogdoere.com.br\/?p=26199","name":"ITAJU\u00cdPE: C\u00c2MARA REALIZA SESS\u00c3O DE ABERTURA DOS TRABALHOS. - blog do er\u00ea","isPartOf":{"@id":"https:\/\/blogdoere.com.br\/#website"},"datePublished":"2017-02-03T18:06:00+00:00","dateModified":"2017-02-03T18:06:00+00:00","breadcrumb":{"@id":"https:\/\/blogdoere.com.br\/?p=26199#breadcrumb"},"inLanguage":"pt-PT","potentialAction":[{"@type":"ReadAction","target":["https:\/\/blogdoere.com.br\/?p=26199"]}]},{"@type":"BreadcrumbList","@id":"https:\/\/blogdoere.com.br\/?p=26199#breadcrumb","itemListElement":[{"@type":"ListItem","position":1,"name":"In\u00edcio","item":"https:\/\/blogdoere.com.br\/"},{"@type":"ListItem","position":2,"name":"ITAJU\u00cdPE: C\u00c2MARA REALIZA SESS\u00c3O DE ABERTURA DOS TRABALHOS."}]},{"@type":"WebSite","@id":"https:\/\/blogdoere.com.br\/#website","url":"https:\/\/blogdoere.com.br\/","name":"blog do er\u00ea","description":"","publisher":{"@id":"https:\/\/blogdoere.com.br\/#organization"},"potentialAction":[{"@type":"SearchAction","target":{"@type":"EntryPoint","urlTemplate":"https:\/\/blogdoere.com.br\/?s={search_term_string}"},"query-input":"required name=search_term_string"}],"inLanguage":"pt-PT"},{"@type":"Organization","@id":"https:\/\/blogdoere.com.br\/#organization","name":"Blog do Er\u00ea","url":"https:\/\/blogdoere.com.br\/","logo":{"@type":"ImageObject","inLanguage":"pt-PT","@id":"https:\/\/blogdoere.com.br\/#\/schema\/logo\/image\/","url":"https:\/\/blogdoere.com.br\/wp-content\/uploads\/2021\/11\/Logo-Ere-1.png","contentUrl":"https:\/\/blogdoere.com.br\/wp-content\/uploads\/2021\/11\/Logo-Ere-1.png","width":1261,"height":1330,"caption":"Blog do Er\u00ea"},"image":{"@id":"https:\/\/blogdoere.com.br\/#\/schema\/logo\/image\/"}},{"@type":"Person","@id":"https:\/\/blogdoere.com.br\/#\/schema\/person\/4b56ed2336cb28ae3415ce8ffe56742e","name":"Ere","image":{"@type":"ImageObject","inLanguage":"pt-PT","@id":"https:\/\/blogdoere.com.br\/#\/schema\/person\/image\/","url":"https:\/\/secure.gravatar.com\/avatar\/?s=96&d=mm&r=g","contentUrl":"https:\/\/secure.gravatar.com\/avatar\/?s=96&d=mm&r=g","caption":"Ere"}}]}},"featured_image_urls":{"full":"","thumbnail":"","medium":"","medium_large":"","large":"","1536x1536":"","2048x2048":""},"author_info":{"display_name":"Ere","author_link":"https:\/\/blogdoere.com.br\/?author=2"},"category_info":"<a href=\"https:\/\/blogdoere.com.br\/?cat=1\" rel=\"category\">Destaques<\/a>","tag_info":"Destaques","comment_count":"0","_links":{"self":[{"href":"https:\/\/blogdoere.com.br\/index.php?rest_route=\/wp\/v2\/posts\/26199","targetHints":{"allow":["GET"]}}],"collection":[{"href":"https:\/\/blogdoere.com.br\/index.php?rest_route=\/wp\/v2\/posts"}],"about":[{"href":"https:\/\/blogdoere.com.br\/index.php?rest_route=\/wp\/v2\/types\/post"}],"author":[{"embeddable":true,"href":"https:\/\/blogdoere.com.br\/index.php?rest_route=\/wp\/v2\/users\/2"}],"replies":[{"embeddable":true,"href":"https:\/\/blogdoere.com.br\/index.php?rest_route=%2Fwp%2Fv2%2Fcomments&post=26199"}],"version-history":[{"count":0,"href":"https:\/\/blogdoere.com.br\/index.php?rest_route=\/wp\/v2\/posts\/26199\/revisions"}],"wp:attachment":[{"href":"https:\/\/blogdoere.com.br\/index.php?rest_route=%2Fwp%2Fv2%2Fmedia&parent=26199"}],"wp:term":[{"taxonomy":"category","embeddable":true,"href":"https:\/\/blogdoere.com.br\/index.php?rest_route=%2Fwp%2Fv2%2Fcategories&post=26199"},{"taxonomy":"post_tag","embeddable":true,"href":"https:\/\/blogdoere.com.br\/index.php?rest_route=%2Fwp%2Fv2%2Ftags&post=26199"}],"curies":[{"name":"wp","href":"https:\/\/api.w.org\/{rel}","templated":true}]}}