{"id":26205,"date":"2017-01-19T01:48:00","date_gmt":"2017-01-19T01:48:00","guid":{"rendered":"http:\/\/blogdoere.com.br\/?p=26205"},"modified":"2017-01-19T01:48:00","modified_gmt":"2017-01-19T01:48:00","slug":"salvador-carnaval-das-antigas-marca-abertura-cidade-da-musica","status":"publish","type":"post","link":"https:\/\/blogdoere.com.br\/?p=26205","title":{"rendered":"SALVADOR: CARNAVAL DAS ANTIGAS MARCA ABERTURA &#8211; CIDADE DA M\u00daSICA."},"content":{"rendered":"<div style=\"font-family: Helvetica, Arial, sans-serif; font-size: 12pt;\">\n<div dir=\"ltr\">\n<div style=\"font-size: 12.8px; line-height: normal; margin-bottom: 0.0001pt; text-align: justify;\"><span style=\"font-family: &quot;times new roman&quot; , serif; font-size: 12pt;\"><br \/><\/span><\/div>\n<div style=\"clear: both; text-align: center;\"><a href=\"https:\/\/4.bp.blogspot.com\/-sATvvERW-o4\/WIAaVyyNjbI\/AAAAAAAAGIU\/gRMncYMZYhgzY8tbFe5Qmra61ox95RpDQCLcB\/s1600\/17_01_17_Prefeito%2BACM%2BNeto_Coletiva%2BCarnaval_foto%2BValter%2BPontes_SECOM27-1.jpg\" style=\"margin-left: 1em; margin-right: 1em;\"><img decoding=\"async\" border=\"0\" height=\"213\" src=\"https:\/\/4.bp.blogspot.com\/-sATvvERW-o4\/WIAaVyyNjbI\/AAAAAAAAGIU\/gRMncYMZYhgzY8tbFe5Qmra61ox95RpDQCLcB\/s320\/17_01_17_Prefeito%2BACM%2BNeto_Coletiva%2BCarnaval_foto%2BValter%2BPontes_SECOM27-1.jpg\" width=\"320\" \/><\/a><\/div>\n<p><\/p>\n<div style=\"clear: both; text-align: center;\"><\/div>\n<div style=\"text-align: justify;\">A maior festa de participa\u00e7\u00e3o popular do planeta ficar\u00e1 na mem\u00f3ria dos baianos e turistas mais uma vez em 2017. O Carnaval de Salvador ter\u00e1 mais de 300 entidades, cerca de 700 horas de m\u00fasicas com grandes atra\u00e7\u00f5es fazendo a folia dos soteropolitanos e turistas. Al\u00e9m das in\u00fameras atra\u00e7\u00f5es, o foli\u00e3o pode esperar muitas novidades nos seis circuitos oficiais. Ser\u00e3o diversas apresenta\u00e7\u00f5es sem corda nos circuitos (Dod\u00f4, Osmar, Batatinha, Riach\u00e3o, S\u00e9rgio Bezerra, Orlando Tapaj\u00f3s e Mestre Bimba) entre trios independentes, shows gratuitos e blocos sem cordas que deixar\u00e3o a festa ainda mais atraente e democr\u00e1tico.<\/div>\n<div style=\"font-size: 12.8px; line-height: normal; margin-bottom: 0.0001pt; text-align: justify;\"><\/div>\n<div style=\"font-size: 12.8px; line-height: normal; margin-bottom: 0.0001pt; text-align: justify;\"><span style=\"font-family: &quot;times new roman&quot; , serif; font-size: 12pt;\">As novidades para a edi\u00e7\u00e3o 2017 da festa, que tem como tema Cidade da M\u00fasica, foram anunciados pelo prefeito ACM Neto durante coletiva realizada nesta ter\u00e7a-feira (17), no Teatro Greg\u00f3rio de Mattos (TGM), no Centro. Na ocasi\u00e3o, estiveram presentes tamb\u00e9m o vice-prefeito Bruno Reis; o secret\u00e1rio Cl\u00e1udio Tinoco (Cultura e Turismo); o presidente da Empresa Salvador Turismo (Saltur), Isaac Edington; o presidente do Conselho Municipal do Carnaval, Pedro Costa; representantes da Skol e da Air Europa &#8211; empresas patrocinadoras da festa; demais gestores municipais, convidados e imprensa.<\/span><\/div>\n<div style=\"font-size: 12.8px; line-height: normal; margin-bottom: 0.0001pt; text-align: justify;\"><\/div>\n<div style=\"font-size: 12.8px; line-height: normal; margin-bottom: 0.0001pt; text-align: justify;\"><span style=\"font-family: &quot;times new roman&quot; , serif; font-size: 12pt;\">\u201cEste ano estamos ampliando as atra\u00e7\u00f5es para o foli\u00e3o pipoca. Somente o Furdun\u00e7o, que acontece na Barra no domingo pr\u00e9-Carnaval, ter\u00e1 recorde de 34 atra\u00e7\u00f5es gratuitas. Tamb\u00e9m vamos fazer um encontro de trios na quinta-feira (23), no Circuito Dod\u00f4 (Barra\/Ondina), para marcar ainda mais o in\u00edcio da festa. Vamos continuar com o Fuzu\u00ea, com artistas se apresentando sem cordas, Carnaval nos bairros, palcos tem\u00e1ticos e demais atrativos que ser\u00e3o divulgados em breve\u201d, salientou o prefeito. &nbsp;<\/span><\/div>\n<div style=\"font-size: 12.8px; line-height: normal; margin-bottom: 0.0001pt; text-align: justify;\"><\/div>\n<div style=\"font-size: 12.8px; line-height: normal; margin-bottom: 0.0001pt; text-align: justify;\"><b><span style=\"font-family: &quot;times new roman&quot; , serif; font-size: 12pt;\">Abertura<\/span><\/b><span style=\"font-family: &quot;times new roman&quot; , serif; font-size: 12pt;\">&nbsp;&#8211; A abertura vai acontecer novamente na quarta-feira (22 de fevereiro), com um grande baile de Carnaval \u00e0 moda antiga na Pra\u00e7a Municipal. O clima de folia \u201cdas antigas\u201d ser\u00e1 dado por um grande cortejo formado por baianas e as bandas e grupos Olodum, Did\u00e1, Il\u00ea Aiy\u00ea, Mal\u00ea Debal\u00ea, Cortejo Afro, Filhos de Gandhy, Muzenza, Os Mutantes, Saku Xeio e Pai Burok\u00f4. O cortejo parte do Terreiro de Jesus em dire\u00e7\u00e3o \u00e0 pra\u00e7a para encontrar a orquestra formada por 40 m\u00fasicos e comandada por quatro maestros: S\u00e9rgio Benutti, Fred Dantas, Paulo Primo e Zeca Freitas.<\/span><\/div>\n<div style=\"font-size: 12.8px; line-height: normal; margin-bottom: 0.0001pt; text-align: justify;\"><\/div>\n<div style=\"font-size: 12.8px; line-height: normal; margin-bottom: 0.0001pt; text-align: justify;\"><span style=\"font-family: &quot;times new roman&quot; , serif; font-size: 12pt;\">Na ocasi\u00e3o, ser\u00e1 feita uma homenagem ao artista pl\u00e1stico Mestre Didi (Deosc\u00f3redes Maximiliano dos Santos), que completaria 100 anos em 2017. Ap\u00f3s a entrega das chaves ao Rei Momo, o cantor Bell Marques se apresentar\u00e1 pela primeira vez no local com sucessos que marcaram a carreira e o Carnaval de Salvador.<\/span><\/div>\n<div style=\"font-size: 12.8px; line-height: normal; margin-bottom: 0.0001pt; text-align: justify;\"><\/div>\n<div style=\"font-size: 12.8px; line-height: normal; margin-bottom: 0.0001pt; text-align: justify;\"><span style=\"font-family: &quot;times new roman&quot; , serif; font-size: 12pt;\">Tamb\u00e9m parte do primeiro dia de festa, as atra\u00e7\u00f5es no Circuito S\u00e9rgio Bezerra \u2013 que engloba o trecho do Farol da Barra ao Morro do Cristo \u2013 v\u00e3o se apresentar mais cedo: a partir das 16h. S\u00e3o 28 bandas de sopro e percuss\u00e3o que animam o p\u00fablico com as famosas marchinhas e sucessos do Carnaval em vers\u00e3o instrumental.<\/span><\/div>\n<div style=\"font-size: 12.8px; line-height: normal; margin-bottom: 0.0001pt; text-align: justify;\"><\/div>\n<div style=\"font-size: 12.8px; line-height: normal; margin-bottom: 0.0001pt; text-align: justify;\"><b><span style=\"font-family: &quot;times new roman&quot; , serif; font-size: 12pt;\">Atra\u00e7\u00f5es gratuitas<\/span><\/b><span style=\"font-family: &quot;times new roman&quot; , serif; font-size: 12pt;\">&nbsp;\u2013 Grandes atra\u00e7\u00f5es sem corda j\u00e1 est\u00e3o confirmadas para o Carnaval de Salvador 2017. Os 70 anos ser\u00e3o comemorados por Moraes Moreira com a \u201cPipoca do Moraes\u201d no domingo (27), no Circuito Dod\u00f4. Al\u00e9m do P\u00f4r do Sol na Castro Alves, o grupo BaianaSystem ser\u00e1 a \u00faltima atra\u00e7\u00e3o do Circuito Dod\u00f4 na segunda-feira (27). A cantora Daniela Mercury desfila na sexta-feira (24), no Circuito Dod\u00f4, e ter\u00e7a-feira (28), no Circuito Osmar, tamb\u00e9m sem cordas.<\/span><\/div>\n<div style=\"font-size: 12.8px; line-height: normal; margin-bottom: 0.0001pt; text-align: justify;\"><\/div>\n<div style=\"font-size: 12.8px; line-height: normal; margin-bottom: 0.0001pt; text-align: justify;\"><span style=\"font-family: &quot;times new roman&quot; , serif; font-size: 12pt;\">O foli\u00e3o pipoca vai poder curtir a festa j\u00e1 no pr\u00e9-Carnaval a ser realizado no Circuito Orlando Tapaj\u00f3s (contrafluxo), na Barra, no fim de semana que antecede a abertura oficial. No s\u00e1bado (18), a partir das 15h, ser\u00e1 realizado o Fuzu\u00ea, que ter\u00e1 como ponto marcante a abertura do evento com o bloco Sarapa, em homenagem aos 40 carnavais do designer Pedrinho da Rocha. S\u00e3o 21 grupos culturais, folcl\u00f3ricos e tradicionais que participar\u00e3o do desfile, a exemplo das Ganhadeiras de Itapu\u00e3, Paroano Sai Milh\u00f3, Grupo Zambiapunga e Quabales.<\/span><\/div>\n<div style=\"font-size: 12.8px; line-height: normal; margin-bottom: 0.0001pt; text-align: justify;\"><\/div>\n<div style=\"font-size: 12.8px; line-height: normal; margin-bottom: 0.0001pt; text-align: justify;\"><span style=\"font-family: &quot;times new roman&quot; , serif; font-size: 12pt;\">No dia seguinte, tamb\u00e9m \u00e0s 15h, ser\u00e1 a vez do Furdun\u00e7o trazer as charangas, fanfarras, orquestras, grupos percussivos e minitrios. O cantor L\u00e9o Santanna, estreante na iniciativa, \u00e9 uma das 34 atra\u00e7\u00f5es que v\u00e3o se apresentar no local e a lista ainda engloba nomes como Silvia Patricia e Tuk Tuk Sonoro, Alex da Costa e Coreto El\u00e9trico, Alexandre Le\u00e3o, Band\u2019Aiy\u00ea e Orquestra de Frevos e Dobrados. O Furdun\u00e7o retorna na sexta-feira (24), no Circuito Osmar (Centro).<\/span><\/div>\n<div style=\"font-size: 12.8px; line-height: normal; margin-bottom: 0.0001pt; text-align: justify;\"><\/div>\n<div style=\"font-size: 12.8px; line-height: normal; margin-bottom: 0.0001pt; text-align: justify;\"><span style=\"font-family: &quot;times new roman&quot; , serif; font-size: 12pt;\">A Pra\u00e7a Castro Alves ser\u00e1 palco mais uma vez do P\u00f4r do Sol. A iniciativa, que ocorre em um dos locais s\u00edmbolos do Carnaval, ser\u00e1 realizada no domingo (26), sob o comando da turma do BaianaSystem e convidados.<\/span><\/div>\n<div style=\"font-size: 12.8px; line-height: normal; margin-bottom: 0.0001pt; text-align: justify;\"><\/div>\n<div style=\"font-size: 12.8px; line-height: normal; margin-bottom: 0.0001pt; text-align: justify;\"><span style=\"font-family: &quot;times new roman&quot; , serif; font-size: 12pt;\"><b>Bairros &#8211;&nbsp;<\/b>O Carnaval nos Bairros est\u00e1 garantido e acontece em dez locais diferentes da cidade. S\u00e3o eles: Cajazeiras, Periperi, Itapu\u00e3, Liberdade, Boca do Rio, Plataforma, Centro Hist\u00f3rico (Pra\u00e7a da Cruz Ca\u00edda) e nas ilhas de Mar\u00e9, Bom Jesus dos Passos e dos Frades. &nbsp;<\/span><\/div>\n<div style=\"font-size: 12.8px; line-height: normal; margin-bottom: 0.0001pt; text-align: justify;\"><\/div>\n<div style=\"font-size: 12.8px; line-height: normal; margin-bottom: 0.0001pt; text-align: justify;\"><span style=\"font-family: &quot;times new roman&quot; , serif; font-size: 12pt;\">Os Palcos Tem\u00e1ticos tamb\u00e9m est\u00e3o na programa\u00e7\u00e3o do Carnaval. De casa nova em 2017, o Palco do Rock ser\u00e1 realizado na Pra\u00e7a Wilson Lins, na Pituba, a partir das 19h. O Palco Multicultural ser\u00e1 montado novamente no Terreiro de Jesus para receber bandas de hip hop, reggae, arrocha e demais estilos musicais, a partir das 18h. O Terreiro do Samba bate ponto na Pra\u00e7a da Cruz Ca\u00edda, com atra\u00e7\u00f5es a partir das 19h.<\/span><\/div>\n<div style=\"font-size: 12.8px; line-height: normal; margin-bottom: 0.0001pt; text-align: justify;\"><\/div>\n<div style=\"font-size: 12.8px; line-height: normal; margin-bottom: 0.0001pt; text-align: justify;\"><b><span style=\"font-family: &quot;times new roman&quot; , serif; font-size: 12pt;\">Espa\u00e7os tem\u00e1ticos<\/span><\/b><span style=\"font-family: &quot;times new roman&quot; , serif; font-size: 12pt;\">&nbsp;\u2013 Com o sucesso registrado nas edi\u00e7\u00f5es anteriores, os espa\u00e7os tem\u00e1ticos marcam presen\u00e7a na folia em Salvador em quatro locais. A Vila Infantil vai trazer atividades para os pequenos novamente na Pra\u00e7a 2 de Julho (Campo Grande). As Vilas Gastron\u00f4micas estar\u00e3o localizadas ao lado do Farol e na Rua Airosa Galv\u00e3o, ambas na Barra, e na Rua Nossa Senhora de F\u00e1tima, em Ondina.<\/span><\/div>\n<div style=\"font-size: 12.8px; line-height: normal; margin-bottom: 0.0001pt; text-align: justify;\"><\/div>\n<div style=\"font-size: 12.8px; line-height: normal; margin-bottom: 0.0001pt; text-align: justify;\"><span style=\"font-family: &quot;times new roman&quot; , serif; font-size: 12pt;\">O Beco das Cores, na esquina da Rua Dias D\u2019\u00c1vila com a Avenida Oce\u00e2nica, na Barra, vai trazer DJ\u2019s ao local conhecido pela diversidade. As apresenta\u00e7\u00f5es acontecer\u00e3o nos intervalos da passagem dos blocos, das 19h \u00e0 0h. No dia 27, a Pra\u00e7a Castro Alves contar\u00e1 com o Desfile de Fantasia de Luxo e Originalidade, a partir das 19h.<\/span><br \/><b style=\"font-size: 12.8px;\"><span style=\"font-family: &quot;times new roman&quot; , serif; font-size: 12pt;\"><br \/><\/span><\/b><b style=\"font-size: 12.8px;\"><span style=\"font-family: &quot;times new roman&quot; , serif; font-size: 12pt;\">Decora\u00e7\u00e3o Monumental<\/span><\/b><span style=\"font-family: &quot;times new roman&quot; , serif; font-size: 12pt;\">&nbsp;\u2013 A decora\u00e7\u00e3o da folia este ano ser\u00e1 produzida por cinco grandes nomes das artes pl\u00e1sticas em Salvador: Tatti Moreno, Bel Borba, Maria Adair, Eliana Kert\u00e9sz e Alberto Pitta. As pe\u00e7as in\u00e9ditas ter\u00e3o aproximadamente 15m de altura e ficar\u00e3o dispostos em cinco pontos da cidade, que s\u00e3o a Pra\u00e7a Castro Alves, Campo Grande, Barra, Ondina e Rio Vermelho.<\/span><\/div>\n<\/div>\n<\/div>\n<div style=\"text-align: justify;\"><b style=\"background-color: white; font-family: arial, helvetica, sans-serif;\">SECOM &#8211; Secretaria de Comunica\u00e7\u00e3o de Salvador<\/b><\/div>\n","protected":false},"excerpt":{"rendered":"<p>A maior festa de participa\u00e7\u00e3o popular do planeta ficar\u00e1 na mem\u00f3ria dos baianos e turistas mais uma vez em 2017. O Carnaval de Salvador ter\u00e1 mais de 300 entidades, cerca&#8230;<\/p>\n","protected":false},"author":2,"featured_media":0,"comment_status":"open","ping_status":"open","sticky":false,"template":"","format":"standard","meta":{"_editorskit_title_hidden":false,"_editorskit_reading_time":0,"_editorskit_is_block_options_detached":false,"_editorskit_block_options_position":"{}","om_disable_all_campaigns":false,"_mi_skip_tracking":false,"_kad_post_transparent":"","_kad_post_title":"","_kad_post_layout":"","_kad_post_sidebar_id":"","_kad_post_content_style":"","_kad_post_vertical_padding":"","_kad_post_feature":"","_kad_post_feature_position":"","_kad_post_header":false,"_kad_post_footer":false,"footnotes":""},"categories":[1],"tags":[],"class_list":["post-26205","post","type-post","status-publish","format-standard","hentry","category-destaques"],"yoast_head":"<!-- This site is optimized with the Yoast SEO plugin v20.5 - https:\/\/yoast.com\/wordpress\/plugins\/seo\/ -->\n<title>SALVADOR: CARNAVAL DAS ANTIGAS MARCA ABERTURA - CIDADE DA M\u00daSICA. - blog do er\u00ea<\/title>\n<meta name=\"robots\" content=\"index, follow, max-snippet:-1, max-image-preview:large, max-video-preview:-1\" \/>\n<link rel=\"canonical\" href=\"https:\/\/blogdoere.com.br\/?p=26205\" \/>\n<meta property=\"og:locale\" content=\"pt_PT\" \/>\n<meta property=\"og:type\" content=\"article\" \/>\n<meta property=\"og:title\" content=\"SALVADOR: CARNAVAL DAS ANTIGAS MARCA ABERTURA - CIDADE DA M\u00daSICA. - blog do er\u00ea\" \/>\n<meta property=\"og:description\" content=\"A maior festa de participa\u00e7\u00e3o popular do planeta ficar\u00e1 na mem\u00f3ria dos baianos e turistas mais uma vez em 2017. O Carnaval de Salvador ter\u00e1 mais de 300 entidades, cerca...\" \/>\n<meta property=\"og:url\" content=\"https:\/\/blogdoere.com.br\/?p=26205\" \/>\n<meta property=\"og:site_name\" content=\"blog do er\u00ea\" \/>\n<meta property=\"article:published_time\" content=\"2017-01-19T01:48:00+00:00\" \/>\n<meta property=\"og:image\" content=\"https:\/\/4.bp.blogspot.com\/-sATvvERW-o4\/WIAaVyyNjbI\/AAAAAAAAGIU\/gRMncYMZYhgzY8tbFe5Qmra61ox95RpDQCLcB\/s320\/17_01_17_Prefeito%2BACM%2BNeto_Coletiva%2BCarnaval_foto%2BValter%2BPontes_SECOM27-1.jpg\" \/>\n<meta name=\"author\" content=\"Ere\" \/>\n<meta name=\"twitter:card\" content=\"summary_large_image\" \/>\n<meta name=\"twitter:label1\" content=\"Escrito por\" \/>\n\t<meta name=\"twitter:data1\" content=\"Ere\" \/>\n\t<meta name=\"twitter:label2\" content=\"Tempo estimado de leitura\" \/>\n\t<meta name=\"twitter:data2\" content=\"6 minutos\" \/>\n<script type=\"application\/ld+json\" class=\"yoast-schema-graph\">{\"@context\":\"https:\/\/schema.org\",\"@graph\":[{\"@type\":\"Article\",\"@id\":\"https:\/\/blogdoere.com.br\/?p=26205#article\",\"isPartOf\":{\"@id\":\"https:\/\/blogdoere.com.br\/?p=26205\"},\"author\":{\"name\":\"Ere\",\"@id\":\"https:\/\/blogdoere.com.br\/#\/schema\/person\/4b56ed2336cb28ae3415ce8ffe56742e\"},\"headline\":\"SALVADOR: CARNAVAL DAS ANTIGAS MARCA ABERTURA &#8211; CIDADE DA M\u00daSICA.\",\"datePublished\":\"2017-01-19T01:48:00+00:00\",\"dateModified\":\"2017-01-19T01:48:00+00:00\",\"mainEntityOfPage\":{\"@id\":\"https:\/\/blogdoere.com.br\/?p=26205\"},\"wordCount\":1147,\"commentCount\":0,\"publisher\":{\"@id\":\"https:\/\/blogdoere.com.br\/#organization\"},\"articleSection\":[\"Destaques\"],\"inLanguage\":\"pt-PT\",\"potentialAction\":[{\"@type\":\"CommentAction\",\"name\":\"Comment\",\"target\":[\"https:\/\/blogdoere.com.br\/?p=26205#respond\"]}]},{\"@type\":\"WebPage\",\"@id\":\"https:\/\/blogdoere.com.br\/?p=26205\",\"url\":\"https:\/\/blogdoere.com.br\/?p=26205\",\"name\":\"SALVADOR: CARNAVAL DAS ANTIGAS MARCA ABERTURA - CIDADE DA M\u00daSICA. - blog do er\u00ea\",\"isPartOf\":{\"@id\":\"https:\/\/blogdoere.com.br\/#website\"},\"datePublished\":\"2017-01-19T01:48:00+00:00\",\"dateModified\":\"2017-01-19T01:48:00+00:00\",\"breadcrumb\":{\"@id\":\"https:\/\/blogdoere.com.br\/?p=26205#breadcrumb\"},\"inLanguage\":\"pt-PT\",\"potentialAction\":[{\"@type\":\"ReadAction\",\"target\":[\"https:\/\/blogdoere.com.br\/?p=26205\"]}]},{\"@type\":\"BreadcrumbList\",\"@id\":\"https:\/\/blogdoere.com.br\/?p=26205#breadcrumb\",\"itemListElement\":[{\"@type\":\"ListItem\",\"position\":1,\"name\":\"In\u00edcio\",\"item\":\"https:\/\/blogdoere.com.br\/\"},{\"@type\":\"ListItem\",\"position\":2,\"name\":\"SALVADOR: CARNAVAL DAS ANTIGAS MARCA ABERTURA &#8211; CIDADE DA M\u00daSICA.\"}]},{\"@type\":\"WebSite\",\"@id\":\"https:\/\/blogdoere.com.br\/#website\",\"url\":\"https:\/\/blogdoere.com.br\/\",\"name\":\"blog do er\u00ea\",\"description\":\"\",\"publisher\":{\"@id\":\"https:\/\/blogdoere.com.br\/#organization\"},\"potentialAction\":[{\"@type\":\"SearchAction\",\"target\":{\"@type\":\"EntryPoint\",\"urlTemplate\":\"https:\/\/blogdoere.com.br\/?s={search_term_string}\"},\"query-input\":\"required name=search_term_string\"}],\"inLanguage\":\"pt-PT\"},{\"@type\":\"Organization\",\"@id\":\"https:\/\/blogdoere.com.br\/#organization\",\"name\":\"Blog do Er\u00ea\",\"url\":\"https:\/\/blogdoere.com.br\/\",\"logo\":{\"@type\":\"ImageObject\",\"inLanguage\":\"pt-PT\",\"@id\":\"https:\/\/blogdoere.com.br\/#\/schema\/logo\/image\/\",\"url\":\"https:\/\/blogdoere.com.br\/wp-content\/uploads\/2021\/11\/Logo-Ere-1.png\",\"contentUrl\":\"https:\/\/blogdoere.com.br\/wp-content\/uploads\/2021\/11\/Logo-Ere-1.png\",\"width\":1261,\"height\":1330,\"caption\":\"Blog do Er\u00ea\"},\"image\":{\"@id\":\"https:\/\/blogdoere.com.br\/#\/schema\/logo\/image\/\"}},{\"@type\":\"Person\",\"@id\":\"https:\/\/blogdoere.com.br\/#\/schema\/person\/4b56ed2336cb28ae3415ce8ffe56742e\",\"name\":\"Ere\",\"image\":{\"@type\":\"ImageObject\",\"inLanguage\":\"pt-PT\",\"@id\":\"https:\/\/blogdoere.com.br\/#\/schema\/person\/image\/\",\"url\":\"https:\/\/secure.gravatar.com\/avatar\/?s=96&d=mm&r=g\",\"contentUrl\":\"https:\/\/secure.gravatar.com\/avatar\/?s=96&d=mm&r=g\",\"caption\":\"Ere\"}}]}<\/script>\n<!-- \/ Yoast SEO plugin. -->","yoast_head_json":{"title":"SALVADOR: CARNAVAL DAS ANTIGAS MARCA ABERTURA - CIDADE DA M\u00daSICA. - blog do er\u00ea","robots":{"index":"index","follow":"follow","max-snippet":"max-snippet:-1","max-image-preview":"max-image-preview:large","max-video-preview":"max-video-preview:-1"},"canonical":"https:\/\/blogdoere.com.br\/?p=26205","og_locale":"pt_PT","og_type":"article","og_title":"SALVADOR: CARNAVAL DAS ANTIGAS MARCA ABERTURA - CIDADE DA M\u00daSICA. - blog do er\u00ea","og_description":"A maior festa de participa\u00e7\u00e3o popular do planeta ficar\u00e1 na mem\u00f3ria dos baianos e turistas mais uma vez em 2017. O Carnaval de Salvador ter\u00e1 mais de 300 entidades, cerca...","og_url":"https:\/\/blogdoere.com.br\/?p=26205","og_site_name":"blog do er\u00ea","article_published_time":"2017-01-19T01:48:00+00:00","og_image":[{"url":"https:\/\/4.bp.blogspot.com\/-sATvvERW-o4\/WIAaVyyNjbI\/AAAAAAAAGIU\/gRMncYMZYhgzY8tbFe5Qmra61ox95RpDQCLcB\/s320\/17_01_17_Prefeito%2BACM%2BNeto_Coletiva%2BCarnaval_foto%2BValter%2BPontes_SECOM27-1.jpg"}],"author":"Ere","twitter_card":"summary_large_image","twitter_misc":{"Escrito por":"Ere","Tempo estimado de leitura":"6 minutos"},"schema":{"@context":"https:\/\/schema.org","@graph":[{"@type":"Article","@id":"https:\/\/blogdoere.com.br\/?p=26205#article","isPartOf":{"@id":"https:\/\/blogdoere.com.br\/?p=26205"},"author":{"name":"Ere","@id":"https:\/\/blogdoere.com.br\/#\/schema\/person\/4b56ed2336cb28ae3415ce8ffe56742e"},"headline":"SALVADOR: CARNAVAL DAS ANTIGAS MARCA ABERTURA &#8211; CIDADE DA M\u00daSICA.","datePublished":"2017-01-19T01:48:00+00:00","dateModified":"2017-01-19T01:48:00+00:00","mainEntityOfPage":{"@id":"https:\/\/blogdoere.com.br\/?p=26205"},"wordCount":1147,"commentCount":0,"publisher":{"@id":"https:\/\/blogdoere.com.br\/#organization"},"articleSection":["Destaques"],"inLanguage":"pt-PT","potentialAction":[{"@type":"CommentAction","name":"Comment","target":["https:\/\/blogdoere.com.br\/?p=26205#respond"]}]},{"@type":"WebPage","@id":"https:\/\/blogdoere.com.br\/?p=26205","url":"https:\/\/blogdoere.com.br\/?p=26205","name":"SALVADOR: CARNAVAL DAS ANTIGAS MARCA ABERTURA - CIDADE DA M\u00daSICA. - blog do er\u00ea","isPartOf":{"@id":"https:\/\/blogdoere.com.br\/#website"},"datePublished":"2017-01-19T01:48:00+00:00","dateModified":"2017-01-19T01:48:00+00:00","breadcrumb":{"@id":"https:\/\/blogdoere.com.br\/?p=26205#breadcrumb"},"inLanguage":"pt-PT","potentialAction":[{"@type":"ReadAction","target":["https:\/\/blogdoere.com.br\/?p=26205"]}]},{"@type":"BreadcrumbList","@id":"https:\/\/blogdoere.com.br\/?p=26205#breadcrumb","itemListElement":[{"@type":"ListItem","position":1,"name":"In\u00edcio","item":"https:\/\/blogdoere.com.br\/"},{"@type":"ListItem","position":2,"name":"SALVADOR: CARNAVAL DAS ANTIGAS MARCA ABERTURA &#8211; CIDADE DA M\u00daSICA."}]},{"@type":"WebSite","@id":"https:\/\/blogdoere.com.br\/#website","url":"https:\/\/blogdoere.com.br\/","name":"blog do er\u00ea","description":"","publisher":{"@id":"https:\/\/blogdoere.com.br\/#organization"},"potentialAction":[{"@type":"SearchAction","target":{"@type":"EntryPoint","urlTemplate":"https:\/\/blogdoere.com.br\/?s={search_term_string}"},"query-input":"required name=search_term_string"}],"inLanguage":"pt-PT"},{"@type":"Organization","@id":"https:\/\/blogdoere.com.br\/#organization","name":"Blog do Er\u00ea","url":"https:\/\/blogdoere.com.br\/","logo":{"@type":"ImageObject","inLanguage":"pt-PT","@id":"https:\/\/blogdoere.com.br\/#\/schema\/logo\/image\/","url":"https:\/\/blogdoere.com.br\/wp-content\/uploads\/2021\/11\/Logo-Ere-1.png","contentUrl":"https:\/\/blogdoere.com.br\/wp-content\/uploads\/2021\/11\/Logo-Ere-1.png","width":1261,"height":1330,"caption":"Blog do Er\u00ea"},"image":{"@id":"https:\/\/blogdoere.com.br\/#\/schema\/logo\/image\/"}},{"@type":"Person","@id":"https:\/\/blogdoere.com.br\/#\/schema\/person\/4b56ed2336cb28ae3415ce8ffe56742e","name":"Ere","image":{"@type":"ImageObject","inLanguage":"pt-PT","@id":"https:\/\/blogdoere.com.br\/#\/schema\/person\/image\/","url":"https:\/\/secure.gravatar.com\/avatar\/?s=96&d=mm&r=g","contentUrl":"https:\/\/secure.gravatar.com\/avatar\/?s=96&d=mm&r=g","caption":"Ere"}}]}},"featured_image_urls":{"full":"","thumbnail":"","medium":"","medium_large":"","large":"","1536x1536":"","2048x2048":""},"author_info":{"display_name":"Ere","author_link":"https:\/\/blogdoere.com.br\/?author=2"},"category_info":"<a href=\"https:\/\/blogdoere.com.br\/?cat=1\" rel=\"category\">Destaques<\/a>","tag_info":"Destaques","comment_count":"0","_links":{"self":[{"href":"https:\/\/blogdoere.com.br\/index.php?rest_route=\/wp\/v2\/posts\/26205","targetHints":{"allow":["GET"]}}],"collection":[{"href":"https:\/\/blogdoere.com.br\/index.php?rest_route=\/wp\/v2\/posts"}],"about":[{"href":"https:\/\/blogdoere.com.br\/index.php?rest_route=\/wp\/v2\/types\/post"}],"author":[{"embeddable":true,"href":"https:\/\/blogdoere.com.br\/index.php?rest_route=\/wp\/v2\/users\/2"}],"replies":[{"embeddable":true,"href":"https:\/\/blogdoere.com.br\/index.php?rest_route=%2Fwp%2Fv2%2Fcomments&post=26205"}],"version-history":[{"count":0,"href":"https:\/\/blogdoere.com.br\/index.php?rest_route=\/wp\/v2\/posts\/26205\/revisions"}],"wp:attachment":[{"href":"https:\/\/blogdoere.com.br\/index.php?rest_route=%2Fwp%2Fv2%2Fmedia&parent=26205"}],"wp:term":[{"taxonomy":"category","embeddable":true,"href":"https:\/\/blogdoere.com.br\/index.php?rest_route=%2Fwp%2Fv2%2Fcategories&post=26205"},{"taxonomy":"post_tag","embeddable":true,"href":"https:\/\/blogdoere.com.br\/index.php?rest_route=%2Fwp%2Fv2%2Ftags&post=26205"}],"curies":[{"name":"wp","href":"https:\/\/api.w.org\/{rel}","templated":true}]}}