{"id":26207,"date":"2017-01-17T14:41:00","date_gmt":"2017-01-17T14:41:00","guid":{"rendered":"http:\/\/blogdoere.com.br\/?p=26207"},"modified":"2017-01-17T14:41:00","modified_gmt":"2017-01-17T14:41:00","slug":"bahia-psb-amplia-bancada-para-tres-deputados-estaduais","status":"publish","type":"post","link":"https:\/\/blogdoere.com.br\/?p=26207","title":{"rendered":"BAHIA: PSB AMPLIA BANCADA PARA TR\u00caS DEPUTADOS ESTADUAIS."},"content":{"rendered":"<div style=\"background-color: white; box-sizing: border-box; color: #3e474c; font-family: &quot;Open Sans&quot; !important; font-size: 15px; margin-bottom: 10px; margin-top: 10px; text-align: justify;\"><\/div>\n<div style=\"clear: both; text-align: center;\"><\/div>\n<div style=\"margin-left: 1em; margin-right: 1em;\"><img decoding=\"async\" border=\"0\" height=\"203\" src=\"https:\/\/3.bp.blogspot.com\/-tIo7DOfJnLg\/WH4r1XwTPMI\/AAAAAAAAGHg\/ejJW6vjBtMgyG-SRb-WTJetrB5JkaR1YgCLcB\/s320\/IMG_20170117_112133.jpg\" style=\"color: #0000ee; text-align: center;\" width=\"320\" \/><\/div>\n<p><\/p>\n<div style=\"background-color: white; box-sizing: border-box; color: #3e474c; font-family: &quot;Open Sans&quot; !important; font-size: 15px; margin-bottom: 10px; margin-top: 10px; text-align: justify;\"><\/div>\n<div style=\"background-color: white; box-sizing: border-box; color: #3e474c; font-family: &quot;Open Sans&quot; !important; font-size: 15px; margin-bottom: 10px; margin-top: 10px; text-align: justify;\">O ex-vereador e candidato a prefeito de Feira de Santana na \u00faltima elei\u00e7\u00e3o, \u00c2ngelo Almeida (PSB), assumiu o mandato de deputado estadual em ato presidido na Assembleia Legislativa pelo deputado Marcelo Nilo. Ele ocupa a vaga do atual secret\u00e1rio de Agricultura do Estado, V\u00edtor Bonfim.<\/div>\n<div style=\"background-color: white; box-sizing: border-box; color: #3e474c; font-family: &quot;Open Sans&quot; !important; font-size: 15px; margin-bottom: 10px; margin-top: 10px; text-align: justify;\"><\/div>\n<div style=\"background-color: white; box-sizing: border-box; color: #3e474c; font-family: &quot;Open Sans&quot; !important; font-size: 15px; margin-bottom: 10px; margin-top: 10px; text-align: justify;\">Em seu discurso, \u00c2ngelo Almeida lembrou que assume o mandato por ter participado de uma alian\u00e7a com os partidos da base do governo em 2014 e que agora far\u00e1 parte de um grande time que muito j\u00e1 fez pela Bahia, mas que ainda tem muito o que se fazer. \u201cIrei abra\u00e7ar as demandas que aparecerem, mas o eixo central que irei me debru\u00e7ar ser\u00e1 o de aproxima\u00e7\u00e3o intensa com as minorias at\u00e9 pela experi\u00eancia que adquiri como presidente da Comiss\u00e3o de Direitos Humanos na C\u00e2mara Municipal de Feira de Santana. Tamb\u00e9m pretendo trabalhar com a quest\u00e3o da crian\u00e7a e do adolescente e com a pauta do meio ambiente\u201d, explicou.<\/div>\n<div style=\"background-color: white; box-sizing: border-box; color: #3e474c; font-family: &quot;Open Sans&quot; !important; font-size: 15px; margin-bottom: 10px; margin-top: 10px; text-align: justify;\"><\/div>\n<div style=\"background-color: white; box-sizing: border-box; color: #3e474c; font-family: &quot;Open Sans&quot; !important; font-size: 15px; margin-bottom: 10px; margin-top: 10px; text-align: justify;\">Durante a posse, a presidente estadual do PSB, senadora L\u00eddice da Mata, frisou que \u00c2ngelo se juntar\u00e1 aos deputados Marquinho Viana e Fab\u00edola Mansur o que, al\u00e9m de ampliar a bancada socialista, fortalecer\u00e1 ainda mais o partido na Assembleia. L\u00eddice tamb\u00e9m destacou que \u00c2ngelo Almeida \u00e9 um companheiro de luta, que recentemente serviu ao partido como candidato a prefeito em Feira de Santana e \u201cserviu com dedica\u00e7\u00e3o, fidelidade e, principalmente, com compromisso de honrar sua cidade e sua legenda partid\u00e1ria. Portanto, \u00e9 para n\u00f3s um motivo de enorme satisfa\u00e7\u00e3o ter um deputado como \u00c2ngelo, que se integrara totalmente ao ide\u00e1rio e a milit\u00e2ncia do PSB\u201d, disse.<\/div>\n<div style=\"background-color: white; box-sizing: border-box; color: #3e474c; font-family: &quot;Open Sans&quot; !important; font-size: 15px; margin-bottom: 10px; margin-top: 10px; text-align: justify;\"><\/div>\n<div style=\"background-color: white; box-sizing: border-box; color: #3e474c; font-family: &quot;Open Sans&quot; !important; font-size: 15px; margin-bottom: 10px; margin-top: 10px; text-align: justify;\">A deputada Fab\u00edola Mansur enfatizou que o partido ficou mais forte e maior com a posse do correligion\u00e1rio. \u201cO partido ficou grande, ele j\u00e1 era grande e agora fica ainda mais qualificado porque assume uma pessoa que gosta de pol\u00edtica, que representa sua regi\u00e3o e que certamente ser\u00e1 um grande representante do povo. \u00c9 importante que o PSB, que \u00e9 um partido liderado pela senadora L\u00eddice da Mata, tenha um time que fortale\u00e7a ainda mais e d\u00ea mais base de sustenta\u00e7\u00e3o ao governo do Estado n\u00e3o s\u00f3 para defender os interesses regionais e as bandeiras de cada um dos deputados, mas tamb\u00e9m para historicamente representar o nosso partido\u201d, afirmou.<\/div>\n<div style=\"background-color: white; box-sizing: border-box; color: #3e474c; font-family: &quot;Open Sans&quot; !important; font-size: 15px; margin-bottom: 10px; margin-top: 10px; text-align: justify;\"><span style=\"font-size: 15px;\">Ascom PSB-Bahia<\/span><\/p>\n<div style=\"clear: both; text-align: center;\"><span style=\"font-size: 15px;\"><a href=\"https:\/\/3.bp.blogspot.com\/-tIo7DOfJnLg\/WH4r1XwTPMI\/AAAAAAAAGHg\/ejJW6vjBtMgyG-SRb-WTJetrB5JkaR1YgCLcB\/s1600\/IMG_20170117_112133.jpg\" style=\"margin-left: 1em; margin-right: 1em;\"><img decoding=\"async\" border=\"0\" height=\"203\" src=\"https:\/\/3.bp.blogspot.com\/-tIo7DOfJnLg\/WH4r1XwTPMI\/AAAAAAAAGHg\/ejJW6vjBtMgyG-SRb-WTJetrB5JkaR1YgCLcB\/s320\/IMG_20170117_112133.jpg\" width=\"320\" \/><\/a><\/span><\/div>\n<\/div>\n","protected":false},"excerpt":{"rendered":"<p>O ex-vereador e candidato a prefeito de Feira de Santana na \u00faltima elei\u00e7\u00e3o, \u00c2ngelo Almeida (PSB), assumiu o mandato de deputado estadual em ato presidido na Assembleia Legislativa pelo deputado&#8230;<\/p>\n","protected":false},"author":2,"featured_media":0,"comment_status":"open","ping_status":"open","sticky":false,"template":"","format":"standard","meta":{"_editorskit_title_hidden":false,"_editorskit_reading_time":0,"_editorskit_is_block_options_detached":false,"_editorskit_block_options_position":"{}","om_disable_all_campaigns":false,"_mi_skip_tracking":false,"_kad_post_transparent":"","_kad_post_title":"","_kad_post_layout":"","_kad_post_sidebar_id":"","_kad_post_content_style":"","_kad_post_vertical_padding":"","_kad_post_feature":"","_kad_post_feature_position":"","_kad_post_header":false,"_kad_post_footer":false,"footnotes":""},"categories":[1],"tags":[],"class_list":["post-26207","post","type-post","status-publish","format-standard","hentry","category-destaques"],"yoast_head":"<!-- This site is optimized with the Yoast SEO plugin v20.5 - https:\/\/yoast.com\/wordpress\/plugins\/seo\/ -->\n<title>BAHIA: PSB AMPLIA BANCADA PARA TR\u00caS DEPUTADOS ESTADUAIS. - blog do er\u00ea<\/title>\n<meta name=\"robots\" content=\"index, follow, max-snippet:-1, max-image-preview:large, max-video-preview:-1\" \/>\n<link rel=\"canonical\" href=\"https:\/\/blogdoere.com.br\/?p=26207\" \/>\n<meta property=\"og:locale\" content=\"pt_PT\" \/>\n<meta property=\"og:type\" content=\"article\" \/>\n<meta property=\"og:title\" content=\"BAHIA: PSB AMPLIA BANCADA PARA TR\u00caS DEPUTADOS ESTADUAIS. - blog do er\u00ea\" \/>\n<meta property=\"og:description\" content=\"O ex-vereador e candidato a prefeito de Feira de Santana na \u00faltima elei\u00e7\u00e3o, \u00c2ngelo Almeida (PSB), assumiu o mandato de deputado estadual em ato presidido na Assembleia Legislativa pelo deputado...\" \/>\n<meta property=\"og:url\" content=\"https:\/\/blogdoere.com.br\/?p=26207\" \/>\n<meta property=\"og:site_name\" content=\"blog do er\u00ea\" \/>\n<meta property=\"article:published_time\" content=\"2017-01-17T14:41:00+00:00\" \/>\n<meta property=\"og:image\" content=\"https:\/\/3.bp.blogspot.com\/-tIo7DOfJnLg\/WH4r1XwTPMI\/AAAAAAAAGHg\/ejJW6vjBtMgyG-SRb-WTJetrB5JkaR1YgCLcB\/s320\/IMG_20170117_112133.jpg\" \/>\n<meta name=\"author\" content=\"Ere\" \/>\n<meta name=\"twitter:card\" content=\"summary_large_image\" \/>\n<meta name=\"twitter:label1\" content=\"Escrito por\" \/>\n\t<meta name=\"twitter:data1\" content=\"Ere\" \/>\n\t<meta name=\"twitter:label2\" content=\"Tempo estimado de leitura\" \/>\n\t<meta name=\"twitter:data2\" content=\"2 minutos\" \/>\n<script type=\"application\/ld+json\" class=\"yoast-schema-graph\">{\"@context\":\"https:\/\/schema.org\",\"@graph\":[{\"@type\":\"Article\",\"@id\":\"https:\/\/blogdoere.com.br\/?p=26207#article\",\"isPartOf\":{\"@id\":\"https:\/\/blogdoere.com.br\/?p=26207\"},\"author\":{\"name\":\"Ere\",\"@id\":\"https:\/\/blogdoere.com.br\/#\/schema\/person\/4b56ed2336cb28ae3415ce8ffe56742e\"},\"headline\":\"BAHIA: PSB AMPLIA BANCADA PARA TR\u00caS DEPUTADOS ESTADUAIS.\",\"datePublished\":\"2017-01-17T14:41:00+00:00\",\"dateModified\":\"2017-01-17T14:41:00+00:00\",\"mainEntityOfPage\":{\"@id\":\"https:\/\/blogdoere.com.br\/?p=26207\"},\"wordCount\":408,\"commentCount\":0,\"publisher\":{\"@id\":\"https:\/\/blogdoere.com.br\/#organization\"},\"articleSection\":[\"Destaques\"],\"inLanguage\":\"pt-PT\",\"potentialAction\":[{\"@type\":\"CommentAction\",\"name\":\"Comment\",\"target\":[\"https:\/\/blogdoere.com.br\/?p=26207#respond\"]}]},{\"@type\":\"WebPage\",\"@id\":\"https:\/\/blogdoere.com.br\/?p=26207\",\"url\":\"https:\/\/blogdoere.com.br\/?p=26207\",\"name\":\"BAHIA: PSB AMPLIA BANCADA PARA TR\u00caS DEPUTADOS ESTADUAIS. - blog do er\u00ea\",\"isPartOf\":{\"@id\":\"https:\/\/blogdoere.com.br\/#website\"},\"datePublished\":\"2017-01-17T14:41:00+00:00\",\"dateModified\":\"2017-01-17T14:41:00+00:00\",\"breadcrumb\":{\"@id\":\"https:\/\/blogdoere.com.br\/?p=26207#breadcrumb\"},\"inLanguage\":\"pt-PT\",\"potentialAction\":[{\"@type\":\"ReadAction\",\"target\":[\"https:\/\/blogdoere.com.br\/?p=26207\"]}]},{\"@type\":\"BreadcrumbList\",\"@id\":\"https:\/\/blogdoere.com.br\/?p=26207#breadcrumb\",\"itemListElement\":[{\"@type\":\"ListItem\",\"position\":1,\"name\":\"In\u00edcio\",\"item\":\"https:\/\/blogdoere.com.br\/\"},{\"@type\":\"ListItem\",\"position\":2,\"name\":\"BAHIA: PSB AMPLIA BANCADA PARA TR\u00caS DEPUTADOS ESTADUAIS.\"}]},{\"@type\":\"WebSite\",\"@id\":\"https:\/\/blogdoere.com.br\/#website\",\"url\":\"https:\/\/blogdoere.com.br\/\",\"name\":\"blog do er\u00ea\",\"description\":\"\",\"publisher\":{\"@id\":\"https:\/\/blogdoere.com.br\/#organization\"},\"potentialAction\":[{\"@type\":\"SearchAction\",\"target\":{\"@type\":\"EntryPoint\",\"urlTemplate\":\"https:\/\/blogdoere.com.br\/?s={search_term_string}\"},\"query-input\":\"required name=search_term_string\"}],\"inLanguage\":\"pt-PT\"},{\"@type\":\"Organization\",\"@id\":\"https:\/\/blogdoere.com.br\/#organization\",\"name\":\"Blog do Er\u00ea\",\"url\":\"https:\/\/blogdoere.com.br\/\",\"logo\":{\"@type\":\"ImageObject\",\"inLanguage\":\"pt-PT\",\"@id\":\"https:\/\/blogdoere.com.br\/#\/schema\/logo\/image\/\",\"url\":\"https:\/\/blogdoere.com.br\/wp-content\/uploads\/2021\/11\/Logo-Ere-1.png\",\"contentUrl\":\"https:\/\/blogdoere.com.br\/wp-content\/uploads\/2021\/11\/Logo-Ere-1.png\",\"width\":1261,\"height\":1330,\"caption\":\"Blog do Er\u00ea\"},\"image\":{\"@id\":\"https:\/\/blogdoere.com.br\/#\/schema\/logo\/image\/\"}},{\"@type\":\"Person\",\"@id\":\"https:\/\/blogdoere.com.br\/#\/schema\/person\/4b56ed2336cb28ae3415ce8ffe56742e\",\"name\":\"Ere\",\"image\":{\"@type\":\"ImageObject\",\"inLanguage\":\"pt-PT\",\"@id\":\"https:\/\/blogdoere.com.br\/#\/schema\/person\/image\/\",\"url\":\"https:\/\/secure.gravatar.com\/avatar\/?s=96&d=mm&r=g\",\"contentUrl\":\"https:\/\/secure.gravatar.com\/avatar\/?s=96&d=mm&r=g\",\"caption\":\"Ere\"}}]}<\/script>\n<!-- \/ Yoast SEO plugin. -->","yoast_head_json":{"title":"BAHIA: PSB AMPLIA BANCADA PARA TR\u00caS DEPUTADOS ESTADUAIS. - blog do er\u00ea","robots":{"index":"index","follow":"follow","max-snippet":"max-snippet:-1","max-image-preview":"max-image-preview:large","max-video-preview":"max-video-preview:-1"},"canonical":"https:\/\/blogdoere.com.br\/?p=26207","og_locale":"pt_PT","og_type":"article","og_title":"BAHIA: PSB AMPLIA BANCADA PARA TR\u00caS DEPUTADOS ESTADUAIS. - blog do er\u00ea","og_description":"O ex-vereador e candidato a prefeito de Feira de Santana na \u00faltima elei\u00e7\u00e3o, \u00c2ngelo Almeida (PSB), assumiu o mandato de deputado estadual em ato presidido na Assembleia Legislativa pelo deputado...","og_url":"https:\/\/blogdoere.com.br\/?p=26207","og_site_name":"blog do er\u00ea","article_published_time":"2017-01-17T14:41:00+00:00","og_image":[{"url":"https:\/\/3.bp.blogspot.com\/-tIo7DOfJnLg\/WH4r1XwTPMI\/AAAAAAAAGHg\/ejJW6vjBtMgyG-SRb-WTJetrB5JkaR1YgCLcB\/s320\/IMG_20170117_112133.jpg"}],"author":"Ere","twitter_card":"summary_large_image","twitter_misc":{"Escrito por":"Ere","Tempo estimado de leitura":"2 minutos"},"schema":{"@context":"https:\/\/schema.org","@graph":[{"@type":"Article","@id":"https:\/\/blogdoere.com.br\/?p=26207#article","isPartOf":{"@id":"https:\/\/blogdoere.com.br\/?p=26207"},"author":{"name":"Ere","@id":"https:\/\/blogdoere.com.br\/#\/schema\/person\/4b56ed2336cb28ae3415ce8ffe56742e"},"headline":"BAHIA: PSB AMPLIA BANCADA PARA TR\u00caS DEPUTADOS ESTADUAIS.","datePublished":"2017-01-17T14:41:00+00:00","dateModified":"2017-01-17T14:41:00+00:00","mainEntityOfPage":{"@id":"https:\/\/blogdoere.com.br\/?p=26207"},"wordCount":408,"commentCount":0,"publisher":{"@id":"https:\/\/blogdoere.com.br\/#organization"},"articleSection":["Destaques"],"inLanguage":"pt-PT","potentialAction":[{"@type":"CommentAction","name":"Comment","target":["https:\/\/blogdoere.com.br\/?p=26207#respond"]}]},{"@type":"WebPage","@id":"https:\/\/blogdoere.com.br\/?p=26207","url":"https:\/\/blogdoere.com.br\/?p=26207","name":"BAHIA: PSB AMPLIA BANCADA PARA TR\u00caS DEPUTADOS ESTADUAIS. - blog do er\u00ea","isPartOf":{"@id":"https:\/\/blogdoere.com.br\/#website"},"datePublished":"2017-01-17T14:41:00+00:00","dateModified":"2017-01-17T14:41:00+00:00","breadcrumb":{"@id":"https:\/\/blogdoere.com.br\/?p=26207#breadcrumb"},"inLanguage":"pt-PT","potentialAction":[{"@type":"ReadAction","target":["https:\/\/blogdoere.com.br\/?p=26207"]}]},{"@type":"BreadcrumbList","@id":"https:\/\/blogdoere.com.br\/?p=26207#breadcrumb","itemListElement":[{"@type":"ListItem","position":1,"name":"In\u00edcio","item":"https:\/\/blogdoere.com.br\/"},{"@type":"ListItem","position":2,"name":"BAHIA: PSB AMPLIA BANCADA PARA TR\u00caS DEPUTADOS ESTADUAIS."}]},{"@type":"WebSite","@id":"https:\/\/blogdoere.com.br\/#website","url":"https:\/\/blogdoere.com.br\/","name":"blog do er\u00ea","description":"","publisher":{"@id":"https:\/\/blogdoere.com.br\/#organization"},"potentialAction":[{"@type":"SearchAction","target":{"@type":"EntryPoint","urlTemplate":"https:\/\/blogdoere.com.br\/?s={search_term_string}"},"query-input":"required name=search_term_string"}],"inLanguage":"pt-PT"},{"@type":"Organization","@id":"https:\/\/blogdoere.com.br\/#organization","name":"Blog do Er\u00ea","url":"https:\/\/blogdoere.com.br\/","logo":{"@type":"ImageObject","inLanguage":"pt-PT","@id":"https:\/\/blogdoere.com.br\/#\/schema\/logo\/image\/","url":"https:\/\/blogdoere.com.br\/wp-content\/uploads\/2021\/11\/Logo-Ere-1.png","contentUrl":"https:\/\/blogdoere.com.br\/wp-content\/uploads\/2021\/11\/Logo-Ere-1.png","width":1261,"height":1330,"caption":"Blog do Er\u00ea"},"image":{"@id":"https:\/\/blogdoere.com.br\/#\/schema\/logo\/image\/"}},{"@type":"Person","@id":"https:\/\/blogdoere.com.br\/#\/schema\/person\/4b56ed2336cb28ae3415ce8ffe56742e","name":"Ere","image":{"@type":"ImageObject","inLanguage":"pt-PT","@id":"https:\/\/blogdoere.com.br\/#\/schema\/person\/image\/","url":"https:\/\/secure.gravatar.com\/avatar\/?s=96&d=mm&r=g","contentUrl":"https:\/\/secure.gravatar.com\/avatar\/?s=96&d=mm&r=g","caption":"Ere"}}]}},"featured_image_urls":{"full":"","thumbnail":"","medium":"","medium_large":"","large":"","1536x1536":"","2048x2048":""},"author_info":{"display_name":"Ere","author_link":"https:\/\/blogdoere.com.br\/?author=2"},"category_info":"<a href=\"https:\/\/blogdoere.com.br\/?cat=1\" rel=\"category\">Destaques<\/a>","tag_info":"Destaques","comment_count":"0","_links":{"self":[{"href":"https:\/\/blogdoere.com.br\/index.php?rest_route=\/wp\/v2\/posts\/26207","targetHints":{"allow":["GET"]}}],"collection":[{"href":"https:\/\/blogdoere.com.br\/index.php?rest_route=\/wp\/v2\/posts"}],"about":[{"href":"https:\/\/blogdoere.com.br\/index.php?rest_route=\/wp\/v2\/types\/post"}],"author":[{"embeddable":true,"href":"https:\/\/blogdoere.com.br\/index.php?rest_route=\/wp\/v2\/users\/2"}],"replies":[{"embeddable":true,"href":"https:\/\/blogdoere.com.br\/index.php?rest_route=%2Fwp%2Fv2%2Fcomments&post=26207"}],"version-history":[{"count":0,"href":"https:\/\/blogdoere.com.br\/index.php?rest_route=\/wp\/v2\/posts\/26207\/revisions"}],"wp:attachment":[{"href":"https:\/\/blogdoere.com.br\/index.php?rest_route=%2Fwp%2Fv2%2Fmedia&parent=26207"}],"wp:term":[{"taxonomy":"category","embeddable":true,"href":"https:\/\/blogdoere.com.br\/index.php?rest_route=%2Fwp%2Fv2%2Fcategories&post=26207"},{"taxonomy":"post_tag","embeddable":true,"href":"https:\/\/blogdoere.com.br\/index.php?rest_route=%2Fwp%2Fv2%2Ftags&post=26207"}],"curies":[{"name":"wp","href":"https:\/\/api.w.org\/{rel}","templated":true}]}}