{"id":26208,"date":"2017-01-17T03:52:00","date_gmt":"2017-01-17T03:52:00","guid":{"rendered":"http:\/\/blogdoere.com.br\/?p=26208"},"modified":"2017-01-17T03:52:00","modified_gmt":"2017-01-17T03:52:00","slug":"ipiau-mirabela-pode-voltar-a-gerar-1-500-empregos","status":"publish","type":"post","link":"https:\/\/blogdoere.com.br\/?p=26208","title":{"rendered":"IPIA\u00da: MIRABELA PODE VOLTAR A GERAR 1.500 EMPREGOS ."},"content":{"rendered":"<div style=\"background-color: white; border: 0px; box-sizing: border-box; color: #222222; font-family: Merriweather, serif; font-size: 14px; font-stretch: inherit; font-variant-numeric: inherit; line-height: 19.6px; margin-bottom: 10px; padding: 0px; text-align: justify; text-rendering: optimizeLegibility; vertical-align: baseline;\"><\/div>\n<div style=\"background-color: white; border: 0px; box-sizing: border-box; color: #222222; font-family: Merriweather, serif; font-size: 14px; font-stretch: inherit; font-variant-numeric: inherit; line-height: 19.6px; margin-bottom: 10px; padding: 0px; text-align: justify; text-rendering: optimizeLegibility; vertical-align: baseline;\">\n<div style=\"clear: both; text-align: center;\"><a href=\"https:\/\/3.bp.blogspot.com\/-aWD71YUxBn0\/WH2RN3za4DI\/AAAAAAAAGHQ\/stktSuFwDdoU1kX7jmsSIfa2HxA-w_JTwCLcB\/s1600\/IMG_20170117_003504.jpg\" style=\"font-family: &quot;Times New Roman&quot;; font-size: medium; margin-left: 1em; margin-right: 1em; text-align: center;\"><img decoding=\"async\" border=\"0\" height=\"193\" src=\"https:\/\/3.bp.blogspot.com\/-aWD71YUxBn0\/WH2RN3za4DI\/AAAAAAAAGHQ\/stktSuFwDdoU1kX7jmsSIfa2HxA-w_JTwCLcB\/s320\/IMG_20170117_003504.jpg\" width=\"320\" \/><\/a><\/div>\n<\/div>\n<div style=\"background-color: white; border: 0px; box-sizing: border-box; color: #222222; font-family: Merriweather, serif; font-size: 14px; font-stretch: inherit; font-variant-numeric: inherit; line-height: 19.6px; margin-bottom: 10px; padding: 0px; text-align: justify; text-rendering: optimizeLegibility; vertical-align: baseline;\"><\/div>\n<div style=\"background-color: white; border: 0px; box-sizing: border-box; color: #222222; font-family: Merriweather, serif; font-size: 14px; font-stretch: inherit; font-variant-numeric: inherit; line-height: 19.6px; margin-bottom: 10px; padding: 0px; text-align: justify; text-rendering: optimizeLegibility; vertical-align: baseline;\">A semana come\u00e7a com boas not\u00edcias para a&nbsp;<span style=\"font-size: 14px;\">economia de Itagib\u00e1, Ipia\u00fa, Ibirataia e outros munic\u00edpios da regi\u00e3o com o an\u00fancio da possibilidade de reabertura da Mirabela Mineradora em 2017. A confirma\u00e7\u00e3o foi feita nesta segunda-feira (16) pelo diretor da empresa, Milson Mudim, ao deputado estadual Eduardo Salles.<\/span><br \/><span style=\"font-size: 14px;\"><br \/><\/span><\/div>\n<div style=\"background-color: white; border: 0px; box-sizing: border-box; color: #222222; font-family: Merriweather, serif; font-size: 14px; font-stretch: inherit; font-variant-numeric: inherit; line-height: 19.6px; margin-bottom: 10px; padding: 0px; text-align: justify; text-rendering: optimizeLegibility; vertical-align: baseline;\">\u201c\u00c9 come\u00e7ar o ano muito bem porque podem ser retomados at\u00e9 1.500 empregos, entre diretos e indiretos, e aquecer a economia da regi\u00e3o\u201d, celebrou o parlamentar. \u201cApenas no com\u00e9rcio de Ipia\u00fa, a Mirabela Mineradora permite um aporte mensal de R$ 1 milh\u00e3o\u201d, contou o deputado.<\/div>\n<div style=\"background-color: white; border: 0px; box-sizing: border-box; color: #222222; font-family: Merriweather, serif; font-size: 14px; font-stretch: inherit; font-variant-numeric: inherit; line-height: 19.6px; margin-bottom: 10px; padding: 0px; text-align: justify; text-rendering: optimizeLegibility; vertical-align: baseline;\">Conforme Mudim explicou a Eduardo Salles, um plano estrat\u00e9gico para baixar os custos operacionais, o aporte de recursos feito pelos acionistas americanos e canadenses e o novo cen\u00e1rio mundial do pre\u00e7o do n\u00edquel, atualmente em torno de 10.300 d\u00f3lares por tonelada, permitiram \u00e0 Mirabela Mineradora a possibilidade de retomar as atividades neste ano.<\/div>\n<div style=\"background-color: white; border: 0px; box-sizing: border-box; color: #222222; font-family: Merriweather, serif; font-size: 14px; font-stretch: inherit; font-variant-numeric: inherit; line-height: 19.6px; margin-bottom: 10px; padding: 0px; text-align: justify; text-rendering: optimizeLegibility; vertical-align: baseline;\">Uma das modifica\u00e7\u00f5es na opera\u00e7\u00e3o da mina vai ser a troca dos caminh\u00f5es fora de estrada, que t\u00eam capacidade de carregar at\u00e9 180 toneladas, por caminh\u00f5es rodovi\u00e1rios. Mudin afirma que essa modifica\u00e7\u00e3o vai gerar mais economia e empregos. O diretor garantiu ainda que a empresa vai utilizar o cadastro dos antigos funcion\u00e1rios para dar prioridade a eles e a moradores da regi\u00e3o na contrata\u00e7\u00e3o.<\/div>\n<div style=\"background-color: white; border: 0px; box-sizing: border-box; color: #222222; font-family: Merriweather, serif; font-size: 14px; font-stretch: inherit; font-variant-numeric: inherit; line-height: 19.6px; margin-bottom: 10px; padding: 0px; text-align: justify; text-rendering: optimizeLegibility; vertical-align: baseline;\">Sobre o cen\u00e1rio internacional do pre\u00e7o do n\u00edquel, a expectativa do mercado \u00e9 que o valor chegue em breve a 11 mil d\u00f3lares, piso necess\u00e1rio para cobrir os custos operacionais.<\/div>\n<div style=\"background-color: white; border: 0px; box-sizing: border-box; color: #222222; font-family: Merriweather, serif; font-size: 14px; font-stretch: inherit; font-variant-numeric: inherit; line-height: 19.6px; margin-bottom: 10px; padding: 0px; text-align: justify; text-rendering: optimizeLegibility; vertical-align: baseline;\">Atualmente 50 funcion\u00e1rios permanecem trabalhando na manuten\u00e7\u00e3o da Mirabela Mineradora, em Itagib\u00e1, e, segundo Mudin, mais funcion\u00e1rios ser\u00e3o contratados para a moderniza\u00e7\u00e3o das instala\u00e7\u00f5es.<\/div>\n<div style=\"background-color: white; border: 0px; box-sizing: border-box; color: #222222; font-family: Merriweather, serif; font-size: 14px; font-stretch: inherit; font-variant-numeric: inherit; line-height: 19.6px; margin-bottom: 10px; padding: 0px; text-align: justify; text-rendering: optimizeLegibility; vertical-align: baseline;\">Ainda nesta segunda-feira, Eduardo Salles e Milson Mudim estiveram em audi\u00eancia com o secret\u00e1rio estadual de Desenvolvimento Econ\u00f4mico em exerc\u00edcio, Marcos Aur\u00e9lio Cohim, e os superintendentes Paulo S\u00e9rgio Ferraro e Reinaldo Sampaio para tratar da retomada das conversa\u00e7\u00f5es sobre o protocolo do ICMS. As tratativas foram suspensas em 2016 a pedido da Mirabela Mineradora.<\/p>\n<\/div>\n<div style=\"background-color: white; border: 0px; box-sizing: border-box; color: #222222; font-family: Merriweather, serif; font-size: 14px; font-stretch: inherit; font-variant-numeric: inherit; line-height: 19.6px; margin-bottom: 10px; padding: 0px; text-align: justify; text-rendering: optimizeLegibility; vertical-align: baseline;\">\u201cO secret\u00e1rio em exerc\u00edcio pediu que fosse protocolado em of\u00edcio esclarecendo todas as demandas da Mirabela para que um grupo de trabalho ofere\u00e7a a resolu\u00e7\u00e3o das solicita\u00e7\u00f5es\u201d, disse Eduardo Salles.<\/p>\n<\/div>\n<div style=\"background-color: white; border: 0px; box-sizing: border-box; color: #222222; font-family: Merriweather, serif; font-size: 14px; font-stretch: inherit; font-variant-numeric: inherit; line-height: 19.6px; margin-bottom: 10px; padding: 0px; text-align: justify; text-rendering: optimizeLegibility; vertical-align: baseline;\">\u201cVamos seguir as reuni\u00f5es com o governo estadual para as atividades serem reativadas no segundo semestre de 2017\u201d, revela Eduardo Salles. \u201cDepois de batido o martelo, a mina demora de tr\u00eas a quatro meses para voltar a produzir\u201d, complementa o deputado.<\/p>\n<\/div>\n<div style=\"background-color: white; border: 0px; box-sizing: border-box; color: #222222; font-family: Merriweather, serif; font-size: 14px; font-stretch: inherit; font-variant-numeric: inherit; line-height: 19.6px; margin-bottom: 10px; padding: 0px; text-align: justify; text-rendering: optimizeLegibility; vertical-align: baseline;\">\u201cVai ter uma reuni\u00e3o com o novo prefeito de Itagib\u00e1, Gilson Fonseca, e o secret\u00e1rio de Agricultura do munic\u00edpio, H\u00e9lio Quadros, nesta ter\u00e7a-feira (17). Na quarta-feira (18) estarei com a prefeita de Ipia\u00fa, Maria Mendon\u00e7a, e dois diretores da empresa para somarmos esfor\u00e7os e conseguir concretizar a retomada das atividades da Mirabela Mineradora com o apoio destes prefeitos\u201d, explica Eduardo Salles.<\/p>\n<\/div>\n<div style=\"background-color: white; border: 0px; box-sizing: border-box; color: #222222; font-family: Merriweather, serif; font-size: 14px; font-stretch: inherit; font-variant-numeric: inherit; line-height: 19.6px; margin-bottom: 10px; padding: 0px; text-align: justify; text-rendering: optimizeLegibility; vertical-align: baseline;\">\u201cFiz quest\u00e3o de vir anunciar em primeira m\u00e3o a Eduardo Salles porque ele foi um grande defensor no ano passado e fez tudo poss\u00edvel para que os empregos na Mirabela Mineradora fossem mantidos. Infelizmente naquele momento n\u00e3o deu, mas sei do seu comprometimento em ajudar a retomar os trabalhos para que a economia da regi\u00e3o possa voltar a crescer\u201d, concluiu Mudim.<\/p>\n<\/div>\n<div style=\"background-color: white; border: 0px; box-sizing: border-box; color: #222222; font-family: Merriweather, serif; font-size: 14px; font-stretch: inherit; font-variant-numeric: inherit; line-height: 19.6px; margin-bottom: 10px; padding: 0px; text-rendering: optimizeLegibility; vertical-align: baseline;\"><\/div>\n<div style=\"text-align: justify;\">\u201cEstou muito feliz porque lutei muito ano passado junto com a agora prefeita de Ipia\u00fa, Maria Mendon\u00e7a, o ex-prefeito de Ibirataia, Marcos Aur\u00e9lio, deputados estaduais e federais e tantos outros para que os empregos fossem mantidos. Fizemos audi\u00eancia p\u00fablica e reuni\u00f5es com todos os \u00f3rg\u00e3os governamentais. Agora vamos lutar para retirar qualquer barreira que impe\u00e7a a retomada dos empregos fundamentais \u00e0 economia da regi\u00e3o\u201d, encerrou Eduardo Salles.<\/p>\n<div style=\"clear: both; text-align: center;\"><\/div>\n<\/div>\n","protected":false},"excerpt":{"rendered":"<p>A semana come\u00e7a com boas not\u00edcias para a&nbsp;economia de Itagib\u00e1, Ipia\u00fa, Ibirataia e outros munic\u00edpios da regi\u00e3o com o an\u00fancio da possibilidade de reabertura da Mirabela Mineradora em 2017. A&#8230;<\/p>\n","protected":false},"author":2,"featured_media":0,"comment_status":"open","ping_status":"open","sticky":false,"template":"","format":"standard","meta":{"_editorskit_title_hidden":false,"_editorskit_reading_time":0,"_editorskit_is_block_options_detached":false,"_editorskit_block_options_position":"{}","om_disable_all_campaigns":false,"_mi_skip_tracking":false,"_kad_post_transparent":"","_kad_post_title":"","_kad_post_layout":"","_kad_post_sidebar_id":"","_kad_post_content_style":"","_kad_post_vertical_padding":"","_kad_post_feature":"","_kad_post_feature_position":"","_kad_post_header":false,"_kad_post_footer":false,"footnotes":""},"categories":[1],"tags":[],"class_list":["post-26208","post","type-post","status-publish","format-standard","hentry","category-destaques"],"yoast_head":"<!-- This site is optimized with the Yoast SEO plugin v20.5 - https:\/\/yoast.com\/wordpress\/plugins\/seo\/ -->\n<title>IPIA\u00da: MIRABELA PODE VOLTAR A GERAR 1.500 EMPREGOS . - blog do er\u00ea<\/title>\n<meta name=\"robots\" content=\"index, follow, max-snippet:-1, max-image-preview:large, max-video-preview:-1\" \/>\n<link rel=\"canonical\" href=\"https:\/\/blogdoere.com.br\/?p=26208\" \/>\n<meta property=\"og:locale\" content=\"pt_PT\" \/>\n<meta property=\"og:type\" content=\"article\" \/>\n<meta property=\"og:title\" content=\"IPIA\u00da: MIRABELA PODE VOLTAR A GERAR 1.500 EMPREGOS . - blog do er\u00ea\" \/>\n<meta property=\"og:description\" content=\"A semana come\u00e7a com boas not\u00edcias para a&nbsp;economia de Itagib\u00e1, Ipia\u00fa, Ibirataia e outros munic\u00edpios da regi\u00e3o com o an\u00fancio da possibilidade de reabertura da Mirabela Mineradora em 2017. A...\" \/>\n<meta property=\"og:url\" content=\"https:\/\/blogdoere.com.br\/?p=26208\" \/>\n<meta property=\"og:site_name\" content=\"blog do er\u00ea\" \/>\n<meta property=\"article:published_time\" content=\"2017-01-17T03:52:00+00:00\" \/>\n<meta property=\"og:image\" content=\"https:\/\/3.bp.blogspot.com\/-aWD71YUxBn0\/WH2RN3za4DI\/AAAAAAAAGHQ\/stktSuFwDdoU1kX7jmsSIfa2HxA-w_JTwCLcB\/s320\/IMG_20170117_003504.jpg\" \/>\n<meta name=\"author\" content=\"Ere\" \/>\n<meta name=\"twitter:card\" content=\"summary_large_image\" \/>\n<meta name=\"twitter:label1\" content=\"Escrito por\" \/>\n\t<meta name=\"twitter:data1\" content=\"Ere\" \/>\n\t<meta name=\"twitter:label2\" content=\"Tempo estimado de leitura\" \/>\n\t<meta name=\"twitter:data2\" content=\"3 minutos\" \/>\n<script type=\"application\/ld+json\" class=\"yoast-schema-graph\">{\"@context\":\"https:\/\/schema.org\",\"@graph\":[{\"@type\":\"Article\",\"@id\":\"https:\/\/blogdoere.com.br\/?p=26208#article\",\"isPartOf\":{\"@id\":\"https:\/\/blogdoere.com.br\/?p=26208\"},\"author\":{\"name\":\"Ere\",\"@id\":\"https:\/\/blogdoere.com.br\/#\/schema\/person\/4b56ed2336cb28ae3415ce8ffe56742e\"},\"headline\":\"IPIA\u00da: MIRABELA PODE VOLTAR A GERAR 1.500 EMPREGOS .\",\"datePublished\":\"2017-01-17T03:52:00+00:00\",\"dateModified\":\"2017-01-17T03:52:00+00:00\",\"mainEntityOfPage\":{\"@id\":\"https:\/\/blogdoere.com.br\/?p=26208\"},\"wordCount\":641,\"commentCount\":0,\"publisher\":{\"@id\":\"https:\/\/blogdoere.com.br\/#organization\"},\"articleSection\":[\"Destaques\"],\"inLanguage\":\"pt-PT\",\"potentialAction\":[{\"@type\":\"CommentAction\",\"name\":\"Comment\",\"target\":[\"https:\/\/blogdoere.com.br\/?p=26208#respond\"]}]},{\"@type\":\"WebPage\",\"@id\":\"https:\/\/blogdoere.com.br\/?p=26208\",\"url\":\"https:\/\/blogdoere.com.br\/?p=26208\",\"name\":\"IPIA\u00da: MIRABELA PODE VOLTAR A GERAR 1.500 EMPREGOS . - blog do er\u00ea\",\"isPartOf\":{\"@id\":\"https:\/\/blogdoere.com.br\/#website\"},\"datePublished\":\"2017-01-17T03:52:00+00:00\",\"dateModified\":\"2017-01-17T03:52:00+00:00\",\"breadcrumb\":{\"@id\":\"https:\/\/blogdoere.com.br\/?p=26208#breadcrumb\"},\"inLanguage\":\"pt-PT\",\"potentialAction\":[{\"@type\":\"ReadAction\",\"target\":[\"https:\/\/blogdoere.com.br\/?p=26208\"]}]},{\"@type\":\"BreadcrumbList\",\"@id\":\"https:\/\/blogdoere.com.br\/?p=26208#breadcrumb\",\"itemListElement\":[{\"@type\":\"ListItem\",\"position\":1,\"name\":\"In\u00edcio\",\"item\":\"https:\/\/blogdoere.com.br\/\"},{\"@type\":\"ListItem\",\"position\":2,\"name\":\"IPIA\u00da: MIRABELA PODE VOLTAR A GERAR 1.500 EMPREGOS .\"}]},{\"@type\":\"WebSite\",\"@id\":\"https:\/\/blogdoere.com.br\/#website\",\"url\":\"https:\/\/blogdoere.com.br\/\",\"name\":\"blog do er\u00ea\",\"description\":\"\",\"publisher\":{\"@id\":\"https:\/\/blogdoere.com.br\/#organization\"},\"potentialAction\":[{\"@type\":\"SearchAction\",\"target\":{\"@type\":\"EntryPoint\",\"urlTemplate\":\"https:\/\/blogdoere.com.br\/?s={search_term_string}\"},\"query-input\":\"required name=search_term_string\"}],\"inLanguage\":\"pt-PT\"},{\"@type\":\"Organization\",\"@id\":\"https:\/\/blogdoere.com.br\/#organization\",\"name\":\"Blog do Er\u00ea\",\"url\":\"https:\/\/blogdoere.com.br\/\",\"logo\":{\"@type\":\"ImageObject\",\"inLanguage\":\"pt-PT\",\"@id\":\"https:\/\/blogdoere.com.br\/#\/schema\/logo\/image\/\",\"url\":\"https:\/\/blogdoere.com.br\/wp-content\/uploads\/2021\/11\/Logo-Ere-1.png\",\"contentUrl\":\"https:\/\/blogdoere.com.br\/wp-content\/uploads\/2021\/11\/Logo-Ere-1.png\",\"width\":1261,\"height\":1330,\"caption\":\"Blog do Er\u00ea\"},\"image\":{\"@id\":\"https:\/\/blogdoere.com.br\/#\/schema\/logo\/image\/\"}},{\"@type\":\"Person\",\"@id\":\"https:\/\/blogdoere.com.br\/#\/schema\/person\/4b56ed2336cb28ae3415ce8ffe56742e\",\"name\":\"Ere\",\"image\":{\"@type\":\"ImageObject\",\"inLanguage\":\"pt-PT\",\"@id\":\"https:\/\/blogdoere.com.br\/#\/schema\/person\/image\/\",\"url\":\"https:\/\/secure.gravatar.com\/avatar\/?s=96&d=mm&r=g\",\"contentUrl\":\"https:\/\/secure.gravatar.com\/avatar\/?s=96&d=mm&r=g\",\"caption\":\"Ere\"}}]}<\/script>\n<!-- \/ Yoast SEO plugin. -->","yoast_head_json":{"title":"IPIA\u00da: MIRABELA PODE VOLTAR A GERAR 1.500 EMPREGOS . - blog do er\u00ea","robots":{"index":"index","follow":"follow","max-snippet":"max-snippet:-1","max-image-preview":"max-image-preview:large","max-video-preview":"max-video-preview:-1"},"canonical":"https:\/\/blogdoere.com.br\/?p=26208","og_locale":"pt_PT","og_type":"article","og_title":"IPIA\u00da: MIRABELA PODE VOLTAR A GERAR 1.500 EMPREGOS . - blog do er\u00ea","og_description":"A semana come\u00e7a com boas not\u00edcias para a&nbsp;economia de Itagib\u00e1, Ipia\u00fa, Ibirataia e outros munic\u00edpios da regi\u00e3o com o an\u00fancio da possibilidade de reabertura da Mirabela Mineradora em 2017. A...","og_url":"https:\/\/blogdoere.com.br\/?p=26208","og_site_name":"blog do er\u00ea","article_published_time":"2017-01-17T03:52:00+00:00","og_image":[{"url":"https:\/\/3.bp.blogspot.com\/-aWD71YUxBn0\/WH2RN3za4DI\/AAAAAAAAGHQ\/stktSuFwDdoU1kX7jmsSIfa2HxA-w_JTwCLcB\/s320\/IMG_20170117_003504.jpg"}],"author":"Ere","twitter_card":"summary_large_image","twitter_misc":{"Escrito por":"Ere","Tempo estimado de leitura":"3 minutos"},"schema":{"@context":"https:\/\/schema.org","@graph":[{"@type":"Article","@id":"https:\/\/blogdoere.com.br\/?p=26208#article","isPartOf":{"@id":"https:\/\/blogdoere.com.br\/?p=26208"},"author":{"name":"Ere","@id":"https:\/\/blogdoere.com.br\/#\/schema\/person\/4b56ed2336cb28ae3415ce8ffe56742e"},"headline":"IPIA\u00da: MIRABELA PODE VOLTAR A GERAR 1.500 EMPREGOS .","datePublished":"2017-01-17T03:52:00+00:00","dateModified":"2017-01-17T03:52:00+00:00","mainEntityOfPage":{"@id":"https:\/\/blogdoere.com.br\/?p=26208"},"wordCount":641,"commentCount":0,"publisher":{"@id":"https:\/\/blogdoere.com.br\/#organization"},"articleSection":["Destaques"],"inLanguage":"pt-PT","potentialAction":[{"@type":"CommentAction","name":"Comment","target":["https:\/\/blogdoere.com.br\/?p=26208#respond"]}]},{"@type":"WebPage","@id":"https:\/\/blogdoere.com.br\/?p=26208","url":"https:\/\/blogdoere.com.br\/?p=26208","name":"IPIA\u00da: MIRABELA PODE VOLTAR A GERAR 1.500 EMPREGOS . - blog do er\u00ea","isPartOf":{"@id":"https:\/\/blogdoere.com.br\/#website"},"datePublished":"2017-01-17T03:52:00+00:00","dateModified":"2017-01-17T03:52:00+00:00","breadcrumb":{"@id":"https:\/\/blogdoere.com.br\/?p=26208#breadcrumb"},"inLanguage":"pt-PT","potentialAction":[{"@type":"ReadAction","target":["https:\/\/blogdoere.com.br\/?p=26208"]}]},{"@type":"BreadcrumbList","@id":"https:\/\/blogdoere.com.br\/?p=26208#breadcrumb","itemListElement":[{"@type":"ListItem","position":1,"name":"In\u00edcio","item":"https:\/\/blogdoere.com.br\/"},{"@type":"ListItem","position":2,"name":"IPIA\u00da: MIRABELA PODE VOLTAR A GERAR 1.500 EMPREGOS ."}]},{"@type":"WebSite","@id":"https:\/\/blogdoere.com.br\/#website","url":"https:\/\/blogdoere.com.br\/","name":"blog do er\u00ea","description":"","publisher":{"@id":"https:\/\/blogdoere.com.br\/#organization"},"potentialAction":[{"@type":"SearchAction","target":{"@type":"EntryPoint","urlTemplate":"https:\/\/blogdoere.com.br\/?s={search_term_string}"},"query-input":"required name=search_term_string"}],"inLanguage":"pt-PT"},{"@type":"Organization","@id":"https:\/\/blogdoere.com.br\/#organization","name":"Blog do Er\u00ea","url":"https:\/\/blogdoere.com.br\/","logo":{"@type":"ImageObject","inLanguage":"pt-PT","@id":"https:\/\/blogdoere.com.br\/#\/schema\/logo\/image\/","url":"https:\/\/blogdoere.com.br\/wp-content\/uploads\/2021\/11\/Logo-Ere-1.png","contentUrl":"https:\/\/blogdoere.com.br\/wp-content\/uploads\/2021\/11\/Logo-Ere-1.png","width":1261,"height":1330,"caption":"Blog do Er\u00ea"},"image":{"@id":"https:\/\/blogdoere.com.br\/#\/schema\/logo\/image\/"}},{"@type":"Person","@id":"https:\/\/blogdoere.com.br\/#\/schema\/person\/4b56ed2336cb28ae3415ce8ffe56742e","name":"Ere","image":{"@type":"ImageObject","inLanguage":"pt-PT","@id":"https:\/\/blogdoere.com.br\/#\/schema\/person\/image\/","url":"https:\/\/secure.gravatar.com\/avatar\/?s=96&d=mm&r=g","contentUrl":"https:\/\/secure.gravatar.com\/avatar\/?s=96&d=mm&r=g","caption":"Ere"}}]}},"featured_image_urls":{"full":"","thumbnail":"","medium":"","medium_large":"","large":"","1536x1536":"","2048x2048":""},"author_info":{"display_name":"Ere","author_link":"https:\/\/blogdoere.com.br\/?author=2"},"category_info":"<a href=\"https:\/\/blogdoere.com.br\/?cat=1\" rel=\"category\">Destaques<\/a>","tag_info":"Destaques","comment_count":"0","_links":{"self":[{"href":"https:\/\/blogdoere.com.br\/index.php?rest_route=\/wp\/v2\/posts\/26208","targetHints":{"allow":["GET"]}}],"collection":[{"href":"https:\/\/blogdoere.com.br\/index.php?rest_route=\/wp\/v2\/posts"}],"about":[{"href":"https:\/\/blogdoere.com.br\/index.php?rest_route=\/wp\/v2\/types\/post"}],"author":[{"embeddable":true,"href":"https:\/\/blogdoere.com.br\/index.php?rest_route=\/wp\/v2\/users\/2"}],"replies":[{"embeddable":true,"href":"https:\/\/blogdoere.com.br\/index.php?rest_route=%2Fwp%2Fv2%2Fcomments&post=26208"}],"version-history":[{"count":0,"href":"https:\/\/blogdoere.com.br\/index.php?rest_route=\/wp\/v2\/posts\/26208\/revisions"}],"wp:attachment":[{"href":"https:\/\/blogdoere.com.br\/index.php?rest_route=%2Fwp%2Fv2%2Fmedia&parent=26208"}],"wp:term":[{"taxonomy":"category","embeddable":true,"href":"https:\/\/blogdoere.com.br\/index.php?rest_route=%2Fwp%2Fv2%2Fcategories&post=26208"},{"taxonomy":"post_tag","embeddable":true,"href":"https:\/\/blogdoere.com.br\/index.php?rest_route=%2Fwp%2Fv2%2Ftags&post=26208"}],"curies":[{"name":"wp","href":"https:\/\/api.w.org\/{rel}","templated":true}]}}