{"id":26209,"date":"2017-01-16T23:12:00","date_gmt":"2017-01-16T23:12:00","guid":{"rendered":"http:\/\/blogdoere.com.br\/?p=26209"},"modified":"2017-01-16T23:12:00","modified_gmt":"2017-01-16T23:12:00","slug":"itajuipe-sem-fiscalizacao-da-prefeitura-praca-volta-a-ser-ocupada-por-feirantes","status":"publish","type":"post","link":"https:\/\/blogdoere.com.br\/?p=26209","title":{"rendered":"ITAJU\u00cdPE: SEM FISCALIZA\u00c7\u00c3O DA PREFEITURA PRA\u00c7A VOLTA A SER OCUPADA POR FEIRANTES."},"content":{"rendered":"<div style=\"clear: both; text-align: center;\"><\/div>\n<div dir=\"ltr\" style=\"line-height: 1.38; margin-bottom: 0pt; margin-top: 0pt; text-align: justify;\">\n<table align=\"center\" cellpadding=\"0\" cellspacing=\"0\" style=\"margin-left: auto; margin-right: auto; text-align: center;\">\n<tbody>\n<tr>\n<td><img decoding=\"async\" border=\"0\" height=\"214\" src=\"https:\/\/3.bp.blogspot.com\/-DEEAOwIyP30\/WH1ROn2MF5I\/AAAAAAAAGHA\/dwSdqHNT4cUtm8cKGl9p0wHh8jMn9QsTQCLcB\/s320\/IMG_20170116_183432.jpg\" style=\"color: #0000ee; font-family: Arial; margin-left: auto; margin-right: auto;\" width=\"320\" \/><\/td>\n<\/tr>\n<\/tbody>\n<\/table>\n<\/div>\n<div dir=\"ltr\" style=\"line-height: 1.38; margin-bottom: 0pt; margin-top: 0pt; text-align: justify;\"><span style=\"font-family: Arial, Helvetica, sans-serif; vertical-align: baseline;\">Uma a\u00e7\u00e3o da Prefeitura de Itaju\u00edpe em outubro do ano passado em parceria com o Governo do Estado atrav\u00e9s da CAR (Companhia de Desenvolvimento e A\u00e7\u00e3o Regional) que contemplou os feirantes com novas e modernas barracas est\u00e1 sendo totalmente &nbsp;ignorada pela atual gest\u00e3o do munic\u00edpio. <\/span><\/div>\n<div dir=\"ltr\" style=\"line-height: 1.38; margin-bottom: 0pt; margin-top: 0pt; text-align: justify;\"><span style=\"font-family: Arial, Helvetica, sans-serif;\"><br \/><\/span><\/div>\n<div dir=\"ltr\" style=\"line-height: 1.38; margin-bottom: 0pt; margin-top: 0pt; text-align: justify;\"><span style=\"font-family: Arial, Helvetica, sans-serif; vertical-align: baseline;\">Na ocasi\u00e3o, a Prefeitura &nbsp;fez a transfer\u00eancia dos feirantes que ocupavam de forma irregular a Pra\u00e7a Vereador Jos\u00e9 Adry (h\u00e1 &nbsp;vinte anos), no centro da cidade para uma moderna instala\u00e7\u00e3o pr\u00f3xima ao local. <\/span><\/div>\n<div dir=\"ltr\" style=\"line-height: 1.38; margin-bottom: 0pt; margin-top: 0pt; text-align: justify;\"><span style=\"font-family: Arial, Helvetica, sans-serif;\"><br \/><\/span><\/div>\n<div dir=\"ltr\" style=\"line-height: 1.38; margin-bottom: 0pt; margin-top: 0pt; text-align: justify;\"><span style=\"font-family: Arial, Helvetica, sans-serif; vertical-align: baseline;\">Devido falta de fiscaliza\u00e7\u00e3o por parte da Prefeitura &#8211; os feirantes voltam a ocupar o local, &nbsp;onde j\u00e1 \u00e9 poss\u00edvel ver ac\u00famulo de lixo &#8211; &nbsp;enfim, urubus sobre as barracas em um local que n\u00e3o disp\u00f5e de qualquer adequa\u00e7\u00e3o sanit\u00e1ria para comercializa\u00e7\u00e3o de alimentos. &nbsp;<\/span><\/div>\n<div dir=\"ltr\" style=\"line-height: 1.38; margin-bottom: 0pt; margin-top: 0pt; text-align: justify;\"><span style=\"font-family: Arial, Helvetica, sans-serif; vertical-align: baseline;\">Por: Er\u00ea DRT\/BA 6315<\/span><\/div>\n<div style=\"clear: both; text-align: center;\"><\/div>\n","protected":false},"excerpt":{"rendered":"<p>Uma a\u00e7\u00e3o da Prefeitura de Itaju\u00edpe em outubro do ano passado em parceria com o Governo do Estado atrav\u00e9s da CAR (Companhia de Desenvolvimento e A\u00e7\u00e3o Regional) que contemplou os&#8230;<\/p>\n","protected":false},"author":2,"featured_media":0,"comment_status":"open","ping_status":"open","sticky":false,"template":"","format":"standard","meta":{"_editorskit_title_hidden":false,"_editorskit_reading_time":0,"_editorskit_is_block_options_detached":false,"_editorskit_block_options_position":"{}","om_disable_all_campaigns":false,"_mi_skip_tracking":false,"_kad_post_transparent":"","_kad_post_title":"","_kad_post_layout":"","_kad_post_sidebar_id":"","_kad_post_content_style":"","_kad_post_vertical_padding":"","_kad_post_feature":"","_kad_post_feature_position":"","_kad_post_header":false,"_kad_post_footer":false,"footnotes":""},"categories":[1],"tags":[],"class_list":["post-26209","post","type-post","status-publish","format-standard","hentry","category-destaques"],"yoast_head":"<!-- This site is optimized with the Yoast SEO plugin v20.5 - https:\/\/yoast.com\/wordpress\/plugins\/seo\/ -->\n<title>ITAJU\u00cdPE: SEM FISCALIZA\u00c7\u00c3O DA PREFEITURA PRA\u00c7A VOLTA A SER OCUPADA POR FEIRANTES. - blog do er\u00ea<\/title>\n<meta name=\"robots\" content=\"index, follow, max-snippet:-1, max-image-preview:large, max-video-preview:-1\" \/>\n<link rel=\"canonical\" href=\"https:\/\/blogdoere.com.br\/?p=26209\" \/>\n<meta property=\"og:locale\" content=\"pt_PT\" \/>\n<meta property=\"og:type\" content=\"article\" \/>\n<meta property=\"og:title\" content=\"ITAJU\u00cdPE: SEM FISCALIZA\u00c7\u00c3O DA PREFEITURA PRA\u00c7A VOLTA A SER OCUPADA POR FEIRANTES. - blog do er\u00ea\" \/>\n<meta property=\"og:description\" content=\"Uma a\u00e7\u00e3o da Prefeitura de Itaju\u00edpe em outubro do ano passado em parceria com o Governo do Estado atrav\u00e9s da CAR (Companhia de Desenvolvimento e A\u00e7\u00e3o Regional) que contemplou os...\" \/>\n<meta property=\"og:url\" content=\"https:\/\/blogdoere.com.br\/?p=26209\" \/>\n<meta property=\"og:site_name\" content=\"blog do er\u00ea\" \/>\n<meta property=\"article:published_time\" content=\"2017-01-16T23:12:00+00:00\" \/>\n<meta property=\"og:image\" content=\"https:\/\/3.bp.blogspot.com\/-DEEAOwIyP30\/WH1ROn2MF5I\/AAAAAAAAGHA\/dwSdqHNT4cUtm8cKGl9p0wHh8jMn9QsTQCLcB\/s320\/IMG_20170116_183432.jpg\" \/>\n<meta name=\"author\" content=\"Ere\" \/>\n<meta name=\"twitter:card\" content=\"summary_large_image\" \/>\n<meta name=\"twitter:label1\" content=\"Escrito por\" \/>\n\t<meta name=\"twitter:data1\" content=\"Ere\" \/>\n\t<meta name=\"twitter:label2\" content=\"Tempo estimado de leitura\" \/>\n\t<meta name=\"twitter:data2\" content=\"1 minuto\" \/>\n<script type=\"application\/ld+json\" class=\"yoast-schema-graph\">{\"@context\":\"https:\/\/schema.org\",\"@graph\":[{\"@type\":\"Article\",\"@id\":\"https:\/\/blogdoere.com.br\/?p=26209#article\",\"isPartOf\":{\"@id\":\"https:\/\/blogdoere.com.br\/?p=26209\"},\"author\":{\"name\":\"Ere\",\"@id\":\"https:\/\/blogdoere.com.br\/#\/schema\/person\/4b56ed2336cb28ae3415ce8ffe56742e\"},\"headline\":\"ITAJU\u00cdPE: SEM FISCALIZA\u00c7\u00c3O DA PREFEITURA PRA\u00c7A VOLTA A SER OCUPADA POR FEIRANTES.\",\"datePublished\":\"2017-01-16T23:12:00+00:00\",\"dateModified\":\"2017-01-16T23:12:00+00:00\",\"mainEntityOfPage\":{\"@id\":\"https:\/\/blogdoere.com.br\/?p=26209\"},\"wordCount\":165,\"commentCount\":1,\"publisher\":{\"@id\":\"https:\/\/blogdoere.com.br\/#organization\"},\"articleSection\":[\"Destaques\"],\"inLanguage\":\"pt-PT\",\"potentialAction\":[{\"@type\":\"CommentAction\",\"name\":\"Comment\",\"target\":[\"https:\/\/blogdoere.com.br\/?p=26209#respond\"]}]},{\"@type\":\"WebPage\",\"@id\":\"https:\/\/blogdoere.com.br\/?p=26209\",\"url\":\"https:\/\/blogdoere.com.br\/?p=26209\",\"name\":\"ITAJU\u00cdPE: SEM FISCALIZA\u00c7\u00c3O DA PREFEITURA PRA\u00c7A VOLTA A SER OCUPADA POR FEIRANTES. - blog do er\u00ea\",\"isPartOf\":{\"@id\":\"https:\/\/blogdoere.com.br\/#website\"},\"datePublished\":\"2017-01-16T23:12:00+00:00\",\"dateModified\":\"2017-01-16T23:12:00+00:00\",\"breadcrumb\":{\"@id\":\"https:\/\/blogdoere.com.br\/?p=26209#breadcrumb\"},\"inLanguage\":\"pt-PT\",\"potentialAction\":[{\"@type\":\"ReadAction\",\"target\":[\"https:\/\/blogdoere.com.br\/?p=26209\"]}]},{\"@type\":\"BreadcrumbList\",\"@id\":\"https:\/\/blogdoere.com.br\/?p=26209#breadcrumb\",\"itemListElement\":[{\"@type\":\"ListItem\",\"position\":1,\"name\":\"In\u00edcio\",\"item\":\"https:\/\/blogdoere.com.br\/\"},{\"@type\":\"ListItem\",\"position\":2,\"name\":\"ITAJU\u00cdPE: SEM FISCALIZA\u00c7\u00c3O DA PREFEITURA PRA\u00c7A VOLTA A SER OCUPADA POR FEIRANTES.\"}]},{\"@type\":\"WebSite\",\"@id\":\"https:\/\/blogdoere.com.br\/#website\",\"url\":\"https:\/\/blogdoere.com.br\/\",\"name\":\"blog do er\u00ea\",\"description\":\"\",\"publisher\":{\"@id\":\"https:\/\/blogdoere.com.br\/#organization\"},\"potentialAction\":[{\"@type\":\"SearchAction\",\"target\":{\"@type\":\"EntryPoint\",\"urlTemplate\":\"https:\/\/blogdoere.com.br\/?s={search_term_string}\"},\"query-input\":\"required name=search_term_string\"}],\"inLanguage\":\"pt-PT\"},{\"@type\":\"Organization\",\"@id\":\"https:\/\/blogdoere.com.br\/#organization\",\"name\":\"Blog do Er\u00ea\",\"url\":\"https:\/\/blogdoere.com.br\/\",\"logo\":{\"@type\":\"ImageObject\",\"inLanguage\":\"pt-PT\",\"@id\":\"https:\/\/blogdoere.com.br\/#\/schema\/logo\/image\/\",\"url\":\"https:\/\/blogdoere.com.br\/wp-content\/uploads\/2021\/11\/Logo-Ere-1.png\",\"contentUrl\":\"https:\/\/blogdoere.com.br\/wp-content\/uploads\/2021\/11\/Logo-Ere-1.png\",\"width\":1261,\"height\":1330,\"caption\":\"Blog do Er\u00ea\"},\"image\":{\"@id\":\"https:\/\/blogdoere.com.br\/#\/schema\/logo\/image\/\"}},{\"@type\":\"Person\",\"@id\":\"https:\/\/blogdoere.com.br\/#\/schema\/person\/4b56ed2336cb28ae3415ce8ffe56742e\",\"name\":\"Ere\",\"image\":{\"@type\":\"ImageObject\",\"inLanguage\":\"pt-PT\",\"@id\":\"https:\/\/blogdoere.com.br\/#\/schema\/person\/image\/\",\"url\":\"https:\/\/secure.gravatar.com\/avatar\/?s=96&d=mm&r=g\",\"contentUrl\":\"https:\/\/secure.gravatar.com\/avatar\/?s=96&d=mm&r=g\",\"caption\":\"Ere\"}}]}<\/script>\n<!-- \/ Yoast SEO plugin. -->","yoast_head_json":{"title":"ITAJU\u00cdPE: SEM FISCALIZA\u00c7\u00c3O DA PREFEITURA PRA\u00c7A VOLTA A SER OCUPADA POR FEIRANTES. - blog do er\u00ea","robots":{"index":"index","follow":"follow","max-snippet":"max-snippet:-1","max-image-preview":"max-image-preview:large","max-video-preview":"max-video-preview:-1"},"canonical":"https:\/\/blogdoere.com.br\/?p=26209","og_locale":"pt_PT","og_type":"article","og_title":"ITAJU\u00cdPE: SEM FISCALIZA\u00c7\u00c3O DA PREFEITURA PRA\u00c7A VOLTA A SER OCUPADA POR FEIRANTES. - blog do er\u00ea","og_description":"Uma a\u00e7\u00e3o da Prefeitura de Itaju\u00edpe em outubro do ano passado em parceria com o Governo do Estado atrav\u00e9s da CAR (Companhia de Desenvolvimento e A\u00e7\u00e3o Regional) que contemplou os...","og_url":"https:\/\/blogdoere.com.br\/?p=26209","og_site_name":"blog do er\u00ea","article_published_time":"2017-01-16T23:12:00+00:00","og_image":[{"url":"https:\/\/3.bp.blogspot.com\/-DEEAOwIyP30\/WH1ROn2MF5I\/AAAAAAAAGHA\/dwSdqHNT4cUtm8cKGl9p0wHh8jMn9QsTQCLcB\/s320\/IMG_20170116_183432.jpg"}],"author":"Ere","twitter_card":"summary_large_image","twitter_misc":{"Escrito por":"Ere","Tempo estimado de leitura":"1 minuto"},"schema":{"@context":"https:\/\/schema.org","@graph":[{"@type":"Article","@id":"https:\/\/blogdoere.com.br\/?p=26209#article","isPartOf":{"@id":"https:\/\/blogdoere.com.br\/?p=26209"},"author":{"name":"Ere","@id":"https:\/\/blogdoere.com.br\/#\/schema\/person\/4b56ed2336cb28ae3415ce8ffe56742e"},"headline":"ITAJU\u00cdPE: SEM FISCALIZA\u00c7\u00c3O DA PREFEITURA PRA\u00c7A VOLTA A SER OCUPADA POR FEIRANTES.","datePublished":"2017-01-16T23:12:00+00:00","dateModified":"2017-01-16T23:12:00+00:00","mainEntityOfPage":{"@id":"https:\/\/blogdoere.com.br\/?p=26209"},"wordCount":165,"commentCount":1,"publisher":{"@id":"https:\/\/blogdoere.com.br\/#organization"},"articleSection":["Destaques"],"inLanguage":"pt-PT","potentialAction":[{"@type":"CommentAction","name":"Comment","target":["https:\/\/blogdoere.com.br\/?p=26209#respond"]}]},{"@type":"WebPage","@id":"https:\/\/blogdoere.com.br\/?p=26209","url":"https:\/\/blogdoere.com.br\/?p=26209","name":"ITAJU\u00cdPE: SEM FISCALIZA\u00c7\u00c3O DA PREFEITURA PRA\u00c7A VOLTA A SER OCUPADA POR FEIRANTES. - blog do er\u00ea","isPartOf":{"@id":"https:\/\/blogdoere.com.br\/#website"},"datePublished":"2017-01-16T23:12:00+00:00","dateModified":"2017-01-16T23:12:00+00:00","breadcrumb":{"@id":"https:\/\/blogdoere.com.br\/?p=26209#breadcrumb"},"inLanguage":"pt-PT","potentialAction":[{"@type":"ReadAction","target":["https:\/\/blogdoere.com.br\/?p=26209"]}]},{"@type":"BreadcrumbList","@id":"https:\/\/blogdoere.com.br\/?p=26209#breadcrumb","itemListElement":[{"@type":"ListItem","position":1,"name":"In\u00edcio","item":"https:\/\/blogdoere.com.br\/"},{"@type":"ListItem","position":2,"name":"ITAJU\u00cdPE: SEM FISCALIZA\u00c7\u00c3O DA PREFEITURA PRA\u00c7A VOLTA A SER OCUPADA POR FEIRANTES."}]},{"@type":"WebSite","@id":"https:\/\/blogdoere.com.br\/#website","url":"https:\/\/blogdoere.com.br\/","name":"blog do er\u00ea","description":"","publisher":{"@id":"https:\/\/blogdoere.com.br\/#organization"},"potentialAction":[{"@type":"SearchAction","target":{"@type":"EntryPoint","urlTemplate":"https:\/\/blogdoere.com.br\/?s={search_term_string}"},"query-input":"required name=search_term_string"}],"inLanguage":"pt-PT"},{"@type":"Organization","@id":"https:\/\/blogdoere.com.br\/#organization","name":"Blog do Er\u00ea","url":"https:\/\/blogdoere.com.br\/","logo":{"@type":"ImageObject","inLanguage":"pt-PT","@id":"https:\/\/blogdoere.com.br\/#\/schema\/logo\/image\/","url":"https:\/\/blogdoere.com.br\/wp-content\/uploads\/2021\/11\/Logo-Ere-1.png","contentUrl":"https:\/\/blogdoere.com.br\/wp-content\/uploads\/2021\/11\/Logo-Ere-1.png","width":1261,"height":1330,"caption":"Blog do Er\u00ea"},"image":{"@id":"https:\/\/blogdoere.com.br\/#\/schema\/logo\/image\/"}},{"@type":"Person","@id":"https:\/\/blogdoere.com.br\/#\/schema\/person\/4b56ed2336cb28ae3415ce8ffe56742e","name":"Ere","image":{"@type":"ImageObject","inLanguage":"pt-PT","@id":"https:\/\/blogdoere.com.br\/#\/schema\/person\/image\/","url":"https:\/\/secure.gravatar.com\/avatar\/?s=96&d=mm&r=g","contentUrl":"https:\/\/secure.gravatar.com\/avatar\/?s=96&d=mm&r=g","caption":"Ere"}}]}},"featured_image_urls":{"full":"","thumbnail":"","medium":"","medium_large":"","large":"","1536x1536":"","2048x2048":""},"author_info":{"display_name":"Ere","author_link":"https:\/\/blogdoere.com.br\/?author=2"},"category_info":"<a href=\"https:\/\/blogdoere.com.br\/?cat=1\" rel=\"category\">Destaques<\/a>","tag_info":"Destaques","comment_count":"1","_links":{"self":[{"href":"https:\/\/blogdoere.com.br\/index.php?rest_route=\/wp\/v2\/posts\/26209","targetHints":{"allow":["GET"]}}],"collection":[{"href":"https:\/\/blogdoere.com.br\/index.php?rest_route=\/wp\/v2\/posts"}],"about":[{"href":"https:\/\/blogdoere.com.br\/index.php?rest_route=\/wp\/v2\/types\/post"}],"author":[{"embeddable":true,"href":"https:\/\/blogdoere.com.br\/index.php?rest_route=\/wp\/v2\/users\/2"}],"replies":[{"embeddable":true,"href":"https:\/\/blogdoere.com.br\/index.php?rest_route=%2Fwp%2Fv2%2Fcomments&post=26209"}],"version-history":[{"count":0,"href":"https:\/\/blogdoere.com.br\/index.php?rest_route=\/wp\/v2\/posts\/26209\/revisions"}],"wp:attachment":[{"href":"https:\/\/blogdoere.com.br\/index.php?rest_route=%2Fwp%2Fv2%2Fmedia&parent=26209"}],"wp:term":[{"taxonomy":"category","embeddable":true,"href":"https:\/\/blogdoere.com.br\/index.php?rest_route=%2Fwp%2Fv2%2Fcategories&post=26209"},{"taxonomy":"post_tag","embeddable":true,"href":"https:\/\/blogdoere.com.br\/index.php?rest_route=%2Fwp%2Fv2%2Ftags&post=26209"}],"curies":[{"name":"wp","href":"https:\/\/api.w.org\/{rel}","templated":true}]}}