{"id":26210,"date":"2017-01-15T23:55:00","date_gmt":"2017-01-15T23:55:00","guid":{"rendered":"http:\/\/blogdoere.com.br\/?p=26210"},"modified":"2017-01-15T23:55:00","modified_gmt":"2017-01-15T23:55:00","slug":"bahia-psb-vai-ter-mais-espaco-no-governo-petista","status":"publish","type":"post","link":"https:\/\/blogdoere.com.br\/?p=26210","title":{"rendered":"BAHIA: PSB VAI TER MAIS ESPA\u00c7O NO GOVERNO PETISTA."},"content":{"rendered":"<div style=\"clear: both; text-align: center;\"><a href=\"https:\/\/4.bp.blogspot.com\/-5H6RcJU8g3c\/WHwOztgD2CI\/AAAAAAAAGGo\/pvZm1KOkzTYer7aGuY-_Chw4-kfsaMGcwCLcB\/s1600\/IMG_20170115_210742.jpg\" style=\"margin-left: 1em; margin-right: 1em;\"><img decoding=\"async\" border=\"0\" height=\"315\" src=\"https:\/\/4.bp.blogspot.com\/-5H6RcJU8g3c\/WHwOztgD2CI\/AAAAAAAAGGo\/pvZm1KOkzTYer7aGuY-_Chw4-kfsaMGcwCLcB\/s320\/IMG_20170115_210742.jpg\" width=\"320\" \/><\/a><\/div>\n<div style=\"clear: both; text-align: center;\"><\/div>\n<div style=\"text-align: justify;\"><\/div>\n<div style=\"text-align: justify;\">O PSB, que &nbsp;tem a lideran\u00e7a da primeira Senadora baiana L\u00eddice da Mata, ser\u00e1 contemplado &nbsp;com a minireforma pol\u00edtica &nbsp;do governo petista em um espa\u00e7o maior para o partido.<\/div>\n<div style=\"text-align: justify;\"><\/div>\n<div style=\"text-align: justify;\">A legenda que j\u00e1 comanda &nbsp;a Junta Comercial com Ant\u00f4nio Carlos Tramm, a Coordena\u00e7\u00e3o da &nbsp;Defesa Civil com Rodrigo Hita, &#8211; devido o crescimento pol\u00edtico na \u00faltima elei\u00e7\u00e3o, vai ser contemplado &nbsp;com maior participa\u00e7\u00e3o no governo Rui Costa.<\/div>\n<div style=\"text-align: justify;\"><\/div>\n<div style=\"text-align: justify;\">O governador Rui &nbsp;deve anunciar at\u00e9 quinta-feira(19\/01), com sua reforma pol\u00edtica no secretariado &#8211; &nbsp;a secretaria que &nbsp;a legenda vai comandar. &nbsp;Portanto, os pr\u00f3ximos dias ser\u00e3o de muitas conversas.<\/div>\n","protected":false},"excerpt":{"rendered":"<p>O PSB, que &nbsp;tem a lideran\u00e7a da primeira Senadora baiana L\u00eddice da Mata, ser\u00e1 contemplado &nbsp;com a minireforma pol\u00edtica &nbsp;do governo petista em um espa\u00e7o maior para o partido. A&#8230;<\/p>\n","protected":false},"author":2,"featured_media":0,"comment_status":"open","ping_status":"open","sticky":false,"template":"","format":"standard","meta":{"_editorskit_title_hidden":false,"_editorskit_reading_time":0,"_editorskit_is_block_options_detached":false,"_editorskit_block_options_position":"{}","om_disable_all_campaigns":false,"_mi_skip_tracking":false,"_kad_post_transparent":"","_kad_post_title":"","_kad_post_layout":"","_kad_post_sidebar_id":"","_kad_post_content_style":"","_kad_post_vertical_padding":"","_kad_post_feature":"","_kad_post_feature_position":"","_kad_post_header":false,"_kad_post_footer":false,"footnotes":""},"categories":[1],"tags":[],"class_list":["post-26210","post","type-post","status-publish","format-standard","hentry","category-destaques"],"yoast_head":"<!-- This site is optimized with the Yoast SEO plugin v20.5 - https:\/\/yoast.com\/wordpress\/plugins\/seo\/ -->\n<title>BAHIA: PSB VAI TER MAIS ESPA\u00c7O NO GOVERNO PETISTA. - blog do er\u00ea<\/title>\n<meta name=\"robots\" content=\"index, follow, max-snippet:-1, max-image-preview:large, max-video-preview:-1\" \/>\n<link rel=\"canonical\" href=\"https:\/\/blogdoere.com.br\/?p=26210\" \/>\n<meta property=\"og:locale\" content=\"pt_PT\" \/>\n<meta property=\"og:type\" content=\"article\" \/>\n<meta property=\"og:title\" content=\"BAHIA: PSB VAI TER MAIS ESPA\u00c7O NO GOVERNO PETISTA. - blog do er\u00ea\" \/>\n<meta property=\"og:description\" content=\"O PSB, que &nbsp;tem a lideran\u00e7a da primeira Senadora baiana L\u00eddice da Mata, ser\u00e1 contemplado &nbsp;com a minireforma pol\u00edtica &nbsp;do governo petista em um espa\u00e7o maior para o partido. A...\" \/>\n<meta property=\"og:url\" content=\"https:\/\/blogdoere.com.br\/?p=26210\" \/>\n<meta property=\"og:site_name\" content=\"blog do er\u00ea\" \/>\n<meta property=\"article:published_time\" content=\"2017-01-15T23:55:00+00:00\" \/>\n<meta property=\"og:image\" content=\"https:\/\/4.bp.blogspot.com\/-5H6RcJU8g3c\/WHwOztgD2CI\/AAAAAAAAGGo\/pvZm1KOkzTYer7aGuY-_Chw4-kfsaMGcwCLcB\/s320\/IMG_20170115_210742.jpg\" \/>\n<meta name=\"author\" content=\"Ere\" \/>\n<meta name=\"twitter:card\" content=\"summary_large_image\" \/>\n<meta name=\"twitter:label1\" content=\"Escrito por\" \/>\n\t<meta name=\"twitter:data1\" content=\"Ere\" \/>\n\t<meta name=\"twitter:label2\" content=\"Tempo estimado de leitura\" \/>\n\t<meta name=\"twitter:data2\" content=\"1 minuto\" \/>\n<script type=\"application\/ld+json\" class=\"yoast-schema-graph\">{\"@context\":\"https:\/\/schema.org\",\"@graph\":[{\"@type\":\"Article\",\"@id\":\"https:\/\/blogdoere.com.br\/?p=26210#article\",\"isPartOf\":{\"@id\":\"https:\/\/blogdoere.com.br\/?p=26210\"},\"author\":{\"name\":\"Ere\",\"@id\":\"https:\/\/blogdoere.com.br\/#\/schema\/person\/4b56ed2336cb28ae3415ce8ffe56742e\"},\"headline\":\"BAHIA: PSB VAI TER MAIS ESPA\u00c7O NO GOVERNO PETISTA.\",\"datePublished\":\"2017-01-15T23:55:00+00:00\",\"dateModified\":\"2017-01-15T23:55:00+00:00\",\"mainEntityOfPage\":{\"@id\":\"https:\/\/blogdoere.com.br\/?p=26210\"},\"wordCount\":128,\"commentCount\":0,\"publisher\":{\"@id\":\"https:\/\/blogdoere.com.br\/#organization\"},\"articleSection\":[\"Destaques\"],\"inLanguage\":\"pt-PT\",\"potentialAction\":[{\"@type\":\"CommentAction\",\"name\":\"Comment\",\"target\":[\"https:\/\/blogdoere.com.br\/?p=26210#respond\"]}]},{\"@type\":\"WebPage\",\"@id\":\"https:\/\/blogdoere.com.br\/?p=26210\",\"url\":\"https:\/\/blogdoere.com.br\/?p=26210\",\"name\":\"BAHIA: PSB VAI TER MAIS ESPA\u00c7O NO GOVERNO PETISTA. - blog do er\u00ea\",\"isPartOf\":{\"@id\":\"https:\/\/blogdoere.com.br\/#website\"},\"datePublished\":\"2017-01-15T23:55:00+00:00\",\"dateModified\":\"2017-01-15T23:55:00+00:00\",\"breadcrumb\":{\"@id\":\"https:\/\/blogdoere.com.br\/?p=26210#breadcrumb\"},\"inLanguage\":\"pt-PT\",\"potentialAction\":[{\"@type\":\"ReadAction\",\"target\":[\"https:\/\/blogdoere.com.br\/?p=26210\"]}]},{\"@type\":\"BreadcrumbList\",\"@id\":\"https:\/\/blogdoere.com.br\/?p=26210#breadcrumb\",\"itemListElement\":[{\"@type\":\"ListItem\",\"position\":1,\"name\":\"In\u00edcio\",\"item\":\"https:\/\/blogdoere.com.br\/\"},{\"@type\":\"ListItem\",\"position\":2,\"name\":\"BAHIA: PSB VAI TER MAIS ESPA\u00c7O NO GOVERNO PETISTA.\"}]},{\"@type\":\"WebSite\",\"@id\":\"https:\/\/blogdoere.com.br\/#website\",\"url\":\"https:\/\/blogdoere.com.br\/\",\"name\":\"blog do er\u00ea\",\"description\":\"\",\"publisher\":{\"@id\":\"https:\/\/blogdoere.com.br\/#organization\"},\"potentialAction\":[{\"@type\":\"SearchAction\",\"target\":{\"@type\":\"EntryPoint\",\"urlTemplate\":\"https:\/\/blogdoere.com.br\/?s={search_term_string}\"},\"query-input\":\"required name=search_term_string\"}],\"inLanguage\":\"pt-PT\"},{\"@type\":\"Organization\",\"@id\":\"https:\/\/blogdoere.com.br\/#organization\",\"name\":\"Blog do Er\u00ea\",\"url\":\"https:\/\/blogdoere.com.br\/\",\"logo\":{\"@type\":\"ImageObject\",\"inLanguage\":\"pt-PT\",\"@id\":\"https:\/\/blogdoere.com.br\/#\/schema\/logo\/image\/\",\"url\":\"https:\/\/blogdoere.com.br\/wp-content\/uploads\/2021\/11\/Logo-Ere-1.png\",\"contentUrl\":\"https:\/\/blogdoere.com.br\/wp-content\/uploads\/2021\/11\/Logo-Ere-1.png\",\"width\":1261,\"height\":1330,\"caption\":\"Blog do Er\u00ea\"},\"image\":{\"@id\":\"https:\/\/blogdoere.com.br\/#\/schema\/logo\/image\/\"}},{\"@type\":\"Person\",\"@id\":\"https:\/\/blogdoere.com.br\/#\/schema\/person\/4b56ed2336cb28ae3415ce8ffe56742e\",\"name\":\"Ere\",\"image\":{\"@type\":\"ImageObject\",\"inLanguage\":\"pt-PT\",\"@id\":\"https:\/\/blogdoere.com.br\/#\/schema\/person\/image\/\",\"url\":\"https:\/\/secure.gravatar.com\/avatar\/?s=96&d=mm&r=g\",\"contentUrl\":\"https:\/\/secure.gravatar.com\/avatar\/?s=96&d=mm&r=g\",\"caption\":\"Ere\"}}]}<\/script>\n<!-- \/ Yoast SEO plugin. -->","yoast_head_json":{"title":"BAHIA: PSB VAI TER MAIS ESPA\u00c7O NO GOVERNO PETISTA. - blog do er\u00ea","robots":{"index":"index","follow":"follow","max-snippet":"max-snippet:-1","max-image-preview":"max-image-preview:large","max-video-preview":"max-video-preview:-1"},"canonical":"https:\/\/blogdoere.com.br\/?p=26210","og_locale":"pt_PT","og_type":"article","og_title":"BAHIA: PSB VAI TER MAIS ESPA\u00c7O NO GOVERNO PETISTA. - blog do er\u00ea","og_description":"O PSB, que &nbsp;tem a lideran\u00e7a da primeira Senadora baiana L\u00eddice da Mata, ser\u00e1 contemplado &nbsp;com a minireforma pol\u00edtica &nbsp;do governo petista em um espa\u00e7o maior para o partido. A...","og_url":"https:\/\/blogdoere.com.br\/?p=26210","og_site_name":"blog do er\u00ea","article_published_time":"2017-01-15T23:55:00+00:00","og_image":[{"url":"https:\/\/4.bp.blogspot.com\/-5H6RcJU8g3c\/WHwOztgD2CI\/AAAAAAAAGGo\/pvZm1KOkzTYer7aGuY-_Chw4-kfsaMGcwCLcB\/s320\/IMG_20170115_210742.jpg"}],"author":"Ere","twitter_card":"summary_large_image","twitter_misc":{"Escrito por":"Ere","Tempo estimado de leitura":"1 minuto"},"schema":{"@context":"https:\/\/schema.org","@graph":[{"@type":"Article","@id":"https:\/\/blogdoere.com.br\/?p=26210#article","isPartOf":{"@id":"https:\/\/blogdoere.com.br\/?p=26210"},"author":{"name":"Ere","@id":"https:\/\/blogdoere.com.br\/#\/schema\/person\/4b56ed2336cb28ae3415ce8ffe56742e"},"headline":"BAHIA: PSB VAI TER MAIS ESPA\u00c7O NO GOVERNO PETISTA.","datePublished":"2017-01-15T23:55:00+00:00","dateModified":"2017-01-15T23:55:00+00:00","mainEntityOfPage":{"@id":"https:\/\/blogdoere.com.br\/?p=26210"},"wordCount":128,"commentCount":0,"publisher":{"@id":"https:\/\/blogdoere.com.br\/#organization"},"articleSection":["Destaques"],"inLanguage":"pt-PT","potentialAction":[{"@type":"CommentAction","name":"Comment","target":["https:\/\/blogdoere.com.br\/?p=26210#respond"]}]},{"@type":"WebPage","@id":"https:\/\/blogdoere.com.br\/?p=26210","url":"https:\/\/blogdoere.com.br\/?p=26210","name":"BAHIA: PSB VAI TER MAIS ESPA\u00c7O NO GOVERNO PETISTA. - blog do er\u00ea","isPartOf":{"@id":"https:\/\/blogdoere.com.br\/#website"},"datePublished":"2017-01-15T23:55:00+00:00","dateModified":"2017-01-15T23:55:00+00:00","breadcrumb":{"@id":"https:\/\/blogdoere.com.br\/?p=26210#breadcrumb"},"inLanguage":"pt-PT","potentialAction":[{"@type":"ReadAction","target":["https:\/\/blogdoere.com.br\/?p=26210"]}]},{"@type":"BreadcrumbList","@id":"https:\/\/blogdoere.com.br\/?p=26210#breadcrumb","itemListElement":[{"@type":"ListItem","position":1,"name":"In\u00edcio","item":"https:\/\/blogdoere.com.br\/"},{"@type":"ListItem","position":2,"name":"BAHIA: PSB VAI TER MAIS ESPA\u00c7O NO GOVERNO PETISTA."}]},{"@type":"WebSite","@id":"https:\/\/blogdoere.com.br\/#website","url":"https:\/\/blogdoere.com.br\/","name":"blog do er\u00ea","description":"","publisher":{"@id":"https:\/\/blogdoere.com.br\/#organization"},"potentialAction":[{"@type":"SearchAction","target":{"@type":"EntryPoint","urlTemplate":"https:\/\/blogdoere.com.br\/?s={search_term_string}"},"query-input":"required name=search_term_string"}],"inLanguage":"pt-PT"},{"@type":"Organization","@id":"https:\/\/blogdoere.com.br\/#organization","name":"Blog do Er\u00ea","url":"https:\/\/blogdoere.com.br\/","logo":{"@type":"ImageObject","inLanguage":"pt-PT","@id":"https:\/\/blogdoere.com.br\/#\/schema\/logo\/image\/","url":"https:\/\/blogdoere.com.br\/wp-content\/uploads\/2021\/11\/Logo-Ere-1.png","contentUrl":"https:\/\/blogdoere.com.br\/wp-content\/uploads\/2021\/11\/Logo-Ere-1.png","width":1261,"height":1330,"caption":"Blog do Er\u00ea"},"image":{"@id":"https:\/\/blogdoere.com.br\/#\/schema\/logo\/image\/"}},{"@type":"Person","@id":"https:\/\/blogdoere.com.br\/#\/schema\/person\/4b56ed2336cb28ae3415ce8ffe56742e","name":"Ere","image":{"@type":"ImageObject","inLanguage":"pt-PT","@id":"https:\/\/blogdoere.com.br\/#\/schema\/person\/image\/","url":"https:\/\/secure.gravatar.com\/avatar\/?s=96&d=mm&r=g","contentUrl":"https:\/\/secure.gravatar.com\/avatar\/?s=96&d=mm&r=g","caption":"Ere"}}]}},"featured_image_urls":{"full":"","thumbnail":"","medium":"","medium_large":"","large":"","1536x1536":"","2048x2048":""},"author_info":{"display_name":"Ere","author_link":"https:\/\/blogdoere.com.br\/?author=2"},"category_info":"<a href=\"https:\/\/blogdoere.com.br\/?cat=1\" rel=\"category\">Destaques<\/a>","tag_info":"Destaques","comment_count":"0","_links":{"self":[{"href":"https:\/\/blogdoere.com.br\/index.php?rest_route=\/wp\/v2\/posts\/26210","targetHints":{"allow":["GET"]}}],"collection":[{"href":"https:\/\/blogdoere.com.br\/index.php?rest_route=\/wp\/v2\/posts"}],"about":[{"href":"https:\/\/blogdoere.com.br\/index.php?rest_route=\/wp\/v2\/types\/post"}],"author":[{"embeddable":true,"href":"https:\/\/blogdoere.com.br\/index.php?rest_route=\/wp\/v2\/users\/2"}],"replies":[{"embeddable":true,"href":"https:\/\/blogdoere.com.br\/index.php?rest_route=%2Fwp%2Fv2%2Fcomments&post=26210"}],"version-history":[{"count":0,"href":"https:\/\/blogdoere.com.br\/index.php?rest_route=\/wp\/v2\/posts\/26210\/revisions"}],"wp:attachment":[{"href":"https:\/\/blogdoere.com.br\/index.php?rest_route=%2Fwp%2Fv2%2Fmedia&parent=26210"}],"wp:term":[{"taxonomy":"category","embeddable":true,"href":"https:\/\/blogdoere.com.br\/index.php?rest_route=%2Fwp%2Fv2%2Fcategories&post=26210"},{"taxonomy":"post_tag","embeddable":true,"href":"https:\/\/blogdoere.com.br\/index.php?rest_route=%2Fwp%2Fv2%2Ftags&post=26210"}],"curies":[{"name":"wp","href":"https:\/\/api.w.org\/{rel}","templated":true}]}}