{"id":26214,"date":"2017-01-09T21:13:00","date_gmt":"2017-01-09T21:13:00","guid":{"rendered":"http:\/\/blogdoere.com.br\/?p=26214"},"modified":"2017-01-09T21:13:00","modified_gmt":"2017-01-09T21:13:00","slug":"prefeitura-municipal-de-itajuipe-poda-das-arvores-nota-tecnica","status":"publish","type":"post","link":"https:\/\/blogdoere.com.br\/?p=26214","title":{"rendered":"PREFEITURA MUNICIPAL DE ITAJU\u00cdPE PODA DAS \u00c1RVORES \u2013 NOTA T\u00c9CNICA"},"content":{"rendered":"<div style=\"clear: both; text-align: center;\"><a href=\"https:\/\/4.bp.blogspot.com\/-RFP8ZB68nkQ\/WHP7cvuK8rI\/AAAAAAAAGFo\/SgYl7jqS6MkucFCf7F04KyG40WAXcZ0pQCLcB\/s1600\/IMG_20170109_180727.jpg\" style=\"margin-left: 1em; margin-right: 1em;\"><img decoding=\"async\" border=\"0\" height=\"207\" src=\"https:\/\/4.bp.blogspot.com\/-RFP8ZB68nkQ\/WHP7cvuK8rI\/AAAAAAAAGFo\/SgYl7jqS6MkucFCf7F04KyG40WAXcZ0pQCLcB\/s320\/IMG_20170109_180727.jpg\" width=\"320\" \/><\/a><\/div>\n<p><\/p>\n<div style=\"text-align: justify;\">A Prefeitura Municipal de Itaju\u00edpe informa a todos os mun\u00edcipes que est\u00e1 sendo realizada na cidade uma poda das \u00e1rvores da esp\u00e9cie ficus, que margeiam o cais do rio Almada, no centro da cidade. A referida poda tornou-se necess\u00e1ria pois, de acordo com informa\u00e7\u00f5es oficiais, h\u00e1 mais de seis anos n\u00e3o era realizado nenhum tipo de limpeza deste tipo.&nbsp;<\/div>\n<div style=\"text-align: justify;\"><\/div>\n<div style=\"text-align: justify;\">O engenheiro agr\u00f4nomo do Munic\u00edpio, Tarc\u00edsio Matos Costa, informou que \u201cestas \u00e1rvores n\u00e3o tiveram o manejo correto realizado nas \u00e9pocas certas, ficando abandonadas e prejudicando a ilumina\u00e7\u00e3o p\u00fablica, al\u00e9m de criar res\u00edduo vegetal que entupia frequentemente os bueiros\u201d, disse. Devido ao seu grande porte, suas ra\u00edzes se desenvolveram muito, podendo destruir a cal\u00e7ada em que se encontram.<\/div>\n<div style=\"text-align: justify;\"><\/div>\n<div style=\"text-align: justify;\">Tentando minimizar estes problemas, a Prefeitura Municipal iniciou a poda para deixar as \u00e1rvores no tamanho adequado e, a partir da\u00ed, com o crescimento das novas folhagens, realizar a poda paisag\u00edstica. &nbsp;<\/div>\n<div style=\"text-align: justify;\"><\/div>\n<div style=\"text-align: justify;\">Ainda de acordo com Tarc\u00edsio Matos, \u201co poder de crescimento das plantas ocorre nos meses com maior quantidade de sol, correspondente ao per\u00edodo atual e a \u00e1rvore ficus americanus \u00e9 uma \u00e1rvore de pleno sol, que necessita de muita luz para se desenvolver\u201d, concluiu. Informa\u00e7\u00f5es da Prefeitura Municipal de Itaju\u00edpe.<\/div>\n","protected":false},"excerpt":{"rendered":"<p>A Prefeitura Municipal de Itaju\u00edpe informa a todos os mun\u00edcipes que est\u00e1 sendo realizada na cidade uma poda das \u00e1rvores da esp\u00e9cie ficus, que margeiam o cais do rio Almada,&#8230;<\/p>\n","protected":false},"author":2,"featured_media":0,"comment_status":"open","ping_status":"open","sticky":false,"template":"","format":"standard","meta":{"_editorskit_title_hidden":false,"_editorskit_reading_time":0,"_editorskit_is_block_options_detached":false,"_editorskit_block_options_position":"{}","om_disable_all_campaigns":false,"_mi_skip_tracking":false,"_kad_post_transparent":"","_kad_post_title":"","_kad_post_layout":"","_kad_post_sidebar_id":"","_kad_post_content_style":"","_kad_post_vertical_padding":"","_kad_post_feature":"","_kad_post_feature_position":"","_kad_post_header":false,"_kad_post_footer":false,"footnotes":""},"categories":[1],"tags":[],"class_list":["post-26214","post","type-post","status-publish","format-standard","hentry","category-destaques"],"yoast_head":"<!-- This site is optimized with the Yoast SEO plugin v20.5 - https:\/\/yoast.com\/wordpress\/plugins\/seo\/ -->\n<title>PREFEITURA MUNICIPAL DE ITAJU\u00cdPE PODA DAS \u00c1RVORES \u2013 NOTA T\u00c9CNICA - blog do er\u00ea<\/title>\n<meta name=\"robots\" content=\"index, follow, max-snippet:-1, max-image-preview:large, max-video-preview:-1\" \/>\n<link rel=\"canonical\" href=\"https:\/\/blogdoere.com.br\/?p=26214\" \/>\n<meta property=\"og:locale\" content=\"pt_PT\" \/>\n<meta property=\"og:type\" content=\"article\" \/>\n<meta property=\"og:title\" content=\"PREFEITURA MUNICIPAL DE ITAJU\u00cdPE PODA DAS \u00c1RVORES \u2013 NOTA T\u00c9CNICA - blog do er\u00ea\" \/>\n<meta property=\"og:description\" content=\"A Prefeitura Municipal de Itaju\u00edpe informa a todos os mun\u00edcipes que est\u00e1 sendo realizada na cidade uma poda das \u00e1rvores da esp\u00e9cie ficus, que margeiam o cais do rio Almada,...\" \/>\n<meta property=\"og:url\" content=\"https:\/\/blogdoere.com.br\/?p=26214\" \/>\n<meta property=\"og:site_name\" content=\"blog do er\u00ea\" \/>\n<meta property=\"article:published_time\" content=\"2017-01-09T21:13:00+00:00\" \/>\n<meta property=\"og:image\" content=\"https:\/\/4.bp.blogspot.com\/-RFP8ZB68nkQ\/WHP7cvuK8rI\/AAAAAAAAGFo\/SgYl7jqS6MkucFCf7F04KyG40WAXcZ0pQCLcB\/s320\/IMG_20170109_180727.jpg\" \/>\n<meta name=\"author\" content=\"Ere\" \/>\n<meta name=\"twitter:card\" content=\"summary_large_image\" \/>\n<meta name=\"twitter:label1\" content=\"Escrito por\" \/>\n\t<meta name=\"twitter:data1\" content=\"Ere\" \/>\n\t<meta name=\"twitter:label2\" content=\"Tempo estimado de leitura\" \/>\n\t<meta name=\"twitter:data2\" content=\"1 minuto\" \/>\n<script type=\"application\/ld+json\" class=\"yoast-schema-graph\">{\"@context\":\"https:\/\/schema.org\",\"@graph\":[{\"@type\":\"Article\",\"@id\":\"https:\/\/blogdoere.com.br\/?p=26214#article\",\"isPartOf\":{\"@id\":\"https:\/\/blogdoere.com.br\/?p=26214\"},\"author\":{\"name\":\"Ere\",\"@id\":\"https:\/\/blogdoere.com.br\/#\/schema\/person\/4b56ed2336cb28ae3415ce8ffe56742e\"},\"headline\":\"PREFEITURA MUNICIPAL DE ITAJU\u00cdPE PODA DAS \u00c1RVORES \u2013 NOTA T\u00c9CNICA\",\"datePublished\":\"2017-01-09T21:13:00+00:00\",\"dateModified\":\"2017-01-09T21:13:00+00:00\",\"mainEntityOfPage\":{\"@id\":\"https:\/\/blogdoere.com.br\/?p=26214\"},\"wordCount\":230,\"commentCount\":0,\"publisher\":{\"@id\":\"https:\/\/blogdoere.com.br\/#organization\"},\"articleSection\":[\"Destaques\"],\"inLanguage\":\"pt-PT\",\"potentialAction\":[{\"@type\":\"CommentAction\",\"name\":\"Comment\",\"target\":[\"https:\/\/blogdoere.com.br\/?p=26214#respond\"]}]},{\"@type\":\"WebPage\",\"@id\":\"https:\/\/blogdoere.com.br\/?p=26214\",\"url\":\"https:\/\/blogdoere.com.br\/?p=26214\",\"name\":\"PREFEITURA MUNICIPAL DE ITAJU\u00cdPE PODA DAS \u00c1RVORES \u2013 NOTA T\u00c9CNICA - blog do er\u00ea\",\"isPartOf\":{\"@id\":\"https:\/\/blogdoere.com.br\/#website\"},\"datePublished\":\"2017-01-09T21:13:00+00:00\",\"dateModified\":\"2017-01-09T21:13:00+00:00\",\"breadcrumb\":{\"@id\":\"https:\/\/blogdoere.com.br\/?p=26214#breadcrumb\"},\"inLanguage\":\"pt-PT\",\"potentialAction\":[{\"@type\":\"ReadAction\",\"target\":[\"https:\/\/blogdoere.com.br\/?p=26214\"]}]},{\"@type\":\"BreadcrumbList\",\"@id\":\"https:\/\/blogdoere.com.br\/?p=26214#breadcrumb\",\"itemListElement\":[{\"@type\":\"ListItem\",\"position\":1,\"name\":\"In\u00edcio\",\"item\":\"https:\/\/blogdoere.com.br\/\"},{\"@type\":\"ListItem\",\"position\":2,\"name\":\"PREFEITURA MUNICIPAL DE ITAJU\u00cdPE PODA DAS \u00c1RVORES \u2013 NOTA T\u00c9CNICA\"}]},{\"@type\":\"WebSite\",\"@id\":\"https:\/\/blogdoere.com.br\/#website\",\"url\":\"https:\/\/blogdoere.com.br\/\",\"name\":\"blog do er\u00ea\",\"description\":\"\",\"publisher\":{\"@id\":\"https:\/\/blogdoere.com.br\/#organization\"},\"potentialAction\":[{\"@type\":\"SearchAction\",\"target\":{\"@type\":\"EntryPoint\",\"urlTemplate\":\"https:\/\/blogdoere.com.br\/?s={search_term_string}\"},\"query-input\":\"required name=search_term_string\"}],\"inLanguage\":\"pt-PT\"},{\"@type\":\"Organization\",\"@id\":\"https:\/\/blogdoere.com.br\/#organization\",\"name\":\"Blog do Er\u00ea\",\"url\":\"https:\/\/blogdoere.com.br\/\",\"logo\":{\"@type\":\"ImageObject\",\"inLanguage\":\"pt-PT\",\"@id\":\"https:\/\/blogdoere.com.br\/#\/schema\/logo\/image\/\",\"url\":\"https:\/\/blogdoere.com.br\/wp-content\/uploads\/2021\/11\/Logo-Ere-1.png\",\"contentUrl\":\"https:\/\/blogdoere.com.br\/wp-content\/uploads\/2021\/11\/Logo-Ere-1.png\",\"width\":1261,\"height\":1330,\"caption\":\"Blog do Er\u00ea\"},\"image\":{\"@id\":\"https:\/\/blogdoere.com.br\/#\/schema\/logo\/image\/\"}},{\"@type\":\"Person\",\"@id\":\"https:\/\/blogdoere.com.br\/#\/schema\/person\/4b56ed2336cb28ae3415ce8ffe56742e\",\"name\":\"Ere\",\"image\":{\"@type\":\"ImageObject\",\"inLanguage\":\"pt-PT\",\"@id\":\"https:\/\/blogdoere.com.br\/#\/schema\/person\/image\/\",\"url\":\"https:\/\/secure.gravatar.com\/avatar\/?s=96&d=mm&r=g\",\"contentUrl\":\"https:\/\/secure.gravatar.com\/avatar\/?s=96&d=mm&r=g\",\"caption\":\"Ere\"}}]}<\/script>\n<!-- \/ Yoast SEO plugin. -->","yoast_head_json":{"title":"PREFEITURA MUNICIPAL DE ITAJU\u00cdPE PODA DAS \u00c1RVORES \u2013 NOTA T\u00c9CNICA - blog do er\u00ea","robots":{"index":"index","follow":"follow","max-snippet":"max-snippet:-1","max-image-preview":"max-image-preview:large","max-video-preview":"max-video-preview:-1"},"canonical":"https:\/\/blogdoere.com.br\/?p=26214","og_locale":"pt_PT","og_type":"article","og_title":"PREFEITURA MUNICIPAL DE ITAJU\u00cdPE PODA DAS \u00c1RVORES \u2013 NOTA T\u00c9CNICA - blog do er\u00ea","og_description":"A Prefeitura Municipal de Itaju\u00edpe informa a todos os mun\u00edcipes que est\u00e1 sendo realizada na cidade uma poda das \u00e1rvores da esp\u00e9cie ficus, que margeiam o cais do rio Almada,...","og_url":"https:\/\/blogdoere.com.br\/?p=26214","og_site_name":"blog do er\u00ea","article_published_time":"2017-01-09T21:13:00+00:00","og_image":[{"url":"https:\/\/4.bp.blogspot.com\/-RFP8ZB68nkQ\/WHP7cvuK8rI\/AAAAAAAAGFo\/SgYl7jqS6MkucFCf7F04KyG40WAXcZ0pQCLcB\/s320\/IMG_20170109_180727.jpg"}],"author":"Ere","twitter_card":"summary_large_image","twitter_misc":{"Escrito por":"Ere","Tempo estimado de leitura":"1 minuto"},"schema":{"@context":"https:\/\/schema.org","@graph":[{"@type":"Article","@id":"https:\/\/blogdoere.com.br\/?p=26214#article","isPartOf":{"@id":"https:\/\/blogdoere.com.br\/?p=26214"},"author":{"name":"Ere","@id":"https:\/\/blogdoere.com.br\/#\/schema\/person\/4b56ed2336cb28ae3415ce8ffe56742e"},"headline":"PREFEITURA MUNICIPAL DE ITAJU\u00cdPE PODA DAS \u00c1RVORES \u2013 NOTA T\u00c9CNICA","datePublished":"2017-01-09T21:13:00+00:00","dateModified":"2017-01-09T21:13:00+00:00","mainEntityOfPage":{"@id":"https:\/\/blogdoere.com.br\/?p=26214"},"wordCount":230,"commentCount":0,"publisher":{"@id":"https:\/\/blogdoere.com.br\/#organization"},"articleSection":["Destaques"],"inLanguage":"pt-PT","potentialAction":[{"@type":"CommentAction","name":"Comment","target":["https:\/\/blogdoere.com.br\/?p=26214#respond"]}]},{"@type":"WebPage","@id":"https:\/\/blogdoere.com.br\/?p=26214","url":"https:\/\/blogdoere.com.br\/?p=26214","name":"PREFEITURA MUNICIPAL DE ITAJU\u00cdPE PODA DAS \u00c1RVORES \u2013 NOTA T\u00c9CNICA - blog do er\u00ea","isPartOf":{"@id":"https:\/\/blogdoere.com.br\/#website"},"datePublished":"2017-01-09T21:13:00+00:00","dateModified":"2017-01-09T21:13:00+00:00","breadcrumb":{"@id":"https:\/\/blogdoere.com.br\/?p=26214#breadcrumb"},"inLanguage":"pt-PT","potentialAction":[{"@type":"ReadAction","target":["https:\/\/blogdoere.com.br\/?p=26214"]}]},{"@type":"BreadcrumbList","@id":"https:\/\/blogdoere.com.br\/?p=26214#breadcrumb","itemListElement":[{"@type":"ListItem","position":1,"name":"In\u00edcio","item":"https:\/\/blogdoere.com.br\/"},{"@type":"ListItem","position":2,"name":"PREFEITURA MUNICIPAL DE ITAJU\u00cdPE PODA DAS \u00c1RVORES \u2013 NOTA T\u00c9CNICA"}]},{"@type":"WebSite","@id":"https:\/\/blogdoere.com.br\/#website","url":"https:\/\/blogdoere.com.br\/","name":"blog do er\u00ea","description":"","publisher":{"@id":"https:\/\/blogdoere.com.br\/#organization"},"potentialAction":[{"@type":"SearchAction","target":{"@type":"EntryPoint","urlTemplate":"https:\/\/blogdoere.com.br\/?s={search_term_string}"},"query-input":"required name=search_term_string"}],"inLanguage":"pt-PT"},{"@type":"Organization","@id":"https:\/\/blogdoere.com.br\/#organization","name":"Blog do Er\u00ea","url":"https:\/\/blogdoere.com.br\/","logo":{"@type":"ImageObject","inLanguage":"pt-PT","@id":"https:\/\/blogdoere.com.br\/#\/schema\/logo\/image\/","url":"https:\/\/blogdoere.com.br\/wp-content\/uploads\/2021\/11\/Logo-Ere-1.png","contentUrl":"https:\/\/blogdoere.com.br\/wp-content\/uploads\/2021\/11\/Logo-Ere-1.png","width":1261,"height":1330,"caption":"Blog do Er\u00ea"},"image":{"@id":"https:\/\/blogdoere.com.br\/#\/schema\/logo\/image\/"}},{"@type":"Person","@id":"https:\/\/blogdoere.com.br\/#\/schema\/person\/4b56ed2336cb28ae3415ce8ffe56742e","name":"Ere","image":{"@type":"ImageObject","inLanguage":"pt-PT","@id":"https:\/\/blogdoere.com.br\/#\/schema\/person\/image\/","url":"https:\/\/secure.gravatar.com\/avatar\/?s=96&d=mm&r=g","contentUrl":"https:\/\/secure.gravatar.com\/avatar\/?s=96&d=mm&r=g","caption":"Ere"}}]}},"featured_image_urls":{"full":"","thumbnail":"","medium":"","medium_large":"","large":"","1536x1536":"","2048x2048":""},"author_info":{"display_name":"Ere","author_link":"https:\/\/blogdoere.com.br\/?author=2"},"category_info":"<a href=\"https:\/\/blogdoere.com.br\/?cat=1\" rel=\"category\">Destaques<\/a>","tag_info":"Destaques","comment_count":"0","_links":{"self":[{"href":"https:\/\/blogdoere.com.br\/index.php?rest_route=\/wp\/v2\/posts\/26214","targetHints":{"allow":["GET"]}}],"collection":[{"href":"https:\/\/blogdoere.com.br\/index.php?rest_route=\/wp\/v2\/posts"}],"about":[{"href":"https:\/\/blogdoere.com.br\/index.php?rest_route=\/wp\/v2\/types\/post"}],"author":[{"embeddable":true,"href":"https:\/\/blogdoere.com.br\/index.php?rest_route=\/wp\/v2\/users\/2"}],"replies":[{"embeddable":true,"href":"https:\/\/blogdoere.com.br\/index.php?rest_route=%2Fwp%2Fv2%2Fcomments&post=26214"}],"version-history":[{"count":0,"href":"https:\/\/blogdoere.com.br\/index.php?rest_route=\/wp\/v2\/posts\/26214\/revisions"}],"wp:attachment":[{"href":"https:\/\/blogdoere.com.br\/index.php?rest_route=%2Fwp%2Fv2%2Fmedia&parent=26214"}],"wp:term":[{"taxonomy":"category","embeddable":true,"href":"https:\/\/blogdoere.com.br\/index.php?rest_route=%2Fwp%2Fv2%2Fcategories&post=26214"},{"taxonomy":"post_tag","embeddable":true,"href":"https:\/\/blogdoere.com.br\/index.php?rest_route=%2Fwp%2Fv2%2Ftags&post=26214"}],"curies":[{"name":"wp","href":"https:\/\/api.w.org\/{rel}","templated":true}]}}