{"id":26215,"date":"2017-01-06T19:39:00","date_gmt":"2017-01-06T19:39:00","guid":{"rendered":"http:\/\/blogdoere.com.br\/?p=26215"},"modified":"2017-01-06T19:39:00","modified_gmt":"2017-01-06T19:39:00","slug":"itajuipe-policia-militar-inaugura-nova-sede","status":"publish","type":"post","link":"https:\/\/blogdoere.com.br\/?p=26215","title":{"rendered":"ITAJU\u00cdPE: POL\u00cdCIA MILITAR INAUGURA NOVA SEDE."},"content":{"rendered":"<p><\/p>\n<div style=\"clear: both; text-align: center;\"><\/div>\n<div style=\"clear: both; text-align: center;\"><a href=\"https:\/\/3.bp.blogspot.com\/-iceSduuyZwo\/WG_yWCLrLMI\/AAAAAAAAGFA\/QAHu0Os-NX0vWpCfuVTdNSw8koj7Hh43gCLcB\/s1600\/IMG_20170106_163931.jpg\" style=\"margin-left: 1em; margin-right: 1em;\"><img decoding=\"async\" border=\"0\" height=\"177\" src=\"https:\/\/3.bp.blogspot.com\/-iceSduuyZwo\/WG_yWCLrLMI\/AAAAAAAAGFA\/QAHu0Os-NX0vWpCfuVTdNSw8koj7Hh43gCLcB\/s320\/IMG_20170106_163931.jpg\" width=\"320\" \/><\/a><\/div>\n<div style=\"clear: both; text-align: center;\"><\/div>\n<div style=\"clear: both; text-align: center;\"><a href=\"https:\/\/4.bp.blogspot.com\/-JGEG9mFMgDo\/WG_yz-PBCDI\/AAAAAAAAGFI\/OjobQaFBtCU2szzq-0mnGTA0TilxTf5AgCLcB\/s1600\/wns_imagens_8360_1483672209.jpg\" style=\"margin-left: 1em; margin-right: 1em; text-align: center;\"><img decoding=\"async\" border=\"0\" height=\"179\" src=\"https:\/\/4.bp.blogspot.com\/-JGEG9mFMgDo\/WG_yz-PBCDI\/AAAAAAAAGFI\/OjobQaFBtCU2szzq-0mnGTA0TilxTf5AgCLcB\/s320\/wns_imagens_8360_1483672209.jpg\" width=\"320\" \/><\/a><\/div>\n<div style=\"clear: both; text-align: center;\"><\/div>\n<p><\/p>\n<div style=\"text-align: justify;\">Foi inaugurada ontem, quinta-feira(5\/1), em Itaju\u00edpe a nova sede do 2\u00ba Pelot\u00e3o de Pol\u00edcia Militar do 15\u00ba Batalh\u00e3o com as presen\u00e7as do Comandante Geral da PM, Coronel Anselmo Alves Brand\u00e3o(foto), Tenente Coronel Daniel Riccio, Prefeito Marcone Amaral(PSD), ex-prefeita Gilka Badar\u00f3 e seu vice Ant\u00f4nio Jorge Rodrigues Neto &#8220;Jorj\u00e3o&#8221;, outras autoridades p\u00fablicas, e a participa\u00e7\u00e3o musical da Famuita (Fanfarra Municipal de Itaju\u00edpe).&nbsp;<\/div>\n<div style=\"text-align: justify;\"><\/div>\n<div style=\"text-align: justify;\">Durante a solenidade algumas pessoas da sociedade foram homenageadas pelo apoio e participa\u00e7\u00e3o na inaugura\u00e7\u00e3o da nova sede, dentre elas, Gilka Badar\u00f3 e Jorj\u00e3o.&nbsp;<\/div>\n<div style=\"text-align: justify;\"><\/div>\n<div style=\"text-align: justify;\">Na ocasi\u00e3o, &nbsp;a Tenente Heidilane Souza Nascimento fez &nbsp;relato do surgimento daquela institui\u00e7\u00e3o militar no munic\u00edpio que era conhecida como, &#8220;Destacamento de Pol\u00edcia&#8221; e que funcionava junto \u00e0 delegacia da Pol\u00edcia Civil at\u00e9 2006, a partir da\u00ed passou a funcionar no Complexo Tur\u00edstico Jorge Amado &#8211; \u00e0s margens do Lago Humberto Badar\u00f3.&nbsp;<\/div>\n<div style=\"text-align: justify;\"><\/div>\n<div style=\"text-align: justify;\">Com objetivo de valoriza\u00e7\u00e3o do policial militar e finalidade de melhorar o relacionamento e aproxima\u00e7\u00e3o com a comunidade, iniciou a procura de um local que oferecesse uma estrutura f\u00edsica digna e adequada ao servi\u00e7o do policial. Assim sendo, o projeto tonou-se realidade gra\u00e7as ao bom senso entre o poderes Judici\u00e1rio, Executivo e Policia Militar &#8211; mobiliza\u00e7\u00e3o desde ent\u00e3o liderada &nbsp;pelo &nbsp;Subtenente do munic\u00edpio \u00c1lvaro Evangelino(foto) &nbsp;junto ao 15\u00b0 Batalh\u00e3o comandado pelo Coronel Riccio que vem prestando relevantes servi\u00e7os \u00e0 popula\u00e7\u00e3o.<\/div>\n<div style=\"text-align: justify;\"><\/div>\n<div style=\"text-align: justify;\">O pr\u00e9dio da nova sede situada \u00e0 rua Julieta Maron Ramos, n\u00famero 25, pertence ao Tribunal de Justi\u00e7a da Bahia, foi cedida \u00e0 corpora\u00e7\u00e3o militar em esp\u00e9cie de comodato. O espa\u00e7o oferece as condi\u00e7\u00f5es apropriadas para que a policia trabalhe sentindo-se em casa, bem como o bom e perfeito atendimento ao p\u00fablico.<\/div>\n<div style=\"text-align: justify;\"><\/div>\n<div style=\"text-align: justify;\">Por fim, na sua fala o Coronel Anselmo Brand\u00e3o, &nbsp;pediu a pol\u00edcia militar e comunidade andarem juntas para proporcionar um servi\u00e7o amplo e eficaz no combate ao crime, mostrando que o policial tem por objetivo &nbsp;cuidar da sociedade. Reda\u00e7\u00e3o adaptada a partir das informa\u00e7\u00f5es do site Webnewssul.<\/div>\n<div style=\"text-align: justify;\"><\/div>\n","protected":false},"excerpt":{"rendered":"<p>Foi inaugurada ontem, quinta-feira(5\/1), em Itaju\u00edpe a nova sede do 2\u00ba Pelot\u00e3o de Pol\u00edcia Militar do 15\u00ba Batalh\u00e3o com as presen\u00e7as do Comandante Geral da PM, Coronel Anselmo Alves Brand\u00e3o(foto),&#8230;<\/p>\n","protected":false},"author":2,"featured_media":0,"comment_status":"open","ping_status":"open","sticky":false,"template":"","format":"standard","meta":{"_editorskit_title_hidden":false,"_editorskit_reading_time":0,"_editorskit_is_block_options_detached":false,"_editorskit_block_options_position":"{}","om_disable_all_campaigns":false,"_mi_skip_tracking":false,"_kad_post_transparent":"","_kad_post_title":"","_kad_post_layout":"","_kad_post_sidebar_id":"","_kad_post_content_style":"","_kad_post_vertical_padding":"","_kad_post_feature":"","_kad_post_feature_position":"","_kad_post_header":false,"_kad_post_footer":false,"footnotes":""},"categories":[1],"tags":[],"class_list":["post-26215","post","type-post","status-publish","format-standard","hentry","category-destaques"],"yoast_head":"<!-- This site is optimized with the Yoast SEO plugin v20.5 - https:\/\/yoast.com\/wordpress\/plugins\/seo\/ -->\n<title>ITAJU\u00cdPE: POL\u00cdCIA MILITAR INAUGURA NOVA SEDE. - blog do er\u00ea<\/title>\n<meta name=\"robots\" content=\"index, follow, max-snippet:-1, max-image-preview:large, max-video-preview:-1\" \/>\n<link rel=\"canonical\" href=\"https:\/\/blogdoere.com.br\/?p=26215\" \/>\n<meta property=\"og:locale\" content=\"pt_PT\" \/>\n<meta property=\"og:type\" content=\"article\" \/>\n<meta property=\"og:title\" content=\"ITAJU\u00cdPE: POL\u00cdCIA MILITAR INAUGURA NOVA SEDE. - blog do er\u00ea\" \/>\n<meta property=\"og:description\" content=\"Foi inaugurada ontem, quinta-feira(5\/1), em Itaju\u00edpe a nova sede do 2\u00ba Pelot\u00e3o de Pol\u00edcia Militar do 15\u00ba Batalh\u00e3o com as presen\u00e7as do Comandante Geral da PM, Coronel Anselmo Alves Brand\u00e3o(foto),...\" \/>\n<meta property=\"og:url\" content=\"https:\/\/blogdoere.com.br\/?p=26215\" \/>\n<meta property=\"og:site_name\" content=\"blog do er\u00ea\" \/>\n<meta property=\"article:published_time\" content=\"2017-01-06T19:39:00+00:00\" \/>\n<meta property=\"og:image\" content=\"https:\/\/3.bp.blogspot.com\/-iceSduuyZwo\/WG_yWCLrLMI\/AAAAAAAAGFA\/QAHu0Os-NX0vWpCfuVTdNSw8koj7Hh43gCLcB\/s320\/IMG_20170106_163931.jpg\" \/>\n<meta name=\"author\" content=\"Ere\" \/>\n<meta name=\"twitter:card\" content=\"summary_large_image\" \/>\n<meta name=\"twitter:label1\" content=\"Escrito por\" \/>\n\t<meta name=\"twitter:data1\" content=\"Ere\" \/>\n\t<meta name=\"twitter:label2\" content=\"Tempo estimado de leitura\" \/>\n\t<meta name=\"twitter:data2\" content=\"2 minutos\" \/>\n<script type=\"application\/ld+json\" class=\"yoast-schema-graph\">{\"@context\":\"https:\/\/schema.org\",\"@graph\":[{\"@type\":\"Article\",\"@id\":\"https:\/\/blogdoere.com.br\/?p=26215#article\",\"isPartOf\":{\"@id\":\"https:\/\/blogdoere.com.br\/?p=26215\"},\"author\":{\"name\":\"Ere\",\"@id\":\"https:\/\/blogdoere.com.br\/#\/schema\/person\/4b56ed2336cb28ae3415ce8ffe56742e\"},\"headline\":\"ITAJU\u00cdPE: POL\u00cdCIA MILITAR INAUGURA NOVA SEDE.\",\"datePublished\":\"2017-01-06T19:39:00+00:00\",\"dateModified\":\"2017-01-06T19:39:00+00:00\",\"mainEntityOfPage\":{\"@id\":\"https:\/\/blogdoere.com.br\/?p=26215\"},\"wordCount\":373,\"commentCount\":0,\"publisher\":{\"@id\":\"https:\/\/blogdoere.com.br\/#organization\"},\"articleSection\":[\"Destaques\"],\"inLanguage\":\"pt-PT\",\"potentialAction\":[{\"@type\":\"CommentAction\",\"name\":\"Comment\",\"target\":[\"https:\/\/blogdoere.com.br\/?p=26215#respond\"]}]},{\"@type\":\"WebPage\",\"@id\":\"https:\/\/blogdoere.com.br\/?p=26215\",\"url\":\"https:\/\/blogdoere.com.br\/?p=26215\",\"name\":\"ITAJU\u00cdPE: POL\u00cdCIA MILITAR INAUGURA NOVA SEDE. - blog do er\u00ea\",\"isPartOf\":{\"@id\":\"https:\/\/blogdoere.com.br\/#website\"},\"datePublished\":\"2017-01-06T19:39:00+00:00\",\"dateModified\":\"2017-01-06T19:39:00+00:00\",\"breadcrumb\":{\"@id\":\"https:\/\/blogdoere.com.br\/?p=26215#breadcrumb\"},\"inLanguage\":\"pt-PT\",\"potentialAction\":[{\"@type\":\"ReadAction\",\"target\":[\"https:\/\/blogdoere.com.br\/?p=26215\"]}]},{\"@type\":\"BreadcrumbList\",\"@id\":\"https:\/\/blogdoere.com.br\/?p=26215#breadcrumb\",\"itemListElement\":[{\"@type\":\"ListItem\",\"position\":1,\"name\":\"In\u00edcio\",\"item\":\"https:\/\/blogdoere.com.br\/\"},{\"@type\":\"ListItem\",\"position\":2,\"name\":\"ITAJU\u00cdPE: POL\u00cdCIA MILITAR INAUGURA NOVA SEDE.\"}]},{\"@type\":\"WebSite\",\"@id\":\"https:\/\/blogdoere.com.br\/#website\",\"url\":\"https:\/\/blogdoere.com.br\/\",\"name\":\"blog do er\u00ea\",\"description\":\"\",\"publisher\":{\"@id\":\"https:\/\/blogdoere.com.br\/#organization\"},\"potentialAction\":[{\"@type\":\"SearchAction\",\"target\":{\"@type\":\"EntryPoint\",\"urlTemplate\":\"https:\/\/blogdoere.com.br\/?s={search_term_string}\"},\"query-input\":\"required name=search_term_string\"}],\"inLanguage\":\"pt-PT\"},{\"@type\":\"Organization\",\"@id\":\"https:\/\/blogdoere.com.br\/#organization\",\"name\":\"Blog do Er\u00ea\",\"url\":\"https:\/\/blogdoere.com.br\/\",\"logo\":{\"@type\":\"ImageObject\",\"inLanguage\":\"pt-PT\",\"@id\":\"https:\/\/blogdoere.com.br\/#\/schema\/logo\/image\/\",\"url\":\"https:\/\/blogdoere.com.br\/wp-content\/uploads\/2021\/11\/Logo-Ere-1.png\",\"contentUrl\":\"https:\/\/blogdoere.com.br\/wp-content\/uploads\/2021\/11\/Logo-Ere-1.png\",\"width\":1261,\"height\":1330,\"caption\":\"Blog do Er\u00ea\"},\"image\":{\"@id\":\"https:\/\/blogdoere.com.br\/#\/schema\/logo\/image\/\"}},{\"@type\":\"Person\",\"@id\":\"https:\/\/blogdoere.com.br\/#\/schema\/person\/4b56ed2336cb28ae3415ce8ffe56742e\",\"name\":\"Ere\",\"image\":{\"@type\":\"ImageObject\",\"inLanguage\":\"pt-PT\",\"@id\":\"https:\/\/blogdoere.com.br\/#\/schema\/person\/image\/\",\"url\":\"https:\/\/secure.gravatar.com\/avatar\/?s=96&d=mm&r=g\",\"contentUrl\":\"https:\/\/secure.gravatar.com\/avatar\/?s=96&d=mm&r=g\",\"caption\":\"Ere\"}}]}<\/script>\n<!-- \/ Yoast SEO plugin. -->","yoast_head_json":{"title":"ITAJU\u00cdPE: POL\u00cdCIA MILITAR INAUGURA NOVA SEDE. - blog do er\u00ea","robots":{"index":"index","follow":"follow","max-snippet":"max-snippet:-1","max-image-preview":"max-image-preview:large","max-video-preview":"max-video-preview:-1"},"canonical":"https:\/\/blogdoere.com.br\/?p=26215","og_locale":"pt_PT","og_type":"article","og_title":"ITAJU\u00cdPE: POL\u00cdCIA MILITAR INAUGURA NOVA SEDE. - blog do er\u00ea","og_description":"Foi inaugurada ontem, quinta-feira(5\/1), em Itaju\u00edpe a nova sede do 2\u00ba Pelot\u00e3o de Pol\u00edcia Militar do 15\u00ba Batalh\u00e3o com as presen\u00e7as do Comandante Geral da PM, Coronel Anselmo Alves Brand\u00e3o(foto),...","og_url":"https:\/\/blogdoere.com.br\/?p=26215","og_site_name":"blog do er\u00ea","article_published_time":"2017-01-06T19:39:00+00:00","og_image":[{"url":"https:\/\/3.bp.blogspot.com\/-iceSduuyZwo\/WG_yWCLrLMI\/AAAAAAAAGFA\/QAHu0Os-NX0vWpCfuVTdNSw8koj7Hh43gCLcB\/s320\/IMG_20170106_163931.jpg"}],"author":"Ere","twitter_card":"summary_large_image","twitter_misc":{"Escrito por":"Ere","Tempo estimado de leitura":"2 minutos"},"schema":{"@context":"https:\/\/schema.org","@graph":[{"@type":"Article","@id":"https:\/\/blogdoere.com.br\/?p=26215#article","isPartOf":{"@id":"https:\/\/blogdoere.com.br\/?p=26215"},"author":{"name":"Ere","@id":"https:\/\/blogdoere.com.br\/#\/schema\/person\/4b56ed2336cb28ae3415ce8ffe56742e"},"headline":"ITAJU\u00cdPE: POL\u00cdCIA MILITAR INAUGURA NOVA SEDE.","datePublished":"2017-01-06T19:39:00+00:00","dateModified":"2017-01-06T19:39:00+00:00","mainEntityOfPage":{"@id":"https:\/\/blogdoere.com.br\/?p=26215"},"wordCount":373,"commentCount":0,"publisher":{"@id":"https:\/\/blogdoere.com.br\/#organization"},"articleSection":["Destaques"],"inLanguage":"pt-PT","potentialAction":[{"@type":"CommentAction","name":"Comment","target":["https:\/\/blogdoere.com.br\/?p=26215#respond"]}]},{"@type":"WebPage","@id":"https:\/\/blogdoere.com.br\/?p=26215","url":"https:\/\/blogdoere.com.br\/?p=26215","name":"ITAJU\u00cdPE: POL\u00cdCIA MILITAR INAUGURA NOVA SEDE. - blog do er\u00ea","isPartOf":{"@id":"https:\/\/blogdoere.com.br\/#website"},"datePublished":"2017-01-06T19:39:00+00:00","dateModified":"2017-01-06T19:39:00+00:00","breadcrumb":{"@id":"https:\/\/blogdoere.com.br\/?p=26215#breadcrumb"},"inLanguage":"pt-PT","potentialAction":[{"@type":"ReadAction","target":["https:\/\/blogdoere.com.br\/?p=26215"]}]},{"@type":"BreadcrumbList","@id":"https:\/\/blogdoere.com.br\/?p=26215#breadcrumb","itemListElement":[{"@type":"ListItem","position":1,"name":"In\u00edcio","item":"https:\/\/blogdoere.com.br\/"},{"@type":"ListItem","position":2,"name":"ITAJU\u00cdPE: POL\u00cdCIA MILITAR INAUGURA NOVA SEDE."}]},{"@type":"WebSite","@id":"https:\/\/blogdoere.com.br\/#website","url":"https:\/\/blogdoere.com.br\/","name":"blog do er\u00ea","description":"","publisher":{"@id":"https:\/\/blogdoere.com.br\/#organization"},"potentialAction":[{"@type":"SearchAction","target":{"@type":"EntryPoint","urlTemplate":"https:\/\/blogdoere.com.br\/?s={search_term_string}"},"query-input":"required name=search_term_string"}],"inLanguage":"pt-PT"},{"@type":"Organization","@id":"https:\/\/blogdoere.com.br\/#organization","name":"Blog do Er\u00ea","url":"https:\/\/blogdoere.com.br\/","logo":{"@type":"ImageObject","inLanguage":"pt-PT","@id":"https:\/\/blogdoere.com.br\/#\/schema\/logo\/image\/","url":"https:\/\/blogdoere.com.br\/wp-content\/uploads\/2021\/11\/Logo-Ere-1.png","contentUrl":"https:\/\/blogdoere.com.br\/wp-content\/uploads\/2021\/11\/Logo-Ere-1.png","width":1261,"height":1330,"caption":"Blog do Er\u00ea"},"image":{"@id":"https:\/\/blogdoere.com.br\/#\/schema\/logo\/image\/"}},{"@type":"Person","@id":"https:\/\/blogdoere.com.br\/#\/schema\/person\/4b56ed2336cb28ae3415ce8ffe56742e","name":"Ere","image":{"@type":"ImageObject","inLanguage":"pt-PT","@id":"https:\/\/blogdoere.com.br\/#\/schema\/person\/image\/","url":"https:\/\/secure.gravatar.com\/avatar\/?s=96&d=mm&r=g","contentUrl":"https:\/\/secure.gravatar.com\/avatar\/?s=96&d=mm&r=g","caption":"Ere"}}]}},"featured_image_urls":{"full":"","thumbnail":"","medium":"","medium_large":"","large":"","1536x1536":"","2048x2048":""},"author_info":{"display_name":"Ere","author_link":"https:\/\/blogdoere.com.br\/?author=2"},"category_info":"<a href=\"https:\/\/blogdoere.com.br\/?cat=1\" rel=\"category\">Destaques<\/a>","tag_info":"Destaques","comment_count":"0","_links":{"self":[{"href":"https:\/\/blogdoere.com.br\/index.php?rest_route=\/wp\/v2\/posts\/26215","targetHints":{"allow":["GET"]}}],"collection":[{"href":"https:\/\/blogdoere.com.br\/index.php?rest_route=\/wp\/v2\/posts"}],"about":[{"href":"https:\/\/blogdoere.com.br\/index.php?rest_route=\/wp\/v2\/types\/post"}],"author":[{"embeddable":true,"href":"https:\/\/blogdoere.com.br\/index.php?rest_route=\/wp\/v2\/users\/2"}],"replies":[{"embeddable":true,"href":"https:\/\/blogdoere.com.br\/index.php?rest_route=%2Fwp%2Fv2%2Fcomments&post=26215"}],"version-history":[{"count":0,"href":"https:\/\/blogdoere.com.br\/index.php?rest_route=\/wp\/v2\/posts\/26215\/revisions"}],"wp:attachment":[{"href":"https:\/\/blogdoere.com.br\/index.php?rest_route=%2Fwp%2Fv2%2Fmedia&parent=26215"}],"wp:term":[{"taxonomy":"category","embeddable":true,"href":"https:\/\/blogdoere.com.br\/index.php?rest_route=%2Fwp%2Fv2%2Fcategories&post=26215"},{"taxonomy":"post_tag","embeddable":true,"href":"https:\/\/blogdoere.com.br\/index.php?rest_route=%2Fwp%2Fv2%2Ftags&post=26215"}],"curies":[{"name":"wp","href":"https:\/\/api.w.org\/{rel}","templated":true}]}}