{"id":26219,"date":"2017-01-02T00:47:00","date_gmt":"2017-01-02T00:47:00","guid":{"rendered":"http:\/\/blogdoere.com.br\/?p=26219"},"modified":"2017-01-02T00:47:00","modified_gmt":"2017-01-02T00:47:00","slug":"itajuipe-padua-e-reeleito-presidente-do-sindicato-dos-servidores-publicos-com-62-dos-votos","status":"publish","type":"post","link":"https:\/\/blogdoere.com.br\/?p=26219","title":{"rendered":"ITAJU\u00cdPE: P\u00c1DUA \u00c9 REELEITO PRESIDENTE DO SINDICATO DOS SERVIDORES P\u00daBLICOS COM 62% DOS VOTOS."},"content":{"rendered":"<div style=\"clear: both; text-align: center;\"><\/div>\n<div style=\"clear: both; text-align: center;\"><\/div>\n<div style=\"margin-left: 1em; margin-right: 1em;\">&nbsp; &nbsp; &nbsp; &nbsp; &nbsp; &nbsp; &nbsp; &nbsp;<img decoding=\"async\" border=\"0\" height=\"299\" src=\"https:\/\/2.bp.blogspot.com\/-3j5K2g0GYiw\/WGmgxXcTnVI\/AAAAAAAAGDc\/Xf62sWb3R40ecXYZEq7HTY6KmTyYWoYcwCLcB\/s320\/IMG_20170101_213458.jpg\" style=\"color: #0000ee; text-align: center;\" width=\"320\" \/><\/div>\n<div style=\"margin-left: 1em; margin-right: 1em;\"><\/div>\n<p><span style=\"text-align: justify;\">Em elei\u00e7\u00e3o realizada ontem (30\/12), no pr\u00e9dio da C\u00e2mara de Vereadores P\u00e1dua Galo foi &nbsp; reeleito com 62% dos votos v\u00e1lidos presidente do Sindicato dos Servidores P\u00fablicos.&nbsp;<\/span><\/p>\n<div style=\"text-align: justify;\"><\/div>\n<div style=\"text-align: justify;\">Galo, que venceu M\u00e1rio Gon\u00e7alves dos Santos Junior na urna, obteve 40 votos; o seu oponente 24. Ainda de acordo com informa\u00e7\u00f5es cerca de 64 servidores p\u00fablicos votaram &#8211; num total de 83 aptos, ficando &nbsp; registrado 19 absten\u00e7\u00f5es.&nbsp;<\/div>\n<div style=\"text-align: justify;\"><\/div>\n<p><span style=\"text-align: justify;\">P\u00e1dua Galo<\/span><span style=\"text-align: justify;\">&nbsp;continuar\u00e1 na presid\u00eancia do Sindicato dos Servidores P\u00fablicos do munic\u00edpio de Itaju\u00edpe por mais quatro anos e promete, desde j\u00e1, &nbsp;inovar sua nova gest\u00e3o lutando ainda mais pelos direitos dos servidores.<\/span><\/p>\n<div style=\"text-align: justify;\"><span style=\"text-align: justify;\"><\/span><\/div>\n<p><span style=\"text-align: justify;\"><\/span><span style=\"text-align: justify;\"><\/span><br \/><span style=\"text-align: justify;\"><\/span><\/p>\n","protected":false},"excerpt":{"rendered":"<p>&nbsp; &nbsp; &nbsp; &nbsp; &nbsp; &nbsp; &nbsp; &nbsp; Em elei\u00e7\u00e3o realizada ontem (30\/12), no pr\u00e9dio da C\u00e2mara de Vereadores P\u00e1dua Galo foi &nbsp; reeleito com 62% dos votos v\u00e1lidos presidente&#8230;<\/p>\n","protected":false},"author":2,"featured_media":0,"comment_status":"open","ping_status":"open","sticky":false,"template":"","format":"standard","meta":{"_editorskit_title_hidden":false,"_editorskit_reading_time":0,"_editorskit_is_block_options_detached":false,"_editorskit_block_options_position":"{}","om_disable_all_campaigns":false,"_mi_skip_tracking":false,"_kad_post_transparent":"","_kad_post_title":"","_kad_post_layout":"","_kad_post_sidebar_id":"","_kad_post_content_style":"","_kad_post_vertical_padding":"","_kad_post_feature":"","_kad_post_feature_position":"","_kad_post_header":false,"_kad_post_footer":false,"footnotes":""},"categories":[1],"tags":[],"class_list":["post-26219","post","type-post","status-publish","format-standard","hentry","category-destaques"],"yoast_head":"<!-- This site is optimized with the Yoast SEO plugin v20.5 - https:\/\/yoast.com\/wordpress\/plugins\/seo\/ -->\n<title>ITAJU\u00cdPE: P\u00c1DUA \u00c9 REELEITO PRESIDENTE DO SINDICATO DOS SERVIDORES P\u00daBLICOS COM 62% DOS VOTOS. - blog do er\u00ea<\/title>\n<meta name=\"robots\" content=\"index, follow, max-snippet:-1, max-image-preview:large, max-video-preview:-1\" \/>\n<link rel=\"canonical\" href=\"https:\/\/blogdoere.com.br\/?p=26219\" \/>\n<meta property=\"og:locale\" content=\"pt_PT\" \/>\n<meta property=\"og:type\" content=\"article\" \/>\n<meta property=\"og:title\" content=\"ITAJU\u00cdPE: P\u00c1DUA \u00c9 REELEITO PRESIDENTE DO SINDICATO DOS SERVIDORES P\u00daBLICOS COM 62% DOS VOTOS. - blog do er\u00ea\" \/>\n<meta property=\"og:description\" content=\"&nbsp; &nbsp; &nbsp; &nbsp; &nbsp; &nbsp; &nbsp; &nbsp; Em elei\u00e7\u00e3o realizada ontem (30\/12), no pr\u00e9dio da C\u00e2mara de Vereadores P\u00e1dua Galo foi &nbsp; reeleito com 62% dos votos v\u00e1lidos presidente...\" \/>\n<meta property=\"og:url\" content=\"https:\/\/blogdoere.com.br\/?p=26219\" \/>\n<meta property=\"og:site_name\" content=\"blog do er\u00ea\" \/>\n<meta property=\"article:published_time\" content=\"2017-01-02T00:47:00+00:00\" \/>\n<meta property=\"og:image\" content=\"https:\/\/2.bp.blogspot.com\/-3j5K2g0GYiw\/WGmgxXcTnVI\/AAAAAAAAGDc\/Xf62sWb3R40ecXYZEq7HTY6KmTyYWoYcwCLcB\/s320\/IMG_20170101_213458.jpg\" \/>\n<meta name=\"author\" content=\"Ere\" \/>\n<meta name=\"twitter:card\" content=\"summary_large_image\" \/>\n<meta name=\"twitter:label1\" content=\"Escrito por\" \/>\n\t<meta name=\"twitter:data1\" content=\"Ere\" \/>\n\t<meta name=\"twitter:label2\" content=\"Tempo estimado de leitura\" \/>\n\t<meta name=\"twitter:data2\" content=\"1 minuto\" \/>\n<script type=\"application\/ld+json\" class=\"yoast-schema-graph\">{\"@context\":\"https:\/\/schema.org\",\"@graph\":[{\"@type\":\"Article\",\"@id\":\"https:\/\/blogdoere.com.br\/?p=26219#article\",\"isPartOf\":{\"@id\":\"https:\/\/blogdoere.com.br\/?p=26219\"},\"author\":{\"name\":\"Ere\",\"@id\":\"https:\/\/blogdoere.com.br\/#\/schema\/person\/4b56ed2336cb28ae3415ce8ffe56742e\"},\"headline\":\"ITAJU\u00cdPE: P\u00c1DUA \u00c9 REELEITO PRESIDENTE DO SINDICATO DOS SERVIDORES P\u00daBLICOS COM 62% DOS VOTOS.\",\"datePublished\":\"2017-01-02T00:47:00+00:00\",\"dateModified\":\"2017-01-02T00:47:00+00:00\",\"mainEntityOfPage\":{\"@id\":\"https:\/\/blogdoere.com.br\/?p=26219\"},\"wordCount\":136,\"commentCount\":0,\"publisher\":{\"@id\":\"https:\/\/blogdoere.com.br\/#organization\"},\"articleSection\":[\"Destaques\"],\"inLanguage\":\"pt-PT\",\"potentialAction\":[{\"@type\":\"CommentAction\",\"name\":\"Comment\",\"target\":[\"https:\/\/blogdoere.com.br\/?p=26219#respond\"]}]},{\"@type\":\"WebPage\",\"@id\":\"https:\/\/blogdoere.com.br\/?p=26219\",\"url\":\"https:\/\/blogdoere.com.br\/?p=26219\",\"name\":\"ITAJU\u00cdPE: P\u00c1DUA \u00c9 REELEITO PRESIDENTE DO SINDICATO DOS SERVIDORES P\u00daBLICOS COM 62% DOS VOTOS. - blog do er\u00ea\",\"isPartOf\":{\"@id\":\"https:\/\/blogdoere.com.br\/#website\"},\"datePublished\":\"2017-01-02T00:47:00+00:00\",\"dateModified\":\"2017-01-02T00:47:00+00:00\",\"breadcrumb\":{\"@id\":\"https:\/\/blogdoere.com.br\/?p=26219#breadcrumb\"},\"inLanguage\":\"pt-PT\",\"potentialAction\":[{\"@type\":\"ReadAction\",\"target\":[\"https:\/\/blogdoere.com.br\/?p=26219\"]}]},{\"@type\":\"BreadcrumbList\",\"@id\":\"https:\/\/blogdoere.com.br\/?p=26219#breadcrumb\",\"itemListElement\":[{\"@type\":\"ListItem\",\"position\":1,\"name\":\"In\u00edcio\",\"item\":\"https:\/\/blogdoere.com.br\/\"},{\"@type\":\"ListItem\",\"position\":2,\"name\":\"ITAJU\u00cdPE: P\u00c1DUA \u00c9 REELEITO PRESIDENTE DO SINDICATO DOS SERVIDORES P\u00daBLICOS COM 62% DOS VOTOS.\"}]},{\"@type\":\"WebSite\",\"@id\":\"https:\/\/blogdoere.com.br\/#website\",\"url\":\"https:\/\/blogdoere.com.br\/\",\"name\":\"blog do er\u00ea\",\"description\":\"\",\"publisher\":{\"@id\":\"https:\/\/blogdoere.com.br\/#organization\"},\"potentialAction\":[{\"@type\":\"SearchAction\",\"target\":{\"@type\":\"EntryPoint\",\"urlTemplate\":\"https:\/\/blogdoere.com.br\/?s={search_term_string}\"},\"query-input\":\"required name=search_term_string\"}],\"inLanguage\":\"pt-PT\"},{\"@type\":\"Organization\",\"@id\":\"https:\/\/blogdoere.com.br\/#organization\",\"name\":\"Blog do Er\u00ea\",\"url\":\"https:\/\/blogdoere.com.br\/\",\"logo\":{\"@type\":\"ImageObject\",\"inLanguage\":\"pt-PT\",\"@id\":\"https:\/\/blogdoere.com.br\/#\/schema\/logo\/image\/\",\"url\":\"https:\/\/blogdoere.com.br\/wp-content\/uploads\/2021\/11\/Logo-Ere-1.png\",\"contentUrl\":\"https:\/\/blogdoere.com.br\/wp-content\/uploads\/2021\/11\/Logo-Ere-1.png\",\"width\":1261,\"height\":1330,\"caption\":\"Blog do Er\u00ea\"},\"image\":{\"@id\":\"https:\/\/blogdoere.com.br\/#\/schema\/logo\/image\/\"}},{\"@type\":\"Person\",\"@id\":\"https:\/\/blogdoere.com.br\/#\/schema\/person\/4b56ed2336cb28ae3415ce8ffe56742e\",\"name\":\"Ere\",\"image\":{\"@type\":\"ImageObject\",\"inLanguage\":\"pt-PT\",\"@id\":\"https:\/\/blogdoere.com.br\/#\/schema\/person\/image\/\",\"url\":\"https:\/\/secure.gravatar.com\/avatar\/?s=96&d=mm&r=g\",\"contentUrl\":\"https:\/\/secure.gravatar.com\/avatar\/?s=96&d=mm&r=g\",\"caption\":\"Ere\"}}]}<\/script>\n<!-- \/ Yoast SEO plugin. -->","yoast_head_json":{"title":"ITAJU\u00cdPE: P\u00c1DUA \u00c9 REELEITO PRESIDENTE DO SINDICATO DOS SERVIDORES P\u00daBLICOS COM 62% DOS VOTOS. - blog do er\u00ea","robots":{"index":"index","follow":"follow","max-snippet":"max-snippet:-1","max-image-preview":"max-image-preview:large","max-video-preview":"max-video-preview:-1"},"canonical":"https:\/\/blogdoere.com.br\/?p=26219","og_locale":"pt_PT","og_type":"article","og_title":"ITAJU\u00cdPE: P\u00c1DUA \u00c9 REELEITO PRESIDENTE DO SINDICATO DOS SERVIDORES P\u00daBLICOS COM 62% DOS VOTOS. - blog do er\u00ea","og_description":"&nbsp; &nbsp; &nbsp; &nbsp; &nbsp; &nbsp; &nbsp; &nbsp; Em elei\u00e7\u00e3o realizada ontem (30\/12), no pr\u00e9dio da C\u00e2mara de Vereadores P\u00e1dua Galo foi &nbsp; reeleito com 62% dos votos v\u00e1lidos presidente...","og_url":"https:\/\/blogdoere.com.br\/?p=26219","og_site_name":"blog do er\u00ea","article_published_time":"2017-01-02T00:47:00+00:00","og_image":[{"url":"https:\/\/2.bp.blogspot.com\/-3j5K2g0GYiw\/WGmgxXcTnVI\/AAAAAAAAGDc\/Xf62sWb3R40ecXYZEq7HTY6KmTyYWoYcwCLcB\/s320\/IMG_20170101_213458.jpg"}],"author":"Ere","twitter_card":"summary_large_image","twitter_misc":{"Escrito por":"Ere","Tempo estimado de leitura":"1 minuto"},"schema":{"@context":"https:\/\/schema.org","@graph":[{"@type":"Article","@id":"https:\/\/blogdoere.com.br\/?p=26219#article","isPartOf":{"@id":"https:\/\/blogdoere.com.br\/?p=26219"},"author":{"name":"Ere","@id":"https:\/\/blogdoere.com.br\/#\/schema\/person\/4b56ed2336cb28ae3415ce8ffe56742e"},"headline":"ITAJU\u00cdPE: P\u00c1DUA \u00c9 REELEITO PRESIDENTE DO SINDICATO DOS SERVIDORES P\u00daBLICOS COM 62% DOS VOTOS.","datePublished":"2017-01-02T00:47:00+00:00","dateModified":"2017-01-02T00:47:00+00:00","mainEntityOfPage":{"@id":"https:\/\/blogdoere.com.br\/?p=26219"},"wordCount":136,"commentCount":0,"publisher":{"@id":"https:\/\/blogdoere.com.br\/#organization"},"articleSection":["Destaques"],"inLanguage":"pt-PT","potentialAction":[{"@type":"CommentAction","name":"Comment","target":["https:\/\/blogdoere.com.br\/?p=26219#respond"]}]},{"@type":"WebPage","@id":"https:\/\/blogdoere.com.br\/?p=26219","url":"https:\/\/blogdoere.com.br\/?p=26219","name":"ITAJU\u00cdPE: P\u00c1DUA \u00c9 REELEITO PRESIDENTE DO SINDICATO DOS SERVIDORES P\u00daBLICOS COM 62% DOS VOTOS. - blog do er\u00ea","isPartOf":{"@id":"https:\/\/blogdoere.com.br\/#website"},"datePublished":"2017-01-02T00:47:00+00:00","dateModified":"2017-01-02T00:47:00+00:00","breadcrumb":{"@id":"https:\/\/blogdoere.com.br\/?p=26219#breadcrumb"},"inLanguage":"pt-PT","potentialAction":[{"@type":"ReadAction","target":["https:\/\/blogdoere.com.br\/?p=26219"]}]},{"@type":"BreadcrumbList","@id":"https:\/\/blogdoere.com.br\/?p=26219#breadcrumb","itemListElement":[{"@type":"ListItem","position":1,"name":"In\u00edcio","item":"https:\/\/blogdoere.com.br\/"},{"@type":"ListItem","position":2,"name":"ITAJU\u00cdPE: P\u00c1DUA \u00c9 REELEITO PRESIDENTE DO SINDICATO DOS SERVIDORES P\u00daBLICOS COM 62% DOS VOTOS."}]},{"@type":"WebSite","@id":"https:\/\/blogdoere.com.br\/#website","url":"https:\/\/blogdoere.com.br\/","name":"blog do er\u00ea","description":"","publisher":{"@id":"https:\/\/blogdoere.com.br\/#organization"},"potentialAction":[{"@type":"SearchAction","target":{"@type":"EntryPoint","urlTemplate":"https:\/\/blogdoere.com.br\/?s={search_term_string}"},"query-input":"required name=search_term_string"}],"inLanguage":"pt-PT"},{"@type":"Organization","@id":"https:\/\/blogdoere.com.br\/#organization","name":"Blog do Er\u00ea","url":"https:\/\/blogdoere.com.br\/","logo":{"@type":"ImageObject","inLanguage":"pt-PT","@id":"https:\/\/blogdoere.com.br\/#\/schema\/logo\/image\/","url":"https:\/\/blogdoere.com.br\/wp-content\/uploads\/2021\/11\/Logo-Ere-1.png","contentUrl":"https:\/\/blogdoere.com.br\/wp-content\/uploads\/2021\/11\/Logo-Ere-1.png","width":1261,"height":1330,"caption":"Blog do Er\u00ea"},"image":{"@id":"https:\/\/blogdoere.com.br\/#\/schema\/logo\/image\/"}},{"@type":"Person","@id":"https:\/\/blogdoere.com.br\/#\/schema\/person\/4b56ed2336cb28ae3415ce8ffe56742e","name":"Ere","image":{"@type":"ImageObject","inLanguage":"pt-PT","@id":"https:\/\/blogdoere.com.br\/#\/schema\/person\/image\/","url":"https:\/\/secure.gravatar.com\/avatar\/?s=96&d=mm&r=g","contentUrl":"https:\/\/secure.gravatar.com\/avatar\/?s=96&d=mm&r=g","caption":"Ere"}}]}},"featured_image_urls":{"full":"","thumbnail":"","medium":"","medium_large":"","large":"","1536x1536":"","2048x2048":""},"author_info":{"display_name":"Ere","author_link":"https:\/\/blogdoere.com.br\/?author=2"},"category_info":"<a href=\"https:\/\/blogdoere.com.br\/?cat=1\" rel=\"category\">Destaques<\/a>","tag_info":"Destaques","comment_count":"0","_links":{"self":[{"href":"https:\/\/blogdoere.com.br\/index.php?rest_route=\/wp\/v2\/posts\/26219","targetHints":{"allow":["GET"]}}],"collection":[{"href":"https:\/\/blogdoere.com.br\/index.php?rest_route=\/wp\/v2\/posts"}],"about":[{"href":"https:\/\/blogdoere.com.br\/index.php?rest_route=\/wp\/v2\/types\/post"}],"author":[{"embeddable":true,"href":"https:\/\/blogdoere.com.br\/index.php?rest_route=\/wp\/v2\/users\/2"}],"replies":[{"embeddable":true,"href":"https:\/\/blogdoere.com.br\/index.php?rest_route=%2Fwp%2Fv2%2Fcomments&post=26219"}],"version-history":[{"count":0,"href":"https:\/\/blogdoere.com.br\/index.php?rest_route=\/wp\/v2\/posts\/26219\/revisions"}],"wp:attachment":[{"href":"https:\/\/blogdoere.com.br\/index.php?rest_route=%2Fwp%2Fv2%2Fmedia&parent=26219"}],"wp:term":[{"taxonomy":"category","embeddable":true,"href":"https:\/\/blogdoere.com.br\/index.php?rest_route=%2Fwp%2Fv2%2Fcategories&post=26219"},{"taxonomy":"post_tag","embeddable":true,"href":"https:\/\/blogdoere.com.br\/index.php?rest_route=%2Fwp%2Fv2%2Ftags&post=26219"}],"curies":[{"name":"wp","href":"https:\/\/api.w.org\/{rel}","templated":true}]}}