{"id":26220,"date":"2016-12-21T22:18:00","date_gmt":"2016-12-21T22:18:00","guid":{"rendered":"http:\/\/blogdoere.com.br\/?p=26220"},"modified":"2016-12-21T22:18:00","modified_gmt":"2016-12-21T22:18:00","slug":"itajuipe-gilka-e-jorjao-pagam-13-salario-dos-funcionarios","status":"publish","type":"post","link":"https:\/\/blogdoere.com.br\/?p=26220","title":{"rendered":"ITAJU\u00cdPE: GILKA E JORJ\u00c3O PAGAM 13\u00b0 SAL\u00c1RIO DOS FUNCION\u00c1RIOS."},"content":{"rendered":"<h4 style=\"background-color: white; color: #1a3337; font-family: Calibri, Arial, Helvetica, sans-serif; font-size: 14px; font-weight: normal; text-align: justify;\"><\/h4>\n<div style=\"clear: both; text-align: center;\"><a href=\"https:\/\/4.bp.blogspot.com\/-Z4bfxwkncWw\/WFr_W42gshI\/AAAAAAAAGC8\/a7CuSirB-WQ1ijRetwRY8Dgbi1S9t-l8gCLcB\/s1600\/jorje-e-gilka.jpg\" style=\"margin-left: 1em; margin-right: 1em;\"><img decoding=\"async\" border=\"0\" src=\"https:\/\/4.bp.blogspot.com\/-Z4bfxwkncWw\/WFr_W42gshI\/AAAAAAAAGC8\/a7CuSirB-WQ1ijRetwRY8Dgbi1S9t-l8gCLcB\/s1600\/jorje-e-gilka.jpg\" \/><\/a><\/div>\n<h4 style=\"background-color: white; color: #1a3337; font-family: Calibri, Arial, Helvetica, sans-serif; font-size: 14px; font-weight: normal; text-align: justify;\"><\/h4>\n<h4 style=\"background-color: white; color: #1a3337; font-family: Calibri, Arial, Helvetica, sans-serif; font-size: 14px; font-weight: normal; text-align: justify;\">Est\u00e1 dispon\u00edvel desde essa ter\u00e7a-feira (20), o 13\u00ba sal\u00e1rio dos servidores municipais da Prefeitura de Itaju\u00edpe. O pagamento foi feito em parcela \u00fanica o que representa um impacto positivo na economia do munic\u00edpio.<\/h4>\n<h4 style=\"background-color: white; color: #1a3337; font-family: Calibri, Arial, Helvetica, sans-serif; font-size: 14px; font-weight: normal; text-align: justify;\">A prefeita de Itaju\u00edpe, Gilka Badar\u00f3 (PSB) anunciou com grande satisfa\u00e7\u00e3o que o 13\u00ba sal\u00e1rios j\u00e1 estava na conta dos funcion\u00e1rios da prefeitura. Gilka fez quest\u00e3o de elogiar a capacidade do vice-prefeito, Jorj\u00e3o (PSB), que como gestor do governo organizou as contas e vai entregar a prefeitura com o sal\u00e1rio em dia.<\/h4>\n<h4 style=\"background-color: white; color: #1a3337; font-family: Calibri, Arial, Helvetica, sans-serif; font-size: 14px; font-weight: normal; text-align: justify;\">\u201c\u00c9 com uma satisfa\u00e7\u00e3o muito grande que anunciamos o pagamento do 13\u00ba aos servidores, afinal \u00e9 uma forma dos funcion\u00e1rios antecipar as compras de natal e final de ano, aquecendo tamb\u00e9m o nosso com\u00e9rcio local\u201d, explicou Gilka.<\/h4>\n<h4 style=\"background-color: white; color: #1a3337; font-family: Calibri, Arial, Helvetica, sans-serif; font-size: 14px; font-weight: normal; text-align: justify;\">Gilka Badar\u00f3 ainda destacou que o ex-prefeito Marcos&nbsp;Dantas (DEM), entregou a prefeitura com sal\u00e1rios atrasados: \u201c \u00e9 a nossa obriga\u00e7\u00e3o entregar a prefeitura com as contas em dia, o ex-prefeito deixou a prefeitura sem pagar os sal\u00e1rios de outubro a dezembro\u201d, finalizou Gilka. Informa\u00e7\u00f5es do Pol\u00edtico do Sul da Bahia.<\/h4>\n","protected":false},"excerpt":{"rendered":"<p>Est\u00e1 dispon\u00edvel desde essa ter\u00e7a-feira (20), o 13\u00ba sal\u00e1rio dos servidores municipais da Prefeitura de Itaju\u00edpe. O pagamento foi feito em parcela \u00fanica o que representa um impacto positivo na&#8230;<\/p>\n","protected":false},"author":2,"featured_media":0,"comment_status":"open","ping_status":"open","sticky":false,"template":"","format":"standard","meta":{"_editorskit_title_hidden":false,"_editorskit_reading_time":0,"_editorskit_is_block_options_detached":false,"_editorskit_block_options_position":"{}","om_disable_all_campaigns":false,"_mi_skip_tracking":false,"_kad_post_transparent":"","_kad_post_title":"","_kad_post_layout":"","_kad_post_sidebar_id":"","_kad_post_content_style":"","_kad_post_vertical_padding":"","_kad_post_feature":"","_kad_post_feature_position":"","_kad_post_header":false,"_kad_post_footer":false,"footnotes":""},"categories":[1],"tags":[],"class_list":["post-26220","post","type-post","status-publish","format-standard","hentry","category-destaques"],"yoast_head":"<!-- This site is optimized with the Yoast SEO plugin v20.5 - https:\/\/yoast.com\/wordpress\/plugins\/seo\/ -->\n<title>ITAJU\u00cdPE: GILKA E JORJ\u00c3O PAGAM 13\u00b0 SAL\u00c1RIO DOS FUNCION\u00c1RIOS. - blog do er\u00ea<\/title>\n<meta name=\"robots\" content=\"index, follow, max-snippet:-1, max-image-preview:large, max-video-preview:-1\" \/>\n<link rel=\"canonical\" href=\"https:\/\/blogdoere.com.br\/?p=26220\" \/>\n<meta property=\"og:locale\" content=\"pt_PT\" \/>\n<meta property=\"og:type\" content=\"article\" \/>\n<meta property=\"og:title\" content=\"ITAJU\u00cdPE: GILKA E JORJ\u00c3O PAGAM 13\u00b0 SAL\u00c1RIO DOS FUNCION\u00c1RIOS. - blog do er\u00ea\" \/>\n<meta property=\"og:description\" content=\"Est\u00e1 dispon\u00edvel desde essa ter\u00e7a-feira (20), o 13\u00ba sal\u00e1rio dos servidores municipais da Prefeitura de Itaju\u00edpe. O pagamento foi feito em parcela \u00fanica o que representa um impacto positivo na...\" \/>\n<meta property=\"og:url\" content=\"https:\/\/blogdoere.com.br\/?p=26220\" \/>\n<meta property=\"og:site_name\" content=\"blog do er\u00ea\" \/>\n<meta property=\"article:published_time\" content=\"2016-12-21T22:18:00+00:00\" \/>\n<meta property=\"og:image\" content=\"https:\/\/4.bp.blogspot.com\/-Z4bfxwkncWw\/WFr_W42gshI\/AAAAAAAAGC8\/a7CuSirB-WQ1ijRetwRY8Dgbi1S9t-l8gCLcB\/s1600\/jorje-e-gilka.jpg\" \/>\n<meta name=\"author\" content=\"Ere\" \/>\n<meta name=\"twitter:card\" content=\"summary_large_image\" \/>\n<meta name=\"twitter:label1\" content=\"Escrito por\" \/>\n\t<meta name=\"twitter:data1\" content=\"Ere\" \/>\n\t<meta name=\"twitter:label2\" content=\"Tempo estimado de leitura\" \/>\n\t<meta name=\"twitter:data2\" content=\"1 minuto\" \/>\n<script type=\"application\/ld+json\" class=\"yoast-schema-graph\">{\"@context\":\"https:\/\/schema.org\",\"@graph\":[{\"@type\":\"Article\",\"@id\":\"https:\/\/blogdoere.com.br\/?p=26220#article\",\"isPartOf\":{\"@id\":\"https:\/\/blogdoere.com.br\/?p=26220\"},\"author\":{\"name\":\"Ere\",\"@id\":\"https:\/\/blogdoere.com.br\/#\/schema\/person\/4b56ed2336cb28ae3415ce8ffe56742e\"},\"headline\":\"ITAJU\u00cdPE: GILKA E JORJ\u00c3O PAGAM 13\u00b0 SAL\u00c1RIO DOS FUNCION\u00c1RIOS.\",\"datePublished\":\"2016-12-21T22:18:00+00:00\",\"dateModified\":\"2016-12-21T22:18:00+00:00\",\"mainEntityOfPage\":{\"@id\":\"https:\/\/blogdoere.com.br\/?p=26220\"},\"wordCount\":199,\"commentCount\":0,\"publisher\":{\"@id\":\"https:\/\/blogdoere.com.br\/#organization\"},\"articleSection\":[\"Destaques\"],\"inLanguage\":\"pt-PT\",\"potentialAction\":[{\"@type\":\"CommentAction\",\"name\":\"Comment\",\"target\":[\"https:\/\/blogdoere.com.br\/?p=26220#respond\"]}]},{\"@type\":\"WebPage\",\"@id\":\"https:\/\/blogdoere.com.br\/?p=26220\",\"url\":\"https:\/\/blogdoere.com.br\/?p=26220\",\"name\":\"ITAJU\u00cdPE: GILKA E JORJ\u00c3O PAGAM 13\u00b0 SAL\u00c1RIO DOS FUNCION\u00c1RIOS. - blog do er\u00ea\",\"isPartOf\":{\"@id\":\"https:\/\/blogdoere.com.br\/#website\"},\"datePublished\":\"2016-12-21T22:18:00+00:00\",\"dateModified\":\"2016-12-21T22:18:00+00:00\",\"breadcrumb\":{\"@id\":\"https:\/\/blogdoere.com.br\/?p=26220#breadcrumb\"},\"inLanguage\":\"pt-PT\",\"potentialAction\":[{\"@type\":\"ReadAction\",\"target\":[\"https:\/\/blogdoere.com.br\/?p=26220\"]}]},{\"@type\":\"BreadcrumbList\",\"@id\":\"https:\/\/blogdoere.com.br\/?p=26220#breadcrumb\",\"itemListElement\":[{\"@type\":\"ListItem\",\"position\":1,\"name\":\"In\u00edcio\",\"item\":\"https:\/\/blogdoere.com.br\/\"},{\"@type\":\"ListItem\",\"position\":2,\"name\":\"ITAJU\u00cdPE: GILKA E JORJ\u00c3O PAGAM 13\u00b0 SAL\u00c1RIO DOS FUNCION\u00c1RIOS.\"}]},{\"@type\":\"WebSite\",\"@id\":\"https:\/\/blogdoere.com.br\/#website\",\"url\":\"https:\/\/blogdoere.com.br\/\",\"name\":\"blog do er\u00ea\",\"description\":\"\",\"publisher\":{\"@id\":\"https:\/\/blogdoere.com.br\/#organization\"},\"potentialAction\":[{\"@type\":\"SearchAction\",\"target\":{\"@type\":\"EntryPoint\",\"urlTemplate\":\"https:\/\/blogdoere.com.br\/?s={search_term_string}\"},\"query-input\":\"required name=search_term_string\"}],\"inLanguage\":\"pt-PT\"},{\"@type\":\"Organization\",\"@id\":\"https:\/\/blogdoere.com.br\/#organization\",\"name\":\"Blog do Er\u00ea\",\"url\":\"https:\/\/blogdoere.com.br\/\",\"logo\":{\"@type\":\"ImageObject\",\"inLanguage\":\"pt-PT\",\"@id\":\"https:\/\/blogdoere.com.br\/#\/schema\/logo\/image\/\",\"url\":\"https:\/\/blogdoere.com.br\/wp-content\/uploads\/2021\/11\/Logo-Ere-1.png\",\"contentUrl\":\"https:\/\/blogdoere.com.br\/wp-content\/uploads\/2021\/11\/Logo-Ere-1.png\",\"width\":1261,\"height\":1330,\"caption\":\"Blog do Er\u00ea\"},\"image\":{\"@id\":\"https:\/\/blogdoere.com.br\/#\/schema\/logo\/image\/\"}},{\"@type\":\"Person\",\"@id\":\"https:\/\/blogdoere.com.br\/#\/schema\/person\/4b56ed2336cb28ae3415ce8ffe56742e\",\"name\":\"Ere\",\"image\":{\"@type\":\"ImageObject\",\"inLanguage\":\"pt-PT\",\"@id\":\"https:\/\/blogdoere.com.br\/#\/schema\/person\/image\/\",\"url\":\"https:\/\/secure.gravatar.com\/avatar\/?s=96&d=mm&r=g\",\"contentUrl\":\"https:\/\/secure.gravatar.com\/avatar\/?s=96&d=mm&r=g\",\"caption\":\"Ere\"}}]}<\/script>\n<!-- \/ Yoast SEO plugin. -->","yoast_head_json":{"title":"ITAJU\u00cdPE: GILKA E JORJ\u00c3O PAGAM 13\u00b0 SAL\u00c1RIO DOS FUNCION\u00c1RIOS. - blog do er\u00ea","robots":{"index":"index","follow":"follow","max-snippet":"max-snippet:-1","max-image-preview":"max-image-preview:large","max-video-preview":"max-video-preview:-1"},"canonical":"https:\/\/blogdoere.com.br\/?p=26220","og_locale":"pt_PT","og_type":"article","og_title":"ITAJU\u00cdPE: GILKA E JORJ\u00c3O PAGAM 13\u00b0 SAL\u00c1RIO DOS FUNCION\u00c1RIOS. - blog do er\u00ea","og_description":"Est\u00e1 dispon\u00edvel desde essa ter\u00e7a-feira (20), o 13\u00ba sal\u00e1rio dos servidores municipais da Prefeitura de Itaju\u00edpe. O pagamento foi feito em parcela \u00fanica o que representa um impacto positivo na...","og_url":"https:\/\/blogdoere.com.br\/?p=26220","og_site_name":"blog do er\u00ea","article_published_time":"2016-12-21T22:18:00+00:00","og_image":[{"url":"https:\/\/4.bp.blogspot.com\/-Z4bfxwkncWw\/WFr_W42gshI\/AAAAAAAAGC8\/a7CuSirB-WQ1ijRetwRY8Dgbi1S9t-l8gCLcB\/s1600\/jorje-e-gilka.jpg"}],"author":"Ere","twitter_card":"summary_large_image","twitter_misc":{"Escrito por":"Ere","Tempo estimado de leitura":"1 minuto"},"schema":{"@context":"https:\/\/schema.org","@graph":[{"@type":"Article","@id":"https:\/\/blogdoere.com.br\/?p=26220#article","isPartOf":{"@id":"https:\/\/blogdoere.com.br\/?p=26220"},"author":{"name":"Ere","@id":"https:\/\/blogdoere.com.br\/#\/schema\/person\/4b56ed2336cb28ae3415ce8ffe56742e"},"headline":"ITAJU\u00cdPE: GILKA E JORJ\u00c3O PAGAM 13\u00b0 SAL\u00c1RIO DOS FUNCION\u00c1RIOS.","datePublished":"2016-12-21T22:18:00+00:00","dateModified":"2016-12-21T22:18:00+00:00","mainEntityOfPage":{"@id":"https:\/\/blogdoere.com.br\/?p=26220"},"wordCount":199,"commentCount":0,"publisher":{"@id":"https:\/\/blogdoere.com.br\/#organization"},"articleSection":["Destaques"],"inLanguage":"pt-PT","potentialAction":[{"@type":"CommentAction","name":"Comment","target":["https:\/\/blogdoere.com.br\/?p=26220#respond"]}]},{"@type":"WebPage","@id":"https:\/\/blogdoere.com.br\/?p=26220","url":"https:\/\/blogdoere.com.br\/?p=26220","name":"ITAJU\u00cdPE: GILKA E JORJ\u00c3O PAGAM 13\u00b0 SAL\u00c1RIO DOS FUNCION\u00c1RIOS. - blog do er\u00ea","isPartOf":{"@id":"https:\/\/blogdoere.com.br\/#website"},"datePublished":"2016-12-21T22:18:00+00:00","dateModified":"2016-12-21T22:18:00+00:00","breadcrumb":{"@id":"https:\/\/blogdoere.com.br\/?p=26220#breadcrumb"},"inLanguage":"pt-PT","potentialAction":[{"@type":"ReadAction","target":["https:\/\/blogdoere.com.br\/?p=26220"]}]},{"@type":"BreadcrumbList","@id":"https:\/\/blogdoere.com.br\/?p=26220#breadcrumb","itemListElement":[{"@type":"ListItem","position":1,"name":"In\u00edcio","item":"https:\/\/blogdoere.com.br\/"},{"@type":"ListItem","position":2,"name":"ITAJU\u00cdPE: GILKA E JORJ\u00c3O PAGAM 13\u00b0 SAL\u00c1RIO DOS FUNCION\u00c1RIOS."}]},{"@type":"WebSite","@id":"https:\/\/blogdoere.com.br\/#website","url":"https:\/\/blogdoere.com.br\/","name":"blog do er\u00ea","description":"","publisher":{"@id":"https:\/\/blogdoere.com.br\/#organization"},"potentialAction":[{"@type":"SearchAction","target":{"@type":"EntryPoint","urlTemplate":"https:\/\/blogdoere.com.br\/?s={search_term_string}"},"query-input":"required name=search_term_string"}],"inLanguage":"pt-PT"},{"@type":"Organization","@id":"https:\/\/blogdoere.com.br\/#organization","name":"Blog do Er\u00ea","url":"https:\/\/blogdoere.com.br\/","logo":{"@type":"ImageObject","inLanguage":"pt-PT","@id":"https:\/\/blogdoere.com.br\/#\/schema\/logo\/image\/","url":"https:\/\/blogdoere.com.br\/wp-content\/uploads\/2021\/11\/Logo-Ere-1.png","contentUrl":"https:\/\/blogdoere.com.br\/wp-content\/uploads\/2021\/11\/Logo-Ere-1.png","width":1261,"height":1330,"caption":"Blog do Er\u00ea"},"image":{"@id":"https:\/\/blogdoere.com.br\/#\/schema\/logo\/image\/"}},{"@type":"Person","@id":"https:\/\/blogdoere.com.br\/#\/schema\/person\/4b56ed2336cb28ae3415ce8ffe56742e","name":"Ere","image":{"@type":"ImageObject","inLanguage":"pt-PT","@id":"https:\/\/blogdoere.com.br\/#\/schema\/person\/image\/","url":"https:\/\/secure.gravatar.com\/avatar\/?s=96&d=mm&r=g","contentUrl":"https:\/\/secure.gravatar.com\/avatar\/?s=96&d=mm&r=g","caption":"Ere"}}]}},"featured_image_urls":{"full":"","thumbnail":"","medium":"","medium_large":"","large":"","1536x1536":"","2048x2048":""},"author_info":{"display_name":"Ere","author_link":"https:\/\/blogdoere.com.br\/?author=2"},"category_info":"<a href=\"https:\/\/blogdoere.com.br\/?cat=1\" rel=\"category\">Destaques<\/a>","tag_info":"Destaques","comment_count":"0","_links":{"self":[{"href":"https:\/\/blogdoere.com.br\/index.php?rest_route=\/wp\/v2\/posts\/26220","targetHints":{"allow":["GET"]}}],"collection":[{"href":"https:\/\/blogdoere.com.br\/index.php?rest_route=\/wp\/v2\/posts"}],"about":[{"href":"https:\/\/blogdoere.com.br\/index.php?rest_route=\/wp\/v2\/types\/post"}],"author":[{"embeddable":true,"href":"https:\/\/blogdoere.com.br\/index.php?rest_route=\/wp\/v2\/users\/2"}],"replies":[{"embeddable":true,"href":"https:\/\/blogdoere.com.br\/index.php?rest_route=%2Fwp%2Fv2%2Fcomments&post=26220"}],"version-history":[{"count":0,"href":"https:\/\/blogdoere.com.br\/index.php?rest_route=\/wp\/v2\/posts\/26220\/revisions"}],"wp:attachment":[{"href":"https:\/\/blogdoere.com.br\/index.php?rest_route=%2Fwp%2Fv2%2Fmedia&parent=26220"}],"wp:term":[{"taxonomy":"category","embeddable":true,"href":"https:\/\/blogdoere.com.br\/index.php?rest_route=%2Fwp%2Fv2%2Fcategories&post=26220"},{"taxonomy":"post_tag","embeddable":true,"href":"https:\/\/blogdoere.com.br\/index.php?rest_route=%2Fwp%2Fv2%2Ftags&post=26220"}],"curies":[{"name":"wp","href":"https:\/\/api.w.org\/{rel}","templated":true}]}}