{"id":26221,"date":"2016-12-21T22:09:00","date_gmt":"2016-12-21T22:09:00","guid":{"rendered":"http:\/\/blogdoere.com.br\/?p=26221"},"modified":"2016-12-21T22:09:00","modified_gmt":"2016-12-21T22:09:00","slug":"coaraci-prefeito-eleito-jadson-albano-anuncia-equipe-de-governo","status":"publish","type":"post","link":"https:\/\/blogdoere.com.br\/?p=26221","title":{"rendered":"COARACI: PREFEITO ELEITO JADSON ALBANO ANUNCIA EQUIPE DE GOVERNO."},"content":{"rendered":"<div style=\"text-align: justify;\"><\/div>\n<div style=\"text-align: justify;\">\n<div style=\"clear: both; text-align: center;\"><a href=\"https:\/\/2.bp.blogspot.com\/-BAbLxNfQ7LI\/WFr9Hyx56-I\/AAAAAAAAGCw\/4iZ8LJY7ce8yQT2tDobn9RyBnkKSAWb_gCLcB\/s1600\/Jadson%2BAlbano...jpg\" style=\"margin-left: 1em; margin-right: 1em; text-align: center;\"><img decoding=\"async\" border=\"0\" height=\"180\" src=\"https:\/\/2.bp.blogspot.com\/-BAbLxNfQ7LI\/WFr9Hyx56-I\/AAAAAAAAGCw\/4iZ8LJY7ce8yQT2tDobn9RyBnkKSAWb_gCLcB\/s320\/Jadson%2BAlbano...jpg\" width=\"320\" \/><\/a><\/div>\n<\/div>\n<div style=\"text-align: justify;\"><\/div>\n<div style=\"text-align: justify;\">O prefeito eleito de Coaraci Jadson Albano (DEM) anunciou oficialmente, na noite desta ter\u00e7a-feira (20), na C\u00e2mara Municipal da cidade em evento aberto ao p\u00fablico e com transmiss\u00e3o da Rede Portal e Terra do Sol FM, a sua Equipe de Governo.<\/div>\n<div style=\"text-align: justify;\"><\/div>\n<div style=\"text-align: justify;\">Primeiro escal\u00e3o:<\/div>\n<div style=\"text-align: justify;\">Chefe de Gabinete: Marcos Vinicius Leal Fiel Fagundes Secret\u00e1rio de Administra\u00e7\u00e3o: Edmilson de Oliveira Souza Secret\u00e1ria de Planejamento: Thiago Carvalho Gon\u00e7alves&nbsp;<\/div>\n<div style=\"text-align: justify;\">Secret\u00e1rio de Finan\u00e7as: Raimundo Jesus Ferreira Santos (Beleza) Secret\u00e1ria de Educa\u00e7\u00e3o: Cristine Barbosa da Silva&nbsp;<\/div>\n<div style=\"text-align: justify;\">Secret\u00e1ria de Sa\u00fade: Maria do Carmo Oliveira Figueiredo&nbsp;<\/div>\n<div style=\"text-align: justify;\">Secret\u00e1ria de Assist\u00eancia Social: Mary Suely Brito Leal&nbsp;<\/div>\n<div style=\"text-align: justify;\">Secret\u00e1rio de Obras: Francinaldo Pereira Fontes&nbsp;<\/div>\n<div style=\"text-align: justify;\">Secret\u00e1rio de Agricultura: Gild\u00e1sio Brand\u00e3o de Souza&nbsp;<\/div>\n<div style=\"text-align: justify;\">Procuradoria Jur\u00eddica: Maria Auxiliadora Oliveira Lima&nbsp;<\/div>\n<div style=\"text-align: justify;\">Controladoria Interna: Antonio Jos\u00e9 Brand\u00e3o Calhau&nbsp;<\/div>\n<div style=\"text-align: justify;\"><\/div>\n<div style=\"text-align: justify;\">Segundo escal\u00e3o:&nbsp;<\/div>\n<div style=\"text-align: justify;\">Diretor de Esporte: Francolino Gon\u00e7alves Neto (B\u00eaca)&nbsp;<\/div>\n<div style=\"text-align: justify;\">Diretora de Cultura: Elisabeth Batista Menezes (Beth Sete)&nbsp;<\/div>\n<div style=\"text-align: justify;\">Diretor de Transporte: Jos\u00e9 Roberto Selman dos Santos (Bob)&nbsp;<\/div>\n<div style=\"text-align: justify;\">Diretora de Meio Ambiente: Selma Quinto dos Santos&nbsp;<\/div>\n<div style=\"text-align: justify;\"><\/div>\n<div style=\"text-align: justify;\">Na oportunidade Jadson anunciou a programa\u00e7\u00e3o para o dia 1\u00ba de janeiro, dia da posse: 9h: Missa Solene na Igreja Nossa Senhora de Lourdes. 14h: Posse dos vereadores no Clube Social de Coaraci e elei\u00e7\u00e3o da Mesa Diretora da C\u00e2mara Municipal, bi\u00eanio 2017\/2018. Posse do prefeito Jadson Albano (DEM) e do vice-prefeito Rosival Carvalho (PV) 17h30: Transmiss\u00e3o de governo na Prefeitura Municipal de Coaraci.&nbsp;<\/div>\n<div style=\"text-align: justify;\"><\/div>\n<div style=\"text-align: justify;\">Ao termino do evento Jadson Albano, pediu ao povo de Coaraci paci\u00eancia com o novo prefeito, pois ele n\u00e3o sabe de tudo, finalizou pedindo que o povo reze por ele e que seja derramado v\u00e1rias b\u00ean\u00e7\u00e3os. Informa\u00e7\u00f5es do Entre Aspas.<\/p>\n<div style=\"clear: both; text-align: center;\"><\/div>\n<\/div>\n","protected":false},"excerpt":{"rendered":"<p>O prefeito eleito de Coaraci Jadson Albano (DEM) anunciou oficialmente, na noite desta ter\u00e7a-feira (20), na C\u00e2mara Municipal da cidade em evento aberto ao p\u00fablico e com transmiss\u00e3o da Rede&#8230;<\/p>\n","protected":false},"author":2,"featured_media":0,"comment_status":"open","ping_status":"open","sticky":false,"template":"","format":"standard","meta":{"_editorskit_title_hidden":false,"_editorskit_reading_time":0,"_editorskit_is_block_options_detached":false,"_editorskit_block_options_position":"{}","om_disable_all_campaigns":false,"_mi_skip_tracking":false,"_kad_post_transparent":"","_kad_post_title":"","_kad_post_layout":"","_kad_post_sidebar_id":"","_kad_post_content_style":"","_kad_post_vertical_padding":"","_kad_post_feature":"","_kad_post_feature_position":"","_kad_post_header":false,"_kad_post_footer":false,"footnotes":""},"categories":[1],"tags":[],"class_list":["post-26221","post","type-post","status-publish","format-standard","hentry","category-destaques"],"yoast_head":"<!-- This site is optimized with the Yoast SEO plugin v20.5 - https:\/\/yoast.com\/wordpress\/plugins\/seo\/ -->\n<title>COARACI: PREFEITO ELEITO JADSON ALBANO ANUNCIA EQUIPE DE GOVERNO. - blog do er\u00ea<\/title>\n<meta name=\"robots\" content=\"index, follow, max-snippet:-1, max-image-preview:large, max-video-preview:-1\" \/>\n<link rel=\"canonical\" href=\"https:\/\/blogdoere.com.br\/?p=26221\" \/>\n<meta property=\"og:locale\" content=\"pt_PT\" \/>\n<meta property=\"og:type\" content=\"article\" \/>\n<meta property=\"og:title\" content=\"COARACI: PREFEITO ELEITO JADSON ALBANO ANUNCIA EQUIPE DE GOVERNO. - blog do er\u00ea\" \/>\n<meta property=\"og:description\" content=\"O prefeito eleito de Coaraci Jadson Albano (DEM) anunciou oficialmente, na noite desta ter\u00e7a-feira (20), na C\u00e2mara Municipal da cidade em evento aberto ao p\u00fablico e com transmiss\u00e3o da Rede...\" \/>\n<meta property=\"og:url\" content=\"https:\/\/blogdoere.com.br\/?p=26221\" \/>\n<meta property=\"og:site_name\" content=\"blog do er\u00ea\" \/>\n<meta property=\"article:published_time\" content=\"2016-12-21T22:09:00+00:00\" \/>\n<meta property=\"og:image\" content=\"https:\/\/2.bp.blogspot.com\/-BAbLxNfQ7LI\/WFr9Hyx56-I\/AAAAAAAAGCw\/4iZ8LJY7ce8yQT2tDobn9RyBnkKSAWb_gCLcB\/s320\/Jadson%2BAlbano...jpg\" \/>\n<meta name=\"author\" content=\"Ere\" \/>\n<meta name=\"twitter:card\" content=\"summary_large_image\" \/>\n<meta name=\"twitter:label1\" content=\"Escrito por\" \/>\n\t<meta name=\"twitter:data1\" content=\"Ere\" \/>\n\t<meta name=\"twitter:label2\" content=\"Tempo estimado de leitura\" \/>\n\t<meta name=\"twitter:data2\" content=\"2 minutos\" \/>\n<script type=\"application\/ld+json\" class=\"yoast-schema-graph\">{\"@context\":\"https:\/\/schema.org\",\"@graph\":[{\"@type\":\"Article\",\"@id\":\"https:\/\/blogdoere.com.br\/?p=26221#article\",\"isPartOf\":{\"@id\":\"https:\/\/blogdoere.com.br\/?p=26221\"},\"author\":{\"name\":\"Ere\",\"@id\":\"https:\/\/blogdoere.com.br\/#\/schema\/person\/4b56ed2336cb28ae3415ce8ffe56742e\"},\"headline\":\"COARACI: PREFEITO ELEITO JADSON ALBANO ANUNCIA EQUIPE DE GOVERNO.\",\"datePublished\":\"2016-12-21T22:09:00+00:00\",\"dateModified\":\"2016-12-21T22:09:00+00:00\",\"mainEntityOfPage\":{\"@id\":\"https:\/\/blogdoere.com.br\/?p=26221\"},\"wordCount\":315,\"commentCount\":0,\"publisher\":{\"@id\":\"https:\/\/blogdoere.com.br\/#organization\"},\"articleSection\":[\"Destaques\"],\"inLanguage\":\"pt-PT\",\"potentialAction\":[{\"@type\":\"CommentAction\",\"name\":\"Comment\",\"target\":[\"https:\/\/blogdoere.com.br\/?p=26221#respond\"]}]},{\"@type\":\"WebPage\",\"@id\":\"https:\/\/blogdoere.com.br\/?p=26221\",\"url\":\"https:\/\/blogdoere.com.br\/?p=26221\",\"name\":\"COARACI: PREFEITO ELEITO JADSON ALBANO ANUNCIA EQUIPE DE GOVERNO. - blog do er\u00ea\",\"isPartOf\":{\"@id\":\"https:\/\/blogdoere.com.br\/#website\"},\"datePublished\":\"2016-12-21T22:09:00+00:00\",\"dateModified\":\"2016-12-21T22:09:00+00:00\",\"breadcrumb\":{\"@id\":\"https:\/\/blogdoere.com.br\/?p=26221#breadcrumb\"},\"inLanguage\":\"pt-PT\",\"potentialAction\":[{\"@type\":\"ReadAction\",\"target\":[\"https:\/\/blogdoere.com.br\/?p=26221\"]}]},{\"@type\":\"BreadcrumbList\",\"@id\":\"https:\/\/blogdoere.com.br\/?p=26221#breadcrumb\",\"itemListElement\":[{\"@type\":\"ListItem\",\"position\":1,\"name\":\"In\u00edcio\",\"item\":\"https:\/\/blogdoere.com.br\/\"},{\"@type\":\"ListItem\",\"position\":2,\"name\":\"COARACI: PREFEITO ELEITO JADSON ALBANO ANUNCIA EQUIPE DE GOVERNO.\"}]},{\"@type\":\"WebSite\",\"@id\":\"https:\/\/blogdoere.com.br\/#website\",\"url\":\"https:\/\/blogdoere.com.br\/\",\"name\":\"blog do er\u00ea\",\"description\":\"\",\"publisher\":{\"@id\":\"https:\/\/blogdoere.com.br\/#organization\"},\"potentialAction\":[{\"@type\":\"SearchAction\",\"target\":{\"@type\":\"EntryPoint\",\"urlTemplate\":\"https:\/\/blogdoere.com.br\/?s={search_term_string}\"},\"query-input\":\"required name=search_term_string\"}],\"inLanguage\":\"pt-PT\"},{\"@type\":\"Organization\",\"@id\":\"https:\/\/blogdoere.com.br\/#organization\",\"name\":\"Blog do Er\u00ea\",\"url\":\"https:\/\/blogdoere.com.br\/\",\"logo\":{\"@type\":\"ImageObject\",\"inLanguage\":\"pt-PT\",\"@id\":\"https:\/\/blogdoere.com.br\/#\/schema\/logo\/image\/\",\"url\":\"https:\/\/blogdoere.com.br\/wp-content\/uploads\/2021\/11\/Logo-Ere-1.png\",\"contentUrl\":\"https:\/\/blogdoere.com.br\/wp-content\/uploads\/2021\/11\/Logo-Ere-1.png\",\"width\":1261,\"height\":1330,\"caption\":\"Blog do Er\u00ea\"},\"image\":{\"@id\":\"https:\/\/blogdoere.com.br\/#\/schema\/logo\/image\/\"}},{\"@type\":\"Person\",\"@id\":\"https:\/\/blogdoere.com.br\/#\/schema\/person\/4b56ed2336cb28ae3415ce8ffe56742e\",\"name\":\"Ere\",\"image\":{\"@type\":\"ImageObject\",\"inLanguage\":\"pt-PT\",\"@id\":\"https:\/\/blogdoere.com.br\/#\/schema\/person\/image\/\",\"url\":\"https:\/\/secure.gravatar.com\/avatar\/?s=96&d=mm&r=g\",\"contentUrl\":\"https:\/\/secure.gravatar.com\/avatar\/?s=96&d=mm&r=g\",\"caption\":\"Ere\"}}]}<\/script>\n<!-- \/ Yoast SEO plugin. -->","yoast_head_json":{"title":"COARACI: PREFEITO ELEITO JADSON ALBANO ANUNCIA EQUIPE DE GOVERNO. - blog do er\u00ea","robots":{"index":"index","follow":"follow","max-snippet":"max-snippet:-1","max-image-preview":"max-image-preview:large","max-video-preview":"max-video-preview:-1"},"canonical":"https:\/\/blogdoere.com.br\/?p=26221","og_locale":"pt_PT","og_type":"article","og_title":"COARACI: PREFEITO ELEITO JADSON ALBANO ANUNCIA EQUIPE DE GOVERNO. - blog do er\u00ea","og_description":"O prefeito eleito de Coaraci Jadson Albano (DEM) anunciou oficialmente, na noite desta ter\u00e7a-feira (20), na C\u00e2mara Municipal da cidade em evento aberto ao p\u00fablico e com transmiss\u00e3o da Rede...","og_url":"https:\/\/blogdoere.com.br\/?p=26221","og_site_name":"blog do er\u00ea","article_published_time":"2016-12-21T22:09:00+00:00","og_image":[{"url":"https:\/\/2.bp.blogspot.com\/-BAbLxNfQ7LI\/WFr9Hyx56-I\/AAAAAAAAGCw\/4iZ8LJY7ce8yQT2tDobn9RyBnkKSAWb_gCLcB\/s320\/Jadson%2BAlbano...jpg"}],"author":"Ere","twitter_card":"summary_large_image","twitter_misc":{"Escrito por":"Ere","Tempo estimado de leitura":"2 minutos"},"schema":{"@context":"https:\/\/schema.org","@graph":[{"@type":"Article","@id":"https:\/\/blogdoere.com.br\/?p=26221#article","isPartOf":{"@id":"https:\/\/blogdoere.com.br\/?p=26221"},"author":{"name":"Ere","@id":"https:\/\/blogdoere.com.br\/#\/schema\/person\/4b56ed2336cb28ae3415ce8ffe56742e"},"headline":"COARACI: PREFEITO ELEITO JADSON ALBANO ANUNCIA EQUIPE DE GOVERNO.","datePublished":"2016-12-21T22:09:00+00:00","dateModified":"2016-12-21T22:09:00+00:00","mainEntityOfPage":{"@id":"https:\/\/blogdoere.com.br\/?p=26221"},"wordCount":315,"commentCount":0,"publisher":{"@id":"https:\/\/blogdoere.com.br\/#organization"},"articleSection":["Destaques"],"inLanguage":"pt-PT","potentialAction":[{"@type":"CommentAction","name":"Comment","target":["https:\/\/blogdoere.com.br\/?p=26221#respond"]}]},{"@type":"WebPage","@id":"https:\/\/blogdoere.com.br\/?p=26221","url":"https:\/\/blogdoere.com.br\/?p=26221","name":"COARACI: PREFEITO ELEITO JADSON ALBANO ANUNCIA EQUIPE DE GOVERNO. - blog do er\u00ea","isPartOf":{"@id":"https:\/\/blogdoere.com.br\/#website"},"datePublished":"2016-12-21T22:09:00+00:00","dateModified":"2016-12-21T22:09:00+00:00","breadcrumb":{"@id":"https:\/\/blogdoere.com.br\/?p=26221#breadcrumb"},"inLanguage":"pt-PT","potentialAction":[{"@type":"ReadAction","target":["https:\/\/blogdoere.com.br\/?p=26221"]}]},{"@type":"BreadcrumbList","@id":"https:\/\/blogdoere.com.br\/?p=26221#breadcrumb","itemListElement":[{"@type":"ListItem","position":1,"name":"In\u00edcio","item":"https:\/\/blogdoere.com.br\/"},{"@type":"ListItem","position":2,"name":"COARACI: PREFEITO ELEITO JADSON ALBANO ANUNCIA EQUIPE DE GOVERNO."}]},{"@type":"WebSite","@id":"https:\/\/blogdoere.com.br\/#website","url":"https:\/\/blogdoere.com.br\/","name":"blog do er\u00ea","description":"","publisher":{"@id":"https:\/\/blogdoere.com.br\/#organization"},"potentialAction":[{"@type":"SearchAction","target":{"@type":"EntryPoint","urlTemplate":"https:\/\/blogdoere.com.br\/?s={search_term_string}"},"query-input":"required name=search_term_string"}],"inLanguage":"pt-PT"},{"@type":"Organization","@id":"https:\/\/blogdoere.com.br\/#organization","name":"Blog do Er\u00ea","url":"https:\/\/blogdoere.com.br\/","logo":{"@type":"ImageObject","inLanguage":"pt-PT","@id":"https:\/\/blogdoere.com.br\/#\/schema\/logo\/image\/","url":"https:\/\/blogdoere.com.br\/wp-content\/uploads\/2021\/11\/Logo-Ere-1.png","contentUrl":"https:\/\/blogdoere.com.br\/wp-content\/uploads\/2021\/11\/Logo-Ere-1.png","width":1261,"height":1330,"caption":"Blog do Er\u00ea"},"image":{"@id":"https:\/\/blogdoere.com.br\/#\/schema\/logo\/image\/"}},{"@type":"Person","@id":"https:\/\/blogdoere.com.br\/#\/schema\/person\/4b56ed2336cb28ae3415ce8ffe56742e","name":"Ere","image":{"@type":"ImageObject","inLanguage":"pt-PT","@id":"https:\/\/blogdoere.com.br\/#\/schema\/person\/image\/","url":"https:\/\/secure.gravatar.com\/avatar\/?s=96&d=mm&r=g","contentUrl":"https:\/\/secure.gravatar.com\/avatar\/?s=96&d=mm&r=g","caption":"Ere"}}]}},"featured_image_urls":{"full":"","thumbnail":"","medium":"","medium_large":"","large":"","1536x1536":"","2048x2048":""},"author_info":{"display_name":"Ere","author_link":"https:\/\/blogdoere.com.br\/?author=2"},"category_info":"<a href=\"https:\/\/blogdoere.com.br\/?cat=1\" rel=\"category\">Destaques<\/a>","tag_info":"Destaques","comment_count":"0","_links":{"self":[{"href":"https:\/\/blogdoere.com.br\/index.php?rest_route=\/wp\/v2\/posts\/26221","targetHints":{"allow":["GET"]}}],"collection":[{"href":"https:\/\/blogdoere.com.br\/index.php?rest_route=\/wp\/v2\/posts"}],"about":[{"href":"https:\/\/blogdoere.com.br\/index.php?rest_route=\/wp\/v2\/types\/post"}],"author":[{"embeddable":true,"href":"https:\/\/blogdoere.com.br\/index.php?rest_route=\/wp\/v2\/users\/2"}],"replies":[{"embeddable":true,"href":"https:\/\/blogdoere.com.br\/index.php?rest_route=%2Fwp%2Fv2%2Fcomments&post=26221"}],"version-history":[{"count":0,"href":"https:\/\/blogdoere.com.br\/index.php?rest_route=\/wp\/v2\/posts\/26221\/revisions"}],"wp:attachment":[{"href":"https:\/\/blogdoere.com.br\/index.php?rest_route=%2Fwp%2Fv2%2Fmedia&parent=26221"}],"wp:term":[{"taxonomy":"category","embeddable":true,"href":"https:\/\/blogdoere.com.br\/index.php?rest_route=%2Fwp%2Fv2%2Fcategories&post=26221"},{"taxonomy":"post_tag","embeddable":true,"href":"https:\/\/blogdoere.com.br\/index.php?rest_route=%2Fwp%2Fv2%2Ftags&post=26221"}],"curies":[{"name":"wp","href":"https:\/\/api.w.org\/{rel}","templated":true}]}}