{"id":26227,"date":"2016-10-25T01:03:00","date_gmt":"2016-10-25T01:03:00","guid":{"rendered":"http:\/\/blogdoere.com.br\/?p=26227"},"modified":"2016-10-25T01:03:00","modified_gmt":"2016-10-25T01:03:00","slug":"psb-reune-prefeitos-eleitos-em-salvador","status":"publish","type":"post","link":"https:\/\/blogdoere.com.br\/?p=26227","title":{"rendered":"PSB RE\u00daNE PREFEITOS ELEITOS EM SALVADOR."},"content":{"rendered":"<div style=\"background-color: white; box-sizing: border-box; color: #3e474c; font-family: &quot;Open Sans&quot; !important; font-size: 15px; line-height: 23px; margin-bottom: 10px; margin-top: 10px; text-align: justify;\">\n<div style=\"clear: both; text-align: center;\"><a href=\"https:\/\/1.bp.blogspot.com\/-KyFiKFIyYbo\/WA6u33fSD7I\/AAAAAAAAF_4\/D2XGrdZI_f8OYaKNodkiJHCKa2B4_rBmgCLcB\/s1600\/IMG_20161024_215602.jpg\" style=\"margin-left: 1em; margin-right: 1em;\"><img decoding=\"async\" border=\"0\" height=\"186\" src=\"https:\/\/1.bp.blogspot.com\/-KyFiKFIyYbo\/WA6u33fSD7I\/AAAAAAAAF_4\/D2XGrdZI_f8OYaKNodkiJHCKa2B4_rBmgCLcB\/s320\/IMG_20161024_215602.jpg\" width=\"320\" \/><\/a><\/div>\n<div style=\"box-sizing: border-box; font-family: &quot;Open Sans&quot; !important; line-height: 23px; margin-bottom: 10px; margin-top: 10px; text-align: justify;\">O PSB da Bahia realizou, na manh\u00e3 desta segunda-feira (24), no Plenarinho da Assembleia Legislativa da Bahia, um encontro com os prefeitos eleitos pela legenda para discutir temas fundamentais para as administra\u00e7\u00f5es socialistas, como or\u00e7amento, infraestrutura, sa\u00fade, educa\u00e7\u00e3o, agricultura e desenvolvimento regional, planejamento estrat\u00e9gico e aspectos jur\u00eddicos. No \u00faltimo dia 2 de outubro, o PSB elegeu 21 prefeitos, dos quais 16 estiveram presentes no encontro representando as cidades de Itaquara, Irec\u00ea, Mundo Novo, Brumado, Guanambi, Oliveira dos Brejinhos, Jequi\u00e9, Firmino Alves, Igrapi\u00fana, Caetit\u00e9, Boquira, Laje, Itaberaba, Barra do Rocha, Paramirim e Casa Nova.<\/div>\n<div style=\"box-sizing: border-box; font-family: &quot;Open Sans&quot; !important; line-height: 23px; margin-bottom: 10px; margin-top: 10px; text-align: justify;\">A presidente estadual do PSB, senadora L\u00eddice da Mata, destacou que a vit\u00f3ria do partido nas elei\u00e7\u00f5es 2016 foi significativa e classificou o embate como \u201ca vit\u00f3ria do liso, que \u00e9 a vit\u00f3ria dos que n\u00e3o tem dinheiro, mas mesmo assim fomos e ganhamos\u201d. A l\u00edder socialista tamb\u00e9m refor\u00e7ou que os novos prefeitos e os prefeitos reeleitos precisam imprimir uma marca as suas administra\u00e7\u00f5es, a exemplo da Escola em Tempo Integral, que \u00e9 uma bandeira do PSB Nacional potencializada na gest\u00e3o de Eduardo Campos como governador de Pernambuco que, durante sua gest\u00e3o, construiu 300 escolas nesta modalidade naquele estado. Na Bahia, a presidente do PSB destacou os munic\u00edpios de Andara\u00ed e Brumado como casos de sucesso a serem seguidos pelos futuros gestores nesta tem\u00e1tica.<\/div>\n<div style=\"box-sizing: border-box; font-family: &quot;Open Sans&quot; !important; line-height: 23px; margin-bottom: 10px; margin-top: 10px; text-align: justify;\">Na vis\u00e3o do secret\u00e1rio-geral da legenda, Domingos Leonelli, o desempenho do PSB nesta elei\u00e7\u00e3o foi melhor do que da elei\u00e7\u00e3o passada, pois apesar de o n\u00famero de prefeituras ter diminu\u00eddo o PSB ter\u00e1 presen\u00e7a em grandes cidades, como Jequi\u00e9, Brumado, Guanambi e Irec\u00ea, o que representa, ao todo, um contingente populacional de mais de 800 mil pessoas.<\/div>\n<div style=\"box-sizing: border-box; font-family: &quot;Open Sans&quot; !important; line-height: 23px; margin-bottom: 10px; margin-top: 10px; text-align: justify;\">A deputada estadual Fab\u00edola Mansur enfatizou a import\u00e2ncia dos gestores montarem uma equipe de transi\u00e7\u00e3o qualificada e citou que \u201co prefeito se elege para gerir bem a cidade. Onde a gente n\u00e3o tem dinheiro, temos que ter uma boa gest\u00e3o\u201d, frisou. Fonte: PSB\/Bahia.<\/div>\n<\/div>\n","protected":false},"excerpt":{"rendered":"<p>O PSB da Bahia realizou, na manh\u00e3 desta segunda-feira (24), no Plenarinho da Assembleia Legislativa da Bahia, um encontro com os prefeitos eleitos pela legenda para discutir temas fundamentais para&#8230;<\/p>\n","protected":false},"author":2,"featured_media":0,"comment_status":"open","ping_status":"open","sticky":false,"template":"","format":"standard","meta":{"_editorskit_title_hidden":false,"_editorskit_reading_time":0,"_editorskit_is_block_options_detached":false,"_editorskit_block_options_position":"{}","om_disable_all_campaigns":false,"_mi_skip_tracking":false,"_kad_post_transparent":"","_kad_post_title":"","_kad_post_layout":"","_kad_post_sidebar_id":"","_kad_post_content_style":"","_kad_post_vertical_padding":"","_kad_post_feature":"","_kad_post_feature_position":"","_kad_post_header":false,"_kad_post_footer":false,"footnotes":""},"categories":[1],"tags":[],"class_list":["post-26227","post","type-post","status-publish","format-standard","hentry","category-destaques"],"yoast_head":"<!-- This site is optimized with the Yoast SEO plugin v20.5 - https:\/\/yoast.com\/wordpress\/plugins\/seo\/ -->\n<title>PSB RE\u00daNE PREFEITOS ELEITOS EM SALVADOR. - blog do er\u00ea<\/title>\n<meta name=\"robots\" content=\"index, follow, max-snippet:-1, max-image-preview:large, max-video-preview:-1\" \/>\n<link rel=\"canonical\" href=\"https:\/\/blogdoere.com.br\/?p=26227\" \/>\n<meta property=\"og:locale\" content=\"pt_PT\" \/>\n<meta property=\"og:type\" content=\"article\" \/>\n<meta property=\"og:title\" content=\"PSB RE\u00daNE PREFEITOS ELEITOS EM SALVADOR. - blog do er\u00ea\" \/>\n<meta property=\"og:description\" content=\"O PSB da Bahia realizou, na manh\u00e3 desta segunda-feira (24), no Plenarinho da Assembleia Legislativa da Bahia, um encontro com os prefeitos eleitos pela legenda para discutir temas fundamentais para...\" \/>\n<meta property=\"og:url\" content=\"https:\/\/blogdoere.com.br\/?p=26227\" \/>\n<meta property=\"og:site_name\" content=\"blog do er\u00ea\" \/>\n<meta property=\"article:published_time\" content=\"2016-10-25T01:03:00+00:00\" \/>\n<meta property=\"og:image\" content=\"https:\/\/1.bp.blogspot.com\/-KyFiKFIyYbo\/WA6u33fSD7I\/AAAAAAAAF_4\/D2XGrdZI_f8OYaKNodkiJHCKa2B4_rBmgCLcB\/s320\/IMG_20161024_215602.jpg\" \/>\n<meta name=\"author\" content=\"Ere\" \/>\n<meta name=\"twitter:card\" content=\"summary_large_image\" \/>\n<meta name=\"twitter:label1\" content=\"Escrito por\" \/>\n\t<meta name=\"twitter:data1\" content=\"Ere\" \/>\n\t<meta name=\"twitter:label2\" content=\"Tempo estimado de leitura\" \/>\n\t<meta name=\"twitter:data2\" content=\"2 minutos\" \/>\n<script type=\"application\/ld+json\" class=\"yoast-schema-graph\">{\"@context\":\"https:\/\/schema.org\",\"@graph\":[{\"@type\":\"Article\",\"@id\":\"https:\/\/blogdoere.com.br\/?p=26227#article\",\"isPartOf\":{\"@id\":\"https:\/\/blogdoere.com.br\/?p=26227\"},\"author\":{\"name\":\"Ere\",\"@id\":\"https:\/\/blogdoere.com.br\/#\/schema\/person\/4b56ed2336cb28ae3415ce8ffe56742e\"},\"headline\":\"PSB RE\u00daNE PREFEITOS ELEITOS EM SALVADOR.\",\"datePublished\":\"2016-10-25T01:03:00+00:00\",\"dateModified\":\"2016-10-25T01:03:00+00:00\",\"mainEntityOfPage\":{\"@id\":\"https:\/\/blogdoere.com.br\/?p=26227\"},\"wordCount\":349,\"commentCount\":0,\"publisher\":{\"@id\":\"https:\/\/blogdoere.com.br\/#organization\"},\"articleSection\":[\"Destaques\"],\"inLanguage\":\"pt-PT\",\"potentialAction\":[{\"@type\":\"CommentAction\",\"name\":\"Comment\",\"target\":[\"https:\/\/blogdoere.com.br\/?p=26227#respond\"]}]},{\"@type\":\"WebPage\",\"@id\":\"https:\/\/blogdoere.com.br\/?p=26227\",\"url\":\"https:\/\/blogdoere.com.br\/?p=26227\",\"name\":\"PSB RE\u00daNE PREFEITOS ELEITOS EM SALVADOR. - blog do er\u00ea\",\"isPartOf\":{\"@id\":\"https:\/\/blogdoere.com.br\/#website\"},\"datePublished\":\"2016-10-25T01:03:00+00:00\",\"dateModified\":\"2016-10-25T01:03:00+00:00\",\"breadcrumb\":{\"@id\":\"https:\/\/blogdoere.com.br\/?p=26227#breadcrumb\"},\"inLanguage\":\"pt-PT\",\"potentialAction\":[{\"@type\":\"ReadAction\",\"target\":[\"https:\/\/blogdoere.com.br\/?p=26227\"]}]},{\"@type\":\"BreadcrumbList\",\"@id\":\"https:\/\/blogdoere.com.br\/?p=26227#breadcrumb\",\"itemListElement\":[{\"@type\":\"ListItem\",\"position\":1,\"name\":\"In\u00edcio\",\"item\":\"https:\/\/blogdoere.com.br\/\"},{\"@type\":\"ListItem\",\"position\":2,\"name\":\"PSB RE\u00daNE PREFEITOS ELEITOS EM SALVADOR.\"}]},{\"@type\":\"WebSite\",\"@id\":\"https:\/\/blogdoere.com.br\/#website\",\"url\":\"https:\/\/blogdoere.com.br\/\",\"name\":\"blog do er\u00ea\",\"description\":\"\",\"publisher\":{\"@id\":\"https:\/\/blogdoere.com.br\/#organization\"},\"potentialAction\":[{\"@type\":\"SearchAction\",\"target\":{\"@type\":\"EntryPoint\",\"urlTemplate\":\"https:\/\/blogdoere.com.br\/?s={search_term_string}\"},\"query-input\":\"required name=search_term_string\"}],\"inLanguage\":\"pt-PT\"},{\"@type\":\"Organization\",\"@id\":\"https:\/\/blogdoere.com.br\/#organization\",\"name\":\"Blog do Er\u00ea\",\"url\":\"https:\/\/blogdoere.com.br\/\",\"logo\":{\"@type\":\"ImageObject\",\"inLanguage\":\"pt-PT\",\"@id\":\"https:\/\/blogdoere.com.br\/#\/schema\/logo\/image\/\",\"url\":\"https:\/\/blogdoere.com.br\/wp-content\/uploads\/2021\/11\/Logo-Ere-1.png\",\"contentUrl\":\"https:\/\/blogdoere.com.br\/wp-content\/uploads\/2021\/11\/Logo-Ere-1.png\",\"width\":1261,\"height\":1330,\"caption\":\"Blog do Er\u00ea\"},\"image\":{\"@id\":\"https:\/\/blogdoere.com.br\/#\/schema\/logo\/image\/\"}},{\"@type\":\"Person\",\"@id\":\"https:\/\/blogdoere.com.br\/#\/schema\/person\/4b56ed2336cb28ae3415ce8ffe56742e\",\"name\":\"Ere\",\"image\":{\"@type\":\"ImageObject\",\"inLanguage\":\"pt-PT\",\"@id\":\"https:\/\/blogdoere.com.br\/#\/schema\/person\/image\/\",\"url\":\"https:\/\/secure.gravatar.com\/avatar\/?s=96&d=mm&r=g\",\"contentUrl\":\"https:\/\/secure.gravatar.com\/avatar\/?s=96&d=mm&r=g\",\"caption\":\"Ere\"}}]}<\/script>\n<!-- \/ Yoast SEO plugin. -->","yoast_head_json":{"title":"PSB RE\u00daNE PREFEITOS ELEITOS EM SALVADOR. - blog do er\u00ea","robots":{"index":"index","follow":"follow","max-snippet":"max-snippet:-1","max-image-preview":"max-image-preview:large","max-video-preview":"max-video-preview:-1"},"canonical":"https:\/\/blogdoere.com.br\/?p=26227","og_locale":"pt_PT","og_type":"article","og_title":"PSB RE\u00daNE PREFEITOS ELEITOS EM SALVADOR. - blog do er\u00ea","og_description":"O PSB da Bahia realizou, na manh\u00e3 desta segunda-feira (24), no Plenarinho da Assembleia Legislativa da Bahia, um encontro com os prefeitos eleitos pela legenda para discutir temas fundamentais para...","og_url":"https:\/\/blogdoere.com.br\/?p=26227","og_site_name":"blog do er\u00ea","article_published_time":"2016-10-25T01:03:00+00:00","og_image":[{"url":"https:\/\/1.bp.blogspot.com\/-KyFiKFIyYbo\/WA6u33fSD7I\/AAAAAAAAF_4\/D2XGrdZI_f8OYaKNodkiJHCKa2B4_rBmgCLcB\/s320\/IMG_20161024_215602.jpg"}],"author":"Ere","twitter_card":"summary_large_image","twitter_misc":{"Escrito por":"Ere","Tempo estimado de leitura":"2 minutos"},"schema":{"@context":"https:\/\/schema.org","@graph":[{"@type":"Article","@id":"https:\/\/blogdoere.com.br\/?p=26227#article","isPartOf":{"@id":"https:\/\/blogdoere.com.br\/?p=26227"},"author":{"name":"Ere","@id":"https:\/\/blogdoere.com.br\/#\/schema\/person\/4b56ed2336cb28ae3415ce8ffe56742e"},"headline":"PSB RE\u00daNE PREFEITOS ELEITOS EM SALVADOR.","datePublished":"2016-10-25T01:03:00+00:00","dateModified":"2016-10-25T01:03:00+00:00","mainEntityOfPage":{"@id":"https:\/\/blogdoere.com.br\/?p=26227"},"wordCount":349,"commentCount":0,"publisher":{"@id":"https:\/\/blogdoere.com.br\/#organization"},"articleSection":["Destaques"],"inLanguage":"pt-PT","potentialAction":[{"@type":"CommentAction","name":"Comment","target":["https:\/\/blogdoere.com.br\/?p=26227#respond"]}]},{"@type":"WebPage","@id":"https:\/\/blogdoere.com.br\/?p=26227","url":"https:\/\/blogdoere.com.br\/?p=26227","name":"PSB RE\u00daNE PREFEITOS ELEITOS EM SALVADOR. - blog do er\u00ea","isPartOf":{"@id":"https:\/\/blogdoere.com.br\/#website"},"datePublished":"2016-10-25T01:03:00+00:00","dateModified":"2016-10-25T01:03:00+00:00","breadcrumb":{"@id":"https:\/\/blogdoere.com.br\/?p=26227#breadcrumb"},"inLanguage":"pt-PT","potentialAction":[{"@type":"ReadAction","target":["https:\/\/blogdoere.com.br\/?p=26227"]}]},{"@type":"BreadcrumbList","@id":"https:\/\/blogdoere.com.br\/?p=26227#breadcrumb","itemListElement":[{"@type":"ListItem","position":1,"name":"In\u00edcio","item":"https:\/\/blogdoere.com.br\/"},{"@type":"ListItem","position":2,"name":"PSB RE\u00daNE PREFEITOS ELEITOS EM SALVADOR."}]},{"@type":"WebSite","@id":"https:\/\/blogdoere.com.br\/#website","url":"https:\/\/blogdoere.com.br\/","name":"blog do er\u00ea","description":"","publisher":{"@id":"https:\/\/blogdoere.com.br\/#organization"},"potentialAction":[{"@type":"SearchAction","target":{"@type":"EntryPoint","urlTemplate":"https:\/\/blogdoere.com.br\/?s={search_term_string}"},"query-input":"required name=search_term_string"}],"inLanguage":"pt-PT"},{"@type":"Organization","@id":"https:\/\/blogdoere.com.br\/#organization","name":"Blog do Er\u00ea","url":"https:\/\/blogdoere.com.br\/","logo":{"@type":"ImageObject","inLanguage":"pt-PT","@id":"https:\/\/blogdoere.com.br\/#\/schema\/logo\/image\/","url":"https:\/\/blogdoere.com.br\/wp-content\/uploads\/2021\/11\/Logo-Ere-1.png","contentUrl":"https:\/\/blogdoere.com.br\/wp-content\/uploads\/2021\/11\/Logo-Ere-1.png","width":1261,"height":1330,"caption":"Blog do Er\u00ea"},"image":{"@id":"https:\/\/blogdoere.com.br\/#\/schema\/logo\/image\/"}},{"@type":"Person","@id":"https:\/\/blogdoere.com.br\/#\/schema\/person\/4b56ed2336cb28ae3415ce8ffe56742e","name":"Ere","image":{"@type":"ImageObject","inLanguage":"pt-PT","@id":"https:\/\/blogdoere.com.br\/#\/schema\/person\/image\/","url":"https:\/\/secure.gravatar.com\/avatar\/?s=96&d=mm&r=g","contentUrl":"https:\/\/secure.gravatar.com\/avatar\/?s=96&d=mm&r=g","caption":"Ere"}}]}},"featured_image_urls":{"full":"","thumbnail":"","medium":"","medium_large":"","large":"","1536x1536":"","2048x2048":""},"author_info":{"display_name":"Ere","author_link":"https:\/\/blogdoere.com.br\/?author=2"},"category_info":"<a href=\"https:\/\/blogdoere.com.br\/?cat=1\" rel=\"category\">Destaques<\/a>","tag_info":"Destaques","comment_count":"0","_links":{"self":[{"href":"https:\/\/blogdoere.com.br\/index.php?rest_route=\/wp\/v2\/posts\/26227","targetHints":{"allow":["GET"]}}],"collection":[{"href":"https:\/\/blogdoere.com.br\/index.php?rest_route=\/wp\/v2\/posts"}],"about":[{"href":"https:\/\/blogdoere.com.br\/index.php?rest_route=\/wp\/v2\/types\/post"}],"author":[{"embeddable":true,"href":"https:\/\/blogdoere.com.br\/index.php?rest_route=\/wp\/v2\/users\/2"}],"replies":[{"embeddable":true,"href":"https:\/\/blogdoere.com.br\/index.php?rest_route=%2Fwp%2Fv2%2Fcomments&post=26227"}],"version-history":[{"count":0,"href":"https:\/\/blogdoere.com.br\/index.php?rest_route=\/wp\/v2\/posts\/26227\/revisions"}],"wp:attachment":[{"href":"https:\/\/blogdoere.com.br\/index.php?rest_route=%2Fwp%2Fv2%2Fmedia&parent=26227"}],"wp:term":[{"taxonomy":"category","embeddable":true,"href":"https:\/\/blogdoere.com.br\/index.php?rest_route=%2Fwp%2Fv2%2Fcategories&post=26227"},{"taxonomy":"post_tag","embeddable":true,"href":"https:\/\/blogdoere.com.br\/index.php?rest_route=%2Fwp%2Fv2%2Ftags&post=26227"}],"curies":[{"name":"wp","href":"https:\/\/api.w.org\/{rel}","templated":true}]}}