{"id":26230,"date":"2016-10-14T15:27:00","date_gmt":"2016-10-14T15:27:00","guid":{"rendered":"http:\/\/blogdoere.com.br\/?p=26230"},"modified":"2016-10-14T15:27:00","modified_gmt":"2016-10-14T15:27:00","slug":"psb-elege-prefeito-mais-jovem-da-bahia","status":"publish","type":"post","link":"https:\/\/blogdoere.com.br\/?p=26230","title":{"rendered":"PSB ELEGE PREFEITO MAIS JOVEM DA BAHIA."},"content":{"rendered":"<div style=\"text-align: center;\"><\/div>\n<div style=\"text-align: center;\"><img decoding=\"async\" alt=\"Prefeito mais jovem da Bahia\" src=\"http:\/\/www.calilanoticias.com\/wp-content\/uploads\/2016\/10\/Marco-Aurelio-Itaquara.jpg\" \/><\/div>\n<div style=\"text-align: center;\"><\/div>\n<div style=\"background-color: white; color: #212121; font-family: wf_segoe-ui_normal, &quot;Segoe UI&quot;, &quot;Segoe WP&quot;, Tahoma, Arial, sans-serif; font-size: 15px; text-align: justify;\">O Partido Socialista Brasileiro (PSB-Bahia) elegeu o prefeito mais jovem da legenda no munic\u00edpio de Itaquara, na regi\u00e3o do Vale do Jiquiri\u00e7\u00e1, a 319 km de Salvador. Com apenas 23 anos, o advogado Marco Aur\u00e9lio Costa (Marco Aur\u00e9lio de Dr. Geo), da coliga\u00e7\u00e3o Juventude e Honestidade de M\u00e3os Dadas (PSB \/ PSL \/ PSD \/ PP), obteve&nbsp;<span style=\"color: #1d2129; font-family: &quot;helvetica&quot; , sans-serif; font-size: 10.5pt; line-height: 16.1px;\">50,36% dos votos v\u00e1lidos<\/span><span style=\"color: #1d2129;\">e<\/span>&nbsp;passar\u00e1 a exercer o comando do Executivo Municipal de Itaquara, pelos pr\u00f3ximos quatro anos, a partir do dia 1\u00ba de janeiro de 2017.<\/div>\n<div style=\"background-color: white; color: #212121; font-family: wf_segoe-ui_normal, &quot;Segoe UI&quot;, &quot;Segoe WP&quot;, Tahoma, Arial, sans-serif; font-size: 15px; text-align: justify;\"><\/div>\n<div style=\"background-color: white; color: #212121; font-family: wf_segoe-ui_normal, &quot;Segoe UI&quot;, &quot;Segoe WP&quot;, Tahoma, Arial, sans-serif; font-size: 15px; text-align: justify;\">A presidente estadual do PSB, senadora L\u00eddice da Mata, comemorou a vit\u00f3ria do correligion\u00e1rio em sua primeira disputa eleitoral e destacou que a marca de Marco Aur\u00e9lio significa o desejo de renova\u00e7\u00e3o na pol\u00edtica. \u201cEspero que Marco Aur\u00e9lio, como jovem que \u00e9, possa expressar o desejo de ideias renovadas e busque apresentar a sua cidade pol\u00edticas&nbsp; inovadoras para trazer emprego e renda para o munic\u00edpio\u201d, disse.<\/div>\n<div style=\"background-color: white; color: #212121; font-family: wf_segoe-ui_normal, &quot;Segoe UI&quot;, &quot;Segoe WP&quot;, Tahoma, Arial, sans-serif; font-size: 15px; text-align: justify;\"><\/div>\n<div style=\"background-color: white; color: #212121; font-family: wf_segoe-ui_normal, &quot;Segoe UI&quot;, &quot;Segoe WP&quot;, Tahoma, Arial, sans-serif; font-size: 15px; text-align: justify;\">Em sua p\u00e1gina no facebook, o prefeito eleito agradeceu aos 2.572 eleitores que votaram no 40 neste domingo&nbsp; e se comprometeu a fazer uma gest\u00e3o para \u201cmudar a hist\u00f3ria de Itaquara com honestidade, transpar\u00eancia e sem persegui\u00e7\u00e3o\u201d. &nbsp;Fonte: Ascom PSB\/BA.<\/div>\n<div><\/div>\n","protected":false},"excerpt":{"rendered":"<p>O Partido Socialista Brasileiro (PSB-Bahia) elegeu o prefeito mais jovem da legenda no munic\u00edpio de Itaquara, na regi\u00e3o do Vale do Jiquiri\u00e7\u00e1, a 319 km de Salvador. Com apenas 23&#8230;<\/p>\n","protected":false},"author":2,"featured_media":0,"comment_status":"open","ping_status":"open","sticky":false,"template":"","format":"standard","meta":{"_editorskit_title_hidden":false,"_editorskit_reading_time":0,"_editorskit_is_block_options_detached":false,"_editorskit_block_options_position":"{}","om_disable_all_campaigns":false,"_mi_skip_tracking":false,"_kad_post_transparent":"","_kad_post_title":"","_kad_post_layout":"","_kad_post_sidebar_id":"","_kad_post_content_style":"","_kad_post_vertical_padding":"","_kad_post_feature":"","_kad_post_feature_position":"","_kad_post_header":false,"_kad_post_footer":false,"footnotes":""},"categories":[1],"tags":[],"class_list":["post-26230","post","type-post","status-publish","format-standard","hentry","category-destaques"],"yoast_head":"<!-- This site is optimized with the Yoast SEO plugin v20.5 - https:\/\/yoast.com\/wordpress\/plugins\/seo\/ -->\n<title>PSB ELEGE PREFEITO MAIS JOVEM DA BAHIA. - blog do er\u00ea<\/title>\n<meta name=\"robots\" content=\"index, follow, max-snippet:-1, max-image-preview:large, max-video-preview:-1\" \/>\n<link rel=\"canonical\" href=\"https:\/\/blogdoere.com.br\/?p=26230\" \/>\n<meta property=\"og:locale\" content=\"pt_PT\" \/>\n<meta property=\"og:type\" content=\"article\" \/>\n<meta property=\"og:title\" content=\"PSB ELEGE PREFEITO MAIS JOVEM DA BAHIA. - blog do er\u00ea\" \/>\n<meta property=\"og:description\" content=\"O Partido Socialista Brasileiro (PSB-Bahia) elegeu o prefeito mais jovem da legenda no munic\u00edpio de Itaquara, na regi\u00e3o do Vale do Jiquiri\u00e7\u00e1, a 319 km de Salvador. Com apenas 23...\" \/>\n<meta property=\"og:url\" content=\"https:\/\/blogdoere.com.br\/?p=26230\" \/>\n<meta property=\"og:site_name\" content=\"blog do er\u00ea\" \/>\n<meta property=\"article:published_time\" content=\"2016-10-14T15:27:00+00:00\" \/>\n<meta property=\"og:image\" content=\"http:\/\/www.calilanoticias.com\/wp-content\/uploads\/2016\/10\/Marco-Aurelio-Itaquara.jpg\" \/>\n<meta name=\"author\" content=\"Ere\" \/>\n<meta name=\"twitter:card\" content=\"summary_large_image\" \/>\n<meta name=\"twitter:label1\" content=\"Escrito por\" \/>\n\t<meta name=\"twitter:data1\" content=\"Ere\" \/>\n\t<meta name=\"twitter:label2\" content=\"Tempo estimado de leitura\" \/>\n\t<meta name=\"twitter:data2\" content=\"1 minuto\" \/>\n<script type=\"application\/ld+json\" class=\"yoast-schema-graph\">{\"@context\":\"https:\/\/schema.org\",\"@graph\":[{\"@type\":\"Article\",\"@id\":\"https:\/\/blogdoere.com.br\/?p=26230#article\",\"isPartOf\":{\"@id\":\"https:\/\/blogdoere.com.br\/?p=26230\"},\"author\":{\"name\":\"Ere\",\"@id\":\"https:\/\/blogdoere.com.br\/#\/schema\/person\/4b56ed2336cb28ae3415ce8ffe56742e\"},\"headline\":\"PSB ELEGE PREFEITO MAIS JOVEM DA BAHIA.\",\"datePublished\":\"2016-10-14T15:27:00+00:00\",\"dateModified\":\"2016-10-14T15:27:00+00:00\",\"mainEntityOfPage\":{\"@id\":\"https:\/\/blogdoere.com.br\/?p=26230\"},\"wordCount\":215,\"commentCount\":0,\"publisher\":{\"@id\":\"https:\/\/blogdoere.com.br\/#organization\"},\"articleSection\":[\"Destaques\"],\"inLanguage\":\"pt-PT\",\"potentialAction\":[{\"@type\":\"CommentAction\",\"name\":\"Comment\",\"target\":[\"https:\/\/blogdoere.com.br\/?p=26230#respond\"]}]},{\"@type\":\"WebPage\",\"@id\":\"https:\/\/blogdoere.com.br\/?p=26230\",\"url\":\"https:\/\/blogdoere.com.br\/?p=26230\",\"name\":\"PSB ELEGE PREFEITO MAIS JOVEM DA BAHIA. - blog do er\u00ea\",\"isPartOf\":{\"@id\":\"https:\/\/blogdoere.com.br\/#website\"},\"datePublished\":\"2016-10-14T15:27:00+00:00\",\"dateModified\":\"2016-10-14T15:27:00+00:00\",\"breadcrumb\":{\"@id\":\"https:\/\/blogdoere.com.br\/?p=26230#breadcrumb\"},\"inLanguage\":\"pt-PT\",\"potentialAction\":[{\"@type\":\"ReadAction\",\"target\":[\"https:\/\/blogdoere.com.br\/?p=26230\"]}]},{\"@type\":\"BreadcrumbList\",\"@id\":\"https:\/\/blogdoere.com.br\/?p=26230#breadcrumb\",\"itemListElement\":[{\"@type\":\"ListItem\",\"position\":1,\"name\":\"In\u00edcio\",\"item\":\"https:\/\/blogdoere.com.br\/\"},{\"@type\":\"ListItem\",\"position\":2,\"name\":\"PSB ELEGE PREFEITO MAIS JOVEM DA BAHIA.\"}]},{\"@type\":\"WebSite\",\"@id\":\"https:\/\/blogdoere.com.br\/#website\",\"url\":\"https:\/\/blogdoere.com.br\/\",\"name\":\"blog do er\u00ea\",\"description\":\"\",\"publisher\":{\"@id\":\"https:\/\/blogdoere.com.br\/#organization\"},\"potentialAction\":[{\"@type\":\"SearchAction\",\"target\":{\"@type\":\"EntryPoint\",\"urlTemplate\":\"https:\/\/blogdoere.com.br\/?s={search_term_string}\"},\"query-input\":\"required name=search_term_string\"}],\"inLanguage\":\"pt-PT\"},{\"@type\":\"Organization\",\"@id\":\"https:\/\/blogdoere.com.br\/#organization\",\"name\":\"Blog do Er\u00ea\",\"url\":\"https:\/\/blogdoere.com.br\/\",\"logo\":{\"@type\":\"ImageObject\",\"inLanguage\":\"pt-PT\",\"@id\":\"https:\/\/blogdoere.com.br\/#\/schema\/logo\/image\/\",\"url\":\"https:\/\/blogdoere.com.br\/wp-content\/uploads\/2021\/11\/Logo-Ere-1.png\",\"contentUrl\":\"https:\/\/blogdoere.com.br\/wp-content\/uploads\/2021\/11\/Logo-Ere-1.png\",\"width\":1261,\"height\":1330,\"caption\":\"Blog do Er\u00ea\"},\"image\":{\"@id\":\"https:\/\/blogdoere.com.br\/#\/schema\/logo\/image\/\"}},{\"@type\":\"Person\",\"@id\":\"https:\/\/blogdoere.com.br\/#\/schema\/person\/4b56ed2336cb28ae3415ce8ffe56742e\",\"name\":\"Ere\",\"image\":{\"@type\":\"ImageObject\",\"inLanguage\":\"pt-PT\",\"@id\":\"https:\/\/blogdoere.com.br\/#\/schema\/person\/image\/\",\"url\":\"https:\/\/secure.gravatar.com\/avatar\/?s=96&d=mm&r=g\",\"contentUrl\":\"https:\/\/secure.gravatar.com\/avatar\/?s=96&d=mm&r=g\",\"caption\":\"Ere\"}}]}<\/script>\n<!-- \/ Yoast SEO plugin. -->","yoast_head_json":{"title":"PSB ELEGE PREFEITO MAIS JOVEM DA BAHIA. - blog do er\u00ea","robots":{"index":"index","follow":"follow","max-snippet":"max-snippet:-1","max-image-preview":"max-image-preview:large","max-video-preview":"max-video-preview:-1"},"canonical":"https:\/\/blogdoere.com.br\/?p=26230","og_locale":"pt_PT","og_type":"article","og_title":"PSB ELEGE PREFEITO MAIS JOVEM DA BAHIA. - blog do er\u00ea","og_description":"O Partido Socialista Brasileiro (PSB-Bahia) elegeu o prefeito mais jovem da legenda no munic\u00edpio de Itaquara, na regi\u00e3o do Vale do Jiquiri\u00e7\u00e1, a 319 km de Salvador. Com apenas 23...","og_url":"https:\/\/blogdoere.com.br\/?p=26230","og_site_name":"blog do er\u00ea","article_published_time":"2016-10-14T15:27:00+00:00","og_image":[{"url":"http:\/\/www.calilanoticias.com\/wp-content\/uploads\/2016\/10\/Marco-Aurelio-Itaquara.jpg"}],"author":"Ere","twitter_card":"summary_large_image","twitter_misc":{"Escrito por":"Ere","Tempo estimado de leitura":"1 minuto"},"schema":{"@context":"https:\/\/schema.org","@graph":[{"@type":"Article","@id":"https:\/\/blogdoere.com.br\/?p=26230#article","isPartOf":{"@id":"https:\/\/blogdoere.com.br\/?p=26230"},"author":{"name":"Ere","@id":"https:\/\/blogdoere.com.br\/#\/schema\/person\/4b56ed2336cb28ae3415ce8ffe56742e"},"headline":"PSB ELEGE PREFEITO MAIS JOVEM DA BAHIA.","datePublished":"2016-10-14T15:27:00+00:00","dateModified":"2016-10-14T15:27:00+00:00","mainEntityOfPage":{"@id":"https:\/\/blogdoere.com.br\/?p=26230"},"wordCount":215,"commentCount":0,"publisher":{"@id":"https:\/\/blogdoere.com.br\/#organization"},"articleSection":["Destaques"],"inLanguage":"pt-PT","potentialAction":[{"@type":"CommentAction","name":"Comment","target":["https:\/\/blogdoere.com.br\/?p=26230#respond"]}]},{"@type":"WebPage","@id":"https:\/\/blogdoere.com.br\/?p=26230","url":"https:\/\/blogdoere.com.br\/?p=26230","name":"PSB ELEGE PREFEITO MAIS JOVEM DA BAHIA. - blog do er\u00ea","isPartOf":{"@id":"https:\/\/blogdoere.com.br\/#website"},"datePublished":"2016-10-14T15:27:00+00:00","dateModified":"2016-10-14T15:27:00+00:00","breadcrumb":{"@id":"https:\/\/blogdoere.com.br\/?p=26230#breadcrumb"},"inLanguage":"pt-PT","potentialAction":[{"@type":"ReadAction","target":["https:\/\/blogdoere.com.br\/?p=26230"]}]},{"@type":"BreadcrumbList","@id":"https:\/\/blogdoere.com.br\/?p=26230#breadcrumb","itemListElement":[{"@type":"ListItem","position":1,"name":"In\u00edcio","item":"https:\/\/blogdoere.com.br\/"},{"@type":"ListItem","position":2,"name":"PSB ELEGE PREFEITO MAIS JOVEM DA BAHIA."}]},{"@type":"WebSite","@id":"https:\/\/blogdoere.com.br\/#website","url":"https:\/\/blogdoere.com.br\/","name":"blog do er\u00ea","description":"","publisher":{"@id":"https:\/\/blogdoere.com.br\/#organization"},"potentialAction":[{"@type":"SearchAction","target":{"@type":"EntryPoint","urlTemplate":"https:\/\/blogdoere.com.br\/?s={search_term_string}"},"query-input":"required name=search_term_string"}],"inLanguage":"pt-PT"},{"@type":"Organization","@id":"https:\/\/blogdoere.com.br\/#organization","name":"Blog do Er\u00ea","url":"https:\/\/blogdoere.com.br\/","logo":{"@type":"ImageObject","inLanguage":"pt-PT","@id":"https:\/\/blogdoere.com.br\/#\/schema\/logo\/image\/","url":"https:\/\/blogdoere.com.br\/wp-content\/uploads\/2021\/11\/Logo-Ere-1.png","contentUrl":"https:\/\/blogdoere.com.br\/wp-content\/uploads\/2021\/11\/Logo-Ere-1.png","width":1261,"height":1330,"caption":"Blog do Er\u00ea"},"image":{"@id":"https:\/\/blogdoere.com.br\/#\/schema\/logo\/image\/"}},{"@type":"Person","@id":"https:\/\/blogdoere.com.br\/#\/schema\/person\/4b56ed2336cb28ae3415ce8ffe56742e","name":"Ere","image":{"@type":"ImageObject","inLanguage":"pt-PT","@id":"https:\/\/blogdoere.com.br\/#\/schema\/person\/image\/","url":"https:\/\/secure.gravatar.com\/avatar\/?s=96&d=mm&r=g","contentUrl":"https:\/\/secure.gravatar.com\/avatar\/?s=96&d=mm&r=g","caption":"Ere"}}]}},"featured_image_urls":{"full":"","thumbnail":"","medium":"","medium_large":"","large":"","1536x1536":"","2048x2048":""},"author_info":{"display_name":"Ere","author_link":"https:\/\/blogdoere.com.br\/?author=2"},"category_info":"<a href=\"https:\/\/blogdoere.com.br\/?cat=1\" rel=\"category\">Destaques<\/a>","tag_info":"Destaques","comment_count":"0","_links":{"self":[{"href":"https:\/\/blogdoere.com.br\/index.php?rest_route=\/wp\/v2\/posts\/26230","targetHints":{"allow":["GET"]}}],"collection":[{"href":"https:\/\/blogdoere.com.br\/index.php?rest_route=\/wp\/v2\/posts"}],"about":[{"href":"https:\/\/blogdoere.com.br\/index.php?rest_route=\/wp\/v2\/types\/post"}],"author":[{"embeddable":true,"href":"https:\/\/blogdoere.com.br\/index.php?rest_route=\/wp\/v2\/users\/2"}],"replies":[{"embeddable":true,"href":"https:\/\/blogdoere.com.br\/index.php?rest_route=%2Fwp%2Fv2%2Fcomments&post=26230"}],"version-history":[{"count":0,"href":"https:\/\/blogdoere.com.br\/index.php?rest_route=\/wp\/v2\/posts\/26230\/revisions"}],"wp:attachment":[{"href":"https:\/\/blogdoere.com.br\/index.php?rest_route=%2Fwp%2Fv2%2Fmedia&parent=26230"}],"wp:term":[{"taxonomy":"category","embeddable":true,"href":"https:\/\/blogdoere.com.br\/index.php?rest_route=%2Fwp%2Fv2%2Fcategories&post=26230"},{"taxonomy":"post_tag","embeddable":true,"href":"https:\/\/blogdoere.com.br\/index.php?rest_route=%2Fwp%2Fv2%2Ftags&post=26230"}],"curies":[{"name":"wp","href":"https:\/\/api.w.org\/{rel}","templated":true}]}}