{"id":26231,"date":"2016-10-04T10:41:00","date_gmt":"2016-10-04T10:41:00","guid":{"rendered":"http:\/\/blogdoere.com.br\/?p=26231"},"modified":"2016-10-04T10:41:00","modified_gmt":"2016-10-04T10:41:00","slug":"itajuipe-marcone-amaral-e-eleito-prefeito","status":"publish","type":"post","link":"https:\/\/blogdoere.com.br\/?p=26231","title":{"rendered":"ITAJU\u00cdPE: MARCONE AMARAL \u00c9 ELEITO PREFEITO."},"content":{"rendered":"<div style=\"clear: both; text-align: center;\"><a href=\"https:\/\/1.bp.blogspot.com\/-sPfpfl86a_g\/V_OMvaNX4SI\/AAAAAAAAF8A\/qfK1M0YF1AIvMGXXJZ9PFsdBHdbCN35RACLcB\/s1600\/IMG_20161004_080255.jpg\" style=\"margin-left: 1em; margin-right: 1em;\"><img decoding=\"async\" border=\"0\" height=\"169\" src=\"https:\/\/1.bp.blogspot.com\/-sPfpfl86a_g\/V_OMvaNX4SI\/AAAAAAAAF8A\/qfK1M0YF1AIvMGXXJZ9PFsdBHdbCN35RACLcB\/s320\/IMG_20161004_080255.jpg\" width=\"320\" \/><\/a><\/div>\n<div style=\"clear: both; text-align: center;\"><\/div>\n<div style=\"text-align: justify;\">Numa elei\u00e7\u00e3o com disputa acirrada, Marcone Amaral(PSD) se elegeu prefeito de Itaju\u00edpe com &nbsp;6.787 votos, sua opositora pol\u00edtica Si Dantas(DEM), obteve &nbsp;6.139 votos. Ainda foram registrado 4.736 absten\u00e7\u00f5es, 743 nulos, 118 brancos &#8211; num col\u00e9gio eleitoral de 17.662 mil eleitores. Compareceram as urnas 13.787 eleitores. Marcone \u00e9 ex-jogador do Vit\u00f3ria, jogou tamb\u00e9m no exterior; empres\u00e1rio e estreante na pol\u00edtica &#8211; &nbsp;venceu a elei\u00e7\u00e3o tendo como &nbsp; principal proposta colocar em pr\u00e1tica um modelo de gest\u00e3o que melhore os indices de desenvolvimento humano do munic\u00edpio. O Vereador L\u00e9o da Capoeira \u00e9 vice-prefeito do prefeito eleito Marcone Amaral.<\/div>\n","protected":false},"excerpt":{"rendered":"<p>Numa elei\u00e7\u00e3o com disputa acirrada, Marcone Amaral(PSD) se elegeu prefeito de Itaju\u00edpe com &nbsp;6.787 votos, sua opositora pol\u00edtica Si Dantas(DEM), obteve &nbsp;6.139 votos. Ainda foram registrado 4.736 absten\u00e7\u00f5es, 743 nulos,&#8230;<\/p>\n","protected":false},"author":2,"featured_media":0,"comment_status":"open","ping_status":"open","sticky":false,"template":"","format":"standard","meta":{"_editorskit_title_hidden":false,"_editorskit_reading_time":0,"_editorskit_is_block_options_detached":false,"_editorskit_block_options_position":"{}","om_disable_all_campaigns":false,"_mi_skip_tracking":false,"_kad_post_transparent":"","_kad_post_title":"","_kad_post_layout":"","_kad_post_sidebar_id":"","_kad_post_content_style":"","_kad_post_vertical_padding":"","_kad_post_feature":"","_kad_post_feature_position":"","_kad_post_header":false,"_kad_post_footer":false,"footnotes":""},"categories":[1],"tags":[],"class_list":["post-26231","post","type-post","status-publish","format-standard","hentry","category-destaques"],"yoast_head":"<!-- This site is optimized with the Yoast SEO plugin v20.5 - https:\/\/yoast.com\/wordpress\/plugins\/seo\/ -->\n<title>ITAJU\u00cdPE: MARCONE AMARAL \u00c9 ELEITO PREFEITO. - blog do er\u00ea<\/title>\n<meta name=\"robots\" content=\"index, follow, max-snippet:-1, max-image-preview:large, max-video-preview:-1\" \/>\n<link rel=\"canonical\" href=\"https:\/\/blogdoere.com.br\/?p=26231\" \/>\n<meta property=\"og:locale\" content=\"pt_PT\" \/>\n<meta property=\"og:type\" content=\"article\" \/>\n<meta property=\"og:title\" content=\"ITAJU\u00cdPE: MARCONE AMARAL \u00c9 ELEITO PREFEITO. - blog do er\u00ea\" \/>\n<meta property=\"og:description\" content=\"Numa elei\u00e7\u00e3o com disputa acirrada, Marcone Amaral(PSD) se elegeu prefeito de Itaju\u00edpe com &nbsp;6.787 votos, sua opositora pol\u00edtica Si Dantas(DEM), obteve &nbsp;6.139 votos. Ainda foram registrado 4.736 absten\u00e7\u00f5es, 743 nulos,...\" \/>\n<meta property=\"og:url\" content=\"https:\/\/blogdoere.com.br\/?p=26231\" \/>\n<meta property=\"og:site_name\" content=\"blog do er\u00ea\" \/>\n<meta property=\"article:published_time\" content=\"2016-10-04T10:41:00+00:00\" \/>\n<meta property=\"og:image\" content=\"https:\/\/1.bp.blogspot.com\/-sPfpfl86a_g\/V_OMvaNX4SI\/AAAAAAAAF8A\/qfK1M0YF1AIvMGXXJZ9PFsdBHdbCN35RACLcB\/s320\/IMG_20161004_080255.jpg\" \/>\n<meta name=\"author\" content=\"Ere\" \/>\n<meta name=\"twitter:card\" content=\"summary_large_image\" \/>\n<meta name=\"twitter:label1\" content=\"Escrito por\" \/>\n\t<meta name=\"twitter:data1\" content=\"Ere\" \/>\n\t<meta name=\"twitter:label2\" content=\"Tempo estimado de leitura\" \/>\n\t<meta name=\"twitter:data2\" content=\"1 minuto\" \/>\n<script type=\"application\/ld+json\" class=\"yoast-schema-graph\">{\"@context\":\"https:\/\/schema.org\",\"@graph\":[{\"@type\":\"Article\",\"@id\":\"https:\/\/blogdoere.com.br\/?p=26231#article\",\"isPartOf\":{\"@id\":\"https:\/\/blogdoere.com.br\/?p=26231\"},\"author\":{\"name\":\"Ere\",\"@id\":\"https:\/\/blogdoere.com.br\/#\/schema\/person\/4b56ed2336cb28ae3415ce8ffe56742e\"},\"headline\":\"ITAJU\u00cdPE: MARCONE AMARAL \u00c9 ELEITO PREFEITO.\",\"datePublished\":\"2016-10-04T10:41:00+00:00\",\"dateModified\":\"2016-10-04T10:41:00+00:00\",\"mainEntityOfPage\":{\"@id\":\"https:\/\/blogdoere.com.br\/?p=26231\"},\"wordCount\":112,\"commentCount\":0,\"publisher\":{\"@id\":\"https:\/\/blogdoere.com.br\/#organization\"},\"articleSection\":[\"Destaques\"],\"inLanguage\":\"pt-PT\",\"potentialAction\":[{\"@type\":\"CommentAction\",\"name\":\"Comment\",\"target\":[\"https:\/\/blogdoere.com.br\/?p=26231#respond\"]}]},{\"@type\":\"WebPage\",\"@id\":\"https:\/\/blogdoere.com.br\/?p=26231\",\"url\":\"https:\/\/blogdoere.com.br\/?p=26231\",\"name\":\"ITAJU\u00cdPE: MARCONE AMARAL \u00c9 ELEITO PREFEITO. - blog do er\u00ea\",\"isPartOf\":{\"@id\":\"https:\/\/blogdoere.com.br\/#website\"},\"datePublished\":\"2016-10-04T10:41:00+00:00\",\"dateModified\":\"2016-10-04T10:41:00+00:00\",\"breadcrumb\":{\"@id\":\"https:\/\/blogdoere.com.br\/?p=26231#breadcrumb\"},\"inLanguage\":\"pt-PT\",\"potentialAction\":[{\"@type\":\"ReadAction\",\"target\":[\"https:\/\/blogdoere.com.br\/?p=26231\"]}]},{\"@type\":\"BreadcrumbList\",\"@id\":\"https:\/\/blogdoere.com.br\/?p=26231#breadcrumb\",\"itemListElement\":[{\"@type\":\"ListItem\",\"position\":1,\"name\":\"In\u00edcio\",\"item\":\"https:\/\/blogdoere.com.br\/\"},{\"@type\":\"ListItem\",\"position\":2,\"name\":\"ITAJU\u00cdPE: MARCONE AMARAL \u00c9 ELEITO PREFEITO.\"}]},{\"@type\":\"WebSite\",\"@id\":\"https:\/\/blogdoere.com.br\/#website\",\"url\":\"https:\/\/blogdoere.com.br\/\",\"name\":\"blog do er\u00ea\",\"description\":\"\",\"publisher\":{\"@id\":\"https:\/\/blogdoere.com.br\/#organization\"},\"potentialAction\":[{\"@type\":\"SearchAction\",\"target\":{\"@type\":\"EntryPoint\",\"urlTemplate\":\"https:\/\/blogdoere.com.br\/?s={search_term_string}\"},\"query-input\":\"required name=search_term_string\"}],\"inLanguage\":\"pt-PT\"},{\"@type\":\"Organization\",\"@id\":\"https:\/\/blogdoere.com.br\/#organization\",\"name\":\"Blog do Er\u00ea\",\"url\":\"https:\/\/blogdoere.com.br\/\",\"logo\":{\"@type\":\"ImageObject\",\"inLanguage\":\"pt-PT\",\"@id\":\"https:\/\/blogdoere.com.br\/#\/schema\/logo\/image\/\",\"url\":\"https:\/\/blogdoere.com.br\/wp-content\/uploads\/2021\/11\/Logo-Ere-1.png\",\"contentUrl\":\"https:\/\/blogdoere.com.br\/wp-content\/uploads\/2021\/11\/Logo-Ere-1.png\",\"width\":1261,\"height\":1330,\"caption\":\"Blog do Er\u00ea\"},\"image\":{\"@id\":\"https:\/\/blogdoere.com.br\/#\/schema\/logo\/image\/\"}},{\"@type\":\"Person\",\"@id\":\"https:\/\/blogdoere.com.br\/#\/schema\/person\/4b56ed2336cb28ae3415ce8ffe56742e\",\"name\":\"Ere\",\"image\":{\"@type\":\"ImageObject\",\"inLanguage\":\"pt-PT\",\"@id\":\"https:\/\/blogdoere.com.br\/#\/schema\/person\/image\/\",\"url\":\"https:\/\/secure.gravatar.com\/avatar\/?s=96&d=mm&r=g\",\"contentUrl\":\"https:\/\/secure.gravatar.com\/avatar\/?s=96&d=mm&r=g\",\"caption\":\"Ere\"}}]}<\/script>\n<!-- \/ Yoast SEO plugin. -->","yoast_head_json":{"title":"ITAJU\u00cdPE: MARCONE AMARAL \u00c9 ELEITO PREFEITO. - blog do er\u00ea","robots":{"index":"index","follow":"follow","max-snippet":"max-snippet:-1","max-image-preview":"max-image-preview:large","max-video-preview":"max-video-preview:-1"},"canonical":"https:\/\/blogdoere.com.br\/?p=26231","og_locale":"pt_PT","og_type":"article","og_title":"ITAJU\u00cdPE: MARCONE AMARAL \u00c9 ELEITO PREFEITO. - blog do er\u00ea","og_description":"Numa elei\u00e7\u00e3o com disputa acirrada, Marcone Amaral(PSD) se elegeu prefeito de Itaju\u00edpe com &nbsp;6.787 votos, sua opositora pol\u00edtica Si Dantas(DEM), obteve &nbsp;6.139 votos. Ainda foram registrado 4.736 absten\u00e7\u00f5es, 743 nulos,...","og_url":"https:\/\/blogdoere.com.br\/?p=26231","og_site_name":"blog do er\u00ea","article_published_time":"2016-10-04T10:41:00+00:00","og_image":[{"url":"https:\/\/1.bp.blogspot.com\/-sPfpfl86a_g\/V_OMvaNX4SI\/AAAAAAAAF8A\/qfK1M0YF1AIvMGXXJZ9PFsdBHdbCN35RACLcB\/s320\/IMG_20161004_080255.jpg"}],"author":"Ere","twitter_card":"summary_large_image","twitter_misc":{"Escrito por":"Ere","Tempo estimado de leitura":"1 minuto"},"schema":{"@context":"https:\/\/schema.org","@graph":[{"@type":"Article","@id":"https:\/\/blogdoere.com.br\/?p=26231#article","isPartOf":{"@id":"https:\/\/blogdoere.com.br\/?p=26231"},"author":{"name":"Ere","@id":"https:\/\/blogdoere.com.br\/#\/schema\/person\/4b56ed2336cb28ae3415ce8ffe56742e"},"headline":"ITAJU\u00cdPE: MARCONE AMARAL \u00c9 ELEITO PREFEITO.","datePublished":"2016-10-04T10:41:00+00:00","dateModified":"2016-10-04T10:41:00+00:00","mainEntityOfPage":{"@id":"https:\/\/blogdoere.com.br\/?p=26231"},"wordCount":112,"commentCount":0,"publisher":{"@id":"https:\/\/blogdoere.com.br\/#organization"},"articleSection":["Destaques"],"inLanguage":"pt-PT","potentialAction":[{"@type":"CommentAction","name":"Comment","target":["https:\/\/blogdoere.com.br\/?p=26231#respond"]}]},{"@type":"WebPage","@id":"https:\/\/blogdoere.com.br\/?p=26231","url":"https:\/\/blogdoere.com.br\/?p=26231","name":"ITAJU\u00cdPE: MARCONE AMARAL \u00c9 ELEITO PREFEITO. - blog do er\u00ea","isPartOf":{"@id":"https:\/\/blogdoere.com.br\/#website"},"datePublished":"2016-10-04T10:41:00+00:00","dateModified":"2016-10-04T10:41:00+00:00","breadcrumb":{"@id":"https:\/\/blogdoere.com.br\/?p=26231#breadcrumb"},"inLanguage":"pt-PT","potentialAction":[{"@type":"ReadAction","target":["https:\/\/blogdoere.com.br\/?p=26231"]}]},{"@type":"BreadcrumbList","@id":"https:\/\/blogdoere.com.br\/?p=26231#breadcrumb","itemListElement":[{"@type":"ListItem","position":1,"name":"In\u00edcio","item":"https:\/\/blogdoere.com.br\/"},{"@type":"ListItem","position":2,"name":"ITAJU\u00cdPE: MARCONE AMARAL \u00c9 ELEITO PREFEITO."}]},{"@type":"WebSite","@id":"https:\/\/blogdoere.com.br\/#website","url":"https:\/\/blogdoere.com.br\/","name":"blog do er\u00ea","description":"","publisher":{"@id":"https:\/\/blogdoere.com.br\/#organization"},"potentialAction":[{"@type":"SearchAction","target":{"@type":"EntryPoint","urlTemplate":"https:\/\/blogdoere.com.br\/?s={search_term_string}"},"query-input":"required name=search_term_string"}],"inLanguage":"pt-PT"},{"@type":"Organization","@id":"https:\/\/blogdoere.com.br\/#organization","name":"Blog do Er\u00ea","url":"https:\/\/blogdoere.com.br\/","logo":{"@type":"ImageObject","inLanguage":"pt-PT","@id":"https:\/\/blogdoere.com.br\/#\/schema\/logo\/image\/","url":"https:\/\/blogdoere.com.br\/wp-content\/uploads\/2021\/11\/Logo-Ere-1.png","contentUrl":"https:\/\/blogdoere.com.br\/wp-content\/uploads\/2021\/11\/Logo-Ere-1.png","width":1261,"height":1330,"caption":"Blog do Er\u00ea"},"image":{"@id":"https:\/\/blogdoere.com.br\/#\/schema\/logo\/image\/"}},{"@type":"Person","@id":"https:\/\/blogdoere.com.br\/#\/schema\/person\/4b56ed2336cb28ae3415ce8ffe56742e","name":"Ere","image":{"@type":"ImageObject","inLanguage":"pt-PT","@id":"https:\/\/blogdoere.com.br\/#\/schema\/person\/image\/","url":"https:\/\/secure.gravatar.com\/avatar\/?s=96&d=mm&r=g","contentUrl":"https:\/\/secure.gravatar.com\/avatar\/?s=96&d=mm&r=g","caption":"Ere"}}]}},"featured_image_urls":{"full":"","thumbnail":"","medium":"","medium_large":"","large":"","1536x1536":"","2048x2048":""},"author_info":{"display_name":"Ere","author_link":"https:\/\/blogdoere.com.br\/?author=2"},"category_info":"<a href=\"https:\/\/blogdoere.com.br\/?cat=1\" rel=\"category\">Destaques<\/a>","tag_info":"Destaques","comment_count":"0","_links":{"self":[{"href":"https:\/\/blogdoere.com.br\/index.php?rest_route=\/wp\/v2\/posts\/26231","targetHints":{"allow":["GET"]}}],"collection":[{"href":"https:\/\/blogdoere.com.br\/index.php?rest_route=\/wp\/v2\/posts"}],"about":[{"href":"https:\/\/blogdoere.com.br\/index.php?rest_route=\/wp\/v2\/types\/post"}],"author":[{"embeddable":true,"href":"https:\/\/blogdoere.com.br\/index.php?rest_route=\/wp\/v2\/users\/2"}],"replies":[{"embeddable":true,"href":"https:\/\/blogdoere.com.br\/index.php?rest_route=%2Fwp%2Fv2%2Fcomments&post=26231"}],"version-history":[{"count":0,"href":"https:\/\/blogdoere.com.br\/index.php?rest_route=\/wp\/v2\/posts\/26231\/revisions"}],"wp:attachment":[{"href":"https:\/\/blogdoere.com.br\/index.php?rest_route=%2Fwp%2Fv2%2Fmedia&parent=26231"}],"wp:term":[{"taxonomy":"category","embeddable":true,"href":"https:\/\/blogdoere.com.br\/index.php?rest_route=%2Fwp%2Fv2%2Fcategories&post=26231"},{"taxonomy":"post_tag","embeddable":true,"href":"https:\/\/blogdoere.com.br\/index.php?rest_route=%2Fwp%2Fv2%2Ftags&post=26231"}],"curies":[{"name":"wp","href":"https:\/\/api.w.org\/{rel}","templated":true}]}}