{"id":26236,"date":"2016-09-06T01:52:00","date_gmt":"2016-09-06T01:52:00","guid":{"rendered":"http:\/\/blogdoere.com.br\/?p=26236"},"modified":"2016-09-06T01:52:00","modified_gmt":"2016-09-06T01:52:00","slug":"itajuipe-aniversario-de-86-anos-da-alianca-dos-artistas","status":"publish","type":"post","link":"https:\/\/blogdoere.com.br\/?p=26236","title":{"rendered":"ITAJU\u00cdPE: ANIVERS\u00c1RIO DE 86 ANOS DA ALIAN\u00c7A DOS ARTISTAS."},"content":{"rendered":"<div style=\"clear: both; text-align: center;\"><a href=\"https:\/\/4.bp.blogspot.com\/-2Lhw9hsQoRM\/V84fdxwMicI\/AAAAAAAAF6M\/KYf9T7D1zhgJoAIvSrsZM6jfCyHwrRqZgCLcB\/s1600\/alian%25C3%25A7a.jpg\" style=\"margin-left: 1em; margin-right: 1em;\"><img decoding=\"async\" border=\"0\" height=\"320\" src=\"https:\/\/4.bp.blogspot.com\/-2Lhw9hsQoRM\/V84fdxwMicI\/AAAAAAAAF6M\/KYf9T7D1zhgJoAIvSrsZM6jfCyHwrRqZgCLcB\/s320\/alian%25C3%25A7a.jpg\" width=\"285\" \/><\/a><\/div>\n<p><\/p>\n<div style=\"text-align: justify;\"><span style=\"font-family: &quot;Arial&quot;,&quot;sans-serif&quot;; font-size: 14.0pt; line-height: 115%;\"><br \/><\/span><\/div>\n<div style=\"text-align: justify;\"><span style=\"font-family: &quot;Arial&quot;,&quot;sans-serif&quot;; font-size: 14.0pt; line-height: 115%;\">&nbsp;<\/span>   <\/div>\n<div style=\"text-align: justify;\"><span style=\"font-family: &quot;Arial&quot;,&quot;sans-serif&quot;; font-size: 14.0pt; line-height: 115%;\">Fundada em 14 de setembro de 1930, a Sociedade Alian\u00e7a dos Artistas e Oper\u00e1rios de Pirangi est\u00e1 preste h\u00e1 completar 86 anos. Para comemorar a data magna, a dire\u00e7\u00e3o da \u201cAlian\u00e7a dos Artistas\u201d est\u00e1 programando uma noite bastante animada com a participa\u00e7\u00e3o de oper\u00e1rios e artistas da sociedade itajuipense.&nbsp;<\/span><\/div>\n<div style=\"text-align: justify;\"><span style=\"font-family: &quot;Arial&quot;,&quot;sans-serif&quot;; font-size: 14.0pt; line-height: 115%;\"><br \/><\/span><\/div>\n<div style=\"text-align: justify;\"><span style=\"font-family: &quot;Arial&quot;,&quot;sans-serif&quot;; font-size: 14.0pt; line-height: 115%;\">O evento que acontece dia 14 de setembro na sede da associa\u00e7\u00e3o na Rua Rui Barbosa ter\u00e1 inicio \u00e0s 19 horas com apresenta\u00e7\u00e3o de roda de capoeira e da Famuita (Fanfarra Municipal de Itaju\u00edpe).<o:p><\/o:p><\/span><\/div>\n","protected":false},"excerpt":{"rendered":"<p>&nbsp; Fundada em 14 de setembro de 1930, a Sociedade Alian\u00e7a dos Artistas e Oper\u00e1rios de Pirangi est\u00e1 preste h\u00e1 completar 86 anos. Para comemorar a data magna, a dire\u00e7\u00e3o&#8230;<\/p>\n","protected":false},"author":2,"featured_media":0,"comment_status":"open","ping_status":"open","sticky":false,"template":"","format":"standard","meta":{"_editorskit_title_hidden":false,"_editorskit_reading_time":0,"_editorskit_is_block_options_detached":false,"_editorskit_block_options_position":"{}","om_disable_all_campaigns":false,"_mi_skip_tracking":false,"_kad_post_transparent":"","_kad_post_title":"","_kad_post_layout":"","_kad_post_sidebar_id":"","_kad_post_content_style":"","_kad_post_vertical_padding":"","_kad_post_feature":"","_kad_post_feature_position":"","_kad_post_header":false,"_kad_post_footer":false,"footnotes":""},"categories":[1],"tags":[],"class_list":["post-26236","post","type-post","status-publish","format-standard","hentry","category-destaques"],"yoast_head":"<!-- This site is optimized with the Yoast SEO plugin v20.5 - https:\/\/yoast.com\/wordpress\/plugins\/seo\/ -->\n<title>ITAJU\u00cdPE: ANIVERS\u00c1RIO DE 86 ANOS DA ALIAN\u00c7A DOS ARTISTAS. - blog do er\u00ea<\/title>\n<meta name=\"robots\" content=\"index, follow, max-snippet:-1, max-image-preview:large, max-video-preview:-1\" \/>\n<link rel=\"canonical\" href=\"https:\/\/blogdoere.com.br\/?p=26236\" \/>\n<meta property=\"og:locale\" content=\"pt_PT\" \/>\n<meta property=\"og:type\" content=\"article\" \/>\n<meta property=\"og:title\" content=\"ITAJU\u00cdPE: ANIVERS\u00c1RIO DE 86 ANOS DA ALIAN\u00c7A DOS ARTISTAS. - blog do er\u00ea\" \/>\n<meta property=\"og:description\" content=\"&nbsp; Fundada em 14 de setembro de 1930, a Sociedade Alian\u00e7a dos Artistas e Oper\u00e1rios de Pirangi est\u00e1 preste h\u00e1 completar 86 anos. Para comemorar a data magna, a dire\u00e7\u00e3o...\" \/>\n<meta property=\"og:url\" content=\"https:\/\/blogdoere.com.br\/?p=26236\" \/>\n<meta property=\"og:site_name\" content=\"blog do er\u00ea\" \/>\n<meta property=\"article:published_time\" content=\"2016-09-06T01:52:00+00:00\" \/>\n<meta property=\"og:image\" content=\"https:\/\/4.bp.blogspot.com\/-2Lhw9hsQoRM\/V84fdxwMicI\/AAAAAAAAF6M\/KYf9T7D1zhgJoAIvSrsZM6jfCyHwrRqZgCLcB\/s320\/alian%25C3%25A7a.jpg\" \/>\n<meta name=\"author\" content=\"Ere\" \/>\n<meta name=\"twitter:card\" content=\"summary_large_image\" \/>\n<meta name=\"twitter:label1\" content=\"Escrito por\" \/>\n\t<meta name=\"twitter:data1\" content=\"Ere\" \/>\n<script type=\"application\/ld+json\" class=\"yoast-schema-graph\">{\"@context\":\"https:\/\/schema.org\",\"@graph\":[{\"@type\":\"Article\",\"@id\":\"https:\/\/blogdoere.com.br\/?p=26236#article\",\"isPartOf\":{\"@id\":\"https:\/\/blogdoere.com.br\/?p=26236\"},\"author\":{\"name\":\"Ere\",\"@id\":\"https:\/\/blogdoere.com.br\/#\/schema\/person\/4b56ed2336cb28ae3415ce8ffe56742e\"},\"headline\":\"ITAJU\u00cdPE: ANIVERS\u00c1RIO DE 86 ANOS DA ALIAN\u00c7A DOS ARTISTAS.\",\"datePublished\":\"2016-09-06T01:52:00+00:00\",\"dateModified\":\"2016-09-06T01:52:00+00:00\",\"mainEntityOfPage\":{\"@id\":\"https:\/\/blogdoere.com.br\/?p=26236\"},\"wordCount\":100,\"commentCount\":0,\"publisher\":{\"@id\":\"https:\/\/blogdoere.com.br\/#organization\"},\"articleSection\":[\"Destaques\"],\"inLanguage\":\"pt-PT\",\"potentialAction\":[{\"@type\":\"CommentAction\",\"name\":\"Comment\",\"target\":[\"https:\/\/blogdoere.com.br\/?p=26236#respond\"]}]},{\"@type\":\"WebPage\",\"@id\":\"https:\/\/blogdoere.com.br\/?p=26236\",\"url\":\"https:\/\/blogdoere.com.br\/?p=26236\",\"name\":\"ITAJU\u00cdPE: ANIVERS\u00c1RIO DE 86 ANOS DA ALIAN\u00c7A DOS ARTISTAS. - blog do er\u00ea\",\"isPartOf\":{\"@id\":\"https:\/\/blogdoere.com.br\/#website\"},\"datePublished\":\"2016-09-06T01:52:00+00:00\",\"dateModified\":\"2016-09-06T01:52:00+00:00\",\"breadcrumb\":{\"@id\":\"https:\/\/blogdoere.com.br\/?p=26236#breadcrumb\"},\"inLanguage\":\"pt-PT\",\"potentialAction\":[{\"@type\":\"ReadAction\",\"target\":[\"https:\/\/blogdoere.com.br\/?p=26236\"]}]},{\"@type\":\"BreadcrumbList\",\"@id\":\"https:\/\/blogdoere.com.br\/?p=26236#breadcrumb\",\"itemListElement\":[{\"@type\":\"ListItem\",\"position\":1,\"name\":\"In\u00edcio\",\"item\":\"https:\/\/blogdoere.com.br\/\"},{\"@type\":\"ListItem\",\"position\":2,\"name\":\"ITAJU\u00cdPE: ANIVERS\u00c1RIO DE 86 ANOS DA ALIAN\u00c7A DOS ARTISTAS.\"}]},{\"@type\":\"WebSite\",\"@id\":\"https:\/\/blogdoere.com.br\/#website\",\"url\":\"https:\/\/blogdoere.com.br\/\",\"name\":\"blog do er\u00ea\",\"description\":\"\",\"publisher\":{\"@id\":\"https:\/\/blogdoere.com.br\/#organization\"},\"potentialAction\":[{\"@type\":\"SearchAction\",\"target\":{\"@type\":\"EntryPoint\",\"urlTemplate\":\"https:\/\/blogdoere.com.br\/?s={search_term_string}\"},\"query-input\":\"required name=search_term_string\"}],\"inLanguage\":\"pt-PT\"},{\"@type\":\"Organization\",\"@id\":\"https:\/\/blogdoere.com.br\/#organization\",\"name\":\"Blog do Er\u00ea\",\"url\":\"https:\/\/blogdoere.com.br\/\",\"logo\":{\"@type\":\"ImageObject\",\"inLanguage\":\"pt-PT\",\"@id\":\"https:\/\/blogdoere.com.br\/#\/schema\/logo\/image\/\",\"url\":\"https:\/\/blogdoere.com.br\/wp-content\/uploads\/2021\/11\/Logo-Ere-1.png\",\"contentUrl\":\"https:\/\/blogdoere.com.br\/wp-content\/uploads\/2021\/11\/Logo-Ere-1.png\",\"width\":1261,\"height\":1330,\"caption\":\"Blog do Er\u00ea\"},\"image\":{\"@id\":\"https:\/\/blogdoere.com.br\/#\/schema\/logo\/image\/\"}},{\"@type\":\"Person\",\"@id\":\"https:\/\/blogdoere.com.br\/#\/schema\/person\/4b56ed2336cb28ae3415ce8ffe56742e\",\"name\":\"Ere\",\"image\":{\"@type\":\"ImageObject\",\"inLanguage\":\"pt-PT\",\"@id\":\"https:\/\/blogdoere.com.br\/#\/schema\/person\/image\/\",\"url\":\"https:\/\/secure.gravatar.com\/avatar\/?s=96&d=mm&r=g\",\"contentUrl\":\"https:\/\/secure.gravatar.com\/avatar\/?s=96&d=mm&r=g\",\"caption\":\"Ere\"}}]}<\/script>\n<!-- \/ Yoast SEO plugin. -->","yoast_head_json":{"title":"ITAJU\u00cdPE: ANIVERS\u00c1RIO DE 86 ANOS DA ALIAN\u00c7A DOS ARTISTAS. - blog do er\u00ea","robots":{"index":"index","follow":"follow","max-snippet":"max-snippet:-1","max-image-preview":"max-image-preview:large","max-video-preview":"max-video-preview:-1"},"canonical":"https:\/\/blogdoere.com.br\/?p=26236","og_locale":"pt_PT","og_type":"article","og_title":"ITAJU\u00cdPE: ANIVERS\u00c1RIO DE 86 ANOS DA ALIAN\u00c7A DOS ARTISTAS. - blog do er\u00ea","og_description":"&nbsp; Fundada em 14 de setembro de 1930, a Sociedade Alian\u00e7a dos Artistas e Oper\u00e1rios de Pirangi est\u00e1 preste h\u00e1 completar 86 anos. Para comemorar a data magna, a dire\u00e7\u00e3o...","og_url":"https:\/\/blogdoere.com.br\/?p=26236","og_site_name":"blog do er\u00ea","article_published_time":"2016-09-06T01:52:00+00:00","og_image":[{"url":"https:\/\/4.bp.blogspot.com\/-2Lhw9hsQoRM\/V84fdxwMicI\/AAAAAAAAF6M\/KYf9T7D1zhgJoAIvSrsZM6jfCyHwrRqZgCLcB\/s320\/alian%25C3%25A7a.jpg"}],"author":"Ere","twitter_card":"summary_large_image","twitter_misc":{"Escrito por":"Ere"},"schema":{"@context":"https:\/\/schema.org","@graph":[{"@type":"Article","@id":"https:\/\/blogdoere.com.br\/?p=26236#article","isPartOf":{"@id":"https:\/\/blogdoere.com.br\/?p=26236"},"author":{"name":"Ere","@id":"https:\/\/blogdoere.com.br\/#\/schema\/person\/4b56ed2336cb28ae3415ce8ffe56742e"},"headline":"ITAJU\u00cdPE: ANIVERS\u00c1RIO DE 86 ANOS DA ALIAN\u00c7A DOS ARTISTAS.","datePublished":"2016-09-06T01:52:00+00:00","dateModified":"2016-09-06T01:52:00+00:00","mainEntityOfPage":{"@id":"https:\/\/blogdoere.com.br\/?p=26236"},"wordCount":100,"commentCount":0,"publisher":{"@id":"https:\/\/blogdoere.com.br\/#organization"},"articleSection":["Destaques"],"inLanguage":"pt-PT","potentialAction":[{"@type":"CommentAction","name":"Comment","target":["https:\/\/blogdoere.com.br\/?p=26236#respond"]}]},{"@type":"WebPage","@id":"https:\/\/blogdoere.com.br\/?p=26236","url":"https:\/\/blogdoere.com.br\/?p=26236","name":"ITAJU\u00cdPE: ANIVERS\u00c1RIO DE 86 ANOS DA ALIAN\u00c7A DOS ARTISTAS. - blog do er\u00ea","isPartOf":{"@id":"https:\/\/blogdoere.com.br\/#website"},"datePublished":"2016-09-06T01:52:00+00:00","dateModified":"2016-09-06T01:52:00+00:00","breadcrumb":{"@id":"https:\/\/blogdoere.com.br\/?p=26236#breadcrumb"},"inLanguage":"pt-PT","potentialAction":[{"@type":"ReadAction","target":["https:\/\/blogdoere.com.br\/?p=26236"]}]},{"@type":"BreadcrumbList","@id":"https:\/\/blogdoere.com.br\/?p=26236#breadcrumb","itemListElement":[{"@type":"ListItem","position":1,"name":"In\u00edcio","item":"https:\/\/blogdoere.com.br\/"},{"@type":"ListItem","position":2,"name":"ITAJU\u00cdPE: ANIVERS\u00c1RIO DE 86 ANOS DA ALIAN\u00c7A DOS ARTISTAS."}]},{"@type":"WebSite","@id":"https:\/\/blogdoere.com.br\/#website","url":"https:\/\/blogdoere.com.br\/","name":"blog do er\u00ea","description":"","publisher":{"@id":"https:\/\/blogdoere.com.br\/#organization"},"potentialAction":[{"@type":"SearchAction","target":{"@type":"EntryPoint","urlTemplate":"https:\/\/blogdoere.com.br\/?s={search_term_string}"},"query-input":"required name=search_term_string"}],"inLanguage":"pt-PT"},{"@type":"Organization","@id":"https:\/\/blogdoere.com.br\/#organization","name":"Blog do Er\u00ea","url":"https:\/\/blogdoere.com.br\/","logo":{"@type":"ImageObject","inLanguage":"pt-PT","@id":"https:\/\/blogdoere.com.br\/#\/schema\/logo\/image\/","url":"https:\/\/blogdoere.com.br\/wp-content\/uploads\/2021\/11\/Logo-Ere-1.png","contentUrl":"https:\/\/blogdoere.com.br\/wp-content\/uploads\/2021\/11\/Logo-Ere-1.png","width":1261,"height":1330,"caption":"Blog do Er\u00ea"},"image":{"@id":"https:\/\/blogdoere.com.br\/#\/schema\/logo\/image\/"}},{"@type":"Person","@id":"https:\/\/blogdoere.com.br\/#\/schema\/person\/4b56ed2336cb28ae3415ce8ffe56742e","name":"Ere","image":{"@type":"ImageObject","inLanguage":"pt-PT","@id":"https:\/\/blogdoere.com.br\/#\/schema\/person\/image\/","url":"https:\/\/secure.gravatar.com\/avatar\/?s=96&d=mm&r=g","contentUrl":"https:\/\/secure.gravatar.com\/avatar\/?s=96&d=mm&r=g","caption":"Ere"}}]}},"featured_image_urls":{"full":"","thumbnail":"","medium":"","medium_large":"","large":"","1536x1536":"","2048x2048":""},"author_info":{"display_name":"Ere","author_link":"https:\/\/blogdoere.com.br\/?author=2"},"category_info":"<a href=\"https:\/\/blogdoere.com.br\/?cat=1\" rel=\"category\">Destaques<\/a>","tag_info":"Destaques","comment_count":"0","_links":{"self":[{"href":"https:\/\/blogdoere.com.br\/index.php?rest_route=\/wp\/v2\/posts\/26236","targetHints":{"allow":["GET"]}}],"collection":[{"href":"https:\/\/blogdoere.com.br\/index.php?rest_route=\/wp\/v2\/posts"}],"about":[{"href":"https:\/\/blogdoere.com.br\/index.php?rest_route=\/wp\/v2\/types\/post"}],"author":[{"embeddable":true,"href":"https:\/\/blogdoere.com.br\/index.php?rest_route=\/wp\/v2\/users\/2"}],"replies":[{"embeddable":true,"href":"https:\/\/blogdoere.com.br\/index.php?rest_route=%2Fwp%2Fv2%2Fcomments&post=26236"}],"version-history":[{"count":0,"href":"https:\/\/blogdoere.com.br\/index.php?rest_route=\/wp\/v2\/posts\/26236\/revisions"}],"wp:attachment":[{"href":"https:\/\/blogdoere.com.br\/index.php?rest_route=%2Fwp%2Fv2%2Fmedia&parent=26236"}],"wp:term":[{"taxonomy":"category","embeddable":true,"href":"https:\/\/blogdoere.com.br\/index.php?rest_route=%2Fwp%2Fv2%2Fcategories&post=26236"},{"taxonomy":"post_tag","embeddable":true,"href":"https:\/\/blogdoere.com.br\/index.php?rest_route=%2Fwp%2Fv2%2Ftags&post=26236"}],"curies":[{"name":"wp","href":"https:\/\/api.w.org\/{rel}","templated":true}]}}