{"id":26238,"date":"2016-09-05T18:24:00","date_gmt":"2016-09-05T18:24:00","guid":{"rendered":"http:\/\/blogdoere.com.br\/?p=26238"},"modified":"2016-09-05T18:24:00","modified_gmt":"2016-09-05T18:24:00","slug":"itajuipe-nas-trilhas-da-consciencia-ambiental","status":"publish","type":"post","link":"https:\/\/blogdoere.com.br\/?p=26238","title":{"rendered":"ITAJU\u00cdPE NAS TRILHAS DA CONSCI\u00caNCIA AMBIENTAL"},"content":{"rendered":"<div style=\"text-align: justify;\"><span aria-live=\"polite\" data-ft=\"{&quot;tn&quot;:&quot;K&quot;}\" style=\"background-color: white; color: #1d2129; display: inline; font-family: helvetica, arial, sans-serif; line-height: 18px; outline: none; width: auto;\" tabindex=\"0\"><span data-gt=\"{&quot;timeline_og_unit_click&quot;:&quot;1&quot;,&quot;app_id&quot;:&quot;124024574287414&quot;,&quot;action_type_id&quot;:&quot;282366618453208&quot;,&quot;object_type&quot;:&quot;instapp:photo&quot;,&quot;unit_id&quot;:&quot;447280888645770&quot;,&quot;og_ref&quot;:&quot;ogexp&quot;,&quot;is_intentional&quot;:&quot;1&quot;}\" style=\"font-family: inherit;\"><br \/><\/span><\/span><\/div>\n<div style=\"clear: both; text-align: center;\"><span data-gt=\"{&quot;timeline_og_unit_click&quot;:&quot;1&quot;,&quot;app_id&quot;:&quot;124024574287414&quot;,&quot;action_type_id&quot;:&quot;282366618453208&quot;,&quot;object_type&quot;:&quot;instapp:photo&quot;,&quot;unit_id&quot;:&quot;447280888645770&quot;,&quot;og_ref&quot;:&quot;ogexp&quot;,&quot;is_intentional&quot;:&quot;1&quot;}\" style=\"font-family: inherit; margin-left: 1em; margin-right: 1em;\"><img decoding=\"async\" height=\"400\" src=\"https:\/\/scontent-gru2-1.xx.fbcdn.net\/v\/t1.0-9\/14184486_241144219619708_498325216232558770_n.jpg?oh=5271e3eaec3bd44102a1aa51850e2051&amp;oe=583FE19E\" width=\"400\" \/><\/span><\/div>\n<div style=\"clear: both; text-align: center;\"><span data-gt=\"{&quot;timeline_og_unit_click&quot;:&quot;1&quot;,&quot;app_id&quot;:&quot;124024574287414&quot;,&quot;action_type_id&quot;:&quot;282366618453208&quot;,&quot;object_type&quot;:&quot;instapp:photo&quot;,&quot;unit_id&quot;:&quot;447280888645770&quot;,&quot;og_ref&quot;:&quot;ogexp&quot;,&quot;is_intentional&quot;:&quot;1&quot;}\" style=\"font-family: inherit; margin-left: 1em; margin-right: 1em;\"><br \/><\/span><\/div>\n<div style=\"text-align: justify;\"><span aria-live=\"polite\" data-ft=\"{&quot;tn&quot;:&quot;K&quot;}\" style=\"background-color: white; color: #1d2129; display: inline; font-family: helvetica, arial, sans-serif; line-height: 18px; outline: none; width: auto;\" tabindex=\"0\"><\/span><\/div>\n<div style=\"text-align: justify;\"><span aria-live=\"polite\" data-ft=\"{&quot;tn&quot;:&quot;K&quot;}\" style=\"background-color: white; color: #1d2129; display: inline; font-family: helvetica, arial, sans-serif; line-height: 18px; outline: none; width: auto;\" tabindex=\"0\"><span data-gt=\"{&quot;timeline_og_unit_click&quot;:&quot;1&quot;,&quot;app_id&quot;:&quot;124024574287414&quot;,&quot;action_type_id&quot;:&quot;282366618453208&quot;,&quot;object_type&quot;:&quot;instapp:photo&quot;,&quot;unit_id&quot;:&quot;447280888645770&quot;,&quot;og_ref&quot;:&quot;ogexp&quot;,&quot;is_intentional&quot;:&quot;1&quot;}\" style=\"font-family: inherit;\"><br \/><\/span><\/span><\/div>\n<div style=\"text-align: justify;\"><span aria-live=\"polite\" data-ft=\"{&quot;tn&quot;:&quot;K&quot;}\" style=\"background-color: white; color: #1d2129; display: inline; font-family: helvetica, arial, sans-serif; line-height: 18px; outline: none; width: auto;\" tabindex=\"0\"><span data-gt=\"{&quot;timeline_og_unit_click&quot;:&quot;1&quot;,&quot;app_id&quot;:&quot;124024574287414&quot;,&quot;action_type_id&quot;:&quot;282366618453208&quot;,&quot;object_type&quot;:&quot;instapp:photo&quot;,&quot;unit_id&quot;:&quot;447280888645770&quot;,&quot;og_ref&quot;:&quot;ogexp&quot;,&quot;is_intentional&quot;:&quot;1&quot;}\" style=\"font-family: inherit;\"><br \/><\/span><\/span><\/div>\n<div style=\"text-align: justify;\"><span aria-live=\"polite\" data-ft=\"{&quot;tn&quot;:&quot;K&quot;}\" style=\"background-color: white; color: #1d2129; display: inline; font-family: helvetica, arial, sans-serif; line-height: 18px; outline: none; width: auto;\" tabindex=\"0\"><span data-gt=\"{&quot;timeline_og_unit_click&quot;:&quot;1&quot;,&quot;app_id&quot;:&quot;124024574287414&quot;,&quot;action_type_id&quot;:&quot;282366618453208&quot;,&quot;object_type&quot;:&quot;instapp:photo&quot;,&quot;unit_id&quot;:&quot;447280888645770&quot;,&quot;og_ref&quot;:&quot;ogexp&quot;,&quot;is_intentional&quot;:&quot;1&quot;}\" style=\"font-family: inherit;\">Hoje(5), pela manh\u00e3 tivemos a apresenta\u00e7\u00e3o da Escola Municipal Cinderela em frente ao pr\u00e9dio da Prefeitura. Este ano, a rede municipal de educa\u00e7\u00e3o est\u00e1 trabalhando o tema &#8211; P\u00e1tria Amada: Itaju\u00edpe nas trilhas da consci\u00eancia ambiental. Amanh\u00e3(6), \u00e0s 16 horas, teremos tamb\u00e9m desfile da escola privada &#8220;Veja a Vida&#8221;. No pr\u00f3ximo dia 7 teremos desfile c\u00edvico nas ruas da cidade.<\/span><\/span><span style=\"background-color: white; color: #1d2129; display: inline; font-family: helvetica, arial, sans-serif; line-height: 18px;\"><span style=\"color: #90949c; font-family: inherit;\">&nbsp;<\/span><\/span><\/div>\n","protected":false},"excerpt":{"rendered":"<p>Hoje(5), pela manh\u00e3 tivemos a apresenta\u00e7\u00e3o da Escola Municipal Cinderela em frente ao pr\u00e9dio da Prefeitura. Este ano, a rede municipal de educa\u00e7\u00e3o est\u00e1 trabalhando o tema &#8211; P\u00e1tria Amada:&#8230;<\/p>\n","protected":false},"author":2,"featured_media":0,"comment_status":"open","ping_status":"open","sticky":false,"template":"","format":"standard","meta":{"_editorskit_title_hidden":false,"_editorskit_reading_time":0,"_editorskit_is_block_options_detached":false,"_editorskit_block_options_position":"{}","om_disable_all_campaigns":false,"_mi_skip_tracking":false,"_kad_post_transparent":"","_kad_post_title":"","_kad_post_layout":"","_kad_post_sidebar_id":"","_kad_post_content_style":"","_kad_post_vertical_padding":"","_kad_post_feature":"","_kad_post_feature_position":"","_kad_post_header":false,"_kad_post_footer":false,"footnotes":""},"categories":[1],"tags":[],"class_list":["post-26238","post","type-post","status-publish","format-standard","hentry","category-destaques"],"yoast_head":"<!-- This site is optimized with the Yoast SEO plugin v20.5 - https:\/\/yoast.com\/wordpress\/plugins\/seo\/ -->\n<title>ITAJU\u00cdPE NAS TRILHAS DA CONSCI\u00caNCIA AMBIENTAL - blog do er\u00ea<\/title>\n<meta name=\"robots\" content=\"index, follow, max-snippet:-1, max-image-preview:large, max-video-preview:-1\" \/>\n<link rel=\"canonical\" href=\"https:\/\/blogdoere.com.br\/?p=26238\" \/>\n<meta property=\"og:locale\" content=\"pt_PT\" \/>\n<meta property=\"og:type\" content=\"article\" \/>\n<meta property=\"og:title\" content=\"ITAJU\u00cdPE NAS TRILHAS DA CONSCI\u00caNCIA AMBIENTAL - blog do er\u00ea\" \/>\n<meta property=\"og:description\" content=\"Hoje(5), pela manh\u00e3 tivemos a apresenta\u00e7\u00e3o da Escola Municipal Cinderela em frente ao pr\u00e9dio da Prefeitura. Este ano, a rede municipal de educa\u00e7\u00e3o est\u00e1 trabalhando o tema &#8211; P\u00e1tria Amada:...\" \/>\n<meta property=\"og:url\" content=\"https:\/\/blogdoere.com.br\/?p=26238\" \/>\n<meta property=\"og:site_name\" content=\"blog do er\u00ea\" \/>\n<meta property=\"article:published_time\" content=\"2016-09-05T18:24:00+00:00\" \/>\n<meta property=\"og:image\" content=\"https:\/\/scontent-gru2-1.xx.fbcdn.net\/v\/t1.0-9\/14184486_241144219619708_498325216232558770_n.jpg?oh=5271e3eaec3bd44102a1aa51850e2051&amp;oe=583FE19E\" \/>\n<meta name=\"author\" content=\"Ere\" \/>\n<meta name=\"twitter:card\" content=\"summary_large_image\" \/>\n<meta name=\"twitter:label1\" content=\"Escrito por\" \/>\n\t<meta name=\"twitter:data1\" content=\"Ere\" \/>\n<script type=\"application\/ld+json\" class=\"yoast-schema-graph\">{\"@context\":\"https:\/\/schema.org\",\"@graph\":[{\"@type\":\"Article\",\"@id\":\"https:\/\/blogdoere.com.br\/?p=26238#article\",\"isPartOf\":{\"@id\":\"https:\/\/blogdoere.com.br\/?p=26238\"},\"author\":{\"name\":\"Ere\",\"@id\":\"https:\/\/blogdoere.com.br\/#\/schema\/person\/4b56ed2336cb28ae3415ce8ffe56742e\"},\"headline\":\"ITAJU\u00cdPE NAS TRILHAS DA CONSCI\u00caNCIA AMBIENTAL\",\"datePublished\":\"2016-09-05T18:24:00+00:00\",\"dateModified\":\"2016-09-05T18:24:00+00:00\",\"mainEntityOfPage\":{\"@id\":\"https:\/\/blogdoere.com.br\/?p=26238\"},\"wordCount\":76,\"commentCount\":0,\"publisher\":{\"@id\":\"https:\/\/blogdoere.com.br\/#organization\"},\"articleSection\":[\"Destaques\"],\"inLanguage\":\"pt-PT\",\"potentialAction\":[{\"@type\":\"CommentAction\",\"name\":\"Comment\",\"target\":[\"https:\/\/blogdoere.com.br\/?p=26238#respond\"]}]},{\"@type\":\"WebPage\",\"@id\":\"https:\/\/blogdoere.com.br\/?p=26238\",\"url\":\"https:\/\/blogdoere.com.br\/?p=26238\",\"name\":\"ITAJU\u00cdPE NAS TRILHAS DA CONSCI\u00caNCIA AMBIENTAL - blog do er\u00ea\",\"isPartOf\":{\"@id\":\"https:\/\/blogdoere.com.br\/#website\"},\"datePublished\":\"2016-09-05T18:24:00+00:00\",\"dateModified\":\"2016-09-05T18:24:00+00:00\",\"breadcrumb\":{\"@id\":\"https:\/\/blogdoere.com.br\/?p=26238#breadcrumb\"},\"inLanguage\":\"pt-PT\",\"potentialAction\":[{\"@type\":\"ReadAction\",\"target\":[\"https:\/\/blogdoere.com.br\/?p=26238\"]}]},{\"@type\":\"BreadcrumbList\",\"@id\":\"https:\/\/blogdoere.com.br\/?p=26238#breadcrumb\",\"itemListElement\":[{\"@type\":\"ListItem\",\"position\":1,\"name\":\"In\u00edcio\",\"item\":\"https:\/\/blogdoere.com.br\/\"},{\"@type\":\"ListItem\",\"position\":2,\"name\":\"ITAJU\u00cdPE NAS TRILHAS DA CONSCI\u00caNCIA AMBIENTAL\"}]},{\"@type\":\"WebSite\",\"@id\":\"https:\/\/blogdoere.com.br\/#website\",\"url\":\"https:\/\/blogdoere.com.br\/\",\"name\":\"blog do er\u00ea\",\"description\":\"\",\"publisher\":{\"@id\":\"https:\/\/blogdoere.com.br\/#organization\"},\"potentialAction\":[{\"@type\":\"SearchAction\",\"target\":{\"@type\":\"EntryPoint\",\"urlTemplate\":\"https:\/\/blogdoere.com.br\/?s={search_term_string}\"},\"query-input\":\"required name=search_term_string\"}],\"inLanguage\":\"pt-PT\"},{\"@type\":\"Organization\",\"@id\":\"https:\/\/blogdoere.com.br\/#organization\",\"name\":\"Blog do Er\u00ea\",\"url\":\"https:\/\/blogdoere.com.br\/\",\"logo\":{\"@type\":\"ImageObject\",\"inLanguage\":\"pt-PT\",\"@id\":\"https:\/\/blogdoere.com.br\/#\/schema\/logo\/image\/\",\"url\":\"https:\/\/blogdoere.com.br\/wp-content\/uploads\/2021\/11\/Logo-Ere-1.png\",\"contentUrl\":\"https:\/\/blogdoere.com.br\/wp-content\/uploads\/2021\/11\/Logo-Ere-1.png\",\"width\":1261,\"height\":1330,\"caption\":\"Blog do Er\u00ea\"},\"image\":{\"@id\":\"https:\/\/blogdoere.com.br\/#\/schema\/logo\/image\/\"}},{\"@type\":\"Person\",\"@id\":\"https:\/\/blogdoere.com.br\/#\/schema\/person\/4b56ed2336cb28ae3415ce8ffe56742e\",\"name\":\"Ere\",\"image\":{\"@type\":\"ImageObject\",\"inLanguage\":\"pt-PT\",\"@id\":\"https:\/\/blogdoere.com.br\/#\/schema\/person\/image\/\",\"url\":\"https:\/\/secure.gravatar.com\/avatar\/?s=96&d=mm&r=g\",\"contentUrl\":\"https:\/\/secure.gravatar.com\/avatar\/?s=96&d=mm&r=g\",\"caption\":\"Ere\"}}]}<\/script>\n<!-- \/ Yoast SEO plugin. -->","yoast_head_json":{"title":"ITAJU\u00cdPE NAS TRILHAS DA CONSCI\u00caNCIA AMBIENTAL - blog do er\u00ea","robots":{"index":"index","follow":"follow","max-snippet":"max-snippet:-1","max-image-preview":"max-image-preview:large","max-video-preview":"max-video-preview:-1"},"canonical":"https:\/\/blogdoere.com.br\/?p=26238","og_locale":"pt_PT","og_type":"article","og_title":"ITAJU\u00cdPE NAS TRILHAS DA CONSCI\u00caNCIA AMBIENTAL - blog do er\u00ea","og_description":"Hoje(5), pela manh\u00e3 tivemos a apresenta\u00e7\u00e3o da Escola Municipal Cinderela em frente ao pr\u00e9dio da Prefeitura. Este ano, a rede municipal de educa\u00e7\u00e3o est\u00e1 trabalhando o tema &#8211; P\u00e1tria Amada:...","og_url":"https:\/\/blogdoere.com.br\/?p=26238","og_site_name":"blog do er\u00ea","article_published_time":"2016-09-05T18:24:00+00:00","og_image":[{"url":"https:\/\/scontent-gru2-1.xx.fbcdn.net\/v\/t1.0-9\/14184486_241144219619708_498325216232558770_n.jpg?oh=5271e3eaec3bd44102a1aa51850e2051&amp;oe=583FE19E"}],"author":"Ere","twitter_card":"summary_large_image","twitter_misc":{"Escrito por":"Ere"},"schema":{"@context":"https:\/\/schema.org","@graph":[{"@type":"Article","@id":"https:\/\/blogdoere.com.br\/?p=26238#article","isPartOf":{"@id":"https:\/\/blogdoere.com.br\/?p=26238"},"author":{"name":"Ere","@id":"https:\/\/blogdoere.com.br\/#\/schema\/person\/4b56ed2336cb28ae3415ce8ffe56742e"},"headline":"ITAJU\u00cdPE NAS TRILHAS DA CONSCI\u00caNCIA AMBIENTAL","datePublished":"2016-09-05T18:24:00+00:00","dateModified":"2016-09-05T18:24:00+00:00","mainEntityOfPage":{"@id":"https:\/\/blogdoere.com.br\/?p=26238"},"wordCount":76,"commentCount":0,"publisher":{"@id":"https:\/\/blogdoere.com.br\/#organization"},"articleSection":["Destaques"],"inLanguage":"pt-PT","potentialAction":[{"@type":"CommentAction","name":"Comment","target":["https:\/\/blogdoere.com.br\/?p=26238#respond"]}]},{"@type":"WebPage","@id":"https:\/\/blogdoere.com.br\/?p=26238","url":"https:\/\/blogdoere.com.br\/?p=26238","name":"ITAJU\u00cdPE NAS TRILHAS DA CONSCI\u00caNCIA AMBIENTAL - blog do er\u00ea","isPartOf":{"@id":"https:\/\/blogdoere.com.br\/#website"},"datePublished":"2016-09-05T18:24:00+00:00","dateModified":"2016-09-05T18:24:00+00:00","breadcrumb":{"@id":"https:\/\/blogdoere.com.br\/?p=26238#breadcrumb"},"inLanguage":"pt-PT","potentialAction":[{"@type":"ReadAction","target":["https:\/\/blogdoere.com.br\/?p=26238"]}]},{"@type":"BreadcrumbList","@id":"https:\/\/blogdoere.com.br\/?p=26238#breadcrumb","itemListElement":[{"@type":"ListItem","position":1,"name":"In\u00edcio","item":"https:\/\/blogdoere.com.br\/"},{"@type":"ListItem","position":2,"name":"ITAJU\u00cdPE NAS TRILHAS DA CONSCI\u00caNCIA AMBIENTAL"}]},{"@type":"WebSite","@id":"https:\/\/blogdoere.com.br\/#website","url":"https:\/\/blogdoere.com.br\/","name":"blog do er\u00ea","description":"","publisher":{"@id":"https:\/\/blogdoere.com.br\/#organization"},"potentialAction":[{"@type":"SearchAction","target":{"@type":"EntryPoint","urlTemplate":"https:\/\/blogdoere.com.br\/?s={search_term_string}"},"query-input":"required name=search_term_string"}],"inLanguage":"pt-PT"},{"@type":"Organization","@id":"https:\/\/blogdoere.com.br\/#organization","name":"Blog do Er\u00ea","url":"https:\/\/blogdoere.com.br\/","logo":{"@type":"ImageObject","inLanguage":"pt-PT","@id":"https:\/\/blogdoere.com.br\/#\/schema\/logo\/image\/","url":"https:\/\/blogdoere.com.br\/wp-content\/uploads\/2021\/11\/Logo-Ere-1.png","contentUrl":"https:\/\/blogdoere.com.br\/wp-content\/uploads\/2021\/11\/Logo-Ere-1.png","width":1261,"height":1330,"caption":"Blog do Er\u00ea"},"image":{"@id":"https:\/\/blogdoere.com.br\/#\/schema\/logo\/image\/"}},{"@type":"Person","@id":"https:\/\/blogdoere.com.br\/#\/schema\/person\/4b56ed2336cb28ae3415ce8ffe56742e","name":"Ere","image":{"@type":"ImageObject","inLanguage":"pt-PT","@id":"https:\/\/blogdoere.com.br\/#\/schema\/person\/image\/","url":"https:\/\/secure.gravatar.com\/avatar\/?s=96&d=mm&r=g","contentUrl":"https:\/\/secure.gravatar.com\/avatar\/?s=96&d=mm&r=g","caption":"Ere"}}]}},"featured_image_urls":{"full":"","thumbnail":"","medium":"","medium_large":"","large":"","1536x1536":"","2048x2048":""},"author_info":{"display_name":"Ere","author_link":"https:\/\/blogdoere.com.br\/?author=2"},"category_info":"<a href=\"https:\/\/blogdoere.com.br\/?cat=1\" rel=\"category\">Destaques<\/a>","tag_info":"Destaques","comment_count":"0","_links":{"self":[{"href":"https:\/\/blogdoere.com.br\/index.php?rest_route=\/wp\/v2\/posts\/26238","targetHints":{"allow":["GET"]}}],"collection":[{"href":"https:\/\/blogdoere.com.br\/index.php?rest_route=\/wp\/v2\/posts"}],"about":[{"href":"https:\/\/blogdoere.com.br\/index.php?rest_route=\/wp\/v2\/types\/post"}],"author":[{"embeddable":true,"href":"https:\/\/blogdoere.com.br\/index.php?rest_route=\/wp\/v2\/users\/2"}],"replies":[{"embeddable":true,"href":"https:\/\/blogdoere.com.br\/index.php?rest_route=%2Fwp%2Fv2%2Fcomments&post=26238"}],"version-history":[{"count":0,"href":"https:\/\/blogdoere.com.br\/index.php?rest_route=\/wp\/v2\/posts\/26238\/revisions"}],"wp:attachment":[{"href":"https:\/\/blogdoere.com.br\/index.php?rest_route=%2Fwp%2Fv2%2Fmedia&parent=26238"}],"wp:term":[{"taxonomy":"category","embeddable":true,"href":"https:\/\/blogdoere.com.br\/index.php?rest_route=%2Fwp%2Fv2%2Fcategories&post=26238"},{"taxonomy":"post_tag","embeddable":true,"href":"https:\/\/blogdoere.com.br\/index.php?rest_route=%2Fwp%2Fv2%2Ftags&post=26238"}],"curies":[{"name":"wp","href":"https:\/\/api.w.org\/{rel}","templated":true}]}}