{"id":26241,"date":"2016-08-20T02:37:00","date_gmt":"2016-08-20T02:37:00","guid":{"rendered":"http:\/\/blogdoere.com.br\/?p=26241"},"modified":"2016-08-20T02:37:00","modified_gmt":"2016-08-20T02:37:00","slug":"projeto-primeiro-emprego-oferece-qualificacao","status":"publish","type":"post","link":"https:\/\/blogdoere.com.br\/?p=26241","title":{"rendered":"PROJETO PRIMEIRO EMPREGO OFERECE QUALIFICA\u00c7\u00c3O"},"content":{"rendered":"<div style=\"text-align: center;\"><img decoding=\"async\" alt=\"Projeto Primeiro Emprego oferece qualifica\u00e7\u00e3o a nove mil jovens da Educa\u00e7\u00e3o Profissional\" src=\"http:\/\/imagem.bahianoticias.com.br\/fotos\/principal_noticias\/194907\/IMAGEM_NOTICIA_5.jpg?checksum=1471643307\" \/><\/div>\n<div style=\"text-align: justify;\"><span style=\"background-color: white; color: #333333; font-family: Tahoma, Geneva, sans-serif; line-height: 17.1429px;\"><br \/><\/span><\/div>\n<div style=\"text-align: justify;\"><span style=\"background-color: white; color: #333333; font-family: Tahoma, Geneva, sans-serif; line-height: 17.1429px;\"><br \/><\/span><\/div>\n<div style=\"text-align: justify;\"><span style=\"background-color: white; color: #333333; font-family: Tahoma, Geneva, sans-serif; line-height: 17.1429px;\">At\u00e9 2018, nove mil jovens baianos da Rede Estadual de Educa\u00e7\u00e3o Profissional poder\u00e3o ingressar no mercado de trabalho atrav\u00e9s do projeto Primeiro Emprego. Antes de chegar ao primeiro emprego, os beneficiados passar\u00e3o por um curso de qualifica\u00e7\u00e3o de 200 horas, no qual receber\u00e3o orienta\u00e7\u00f5es gerais sobre o trabalho e o servi\u00e7o p\u00fablico, al\u00e9m de desenvolver compet\u00eancias espec\u00edficas relacionadas \u00e0s \u00e1reas de atua\u00e7\u00e3o e aos \u00f3rg\u00e3os onde estar\u00e3o empregados. O projeto j\u00e1 seleciona estudantes na capital e interior. &nbsp;Detalhes do andamento da iniciativa e a o curr\u00edculo do curso de qualifica\u00e7\u00e3o foram definidos na manh\u00e3 desta sexta-feira (19), durante a reuni\u00e3o das entidades credenciadas para oferecer os cursos e o Comit\u00ea Gestor do projeto. &nbsp;\u201cS\u00e3o nove mil vagas em todos os \u00f3rg\u00e3os e empresas do Estado. \u00c9 um contrato de dois anos, incluindo assist\u00eancia m\u00e9dica para esses jovens, que ser\u00e3o contratados a partir da sele\u00e7\u00e3o feita por meio da m\u00e9dia de nota, sem indica\u00e7\u00e3o de ningu\u00e9m. Com isso eu quero passar a mensagem de que o futuro de cada um depende somente de si mesmo, da dedica\u00e7\u00e3o e do estudo\u201d, explicou o governador Rui Costa. As entidades que v\u00e3o oferecer os cursos de qualifica\u00e7\u00e3o tamb\u00e9m v\u00e3o assinar a carteira de trabalho dos jovens, garantindo todos os direitos trabalhistas. At\u00e9 o momento foram credenciadas as Volunt\u00e1rias Sociais da Bahia, Centro de Integra\u00e7\u00e3o Empresa-Escola (CIEE) e a Funda\u00e7\u00e3o Lu\u00eds Eduardo Magalh\u00e3es (Flem). Para concorrer \u00e0s vagas, os estudantes precisam estar com os dados atualizados no Portal da Educa\u00e7\u00e3o. O prazo para atualiza\u00e7\u00e3o cadastral que encerraria nesta sexta-feira (19) foi prorrogado at\u00e9 o dia 15 de setembro. Podem participar do projeto estudantes ativos e formados a partir de 2015 que v\u00e3o trabalhar em secretarias e \u00f3rg\u00e3os estaduais, al\u00e9m de empresas parceiras do governo. Fonte: Bahia Not\u00edcias.<\/span><\/div>\n","protected":false},"excerpt":{"rendered":"<p>At\u00e9 2018, nove mil jovens baianos da Rede Estadual de Educa\u00e7\u00e3o Profissional poder\u00e3o ingressar no mercado de trabalho atrav\u00e9s do projeto Primeiro Emprego. Antes de chegar ao primeiro emprego, os&#8230;<\/p>\n","protected":false},"author":2,"featured_media":0,"comment_status":"open","ping_status":"open","sticky":false,"template":"","format":"standard","meta":{"_editorskit_title_hidden":false,"_editorskit_reading_time":0,"_editorskit_is_block_options_detached":false,"_editorskit_block_options_position":"{}","om_disable_all_campaigns":false,"_mi_skip_tracking":false,"_kad_post_transparent":"","_kad_post_title":"","_kad_post_layout":"","_kad_post_sidebar_id":"","_kad_post_content_style":"","_kad_post_vertical_padding":"","_kad_post_feature":"","_kad_post_feature_position":"","_kad_post_header":false,"_kad_post_footer":false,"footnotes":""},"categories":[1],"tags":[],"class_list":["post-26241","post","type-post","status-publish","format-standard","hentry","category-destaques"],"yoast_head":"<!-- This site is optimized with the Yoast SEO plugin v20.5 - https:\/\/yoast.com\/wordpress\/plugins\/seo\/ -->\n<title>PROJETO PRIMEIRO EMPREGO OFERECE QUALIFICA\u00c7\u00c3O - blog do er\u00ea<\/title>\n<meta name=\"robots\" content=\"index, follow, max-snippet:-1, max-image-preview:large, max-video-preview:-1\" \/>\n<link rel=\"canonical\" href=\"https:\/\/blogdoere.com.br\/?p=26241\" \/>\n<meta property=\"og:locale\" content=\"pt_PT\" \/>\n<meta property=\"og:type\" content=\"article\" \/>\n<meta property=\"og:title\" content=\"PROJETO PRIMEIRO EMPREGO OFERECE QUALIFICA\u00c7\u00c3O - blog do er\u00ea\" \/>\n<meta property=\"og:description\" content=\"At\u00e9 2018, nove mil jovens baianos da Rede Estadual de Educa\u00e7\u00e3o Profissional poder\u00e3o ingressar no mercado de trabalho atrav\u00e9s do projeto Primeiro Emprego. Antes de chegar ao primeiro emprego, os...\" \/>\n<meta property=\"og:url\" content=\"https:\/\/blogdoere.com.br\/?p=26241\" \/>\n<meta property=\"og:site_name\" content=\"blog do er\u00ea\" \/>\n<meta property=\"article:published_time\" content=\"2016-08-20T02:37:00+00:00\" \/>\n<meta property=\"og:image\" content=\"http:\/\/imagem.bahianoticias.com.br\/fotos\/principal_noticias\/194907\/IMAGEM_NOTICIA_5.jpg?checksum=1471643307\" \/>\n<meta name=\"author\" content=\"Ere\" \/>\n<meta name=\"twitter:card\" content=\"summary_large_image\" \/>\n<meta name=\"twitter:label1\" content=\"Escrito por\" \/>\n\t<meta name=\"twitter:data1\" content=\"Ere\" \/>\n\t<meta name=\"twitter:label2\" content=\"Tempo estimado de leitura\" \/>\n\t<meta name=\"twitter:data2\" content=\"2 minutos\" \/>\n<script type=\"application\/ld+json\" class=\"yoast-schema-graph\">{\"@context\":\"https:\/\/schema.org\",\"@graph\":[{\"@type\":\"Article\",\"@id\":\"https:\/\/blogdoere.com.br\/?p=26241#article\",\"isPartOf\":{\"@id\":\"https:\/\/blogdoere.com.br\/?p=26241\"},\"author\":{\"name\":\"Ere\",\"@id\":\"https:\/\/blogdoere.com.br\/#\/schema\/person\/4b56ed2336cb28ae3415ce8ffe56742e\"},\"headline\":\"PROJETO PRIMEIRO EMPREGO OFERECE QUALIFICA\u00c7\u00c3O\",\"datePublished\":\"2016-08-20T02:37:00+00:00\",\"dateModified\":\"2016-08-20T02:37:00+00:00\",\"mainEntityOfPage\":{\"@id\":\"https:\/\/blogdoere.com.br\/?p=26241\"},\"wordCount\":336,\"commentCount\":0,\"publisher\":{\"@id\":\"https:\/\/blogdoere.com.br\/#organization\"},\"articleSection\":[\"Destaques\"],\"inLanguage\":\"pt-PT\",\"potentialAction\":[{\"@type\":\"CommentAction\",\"name\":\"Comment\",\"target\":[\"https:\/\/blogdoere.com.br\/?p=26241#respond\"]}]},{\"@type\":\"WebPage\",\"@id\":\"https:\/\/blogdoere.com.br\/?p=26241\",\"url\":\"https:\/\/blogdoere.com.br\/?p=26241\",\"name\":\"PROJETO PRIMEIRO EMPREGO OFERECE QUALIFICA\u00c7\u00c3O - blog do er\u00ea\",\"isPartOf\":{\"@id\":\"https:\/\/blogdoere.com.br\/#website\"},\"datePublished\":\"2016-08-20T02:37:00+00:00\",\"dateModified\":\"2016-08-20T02:37:00+00:00\",\"breadcrumb\":{\"@id\":\"https:\/\/blogdoere.com.br\/?p=26241#breadcrumb\"},\"inLanguage\":\"pt-PT\",\"potentialAction\":[{\"@type\":\"ReadAction\",\"target\":[\"https:\/\/blogdoere.com.br\/?p=26241\"]}]},{\"@type\":\"BreadcrumbList\",\"@id\":\"https:\/\/blogdoere.com.br\/?p=26241#breadcrumb\",\"itemListElement\":[{\"@type\":\"ListItem\",\"position\":1,\"name\":\"In\u00edcio\",\"item\":\"https:\/\/blogdoere.com.br\/\"},{\"@type\":\"ListItem\",\"position\":2,\"name\":\"PROJETO PRIMEIRO EMPREGO OFERECE QUALIFICA\u00c7\u00c3O\"}]},{\"@type\":\"WebSite\",\"@id\":\"https:\/\/blogdoere.com.br\/#website\",\"url\":\"https:\/\/blogdoere.com.br\/\",\"name\":\"blog do er\u00ea\",\"description\":\"\",\"publisher\":{\"@id\":\"https:\/\/blogdoere.com.br\/#organization\"},\"potentialAction\":[{\"@type\":\"SearchAction\",\"target\":{\"@type\":\"EntryPoint\",\"urlTemplate\":\"https:\/\/blogdoere.com.br\/?s={search_term_string}\"},\"query-input\":\"required name=search_term_string\"}],\"inLanguage\":\"pt-PT\"},{\"@type\":\"Organization\",\"@id\":\"https:\/\/blogdoere.com.br\/#organization\",\"name\":\"Blog do Er\u00ea\",\"url\":\"https:\/\/blogdoere.com.br\/\",\"logo\":{\"@type\":\"ImageObject\",\"inLanguage\":\"pt-PT\",\"@id\":\"https:\/\/blogdoere.com.br\/#\/schema\/logo\/image\/\",\"url\":\"https:\/\/blogdoere.com.br\/wp-content\/uploads\/2021\/11\/Logo-Ere-1.png\",\"contentUrl\":\"https:\/\/blogdoere.com.br\/wp-content\/uploads\/2021\/11\/Logo-Ere-1.png\",\"width\":1261,\"height\":1330,\"caption\":\"Blog do Er\u00ea\"},\"image\":{\"@id\":\"https:\/\/blogdoere.com.br\/#\/schema\/logo\/image\/\"}},{\"@type\":\"Person\",\"@id\":\"https:\/\/blogdoere.com.br\/#\/schema\/person\/4b56ed2336cb28ae3415ce8ffe56742e\",\"name\":\"Ere\",\"image\":{\"@type\":\"ImageObject\",\"inLanguage\":\"pt-PT\",\"@id\":\"https:\/\/blogdoere.com.br\/#\/schema\/person\/image\/\",\"url\":\"https:\/\/secure.gravatar.com\/avatar\/?s=96&d=mm&r=g\",\"contentUrl\":\"https:\/\/secure.gravatar.com\/avatar\/?s=96&d=mm&r=g\",\"caption\":\"Ere\"}}]}<\/script>\n<!-- \/ Yoast SEO plugin. -->","yoast_head_json":{"title":"PROJETO PRIMEIRO EMPREGO OFERECE QUALIFICA\u00c7\u00c3O - blog do er\u00ea","robots":{"index":"index","follow":"follow","max-snippet":"max-snippet:-1","max-image-preview":"max-image-preview:large","max-video-preview":"max-video-preview:-1"},"canonical":"https:\/\/blogdoere.com.br\/?p=26241","og_locale":"pt_PT","og_type":"article","og_title":"PROJETO PRIMEIRO EMPREGO OFERECE QUALIFICA\u00c7\u00c3O - blog do er\u00ea","og_description":"At\u00e9 2018, nove mil jovens baianos da Rede Estadual de Educa\u00e7\u00e3o Profissional poder\u00e3o ingressar no mercado de trabalho atrav\u00e9s do projeto Primeiro Emprego. Antes de chegar ao primeiro emprego, os...","og_url":"https:\/\/blogdoere.com.br\/?p=26241","og_site_name":"blog do er\u00ea","article_published_time":"2016-08-20T02:37:00+00:00","og_image":[{"url":"http:\/\/imagem.bahianoticias.com.br\/fotos\/principal_noticias\/194907\/IMAGEM_NOTICIA_5.jpg?checksum=1471643307"}],"author":"Ere","twitter_card":"summary_large_image","twitter_misc":{"Escrito por":"Ere","Tempo estimado de leitura":"2 minutos"},"schema":{"@context":"https:\/\/schema.org","@graph":[{"@type":"Article","@id":"https:\/\/blogdoere.com.br\/?p=26241#article","isPartOf":{"@id":"https:\/\/blogdoere.com.br\/?p=26241"},"author":{"name":"Ere","@id":"https:\/\/blogdoere.com.br\/#\/schema\/person\/4b56ed2336cb28ae3415ce8ffe56742e"},"headline":"PROJETO PRIMEIRO EMPREGO OFERECE QUALIFICA\u00c7\u00c3O","datePublished":"2016-08-20T02:37:00+00:00","dateModified":"2016-08-20T02:37:00+00:00","mainEntityOfPage":{"@id":"https:\/\/blogdoere.com.br\/?p=26241"},"wordCount":336,"commentCount":0,"publisher":{"@id":"https:\/\/blogdoere.com.br\/#organization"},"articleSection":["Destaques"],"inLanguage":"pt-PT","potentialAction":[{"@type":"CommentAction","name":"Comment","target":["https:\/\/blogdoere.com.br\/?p=26241#respond"]}]},{"@type":"WebPage","@id":"https:\/\/blogdoere.com.br\/?p=26241","url":"https:\/\/blogdoere.com.br\/?p=26241","name":"PROJETO PRIMEIRO EMPREGO OFERECE QUALIFICA\u00c7\u00c3O - blog do er\u00ea","isPartOf":{"@id":"https:\/\/blogdoere.com.br\/#website"},"datePublished":"2016-08-20T02:37:00+00:00","dateModified":"2016-08-20T02:37:00+00:00","breadcrumb":{"@id":"https:\/\/blogdoere.com.br\/?p=26241#breadcrumb"},"inLanguage":"pt-PT","potentialAction":[{"@type":"ReadAction","target":["https:\/\/blogdoere.com.br\/?p=26241"]}]},{"@type":"BreadcrumbList","@id":"https:\/\/blogdoere.com.br\/?p=26241#breadcrumb","itemListElement":[{"@type":"ListItem","position":1,"name":"In\u00edcio","item":"https:\/\/blogdoere.com.br\/"},{"@type":"ListItem","position":2,"name":"PROJETO PRIMEIRO EMPREGO OFERECE QUALIFICA\u00c7\u00c3O"}]},{"@type":"WebSite","@id":"https:\/\/blogdoere.com.br\/#website","url":"https:\/\/blogdoere.com.br\/","name":"blog do er\u00ea","description":"","publisher":{"@id":"https:\/\/blogdoere.com.br\/#organization"},"potentialAction":[{"@type":"SearchAction","target":{"@type":"EntryPoint","urlTemplate":"https:\/\/blogdoere.com.br\/?s={search_term_string}"},"query-input":"required name=search_term_string"}],"inLanguage":"pt-PT"},{"@type":"Organization","@id":"https:\/\/blogdoere.com.br\/#organization","name":"Blog do Er\u00ea","url":"https:\/\/blogdoere.com.br\/","logo":{"@type":"ImageObject","inLanguage":"pt-PT","@id":"https:\/\/blogdoere.com.br\/#\/schema\/logo\/image\/","url":"https:\/\/blogdoere.com.br\/wp-content\/uploads\/2021\/11\/Logo-Ere-1.png","contentUrl":"https:\/\/blogdoere.com.br\/wp-content\/uploads\/2021\/11\/Logo-Ere-1.png","width":1261,"height":1330,"caption":"Blog do Er\u00ea"},"image":{"@id":"https:\/\/blogdoere.com.br\/#\/schema\/logo\/image\/"}},{"@type":"Person","@id":"https:\/\/blogdoere.com.br\/#\/schema\/person\/4b56ed2336cb28ae3415ce8ffe56742e","name":"Ere","image":{"@type":"ImageObject","inLanguage":"pt-PT","@id":"https:\/\/blogdoere.com.br\/#\/schema\/person\/image\/","url":"https:\/\/secure.gravatar.com\/avatar\/?s=96&d=mm&r=g","contentUrl":"https:\/\/secure.gravatar.com\/avatar\/?s=96&d=mm&r=g","caption":"Ere"}}]}},"featured_image_urls":{"full":"","thumbnail":"","medium":"","medium_large":"","large":"","1536x1536":"","2048x2048":""},"author_info":{"display_name":"Ere","author_link":"https:\/\/blogdoere.com.br\/?author=2"},"category_info":"<a href=\"https:\/\/blogdoere.com.br\/?cat=1\" rel=\"category\">Destaques<\/a>","tag_info":"Destaques","comment_count":"0","_links":{"self":[{"href":"https:\/\/blogdoere.com.br\/index.php?rest_route=\/wp\/v2\/posts\/26241","targetHints":{"allow":["GET"]}}],"collection":[{"href":"https:\/\/blogdoere.com.br\/index.php?rest_route=\/wp\/v2\/posts"}],"about":[{"href":"https:\/\/blogdoere.com.br\/index.php?rest_route=\/wp\/v2\/types\/post"}],"author":[{"embeddable":true,"href":"https:\/\/blogdoere.com.br\/index.php?rest_route=\/wp\/v2\/users\/2"}],"replies":[{"embeddable":true,"href":"https:\/\/blogdoere.com.br\/index.php?rest_route=%2Fwp%2Fv2%2Fcomments&post=26241"}],"version-history":[{"count":0,"href":"https:\/\/blogdoere.com.br\/index.php?rest_route=\/wp\/v2\/posts\/26241\/revisions"}],"wp:attachment":[{"href":"https:\/\/blogdoere.com.br\/index.php?rest_route=%2Fwp%2Fv2%2Fmedia&parent=26241"}],"wp:term":[{"taxonomy":"category","embeddable":true,"href":"https:\/\/blogdoere.com.br\/index.php?rest_route=%2Fwp%2Fv2%2Fcategories&post=26241"},{"taxonomy":"post_tag","embeddable":true,"href":"https:\/\/blogdoere.com.br\/index.php?rest_route=%2Fwp%2Fv2%2Ftags&post=26241"}],"curies":[{"name":"wp","href":"https:\/\/api.w.org\/{rel}","templated":true}]}}